
{"id":7490,"date":"2017-01-28T00:22:53","date_gmt":"2017-01-28T02:22:53","guid":{"rendered":"http:\/\/www.oarcanjo.net\/site\/?p=7490"},"modified":"2016-12-27T06:11:00","modified_gmt":"2016-12-27T08:11:00","slug":"santo-jose-freinademetz","status":"publish","type":"post","link":"https:\/\/www.oarcanjo.net\/site\/santo-jose-freinademetz\/","title":{"rendered":"Santo Jos\u00e9 Freinademetz"},"content":{"rendered":"<p><img decoding=\"async\" src=\"http:\/\/img.cancaonova.com\/noticias\/noticia\/268151.jpg\" alt=\"\" \/><\/p>\n<p>28 de Janeiro<\/p>\n<p>S\u00e3o Jos\u00e9 Freinademetz, mission\u00e1rio na China, tinha como lema de sua miss\u00e3o a frase: &#8221;O idioma que todos entendem \u00e9 o amor&#8221;<\/p>\n<p>Jos\u00e9 Freinademetz nasceu no dia 15 de abril de 1852, na cidade de Oites, no Tirol do Sul, que na ocasi\u00e3o era territ\u00f3rio austr\u00edaco, mas a cidade hoje se chama Alta Badia e pertence a It\u00e1lia. Seus pais eram camponeses muito pobres, tiveram treze filhos e formaram uma fam\u00edlia muito crist\u00e3.<\/p>\n<p>O pequeno Jos\u00e9, desde a inf\u00e2ncia queria ser um mission\u00e1rio. Estudou no semin\u00e1rio diocesano de Bressanone, onde foi ordenado sacerdote em 1875. Depois de tr\u00eas anos de minist\u00e9rio em S\u00e3o Martino, na Alta Badia, com autoriza\u00e7\u00e3o de seu Bispo, ingressou na Sociedade do Verbo Divino, em Steyl, na Holanda, para ser um mission\u00e1rio.<\/p>\n<p>Em 1879, recebendo a cruz dos verbitas, foi enviado para a miss\u00e3o da China. Ficou dois anos em Hong Kong, para adapta\u00e7\u00e3o dos costumes, e depois foi enviado para a primeira miss\u00e3o cat\u00f3lica em Shandong do Sul, junto com um companheiro da Ordem, o holand\u00eas Jo\u00e3o Batista Anzer.<\/p>\n<p>Os dois mission\u00e1rios encontraram uma comunidade min\u00fascula de crist\u00e3os, com menos de duzentos fi\u00e9is. Come\u00e7aram a evangeliza\u00e7\u00e3o com visitas pastorais em todas as vilas, contatando as pessoas e as fam\u00edlias, pois o total de habitantes era de nove milh\u00f5es.<\/p>\n<p>Aos poucos o povo se afei\u00e7oou ao caridoso, ativo e incans\u00e1vel Padre Jos\u00e9, a quem deram o nome chin\u00eas de Padre Fu Shen Fu, que significa Padre Feliz. Com muita ora\u00e7\u00e3o, f\u00e9 na Divina Provid\u00eancia e extremo zelo mission\u00e1rio, conseguiram construir a Igreja, o semin\u00e1rio, o orfanato, a tipografia e a escola.<\/p>\n<p>At\u00e9 que em 1898, Padre Jos\u00e9 adoeceu e teve de se distanciar de sua querida Shandong, ali\u00e1s ele s\u00f3 o fez esta \u00fanica vez. Viajou para Nagasaki, no Jap\u00e3o, para tratar de uma tuberculose que iniciara. Mas retornou logo, mesmo sem estar totalmente curado.<\/p>\n<p>Em 1900, quando a China viveu a rebeli\u00e3o dos Boxer, e os crist\u00e3os eram perseguidos por seus integrantes, Padre Jos\u00e9 permaneceu firme ao lado do seu rebanho, rezando e sofrendo com eles. Recusou viajar para a Holanda e participar das celebra\u00e7\u00f5es do jubileu de prata da Congrega\u00e7\u00e3o do Verbo Divino, que, por sinal, coincidiam com o de sua ordena\u00e7\u00e3o.<\/p>\n<p>Sete anos depois o governo chin\u00eas declarou uma epidemia de tifo. Padre Jos\u00e9, \u00e0 frente no atendimento e socorro \u00e0s vitimas, contraiu a mol\u00e9stia e morreu no dia 28 de janeiro de 1908, em Taikia.<\/p>\n<p>Nesta ocasi\u00e3o, a diocese j\u00e1 contava com quarenta mil adultos convertidos e cento e cinq\u00fcenta mil crian\u00e7as batizadas. A sua entrega \u00e0 vida mission\u00e1ria no segmento de Cristo e seu amor ao povo chin\u00eas ele expressou nesta declara\u00e7\u00e3o \u00e0 um irm\u00e3o verbita: &#8220;Se pudesse reaver a juventude, escolheria outra vez a minha voca\u00e7\u00e3o, escolheria ser mission\u00e1rio no sul de Shandong&#8221;.<\/p>\n<p>Canonizado no ano 2003, pelo Papa Jo\u00e3o Paulo II, S\u00e3o Jos\u00e9 Freinademetz \u00e9 festejado no dia de sua morte, sendo reconhecido o &#8220;Padre fundador da Igreja do Sul da prov\u00edncia de Shandon&#8221;.<\/p>\n<h1>\u00c9 importante que a China se abra ao Evangelho, diz Bento XVI<\/h1>\n<p>\u00a0importante que a China se abra ao Evangelho&#8221;, disse o Papa Bento XVI, nesta tarde, 5, durante uma visita \u00e0 cidade de Oies, em Val Baldia,\u00a0terra natal de S\u00e3o Jos\u00e9 Freinademetz, mission\u00e1rio que viveu na China no s\u00e9culo XIX.<\/p>\n<p>O Santo Padre destacou que o exemplo deste santo\u00a0&#8220;nos ensina que o Evangelho\u00a0n\u00e3o \u00e9 aliena\u00e7\u00e3o para nenhuma cultura e para nenhum povo, porque todas as culturas esperam Cristo e n\u00e3o devem ser destru\u00eddas. No Senhor atingem a sua maturidade&#8221;.<\/p>\n<p>Bento XVI agradeceu a Deus por nos ter dado este grande santo, o qual nos mostra a estrada da vida e \u00e9 tamb\u00e9m um sinal para o futuro da Igreja. &#8220;Sabemos que a China\u00a0se torna cada vez mais importante na vida pol\u00edtica, econ\u00f4mica e tamb\u00e9m na vida das id\u00e9ias&#8221;, apontou.<\/p>\n<p>&#8220;S\u00e3o Jos\u00e9 Freinademetz\u00a0queria n\u00e3o s\u00f3 viver e morrer como um chin\u00eas, mas tamb\u00e9m no c\u00e9u permanecer chin\u00eas, de tal modo ele se identificou com esse povo e com a certeza que este povo se abrir\u00e1 \u00e0 f\u00e9 de Cristo&#8221;, concluiu Bento XVI.<\/p>\n<p>Cerca de\u00a0quatro mil pessoas\u00a0acolheram\u00a0o Santo Padre em Oies. Esta foi a primeira visita oficial do Papa em terras do Alto Adige, desde que chegou \u00e0 Bressanone, no\u00a0dia 28 de julho, para um per\u00edodo de repouso.<\/p>\n<p><strong>China\u00a0no pensamento do Papa<br \/>\n<\/strong><br \/>\nSegundo o diretor da Sala de Imprensa da Santa S\u00e9, Padre Federico Lombardi,\u00a0&#8220;S\u00e3o Jos\u00e9 Freinademetz \u00e9 o grande santo dos tempos modernos desta terra. Os cat\u00f3licos sentem orgulho por esta figura que, partindo daqui, das montanhas das Dolomitas, de uma pequenina aldeia, conseguiu ir longe levar a palavra de Deus at\u00e9 mesmo ao grande pa\u00eds, que \u00e9 a China&#8221;.<\/p>\n<p>E afirmou que, com\u00a0a sauda\u00e7\u00e3o do Papa, no\u00a0\u00c2ngelus deste domingo, para as Olimp\u00edadas de Pequim, e\u00a0hoje, esta visita a um mission\u00e1rio muito ligado ao povo chin\u00eas, mostram que\u00a0a China\u00a0est\u00e1 muito presente no pensamento do Santo Padre.<\/p>\n<p>&#8220;A China est\u00e1 presente para a Igreja. O povo chin\u00eas \u00e9 t\u00e3o importante para a humanidade inteira e t\u00e3o importante tamb\u00e9m para o an\u00fancio da Palavra do Senhor, que a Igreja e o Santo Padre t\u00eam continuamente o cora\u00e7\u00e3o voltado para a China. E a figura de Freinademetz \u00e9 muito importante tamb\u00e9m sob este aspecto: ele enveredou por um processo de conhecimento e de apre\u00e7o \u00e0 cultura chinesa, a ponto de ser extremamente amado pelos chineses. \u00c9, portanto, uma figura muito significativa exatamente porque permite um conhecimento rec\u00edproco mais aprofundado, d\u00e1 possibilidade de di\u00e1logo e de levar a mensagem espiritual \u00e0 China, no pleno respeito \u00e0 cultura extraordin\u00e1ria deste grande pa\u00eds&#8221;, destacou Padre Lombardi.<!--TEXTO NOTICIA--><!--TAGS NOTICIA--><\/p>\n<div id=\"themify_builder_content-7490\" data-postid=\"7490\" class=\"themify_builder_content themify_builder_content-7490 themify_builder themify_builder_front\">\n\t<\/div>\n<!-- \/themify_builder_content -->","protected":false},"excerpt":{"rendered":"<p>28 de Janeiro S\u00e3o Jos\u00e9 Freinademetz, mission\u00e1rio na China, tinha como lema de sua miss\u00e3o a frase: &#8221;O idioma que todos entendem \u00e9 o amor&#8221; Jos\u00e9 Freinademetz nasceu no dia 15 de abril de 1852, na cidade de Oites, no Tirol do Sul, que na ocasi\u00e3o era territ\u00f3rio austr\u00edaco, mas a cidade hoje se chama [&hellip;]<\/p>\n","protected":false},"author":14,"featured_media":0,"comment_status":"open","ping_status":"open","sticky":false,"template":"","format":"standard","meta":{"ngg_post_thumbnail":0,"footnotes":""},"categories":[186],"tags":[],"yoast_head":"<!-- This site is optimized with the Yoast SEO plugin v23.5 - https:\/\/yoast.com\/wordpress\/plugins\/seo\/ -->\n<title>Santo Jos\u00e9 Freinademetz - O Arcanjo no ar<\/title>\n<meta name=\"robots\" content=\"index, follow, max-snippet:-1, max-image-preview:large, max-video-preview:-1\" \/>\n<link rel=\"canonical\" href=\"https:\/\/www.oarcanjo.net\/site\/santo-jose-freinademetz\/\" \/>\n<meta property=\"og:locale\" content=\"pt_BR\" \/>\n<meta property=\"og:type\" content=\"article\" \/>\n<meta property=\"og:title\" content=\"Santo Jos\u00e9 Freinademetz - O Arcanjo no ar\" \/>\n<meta property=\"og:description\" content=\"28 de Janeiro S\u00e3o Jos\u00e9 Freinademetz, mission\u00e1rio na China, tinha como lema de sua miss\u00e3o a frase: &#8221;O idioma que todos entendem \u00e9 o amor&#8221; Jos\u00e9 Freinademetz nasceu no dia 15 de abril de 1852, na cidade de Oites, no Tirol do Sul, que na ocasi\u00e3o era territ\u00f3rio austr\u00edaco, mas a cidade hoje se chama [&hellip;]\" \/>\n<meta property=\"og:url\" content=\"https:\/\/www.oarcanjo.net\/site\/santo-jose-freinademetz\/\" \/>\n<meta property=\"og:site_name\" content=\"O Arcanjo no ar\" \/>\n<meta property=\"article:publisher\" content=\"https:\/\/www.facebook.com\/OArcanjoNoAr\/\" \/>\n<meta property=\"article:published_time\" content=\"2017-01-28T02:22:53+00:00\" \/>\n<meta property=\"article:modified_time\" content=\"2016-12-27T08:11:00+00:00\" \/>\n<meta property=\"og:image\" content=\"http:\/\/img.cancaonova.com\/noticias\/noticia\/268151.jpg\" \/>\n<meta name=\"author\" content=\"danilo\" \/>\n<meta name=\"twitter:card\" content=\"summary_large_image\" \/>\n<meta name=\"twitter:label1\" content=\"Escrito por\" \/>\n\t<meta name=\"twitter:data1\" content=\"danilo\" \/>\n\t<meta name=\"twitter:label2\" content=\"Est. tempo de leitura\" \/>\n\t<meta name=\"twitter:data2\" content=\"5 minutos\" \/>\n<script type=\"application\/ld+json\" class=\"yoast-schema-graph\">{\"@context\":\"https:\/\/schema.org\",\"@graph\":[{\"@type\":\"Article\",\"@id\":\"https:\/\/www.oarcanjo.net\/site\/santo-jose-freinademetz\/#article\",\"isPartOf\":{\"@id\":\"https:\/\/www.oarcanjo.net\/site\/santo-jose-freinademetz\/\"},\"author\":{\"name\":\"danilo\",\"@id\":\"https:\/\/www.oarcanjo.net\/site\/#\/schema\/person\/5eb9480bedd2f3c97e430ce128c29c6c\"},\"headline\":\"Santo Jos\u00e9 Freinademetz\",\"datePublished\":\"2017-01-28T02:22:53+00:00\",\"dateModified\":\"2016-12-27T08:11:00+00:00\",\"mainEntityOfPage\":{\"@id\":\"https:\/\/www.oarcanjo.net\/site\/santo-jose-freinademetz\/\"},\"wordCount\":1013,\"commentCount\":0,\"publisher\":{\"@id\":\"https:\/\/www.oarcanjo.net\/site\/#organization\"},\"image\":{\"@id\":\"https:\/\/www.oarcanjo.net\/site\/santo-jose-freinademetz\/#primaryimage\"},\"thumbnailUrl\":\"http:\/\/img.cancaonova.com\/noticias\/noticia\/268151.jpg\",\"articleSection\":[\"Testemunhos\"],\"inLanguage\":\"pt-BR\",\"potentialAction\":[{\"@type\":\"CommentAction\",\"name\":\"Comment\",\"target\":[\"https:\/\/www.oarcanjo.net\/site\/santo-jose-freinademetz\/#respond\"]}]},{\"@type\":\"WebPage\",\"@id\":\"https:\/\/www.oarcanjo.net\/site\/santo-jose-freinademetz\/\",\"url\":\"https:\/\/www.oarcanjo.net\/site\/santo-jose-freinademetz\/\",\"name\":\"Santo Jos\u00e9 Freinademetz - O Arcanjo no ar\",\"isPartOf\":{\"@id\":\"https:\/\/www.oarcanjo.net\/site\/#website\"},\"primaryImageOfPage\":{\"@id\":\"https:\/\/www.oarcanjo.net\/site\/santo-jose-freinademetz\/#primaryimage\"},\"image\":{\"@id\":\"https:\/\/www.oarcanjo.net\/site\/santo-jose-freinademetz\/#primaryimage\"},\"thumbnailUrl\":\"http:\/\/img.cancaonova.com\/noticias\/noticia\/268151.jpg\",\"datePublished\":\"2017-01-28T02:22:53+00:00\",\"dateModified\":\"2016-12-27T08:11:00+00:00\",\"breadcrumb\":{\"@id\":\"https:\/\/www.oarcanjo.net\/site\/santo-jose-freinademetz\/#breadcrumb\"},\"inLanguage\":\"pt-BR\",\"potentialAction\":[{\"@type\":\"ReadAction\",\"target\":[\"https:\/\/www.oarcanjo.net\/site\/santo-jose-freinademetz\/\"]}]},{\"@type\":\"ImageObject\",\"inLanguage\":\"pt-BR\",\"@id\":\"https:\/\/www.oarcanjo.net\/site\/santo-jose-freinademetz\/#primaryimage\",\"url\":\"http:\/\/img.cancaonova.com\/noticias\/noticia\/268151.jpg\",\"contentUrl\":\"http:\/\/img.cancaonova.com\/noticias\/noticia\/268151.jpg\"},{\"@type\":\"BreadcrumbList\",\"@id\":\"https:\/\/www.oarcanjo.net\/site\/santo-jose-freinademetz\/#breadcrumb\",\"itemListElement\":[{\"@type\":\"ListItem\",\"position\":1,\"name\":\"In\u00edcio\",\"item\":\"https:\/\/www.oarcanjo.net\/site\/\"},{\"@type\":\"ListItem\",\"position\":2,\"name\":\"Santo Jos\u00e9 Freinademetz\"}]},{\"@type\":\"WebSite\",\"@id\":\"https:\/\/www.oarcanjo.net\/site\/#website\",\"url\":\"https:\/\/www.oarcanjo.net\/site\/\",\"name\":\"O Arcanjo no ar\",\"description\":\"Site da Par\u00f3quia S\u00e3o Miguel Arcanjo (Arquidiocese de SP)\",\"publisher\":{\"@id\":\"https:\/\/www.oarcanjo.net\/site\/#organization\"},\"potentialAction\":[{\"@type\":\"SearchAction\",\"target\":{\"@type\":\"EntryPoint\",\"urlTemplate\":\"https:\/\/www.oarcanjo.net\/site\/?s={search_term_string}\"},\"query-input\":{\"@type\":\"PropertyValueSpecification\",\"valueRequired\":true,\"valueName\":\"search_term_string\"}}],\"inLanguage\":\"pt-BR\"},{\"@type\":\"Organization\",\"@id\":\"https:\/\/www.oarcanjo.net\/site\/#organization\",\"name\":\"Par\u00f3quia S\u00e3o Miguel Arcanjo\",\"url\":\"https:\/\/www.oarcanjo.net\/site\/\",\"logo\":{\"@type\":\"ImageObject\",\"inLanguage\":\"pt-BR\",\"@id\":\"https:\/\/www.oarcanjo.net\/site\/#\/schema\/logo\/image\/\",\"url\":\"https:\/\/www.oarcanjo.net\/site\/wp-content\/uploads\/LogoOArcanjo.png\",\"contentUrl\":\"https:\/\/www.oarcanjo.net\/site\/wp-content\/uploads\/LogoOArcanjo.png\",\"width\":319,\"height\":99,\"caption\":\"Par\u00f3quia S\u00e3o Miguel Arcanjo\"},\"image\":{\"@id\":\"https:\/\/www.oarcanjo.net\/site\/#\/schema\/logo\/image\/\"},\"sameAs\":[\"https:\/\/www.facebook.com\/OArcanjoNoAr\/\"]},{\"@type\":\"Person\",\"@id\":\"https:\/\/www.oarcanjo.net\/site\/#\/schema\/person\/5eb9480bedd2f3c97e430ce128c29c6c\",\"name\":\"danilo\"}]}<\/script>\n<!-- \/ Yoast SEO plugin. -->","yoast_head_json":{"title":"Santo Jos\u00e9 Freinademetz - O Arcanjo no ar","robots":{"index":"index","follow":"follow","max-snippet":"max-snippet:-1","max-image-preview":"max-image-preview:large","max-video-preview":"max-video-preview:-1"},"canonical":"https:\/\/www.oarcanjo.net\/site\/santo-jose-freinademetz\/","og_locale":"pt_BR","og_type":"article","og_title":"Santo Jos\u00e9 Freinademetz - O Arcanjo no ar","og_description":"28 de Janeiro S\u00e3o Jos\u00e9 Freinademetz, mission\u00e1rio na China, tinha como lema de sua miss\u00e3o a frase: &#8221;O idioma que todos entendem \u00e9 o amor&#8221; Jos\u00e9 Freinademetz nasceu no dia 15 de abril de 1852, na cidade de Oites, no Tirol do Sul, que na ocasi\u00e3o era territ\u00f3rio austr\u00edaco, mas a cidade hoje se chama [&hellip;]","og_url":"https:\/\/www.oarcanjo.net\/site\/santo-jose-freinademetz\/","og_site_name":"O Arcanjo no ar","article_publisher":"https:\/\/www.facebook.com\/OArcanjoNoAr\/","article_published_time":"2017-01-28T02:22:53+00:00","article_modified_time":"2016-12-27T08:11:00+00:00","og_image":[{"url":"http:\/\/img.cancaonova.com\/noticias\/noticia\/268151.jpg"}],"author":"danilo","twitter_card":"summary_large_image","twitter_misc":{"Escrito por":"danilo","Est. tempo de leitura":"5 minutos"},"schema":{"@context":"https:\/\/schema.org","@graph":[{"@type":"Article","@id":"https:\/\/www.oarcanjo.net\/site\/santo-jose-freinademetz\/#article","isPartOf":{"@id":"https:\/\/www.oarcanjo.net\/site\/santo-jose-freinademetz\/"},"author":{"name":"danilo","@id":"https:\/\/www.oarcanjo.net\/site\/#\/schema\/person\/5eb9480bedd2f3c97e430ce128c29c6c"},"headline":"Santo Jos\u00e9 Freinademetz","datePublished":"2017-01-28T02:22:53+00:00","dateModified":"2016-12-27T08:11:00+00:00","mainEntityOfPage":{"@id":"https:\/\/www.oarcanjo.net\/site\/santo-jose-freinademetz\/"},"wordCount":1013,"commentCount":0,"publisher":{"@id":"https:\/\/www.oarcanjo.net\/site\/#organization"},"image":{"@id":"https:\/\/www.oarcanjo.net\/site\/santo-jose-freinademetz\/#primaryimage"},"thumbnailUrl":"http:\/\/img.cancaonova.com\/noticias\/noticia\/268151.jpg","articleSection":["Testemunhos"],"inLanguage":"pt-BR","potentialAction":[{"@type":"CommentAction","name":"Comment","target":["https:\/\/www.oarcanjo.net\/site\/santo-jose-freinademetz\/#respond"]}]},{"@type":"WebPage","@id":"https:\/\/www.oarcanjo.net\/site\/santo-jose-freinademetz\/","url":"https:\/\/www.oarcanjo.net\/site\/santo-jose-freinademetz\/","name":"Santo Jos\u00e9 Freinademetz - O Arcanjo no ar","isPartOf":{"@id":"https:\/\/www.oarcanjo.net\/site\/#website"},"primaryImageOfPage":{"@id":"https:\/\/www.oarcanjo.net\/site\/santo-jose-freinademetz\/#primaryimage"},"image":{"@id":"https:\/\/www.oarcanjo.net\/site\/santo-jose-freinademetz\/#primaryimage"},"thumbnailUrl":"http:\/\/img.cancaonova.com\/noticias\/noticia\/268151.jpg","datePublished":"2017-01-28T02:22:53+00:00","dateModified":"2016-12-27T08:11:00+00:00","breadcrumb":{"@id":"https:\/\/www.oarcanjo.net\/site\/santo-jose-freinademetz\/#breadcrumb"},"inLanguage":"pt-BR","potentialAction":[{"@type":"ReadAction","target":["https:\/\/www.oarcanjo.net\/site\/santo-jose-freinademetz\/"]}]},{"@type":"ImageObject","inLanguage":"pt-BR","@id":"https:\/\/www.oarcanjo.net\/site\/santo-jose-freinademetz\/#primaryimage","url":"http:\/\/img.cancaonova.com\/noticias\/noticia\/268151.jpg","contentUrl":"http:\/\/img.cancaonova.com\/noticias\/noticia\/268151.jpg"},{"@type":"BreadcrumbList","@id":"https:\/\/www.oarcanjo.net\/site\/santo-jose-freinademetz\/#breadcrumb","itemListElement":[{"@type":"ListItem","position":1,"name":"In\u00edcio","item":"https:\/\/www.oarcanjo.net\/site\/"},{"@type":"ListItem","position":2,"name":"Santo Jos\u00e9 Freinademetz"}]},{"@type":"WebSite","@id":"https:\/\/www.oarcanjo.net\/site\/#website","url":"https:\/\/www.oarcanjo.net\/site\/","name":"O Arcanjo no ar","description":"Site da Par\u00f3quia S\u00e3o Miguel Arcanjo (Arquidiocese de SP)","publisher":{"@id":"https:\/\/www.oarcanjo.net\/site\/#organization"},"potentialAction":[{"@type":"SearchAction","target":{"@type":"EntryPoint","urlTemplate":"https:\/\/www.oarcanjo.net\/site\/?s={search_term_string}"},"query-input":{"@type":"PropertyValueSpecification","valueRequired":true,"valueName":"search_term_string"}}],"inLanguage":"pt-BR"},{"@type":"Organization","@id":"https:\/\/www.oarcanjo.net\/site\/#organization","name":"Par\u00f3quia S\u00e3o Miguel Arcanjo","url":"https:\/\/www.oarcanjo.net\/site\/","logo":{"@type":"ImageObject","inLanguage":"pt-BR","@id":"https:\/\/www.oarcanjo.net\/site\/#\/schema\/logo\/image\/","url":"https:\/\/www.oarcanjo.net\/site\/wp-content\/uploads\/LogoOArcanjo.png","contentUrl":"https:\/\/www.oarcanjo.net\/site\/wp-content\/uploads\/LogoOArcanjo.png","width":319,"height":99,"caption":"Par\u00f3quia S\u00e3o Miguel Arcanjo"},"image":{"@id":"https:\/\/www.oarcanjo.net\/site\/#\/schema\/logo\/image\/"},"sameAs":["https:\/\/www.facebook.com\/OArcanjoNoAr\/"]},{"@type":"Person","@id":"https:\/\/www.oarcanjo.net\/site\/#\/schema\/person\/5eb9480bedd2f3c97e430ce128c29c6c","name":"danilo"}]}},"publishpress_future_action":{"enabled":false,"date":"2026-05-08 19:25:53","action":"category","newStatus":"draft","terms":[],"taxonomy":"category"},"publishpress_future_workflow_manual_trigger":{"enabledWorkflows":[]},"_links":{"self":[{"href":"https:\/\/www.oarcanjo.net\/site\/wp-json\/wp\/v2\/posts\/7490"}],"collection":[{"href":"https:\/\/www.oarcanjo.net\/site\/wp-json\/wp\/v2\/posts"}],"about":[{"href":"https:\/\/www.oarcanjo.net\/site\/wp-json\/wp\/v2\/types\/post"}],"author":[{"embeddable":true,"href":"https:\/\/www.oarcanjo.net\/site\/wp-json\/wp\/v2\/users\/14"}],"replies":[{"embeddable":true,"href":"https:\/\/www.oarcanjo.net\/site\/wp-json\/wp\/v2\/comments?post=7490"}],"version-history":[{"count":0,"href":"https:\/\/www.oarcanjo.net\/site\/wp-json\/wp\/v2\/posts\/7490\/revisions"}],"wp:attachment":[{"href":"https:\/\/www.oarcanjo.net\/site\/wp-json\/wp\/v2\/media?parent=7490"}],"wp:term":[{"taxonomy":"category","embeddable":true,"href":"https:\/\/www.oarcanjo.net\/site\/wp-json\/wp\/v2\/categories?post=7490"},{"taxonomy":"post_tag","embeddable":true,"href":"https:\/\/www.oarcanjo.net\/site\/wp-json\/wp\/v2\/tags?post=7490"}],"curies":[{"name":"wp","href":"https:\/\/api.w.org\/{rel}","templated":true}]}}