
{"id":7496,"date":"2017-01-29T00:53:20","date_gmt":"2017-01-29T02:53:20","guid":{"rendered":"http:\/\/www.oarcanjo.net\/site\/?p=7496"},"modified":"2016-12-27T06:10:41","modified_gmt":"2016-12-27T08:10:41","slug":"santo-valerio-de-ravena","status":"publish","type":"post","link":"https:\/\/www.oarcanjo.net\/site\/santo-valerio-de-ravena\/","title":{"rendered":"Santo Val\u00e9rio de Ravena"},"content":{"rendered":"<p><img decoding=\"async\" src=\"http:\/\/www.paulinas.org.br\/diafeliz\/images\/santo\/Val%C3%A9riodeRavena.gif\" alt=\"\" \/><\/p>\n<p>29 de Janeiro<\/p>\n<p>Recordamos hoje dois santos bispos com o mesmo nome, Val\u00e9rio. O primeiro, morreu cinco s\u00e9culos antes, na sua sede episcopal em Treviri, na Alemanha, e pode ser lido na outra p\u00e1gina. O segundo, faleceu no dia 15 de mar\u00e7o de 810 e foi o bispo de Ravena, em Roma, na It\u00e1lia.<\/p>\n<p>Este Val\u00e9rio, bispo de Ravena, que faleceu em mar\u00e7o, passou a ser comemorado no dia 29 de janeiro, por ser confundido com o primeiro que faleceu neste dia, o qual j\u00e1 tinha um culto cristalizado entre os peregrinos e devotos. O erro partiu de um copista do Vaticano, em 1286, que acreditou se tratasse de um santo s\u00f3. Excluiu a festa de mar\u00e7o e manteve no calend\u00e1rio da Igreja a data da comemora\u00e7\u00e3o mais antiga, e assim ficou.<\/p>\n<p>Val\u00e9rio de Ravena, tamb\u00e9m sofreu fortes persegui\u00e7\u00f5es pol\u00edticas dentro do pr\u00f3prio clero. Mas o pior foi que para agradar o imperador Carlos Magno, que n\u00e3o simpatizava com ele, o bispo foi v\u00edtima de uma s\u00f3rdida intriga pol\u00edtica. No dia 8 de abril de 808, dia de Palmas, dois nobres condes paladinos chegaram cedo na c\u00faria, conversaram com Val\u00e9rio que os acolheu e deu hospedagem. Participaram de todas as celebra\u00e7\u00f5es pertinentes \u00e0 data e depois de almo\u00e7arem com o bispo, partiram agradecidos.<\/p>\n<p>Depois, em troca de favores da corte, estes nobres mandaram uma carta ao papa Le\u00e3o III, informando que durante a refei\u00e7\u00e3o, daquele dia, o bispo Val\u00e9rio, havia proferido palavras t\u00e3o impr\u00f3prias, que n\u00e3o poderiam ser repetidas nem por escrito. Mais tarde quando surgiram outras diverg\u00eancias pol\u00edticas, o papa Le\u00e3o III escreveu numa carta \u00e0 Carlos Magno, que ele mesmo contestava a santidade do bispo e lhe contou sobre os dois condes.<\/p>\n<p>Outras fontes hist\u00f3ricas da Santa S\u00e9, entretanto, comprovaram que o arcebispo de Ravena era um pastor zeloso e batalhador pela causa do bem da doutrina crist\u00e3, especialmente na luta contra a heresia ariana. Val\u00e9rio administrou a diocese de Ravena entre 788 e 810. O arcebispo Sime\u00e3o trasladou suas rel\u00edquias para a catedral, em 1222, concedendo uma indulg\u00eancia especial \u00e0 bas\u00edlica de santo Apolin\u00e1rio, por &#8220;rever\u00eancias ao bem-aventurado Val\u00e9rio&#8221;.<\/p>\n<div id=\"themify_builder_content-7496\" data-postid=\"7496\" class=\"themify_builder_content themify_builder_content-7496 themify_builder themify_builder_front\">\n\t<\/div>\n<!-- \/themify_builder_content -->","protected":false},"excerpt":{"rendered":"<p>29 de Janeiro Recordamos hoje dois santos bispos com o mesmo nome, Val\u00e9rio. O primeiro, morreu cinco s\u00e9culos antes, na sua sede episcopal em Treviri, na Alemanha, e pode ser lido na outra p\u00e1gina. O segundo, faleceu no dia 15 de mar\u00e7o de 810 e foi o bispo de Ravena, em Roma, na It\u00e1lia. Este [&hellip;]<\/p>\n","protected":false},"author":14,"featured_media":0,"comment_status":"open","ping_status":"open","sticky":false,"template":"","format":"standard","meta":{"ngg_post_thumbnail":0,"footnotes":""},"categories":[186],"tags":[],"yoast_head":"<!-- This site is optimized with the Yoast SEO plugin v23.5 - https:\/\/yoast.com\/wordpress\/plugins\/seo\/ -->\n<title>Santo Val\u00e9rio de Ravena - O Arcanjo no ar<\/title>\n<meta name=\"robots\" content=\"index, follow, max-snippet:-1, max-image-preview:large, max-video-preview:-1\" \/>\n<link rel=\"canonical\" href=\"https:\/\/www.oarcanjo.net\/site\/santo-valerio-de-ravena\/\" \/>\n<meta property=\"og:locale\" content=\"pt_BR\" \/>\n<meta property=\"og:type\" content=\"article\" \/>\n<meta property=\"og:title\" content=\"Santo Val\u00e9rio de Ravena - O Arcanjo no ar\" \/>\n<meta property=\"og:description\" content=\"29 de Janeiro Recordamos hoje dois santos bispos com o mesmo nome, Val\u00e9rio. O primeiro, morreu cinco s\u00e9culos antes, na sua sede episcopal em Treviri, na Alemanha, e pode ser lido na outra p\u00e1gina. O segundo, faleceu no dia 15 de mar\u00e7o de 810 e foi o bispo de Ravena, em Roma, na It\u00e1lia. Este [&hellip;]\" \/>\n<meta property=\"og:url\" content=\"https:\/\/www.oarcanjo.net\/site\/santo-valerio-de-ravena\/\" \/>\n<meta property=\"og:site_name\" content=\"O Arcanjo no ar\" \/>\n<meta property=\"article:publisher\" content=\"https:\/\/www.facebook.com\/OArcanjoNoAr\/\" \/>\n<meta property=\"article:published_time\" content=\"2017-01-29T02:53:20+00:00\" \/>\n<meta property=\"article:modified_time\" content=\"2016-12-27T08:10:41+00:00\" \/>\n<meta property=\"og:image\" content=\"http:\/\/www.paulinas.org.br\/diafeliz\/images\/santo\/Val%C3%A9riodeRavena.gif\" \/>\n<meta name=\"author\" content=\"danilo\" \/>\n<meta name=\"twitter:card\" content=\"summary_large_image\" \/>\n<meta name=\"twitter:label1\" content=\"Escrito por\" \/>\n\t<meta name=\"twitter:data1\" content=\"danilo\" \/>\n\t<meta name=\"twitter:label2\" content=\"Est. tempo de leitura\" \/>\n\t<meta name=\"twitter:data2\" content=\"2 minutos\" \/>\n<script type=\"application\/ld+json\" class=\"yoast-schema-graph\">{\"@context\":\"https:\/\/schema.org\",\"@graph\":[{\"@type\":\"Article\",\"@id\":\"https:\/\/www.oarcanjo.net\/site\/santo-valerio-de-ravena\/#article\",\"isPartOf\":{\"@id\":\"https:\/\/www.oarcanjo.net\/site\/santo-valerio-de-ravena\/\"},\"author\":{\"name\":\"danilo\",\"@id\":\"https:\/\/www.oarcanjo.net\/site\/#\/schema\/person\/5eb9480bedd2f3c97e430ce128c29c6c\"},\"headline\":\"Santo Val\u00e9rio de Ravena\",\"datePublished\":\"2017-01-29T02:53:20+00:00\",\"dateModified\":\"2016-12-27T08:10:41+00:00\",\"mainEntityOfPage\":{\"@id\":\"https:\/\/www.oarcanjo.net\/site\/santo-valerio-de-ravena\/\"},\"wordCount\":385,\"commentCount\":0,\"publisher\":{\"@id\":\"https:\/\/www.oarcanjo.net\/site\/#organization\"},\"image\":{\"@id\":\"https:\/\/www.oarcanjo.net\/site\/santo-valerio-de-ravena\/#primaryimage\"},\"thumbnailUrl\":\"http:\/\/www.paulinas.org.br\/diafeliz\/images\/santo\/Val%C3%A9riodeRavena.gif\",\"articleSection\":[\"Testemunhos\"],\"inLanguage\":\"pt-BR\",\"potentialAction\":[{\"@type\":\"CommentAction\",\"name\":\"Comment\",\"target\":[\"https:\/\/www.oarcanjo.net\/site\/santo-valerio-de-ravena\/#respond\"]}]},{\"@type\":\"WebPage\",\"@id\":\"https:\/\/www.oarcanjo.net\/site\/santo-valerio-de-ravena\/\",\"url\":\"https:\/\/www.oarcanjo.net\/site\/santo-valerio-de-ravena\/\",\"name\":\"Santo Val\u00e9rio de Ravena - O Arcanjo no ar\",\"isPartOf\":{\"@id\":\"https:\/\/www.oarcanjo.net\/site\/#website\"},\"primaryImageOfPage\":{\"@id\":\"https:\/\/www.oarcanjo.net\/site\/santo-valerio-de-ravena\/#primaryimage\"},\"image\":{\"@id\":\"https:\/\/www.oarcanjo.net\/site\/santo-valerio-de-ravena\/#primaryimage\"},\"thumbnailUrl\":\"http:\/\/www.paulinas.org.br\/diafeliz\/images\/santo\/Val%C3%A9riodeRavena.gif\",\"datePublished\":\"2017-01-29T02:53:20+00:00\",\"dateModified\":\"2016-12-27T08:10:41+00:00\",\"breadcrumb\":{\"@id\":\"https:\/\/www.oarcanjo.net\/site\/santo-valerio-de-ravena\/#breadcrumb\"},\"inLanguage\":\"pt-BR\",\"potentialAction\":[{\"@type\":\"ReadAction\",\"target\":[\"https:\/\/www.oarcanjo.net\/site\/santo-valerio-de-ravena\/\"]}]},{\"@type\":\"ImageObject\",\"inLanguage\":\"pt-BR\",\"@id\":\"https:\/\/www.oarcanjo.net\/site\/santo-valerio-de-ravena\/#primaryimage\",\"url\":\"http:\/\/www.paulinas.org.br\/diafeliz\/images\/santo\/Val%C3%A9riodeRavena.gif\",\"contentUrl\":\"http:\/\/www.paulinas.org.br\/diafeliz\/images\/santo\/Val%C3%A9riodeRavena.gif\"},{\"@type\":\"BreadcrumbList\",\"@id\":\"https:\/\/www.oarcanjo.net\/site\/santo-valerio-de-ravena\/#breadcrumb\",\"itemListElement\":[{\"@type\":\"ListItem\",\"position\":1,\"name\":\"In\u00edcio\",\"item\":\"https:\/\/www.oarcanjo.net\/site\/\"},{\"@type\":\"ListItem\",\"position\":2,\"name\":\"Santo Val\u00e9rio de Ravena\"}]},{\"@type\":\"WebSite\",\"@id\":\"https:\/\/www.oarcanjo.net\/site\/#website\",\"url\":\"https:\/\/www.oarcanjo.net\/site\/\",\"name\":\"O Arcanjo no ar\",\"description\":\"Site da Par\u00f3quia S\u00e3o Miguel Arcanjo (Arquidiocese de SP)\",\"publisher\":{\"@id\":\"https:\/\/www.oarcanjo.net\/site\/#organization\"},\"potentialAction\":[{\"@type\":\"SearchAction\",\"target\":{\"@type\":\"EntryPoint\",\"urlTemplate\":\"https:\/\/www.oarcanjo.net\/site\/?s={search_term_string}\"},\"query-input\":{\"@type\":\"PropertyValueSpecification\",\"valueRequired\":true,\"valueName\":\"search_term_string\"}}],\"inLanguage\":\"pt-BR\"},{\"@type\":\"Organization\",\"@id\":\"https:\/\/www.oarcanjo.net\/site\/#organization\",\"name\":\"Par\u00f3quia S\u00e3o Miguel Arcanjo\",\"url\":\"https:\/\/www.oarcanjo.net\/site\/\",\"logo\":{\"@type\":\"ImageObject\",\"inLanguage\":\"pt-BR\",\"@id\":\"https:\/\/www.oarcanjo.net\/site\/#\/schema\/logo\/image\/\",\"url\":\"https:\/\/www.oarcanjo.net\/site\/wp-content\/uploads\/LogoOArcanjo.png\",\"contentUrl\":\"https:\/\/www.oarcanjo.net\/site\/wp-content\/uploads\/LogoOArcanjo.png\",\"width\":319,\"height\":99,\"caption\":\"Par\u00f3quia S\u00e3o Miguel Arcanjo\"},\"image\":{\"@id\":\"https:\/\/www.oarcanjo.net\/site\/#\/schema\/logo\/image\/\"},\"sameAs\":[\"https:\/\/www.facebook.com\/OArcanjoNoAr\/\"]},{\"@type\":\"Person\",\"@id\":\"https:\/\/www.oarcanjo.net\/site\/#\/schema\/person\/5eb9480bedd2f3c97e430ce128c29c6c\",\"name\":\"danilo\"}]}<\/script>\n<!-- \/ Yoast SEO plugin. -->","yoast_head_json":{"title":"Santo Val\u00e9rio de Ravena - O Arcanjo no ar","robots":{"index":"index","follow":"follow","max-snippet":"max-snippet:-1","max-image-preview":"max-image-preview:large","max-video-preview":"max-video-preview:-1"},"canonical":"https:\/\/www.oarcanjo.net\/site\/santo-valerio-de-ravena\/","og_locale":"pt_BR","og_type":"article","og_title":"Santo Val\u00e9rio de Ravena - O Arcanjo no ar","og_description":"29 de Janeiro Recordamos hoje dois santos bispos com o mesmo nome, Val\u00e9rio. O primeiro, morreu cinco s\u00e9culos antes, na sua sede episcopal em Treviri, na Alemanha, e pode ser lido na outra p\u00e1gina. O segundo, faleceu no dia 15 de mar\u00e7o de 810 e foi o bispo de Ravena, em Roma, na It\u00e1lia. Este [&hellip;]","og_url":"https:\/\/www.oarcanjo.net\/site\/santo-valerio-de-ravena\/","og_site_name":"O Arcanjo no ar","article_publisher":"https:\/\/www.facebook.com\/OArcanjoNoAr\/","article_published_time":"2017-01-29T02:53:20+00:00","article_modified_time":"2016-12-27T08:10:41+00:00","og_image":[{"url":"http:\/\/www.paulinas.org.br\/diafeliz\/images\/santo\/Val%C3%A9riodeRavena.gif"}],"author":"danilo","twitter_card":"summary_large_image","twitter_misc":{"Escrito por":"danilo","Est. tempo de leitura":"2 minutos"},"schema":{"@context":"https:\/\/schema.org","@graph":[{"@type":"Article","@id":"https:\/\/www.oarcanjo.net\/site\/santo-valerio-de-ravena\/#article","isPartOf":{"@id":"https:\/\/www.oarcanjo.net\/site\/santo-valerio-de-ravena\/"},"author":{"name":"danilo","@id":"https:\/\/www.oarcanjo.net\/site\/#\/schema\/person\/5eb9480bedd2f3c97e430ce128c29c6c"},"headline":"Santo Val\u00e9rio de Ravena","datePublished":"2017-01-29T02:53:20+00:00","dateModified":"2016-12-27T08:10:41+00:00","mainEntityOfPage":{"@id":"https:\/\/www.oarcanjo.net\/site\/santo-valerio-de-ravena\/"},"wordCount":385,"commentCount":0,"publisher":{"@id":"https:\/\/www.oarcanjo.net\/site\/#organization"},"image":{"@id":"https:\/\/www.oarcanjo.net\/site\/santo-valerio-de-ravena\/#primaryimage"},"thumbnailUrl":"http:\/\/www.paulinas.org.br\/diafeliz\/images\/santo\/Val%C3%A9riodeRavena.gif","articleSection":["Testemunhos"],"inLanguage":"pt-BR","potentialAction":[{"@type":"CommentAction","name":"Comment","target":["https:\/\/www.oarcanjo.net\/site\/santo-valerio-de-ravena\/#respond"]}]},{"@type":"WebPage","@id":"https:\/\/www.oarcanjo.net\/site\/santo-valerio-de-ravena\/","url":"https:\/\/www.oarcanjo.net\/site\/santo-valerio-de-ravena\/","name":"Santo Val\u00e9rio de Ravena - O Arcanjo no ar","isPartOf":{"@id":"https:\/\/www.oarcanjo.net\/site\/#website"},"primaryImageOfPage":{"@id":"https:\/\/www.oarcanjo.net\/site\/santo-valerio-de-ravena\/#primaryimage"},"image":{"@id":"https:\/\/www.oarcanjo.net\/site\/santo-valerio-de-ravena\/#primaryimage"},"thumbnailUrl":"http:\/\/www.paulinas.org.br\/diafeliz\/images\/santo\/Val%C3%A9riodeRavena.gif","datePublished":"2017-01-29T02:53:20+00:00","dateModified":"2016-12-27T08:10:41+00:00","breadcrumb":{"@id":"https:\/\/www.oarcanjo.net\/site\/santo-valerio-de-ravena\/#breadcrumb"},"inLanguage":"pt-BR","potentialAction":[{"@type":"ReadAction","target":["https:\/\/www.oarcanjo.net\/site\/santo-valerio-de-ravena\/"]}]},{"@type":"ImageObject","inLanguage":"pt-BR","@id":"https:\/\/www.oarcanjo.net\/site\/santo-valerio-de-ravena\/#primaryimage","url":"http:\/\/www.paulinas.org.br\/diafeliz\/images\/santo\/Val%C3%A9riodeRavena.gif","contentUrl":"http:\/\/www.paulinas.org.br\/diafeliz\/images\/santo\/Val%C3%A9riodeRavena.gif"},{"@type":"BreadcrumbList","@id":"https:\/\/www.oarcanjo.net\/site\/santo-valerio-de-ravena\/#breadcrumb","itemListElement":[{"@type":"ListItem","position":1,"name":"In\u00edcio","item":"https:\/\/www.oarcanjo.net\/site\/"},{"@type":"ListItem","position":2,"name":"Santo Val\u00e9rio de Ravena"}]},{"@type":"WebSite","@id":"https:\/\/www.oarcanjo.net\/site\/#website","url":"https:\/\/www.oarcanjo.net\/site\/","name":"O Arcanjo no ar","description":"Site da Par\u00f3quia S\u00e3o Miguel Arcanjo (Arquidiocese de SP)","publisher":{"@id":"https:\/\/www.oarcanjo.net\/site\/#organization"},"potentialAction":[{"@type":"SearchAction","target":{"@type":"EntryPoint","urlTemplate":"https:\/\/www.oarcanjo.net\/site\/?s={search_term_string}"},"query-input":{"@type":"PropertyValueSpecification","valueRequired":true,"valueName":"search_term_string"}}],"inLanguage":"pt-BR"},{"@type":"Organization","@id":"https:\/\/www.oarcanjo.net\/site\/#organization","name":"Par\u00f3quia S\u00e3o Miguel Arcanjo","url":"https:\/\/www.oarcanjo.net\/site\/","logo":{"@type":"ImageObject","inLanguage":"pt-BR","@id":"https:\/\/www.oarcanjo.net\/site\/#\/schema\/logo\/image\/","url":"https:\/\/www.oarcanjo.net\/site\/wp-content\/uploads\/LogoOArcanjo.png","contentUrl":"https:\/\/www.oarcanjo.net\/site\/wp-content\/uploads\/LogoOArcanjo.png","width":319,"height":99,"caption":"Par\u00f3quia S\u00e3o Miguel Arcanjo"},"image":{"@id":"https:\/\/www.oarcanjo.net\/site\/#\/schema\/logo\/image\/"},"sameAs":["https:\/\/www.facebook.com\/OArcanjoNoAr\/"]},{"@type":"Person","@id":"https:\/\/www.oarcanjo.net\/site\/#\/schema\/person\/5eb9480bedd2f3c97e430ce128c29c6c","name":"danilo"}]}},"publishpress_future_action":{"enabled":false,"date":"2026-05-08 22:28:50","action":"category","newStatus":"draft","terms":[],"taxonomy":"category"},"publishpress_future_workflow_manual_trigger":{"enabledWorkflows":[]},"_links":{"self":[{"href":"https:\/\/www.oarcanjo.net\/site\/wp-json\/wp\/v2\/posts\/7496"}],"collection":[{"href":"https:\/\/www.oarcanjo.net\/site\/wp-json\/wp\/v2\/posts"}],"about":[{"href":"https:\/\/www.oarcanjo.net\/site\/wp-json\/wp\/v2\/types\/post"}],"author":[{"embeddable":true,"href":"https:\/\/www.oarcanjo.net\/site\/wp-json\/wp\/v2\/users\/14"}],"replies":[{"embeddable":true,"href":"https:\/\/www.oarcanjo.net\/site\/wp-json\/wp\/v2\/comments?post=7496"}],"version-history":[{"count":0,"href":"https:\/\/www.oarcanjo.net\/site\/wp-json\/wp\/v2\/posts\/7496\/revisions"}],"wp:attachment":[{"href":"https:\/\/www.oarcanjo.net\/site\/wp-json\/wp\/v2\/media?parent=7496"}],"wp:term":[{"taxonomy":"category","embeddable":true,"href":"https:\/\/www.oarcanjo.net\/site\/wp-json\/wp\/v2\/categories?post=7496"},{"taxonomy":"post_tag","embeddable":true,"href":"https:\/\/www.oarcanjo.net\/site\/wp-json\/wp\/v2\/tags?post=7496"}],"curies":[{"name":"wp","href":"https:\/\/api.w.org\/{rel}","templated":true}]}}