
{"id":7498,"date":"2017-01-29T00:56:15","date_gmt":"2017-01-29T02:56:15","guid":{"rendered":"http:\/\/www.oarcanjo.net\/site\/?p=7498"},"modified":"2016-12-27T06:10:25","modified_gmt":"2016-12-27T08:10:25","slug":"santo-valerio-de-treviri","status":"publish","type":"post","link":"https:\/\/www.oarcanjo.net\/site\/santo-valerio-de-treviri\/","title":{"rendered":"Santo Val\u00e9rio de Treviri"},"content":{"rendered":"<p><img loading=\"lazy\" decoding=\"async\" class=\"alignnone size-full wp-image-58877\" src=\"http:\/\/www.oarcanjo.net\/site\/wp-content\/uploads\/Sao-Valerio-de-Teviri.jpg\" alt=\"Santo Val\u00e9rio de Treviri\" width=\"150\" height=\"200\" \/><\/p>\n<p>29 de Janeiro<\/p>\n<p>Nesta data as homenagens da Igreja est\u00e3o voltadas para dois santos com o mesmo nome, Val\u00e9rio e ambos bispos, mas viveram em s\u00e9culos bem distantes. O primeiro a ser canonizado, foi o da diocese de Treviri. O segundo foi o de Ravena, que pode ser encontrado na outra p\u00e1gina.<\/p>\n<p>Uma tradi\u00e7\u00e3o muito antiga nos conta que o bispo de Treviri, chamado Val\u00e9rio, foi disc\u00edpulo do ap\u00f3stolo Pedro. Este o teria consagrado bispo e enviado para evangelizar a popula\u00e7\u00e3o da Alemanha. Mas, isto n\u00e3o ocorreu, S\u00e3o Pedro testemunhou a f\u00e9 pelo menos dois s\u00e9culos antes.<\/p>\n<p>Entretanto, Val\u00e9rio realmente foi o bispo de Treviri e prestou um relevante trabalho de evangeliza\u00e7\u00e3o para a Igreja de Roma. Primeiro auxiliando Eucario, que foi o primeiro bispo desta diocese e depois colaborando com Materno, seu contempor\u00e2neo; os quais foram inclu\u00eddos no Livro dos Santos, como grandes ap\u00f3stolos da Alemanha.<\/p>\n<p>Nos registros posteriores, revistos pelo Vaticano no final do primeiro mil\u00eanio, onde foram narrados os motivos da santidade dos religiosos at\u00e9 ent\u00e3o, encontramos o seguinte, sobre Val\u00e9rio: &#8220;converteu multid\u00f5es de pag\u00e3os e operou milagres singelos e expressivos&#8221;. Talvez o mais significativo, tenha sido quando Val\u00e9rio, trouxe de volta a vida do companheiro Materno com o simples toque do seu bast\u00e3o episcopal. Depois, o outro companheiro de miss\u00e3o, que j\u00e1 havia falecido, Eucario, o teria avisado em sonho que no dia 29 de janeiro ele seria recebido no Reino de Deus. Val\u00e9rio morreu neste dia de um ano ignorado, no in\u00edcio do s\u00e9culo IV.<\/p>\n<p>A fama de sua santidade aumentou com a sua morte e os devotos procuravam a sua sepultura para agradecer ou pedir a sua intercess\u00e3o. O culto se intensificou com a constru\u00e7\u00e3o de muitas igrejas dedicadas a S\u00e3o Val\u00e9rio, principalmente entre os povos de l\u00edngua germ\u00e2nica. Muitas cidades o elegeram como seu padroeiro. As suas rel\u00edquias, conservadas numa urna de prata, se encontram na bas\u00edlica de S\u00e3o Matias, na cidade de Treviri, atualmente chamada de Tries, na Alemanha. A festa lit\u00fargica ocorre no dia de sua morte.<\/p>\n<div id=\"themify_builder_content-7498\" data-postid=\"7498\" class=\"themify_builder_content themify_builder_content-7498 themify_builder themify_builder_front\">\n\t<\/div>\n<!-- \/themify_builder_content -->","protected":false},"excerpt":{"rendered":"<p>29 de Janeiro Nesta data as homenagens da Igreja est\u00e3o voltadas para dois santos com o mesmo nome, Val\u00e9rio e ambos bispos, mas viveram em s\u00e9culos bem distantes. O primeiro a ser canonizado, foi o da diocese de Treviri. O segundo foi o de Ravena, que pode ser encontrado na outra p\u00e1gina. Uma tradi\u00e7\u00e3o muito [&hellip;]<\/p>\n","protected":false},"author":14,"featured_media":0,"comment_status":"open","ping_status":"open","sticky":false,"template":"","format":"standard","meta":{"ngg_post_thumbnail":0,"footnotes":""},"categories":[186],"tags":[1440],"yoast_head":"<!-- This site is optimized with the Yoast SEO plugin v23.5 - https:\/\/yoast.com\/wordpress\/plugins\/seo\/ -->\n<title>Santo Val\u00e9rio de Treviri - O Arcanjo no ar<\/title>\n<meta name=\"robots\" content=\"index, follow, max-snippet:-1, max-image-preview:large, max-video-preview:-1\" \/>\n<link rel=\"canonical\" href=\"https:\/\/www.oarcanjo.net\/site\/santo-valerio-de-treviri\/\" \/>\n<meta property=\"og:locale\" content=\"pt_BR\" \/>\n<meta property=\"og:type\" content=\"article\" \/>\n<meta property=\"og:title\" content=\"Santo Val\u00e9rio de Treviri - O Arcanjo no ar\" \/>\n<meta property=\"og:description\" content=\"29 de Janeiro Nesta data as homenagens da Igreja est\u00e3o voltadas para dois santos com o mesmo nome, Val\u00e9rio e ambos bispos, mas viveram em s\u00e9culos bem distantes. O primeiro a ser canonizado, foi o da diocese de Treviri. O segundo foi o de Ravena, que pode ser encontrado na outra p\u00e1gina. Uma tradi\u00e7\u00e3o muito [&hellip;]\" \/>\n<meta property=\"og:url\" content=\"https:\/\/www.oarcanjo.net\/site\/santo-valerio-de-treviri\/\" \/>\n<meta property=\"og:site_name\" content=\"O Arcanjo no ar\" \/>\n<meta property=\"article:publisher\" content=\"https:\/\/www.facebook.com\/OArcanjoNoAr\/\" \/>\n<meta property=\"article:published_time\" content=\"2017-01-29T02:56:15+00:00\" \/>\n<meta property=\"article:modified_time\" content=\"2016-12-27T08:10:25+00:00\" \/>\n<meta property=\"og:image\" content=\"http:\/\/www.oarcanjo.net\/site\/wp-content\/uploads\/Sao-Valerio-de-Teviri.jpg\" \/>\n<meta name=\"author\" content=\"danilo\" \/>\n<meta name=\"twitter:card\" content=\"summary_large_image\" \/>\n<meta name=\"twitter:label1\" content=\"Escrito por\" \/>\n\t<meta name=\"twitter:data1\" content=\"danilo\" \/>\n\t<meta name=\"twitter:label2\" content=\"Est. tempo de leitura\" \/>\n\t<meta name=\"twitter:data2\" content=\"2 minutos\" \/>\n<script type=\"application\/ld+json\" class=\"yoast-schema-graph\">{\"@context\":\"https:\/\/schema.org\",\"@graph\":[{\"@type\":\"Article\",\"@id\":\"https:\/\/www.oarcanjo.net\/site\/santo-valerio-de-treviri\/#article\",\"isPartOf\":{\"@id\":\"https:\/\/www.oarcanjo.net\/site\/santo-valerio-de-treviri\/\"},\"author\":{\"name\":\"danilo\",\"@id\":\"https:\/\/www.oarcanjo.net\/site\/#\/schema\/person\/5eb9480bedd2f3c97e430ce128c29c6c\"},\"headline\":\"Santo Val\u00e9rio de Treviri\",\"datePublished\":\"2017-01-29T02:56:15+00:00\",\"dateModified\":\"2016-12-27T08:10:25+00:00\",\"mainEntityOfPage\":{\"@id\":\"https:\/\/www.oarcanjo.net\/site\/santo-valerio-de-treviri\/\"},\"wordCount\":377,\"commentCount\":1,\"publisher\":{\"@id\":\"https:\/\/www.oarcanjo.net\/site\/#organization\"},\"image\":{\"@id\":\"https:\/\/www.oarcanjo.net\/site\/santo-valerio-de-treviri\/#primaryimage\"},\"thumbnailUrl\":\"http:\/\/www.oarcanjo.net\/site\/wp-content\/uploads\/Sao-Valerio-de-Teviri.jpg\",\"keywords\":[\"Santo Val\u00e9rio de Treviri\"],\"articleSection\":[\"Testemunhos\"],\"inLanguage\":\"pt-BR\",\"potentialAction\":[{\"@type\":\"CommentAction\",\"name\":\"Comment\",\"target\":[\"https:\/\/www.oarcanjo.net\/site\/santo-valerio-de-treviri\/#respond\"]}]},{\"@type\":\"WebPage\",\"@id\":\"https:\/\/www.oarcanjo.net\/site\/santo-valerio-de-treviri\/\",\"url\":\"https:\/\/www.oarcanjo.net\/site\/santo-valerio-de-treviri\/\",\"name\":\"Santo Val\u00e9rio de Treviri - O Arcanjo no ar\",\"isPartOf\":{\"@id\":\"https:\/\/www.oarcanjo.net\/site\/#website\"},\"primaryImageOfPage\":{\"@id\":\"https:\/\/www.oarcanjo.net\/site\/santo-valerio-de-treviri\/#primaryimage\"},\"image\":{\"@id\":\"https:\/\/www.oarcanjo.net\/site\/santo-valerio-de-treviri\/#primaryimage\"},\"thumbnailUrl\":\"http:\/\/www.oarcanjo.net\/site\/wp-content\/uploads\/Sao-Valerio-de-Teviri.jpg\",\"datePublished\":\"2017-01-29T02:56:15+00:00\",\"dateModified\":\"2016-12-27T08:10:25+00:00\",\"breadcrumb\":{\"@id\":\"https:\/\/www.oarcanjo.net\/site\/santo-valerio-de-treviri\/#breadcrumb\"},\"inLanguage\":\"pt-BR\",\"potentialAction\":[{\"@type\":\"ReadAction\",\"target\":[\"https:\/\/www.oarcanjo.net\/site\/santo-valerio-de-treviri\/\"]}]},{\"@type\":\"ImageObject\",\"inLanguage\":\"pt-BR\",\"@id\":\"https:\/\/www.oarcanjo.net\/site\/santo-valerio-de-treviri\/#primaryimage\",\"url\":\"https:\/\/www.oarcanjo.net\/site\/wp-content\/uploads\/Sao-Valerio-de-Teviri.jpg\",\"contentUrl\":\"https:\/\/www.oarcanjo.net\/site\/wp-content\/uploads\/Sao-Valerio-de-Teviri.jpg\",\"width\":150,\"height\":200},{\"@type\":\"BreadcrumbList\",\"@id\":\"https:\/\/www.oarcanjo.net\/site\/santo-valerio-de-treviri\/#breadcrumb\",\"itemListElement\":[{\"@type\":\"ListItem\",\"position\":1,\"name\":\"In\u00edcio\",\"item\":\"https:\/\/www.oarcanjo.net\/site\/\"},{\"@type\":\"ListItem\",\"position\":2,\"name\":\"Santo Val\u00e9rio de Treviri\"}]},{\"@type\":\"WebSite\",\"@id\":\"https:\/\/www.oarcanjo.net\/site\/#website\",\"url\":\"https:\/\/www.oarcanjo.net\/site\/\",\"name\":\"O Arcanjo no ar\",\"description\":\"Site da Par\u00f3quia S\u00e3o Miguel Arcanjo (Arquidiocese de SP)\",\"publisher\":{\"@id\":\"https:\/\/www.oarcanjo.net\/site\/#organization\"},\"potentialAction\":[{\"@type\":\"SearchAction\",\"target\":{\"@type\":\"EntryPoint\",\"urlTemplate\":\"https:\/\/www.oarcanjo.net\/site\/?s={search_term_string}\"},\"query-input\":{\"@type\":\"PropertyValueSpecification\",\"valueRequired\":true,\"valueName\":\"search_term_string\"}}],\"inLanguage\":\"pt-BR\"},{\"@type\":\"Organization\",\"@id\":\"https:\/\/www.oarcanjo.net\/site\/#organization\",\"name\":\"Par\u00f3quia S\u00e3o Miguel Arcanjo\",\"url\":\"https:\/\/www.oarcanjo.net\/site\/\",\"logo\":{\"@type\":\"ImageObject\",\"inLanguage\":\"pt-BR\",\"@id\":\"https:\/\/www.oarcanjo.net\/site\/#\/schema\/logo\/image\/\",\"url\":\"https:\/\/www.oarcanjo.net\/site\/wp-content\/uploads\/LogoOArcanjo.png\",\"contentUrl\":\"https:\/\/www.oarcanjo.net\/site\/wp-content\/uploads\/LogoOArcanjo.png\",\"width\":319,\"height\":99,\"caption\":\"Par\u00f3quia S\u00e3o Miguel Arcanjo\"},\"image\":{\"@id\":\"https:\/\/www.oarcanjo.net\/site\/#\/schema\/logo\/image\/\"},\"sameAs\":[\"https:\/\/www.facebook.com\/OArcanjoNoAr\/\"]},{\"@type\":\"Person\",\"@id\":\"https:\/\/www.oarcanjo.net\/site\/#\/schema\/person\/5eb9480bedd2f3c97e430ce128c29c6c\",\"name\":\"danilo\"}]}<\/script>\n<!-- \/ Yoast SEO plugin. -->","yoast_head_json":{"title":"Santo Val\u00e9rio de Treviri - O Arcanjo no ar","robots":{"index":"index","follow":"follow","max-snippet":"max-snippet:-1","max-image-preview":"max-image-preview:large","max-video-preview":"max-video-preview:-1"},"canonical":"https:\/\/www.oarcanjo.net\/site\/santo-valerio-de-treviri\/","og_locale":"pt_BR","og_type":"article","og_title":"Santo Val\u00e9rio de Treviri - O Arcanjo no ar","og_description":"29 de Janeiro Nesta data as homenagens da Igreja est\u00e3o voltadas para dois santos com o mesmo nome, Val\u00e9rio e ambos bispos, mas viveram em s\u00e9culos bem distantes. O primeiro a ser canonizado, foi o da diocese de Treviri. O segundo foi o de Ravena, que pode ser encontrado na outra p\u00e1gina. Uma tradi\u00e7\u00e3o muito [&hellip;]","og_url":"https:\/\/www.oarcanjo.net\/site\/santo-valerio-de-treviri\/","og_site_name":"O Arcanjo no ar","article_publisher":"https:\/\/www.facebook.com\/OArcanjoNoAr\/","article_published_time":"2017-01-29T02:56:15+00:00","article_modified_time":"2016-12-27T08:10:25+00:00","og_image":[{"url":"http:\/\/www.oarcanjo.net\/site\/wp-content\/uploads\/Sao-Valerio-de-Teviri.jpg"}],"author":"danilo","twitter_card":"summary_large_image","twitter_misc":{"Escrito por":"danilo","Est. tempo de leitura":"2 minutos"},"schema":{"@context":"https:\/\/schema.org","@graph":[{"@type":"Article","@id":"https:\/\/www.oarcanjo.net\/site\/santo-valerio-de-treviri\/#article","isPartOf":{"@id":"https:\/\/www.oarcanjo.net\/site\/santo-valerio-de-treviri\/"},"author":{"name":"danilo","@id":"https:\/\/www.oarcanjo.net\/site\/#\/schema\/person\/5eb9480bedd2f3c97e430ce128c29c6c"},"headline":"Santo Val\u00e9rio de Treviri","datePublished":"2017-01-29T02:56:15+00:00","dateModified":"2016-12-27T08:10:25+00:00","mainEntityOfPage":{"@id":"https:\/\/www.oarcanjo.net\/site\/santo-valerio-de-treviri\/"},"wordCount":377,"commentCount":1,"publisher":{"@id":"https:\/\/www.oarcanjo.net\/site\/#organization"},"image":{"@id":"https:\/\/www.oarcanjo.net\/site\/santo-valerio-de-treviri\/#primaryimage"},"thumbnailUrl":"http:\/\/www.oarcanjo.net\/site\/wp-content\/uploads\/Sao-Valerio-de-Teviri.jpg","keywords":["Santo Val\u00e9rio de Treviri"],"articleSection":["Testemunhos"],"inLanguage":"pt-BR","potentialAction":[{"@type":"CommentAction","name":"Comment","target":["https:\/\/www.oarcanjo.net\/site\/santo-valerio-de-treviri\/#respond"]}]},{"@type":"WebPage","@id":"https:\/\/www.oarcanjo.net\/site\/santo-valerio-de-treviri\/","url":"https:\/\/www.oarcanjo.net\/site\/santo-valerio-de-treviri\/","name":"Santo Val\u00e9rio de Treviri - O Arcanjo no ar","isPartOf":{"@id":"https:\/\/www.oarcanjo.net\/site\/#website"},"primaryImageOfPage":{"@id":"https:\/\/www.oarcanjo.net\/site\/santo-valerio-de-treviri\/#primaryimage"},"image":{"@id":"https:\/\/www.oarcanjo.net\/site\/santo-valerio-de-treviri\/#primaryimage"},"thumbnailUrl":"http:\/\/www.oarcanjo.net\/site\/wp-content\/uploads\/Sao-Valerio-de-Teviri.jpg","datePublished":"2017-01-29T02:56:15+00:00","dateModified":"2016-12-27T08:10:25+00:00","breadcrumb":{"@id":"https:\/\/www.oarcanjo.net\/site\/santo-valerio-de-treviri\/#breadcrumb"},"inLanguage":"pt-BR","potentialAction":[{"@type":"ReadAction","target":["https:\/\/www.oarcanjo.net\/site\/santo-valerio-de-treviri\/"]}]},{"@type":"ImageObject","inLanguage":"pt-BR","@id":"https:\/\/www.oarcanjo.net\/site\/santo-valerio-de-treviri\/#primaryimage","url":"https:\/\/www.oarcanjo.net\/site\/wp-content\/uploads\/Sao-Valerio-de-Teviri.jpg","contentUrl":"https:\/\/www.oarcanjo.net\/site\/wp-content\/uploads\/Sao-Valerio-de-Teviri.jpg","width":150,"height":200},{"@type":"BreadcrumbList","@id":"https:\/\/www.oarcanjo.net\/site\/santo-valerio-de-treviri\/#breadcrumb","itemListElement":[{"@type":"ListItem","position":1,"name":"In\u00edcio","item":"https:\/\/www.oarcanjo.net\/site\/"},{"@type":"ListItem","position":2,"name":"Santo Val\u00e9rio de Treviri"}]},{"@type":"WebSite","@id":"https:\/\/www.oarcanjo.net\/site\/#website","url":"https:\/\/www.oarcanjo.net\/site\/","name":"O Arcanjo no ar","description":"Site da Par\u00f3quia S\u00e3o Miguel Arcanjo (Arquidiocese de SP)","publisher":{"@id":"https:\/\/www.oarcanjo.net\/site\/#organization"},"potentialAction":[{"@type":"SearchAction","target":{"@type":"EntryPoint","urlTemplate":"https:\/\/www.oarcanjo.net\/site\/?s={search_term_string}"},"query-input":{"@type":"PropertyValueSpecification","valueRequired":true,"valueName":"search_term_string"}}],"inLanguage":"pt-BR"},{"@type":"Organization","@id":"https:\/\/www.oarcanjo.net\/site\/#organization","name":"Par\u00f3quia S\u00e3o Miguel Arcanjo","url":"https:\/\/www.oarcanjo.net\/site\/","logo":{"@type":"ImageObject","inLanguage":"pt-BR","@id":"https:\/\/www.oarcanjo.net\/site\/#\/schema\/logo\/image\/","url":"https:\/\/www.oarcanjo.net\/site\/wp-content\/uploads\/LogoOArcanjo.png","contentUrl":"https:\/\/www.oarcanjo.net\/site\/wp-content\/uploads\/LogoOArcanjo.png","width":319,"height":99,"caption":"Par\u00f3quia S\u00e3o Miguel Arcanjo"},"image":{"@id":"https:\/\/www.oarcanjo.net\/site\/#\/schema\/logo\/image\/"},"sameAs":["https:\/\/www.facebook.com\/OArcanjoNoAr\/"]},{"@type":"Person","@id":"https:\/\/www.oarcanjo.net\/site\/#\/schema\/person\/5eb9480bedd2f3c97e430ce128c29c6c","name":"danilo"}]}},"publishpress_future_action":{"enabled":false,"date":"2026-05-08 23:56:07","action":"category","newStatus":"draft","terms":[],"taxonomy":"category"},"publishpress_future_workflow_manual_trigger":{"enabledWorkflows":[]},"_links":{"self":[{"href":"https:\/\/www.oarcanjo.net\/site\/wp-json\/wp\/v2\/posts\/7498"}],"collection":[{"href":"https:\/\/www.oarcanjo.net\/site\/wp-json\/wp\/v2\/posts"}],"about":[{"href":"https:\/\/www.oarcanjo.net\/site\/wp-json\/wp\/v2\/types\/post"}],"author":[{"embeddable":true,"href":"https:\/\/www.oarcanjo.net\/site\/wp-json\/wp\/v2\/users\/14"}],"replies":[{"embeddable":true,"href":"https:\/\/www.oarcanjo.net\/site\/wp-json\/wp\/v2\/comments?post=7498"}],"version-history":[{"count":0,"href":"https:\/\/www.oarcanjo.net\/site\/wp-json\/wp\/v2\/posts\/7498\/revisions"}],"wp:attachment":[{"href":"https:\/\/www.oarcanjo.net\/site\/wp-json\/wp\/v2\/media?parent=7498"}],"wp:term":[{"taxonomy":"category","embeddable":true,"href":"https:\/\/www.oarcanjo.net\/site\/wp-json\/wp\/v2\/categories?post=7498"},{"taxonomy":"post_tag","embeddable":true,"href":"https:\/\/www.oarcanjo.net\/site\/wp-json\/wp\/v2\/tags?post=7498"}],"curies":[{"name":"wp","href":"https:\/\/api.w.org\/{rel}","templated":true}]}}