
{"id":7505,"date":"2017-01-30T00:57:01","date_gmt":"2017-01-30T02:57:01","guid":{"rendered":"http:\/\/www.oarcanjo.net\/site\/?p=7505"},"modified":"2016-12-27T06:23:21","modified_gmt":"2016-12-27T08:23:21","slug":"santa-jacinta-de-marescotti","status":"publish","type":"post","link":"https:\/\/www.oarcanjo.net\/site\/santa-jacinta-de-marescotti\/","title":{"rendered":"Santa Jacinta de Marescotti"},"content":{"rendered":"<p><img decoding=\"async\" src=\"http:\/\/www.tudook.com\/portalcatolico\/images\/santa_jacinta_mariscotti_1.jpg\" alt=\"\" \/><\/p>\n<p>30 de Janeiro<\/p>\n<p>Muito interessante foi a vida de Jacinta Marescotti, pois foi uma santa que se converteu no convento. Nasceu perto de Roma, em 1585, numa nobre e religiosa fam\u00edlia e, seu nome era Clarice.<\/p>\n<p>Quando menina, Clarice, a pedido dos pais, ficou um tempo com religiosas franciscanas; a inten\u00e7\u00e3o deles, sem d\u00favida, era a forma\u00e7\u00e3o religiosa para a filha. J\u00e1 vivia neste convento uma irm\u00e3 de sangue. Por\u00e9m a jovem formosa, instru\u00edda, estava muito presa \u00e0s vaidades do mundo e ao desejo de contrair o matrim\u00f4nio, por isso, n\u00e3o s\u00f3 saiu do convento, como passou a freq\u00fcentar todas as festas e encontros da alta sociedade.<\/p>\n<p>Diante da filha que fugia da vigil\u00e2ncia e se entregava \u00e0s distra\u00e7\u00f5es, os pais passaram a se preocupar com a salva\u00e7\u00e3o de sua alma, enquanto Deus, com olhar de miseric\u00f3rdia, se ocupava de salv\u00e1-la. Quando sua irm\u00e3 mais nova casou-se, Clarice se entregou \u00e0 inveja e \u00e0 frustra\u00e7\u00e3o, at\u00e9 que resolveu ceder ao apelo dos pais quanto \u00e0 vida religiosa. No convento a mocinha rica trocou o nome para Jacinta; mas n\u00e3o trocara ainda as vaidades, tanto que seu h\u00e1bito era de seda e seu quarto decorado como de maneira luxuosa e nobre, causando assim um esc\u00e2ndalo dentro e fora do convento. A vida espiritual de Jacinta era fria, suas pr\u00e1ticas sem vida e amor. At\u00e9 que em um momento de dor, Deus conseguiu resgat\u00e1-la, pois ela se abriu.<\/p>\n<p>Aconteceu que seu rico pai acabou sendo assassinado, assim ca\u00edram por terra as seguran\u00e7as terrenas; mais tarde uma doen\u00e7a levou Jacinta, n\u00e3o s\u00f3 \u00e0s portas da morte, mas \u00e0 consci\u00eancia de sua falta de correspond\u00eancia ao Amor de Deus. Pediu um Padre para a confiss\u00e3o, o qual s\u00f3 entrou em seu quarto depois que ela mandou colocar para fora todo o luxo.<\/p>\n<p>Reconciliada com o Senhor, com trinta anos decidiu-se radicalmente pela santidade, ou seja, pagar da mesma forma o exagerado amor de Deus por ela. No concreto, Jacinta mudou o h\u00e1bito de seda por uma simples roupa, pediu perd\u00e3o em p\u00fablico e entregou-se de tal forma \u00e0 santifica\u00e7\u00e3o atrav\u00e9s do Esp\u00edrito Santo, que pela vida de ora\u00e7\u00e3o, pobreza e penit\u00eancia chegou a ser exemplar e, a servir como mestra das novi\u00e7as. Mais tarde veio a ser a madre superiora do convento, at\u00e9 que entrou no c\u00e9u com cinq\u00fcenta e cinco anos.<\/p>\n<div id=\"themify_builder_content-7505\" data-postid=\"7505\" class=\"themify_builder_content themify_builder_content-7505 themify_builder themify_builder_front\">\n\t<\/div>\n<!-- \/themify_builder_content -->","protected":false},"excerpt":{"rendered":"<p>30 de Janeiro Muito interessante foi a vida de Jacinta Marescotti, pois foi uma santa que se converteu no convento. Nasceu perto de Roma, em 1585, numa nobre e religiosa fam\u00edlia e, seu nome era Clarice. Quando menina, Clarice, a pedido dos pais, ficou um tempo com religiosas franciscanas; a inten\u00e7\u00e3o deles, sem d\u00favida, era [&hellip;]<\/p>\n","protected":false},"author":14,"featured_media":0,"comment_status":"open","ping_status":"open","sticky":false,"template":"","format":"standard","meta":{"ngg_post_thumbnail":0,"footnotes":""},"categories":[186],"tags":[],"yoast_head":"<!-- This site is optimized with the Yoast SEO plugin v23.5 - https:\/\/yoast.com\/wordpress\/plugins\/seo\/ -->\n<title>Santa Jacinta de Marescotti - O Arcanjo no ar<\/title>\n<meta name=\"robots\" content=\"index, follow, max-snippet:-1, max-image-preview:large, max-video-preview:-1\" \/>\n<link rel=\"canonical\" href=\"https:\/\/www.oarcanjo.net\/site\/santa-jacinta-de-marescotti\/\" \/>\n<meta property=\"og:locale\" content=\"pt_BR\" \/>\n<meta property=\"og:type\" content=\"article\" \/>\n<meta property=\"og:title\" content=\"Santa Jacinta de Marescotti - O Arcanjo no ar\" \/>\n<meta property=\"og:description\" content=\"30 de Janeiro Muito interessante foi a vida de Jacinta Marescotti, pois foi uma santa que se converteu no convento. Nasceu perto de Roma, em 1585, numa nobre e religiosa fam\u00edlia e, seu nome era Clarice. Quando menina, Clarice, a pedido dos pais, ficou um tempo com religiosas franciscanas; a inten\u00e7\u00e3o deles, sem d\u00favida, era [&hellip;]\" \/>\n<meta property=\"og:url\" content=\"https:\/\/www.oarcanjo.net\/site\/santa-jacinta-de-marescotti\/\" \/>\n<meta property=\"og:site_name\" content=\"O Arcanjo no ar\" \/>\n<meta property=\"article:publisher\" content=\"https:\/\/www.facebook.com\/OArcanjoNoAr\/\" \/>\n<meta property=\"article:published_time\" content=\"2017-01-30T02:57:01+00:00\" \/>\n<meta property=\"article:modified_time\" content=\"2016-12-27T08:23:21+00:00\" \/>\n<meta property=\"og:image\" content=\"http:\/\/www.tudook.com\/portalcatolico\/images\/santa_jacinta_mariscotti_1.jpg\" \/>\n<meta name=\"author\" content=\"danilo\" \/>\n<meta name=\"twitter:card\" content=\"summary_large_image\" \/>\n<meta name=\"twitter:label1\" content=\"Escrito por\" \/>\n\t<meta name=\"twitter:data1\" content=\"danilo\" \/>\n\t<meta name=\"twitter:label2\" content=\"Est. tempo de leitura\" \/>\n\t<meta name=\"twitter:data2\" content=\"2 minutos\" \/>\n<script type=\"application\/ld+json\" class=\"yoast-schema-graph\">{\"@context\":\"https:\/\/schema.org\",\"@graph\":[{\"@type\":\"Article\",\"@id\":\"https:\/\/www.oarcanjo.net\/site\/santa-jacinta-de-marescotti\/#article\",\"isPartOf\":{\"@id\":\"https:\/\/www.oarcanjo.net\/site\/santa-jacinta-de-marescotti\/\"},\"author\":{\"name\":\"danilo\",\"@id\":\"https:\/\/www.oarcanjo.net\/site\/#\/schema\/person\/5eb9480bedd2f3c97e430ce128c29c6c\"},\"headline\":\"Santa Jacinta de Marescotti\",\"datePublished\":\"2017-01-30T02:57:01+00:00\",\"dateModified\":\"2016-12-27T08:23:21+00:00\",\"mainEntityOfPage\":{\"@id\":\"https:\/\/www.oarcanjo.net\/site\/santa-jacinta-de-marescotti\/\"},\"wordCount\":423,\"commentCount\":0,\"publisher\":{\"@id\":\"https:\/\/www.oarcanjo.net\/site\/#organization\"},\"image\":{\"@id\":\"https:\/\/www.oarcanjo.net\/site\/santa-jacinta-de-marescotti\/#primaryimage\"},\"thumbnailUrl\":\"http:\/\/www.tudook.com\/portalcatolico\/images\/santa_jacinta_mariscotti_1.jpg\",\"articleSection\":[\"Testemunhos\"],\"inLanguage\":\"pt-BR\",\"potentialAction\":[{\"@type\":\"CommentAction\",\"name\":\"Comment\",\"target\":[\"https:\/\/www.oarcanjo.net\/site\/santa-jacinta-de-marescotti\/#respond\"]}]},{\"@type\":\"WebPage\",\"@id\":\"https:\/\/www.oarcanjo.net\/site\/santa-jacinta-de-marescotti\/\",\"url\":\"https:\/\/www.oarcanjo.net\/site\/santa-jacinta-de-marescotti\/\",\"name\":\"Santa Jacinta de Marescotti - O Arcanjo no ar\",\"isPartOf\":{\"@id\":\"https:\/\/www.oarcanjo.net\/site\/#website\"},\"primaryImageOfPage\":{\"@id\":\"https:\/\/www.oarcanjo.net\/site\/santa-jacinta-de-marescotti\/#primaryimage\"},\"image\":{\"@id\":\"https:\/\/www.oarcanjo.net\/site\/santa-jacinta-de-marescotti\/#primaryimage\"},\"thumbnailUrl\":\"http:\/\/www.tudook.com\/portalcatolico\/images\/santa_jacinta_mariscotti_1.jpg\",\"datePublished\":\"2017-01-30T02:57:01+00:00\",\"dateModified\":\"2016-12-27T08:23:21+00:00\",\"breadcrumb\":{\"@id\":\"https:\/\/www.oarcanjo.net\/site\/santa-jacinta-de-marescotti\/#breadcrumb\"},\"inLanguage\":\"pt-BR\",\"potentialAction\":[{\"@type\":\"ReadAction\",\"target\":[\"https:\/\/www.oarcanjo.net\/site\/santa-jacinta-de-marescotti\/\"]}]},{\"@type\":\"ImageObject\",\"inLanguage\":\"pt-BR\",\"@id\":\"https:\/\/www.oarcanjo.net\/site\/santa-jacinta-de-marescotti\/#primaryimage\",\"url\":\"http:\/\/www.tudook.com\/portalcatolico\/images\/santa_jacinta_mariscotti_1.jpg\",\"contentUrl\":\"http:\/\/www.tudook.com\/portalcatolico\/images\/santa_jacinta_mariscotti_1.jpg\"},{\"@type\":\"BreadcrumbList\",\"@id\":\"https:\/\/www.oarcanjo.net\/site\/santa-jacinta-de-marescotti\/#breadcrumb\",\"itemListElement\":[{\"@type\":\"ListItem\",\"position\":1,\"name\":\"In\u00edcio\",\"item\":\"https:\/\/www.oarcanjo.net\/site\/\"},{\"@type\":\"ListItem\",\"position\":2,\"name\":\"Santa Jacinta de Marescotti\"}]},{\"@type\":\"WebSite\",\"@id\":\"https:\/\/www.oarcanjo.net\/site\/#website\",\"url\":\"https:\/\/www.oarcanjo.net\/site\/\",\"name\":\"O Arcanjo no ar\",\"description\":\"Site da Par\u00f3quia S\u00e3o Miguel Arcanjo (Arquidiocese de SP)\",\"publisher\":{\"@id\":\"https:\/\/www.oarcanjo.net\/site\/#organization\"},\"potentialAction\":[{\"@type\":\"SearchAction\",\"target\":{\"@type\":\"EntryPoint\",\"urlTemplate\":\"https:\/\/www.oarcanjo.net\/site\/?s={search_term_string}\"},\"query-input\":{\"@type\":\"PropertyValueSpecification\",\"valueRequired\":true,\"valueName\":\"search_term_string\"}}],\"inLanguage\":\"pt-BR\"},{\"@type\":\"Organization\",\"@id\":\"https:\/\/www.oarcanjo.net\/site\/#organization\",\"name\":\"Par\u00f3quia S\u00e3o Miguel Arcanjo\",\"url\":\"https:\/\/www.oarcanjo.net\/site\/\",\"logo\":{\"@type\":\"ImageObject\",\"inLanguage\":\"pt-BR\",\"@id\":\"https:\/\/www.oarcanjo.net\/site\/#\/schema\/logo\/image\/\",\"url\":\"https:\/\/www.oarcanjo.net\/site\/wp-content\/uploads\/LogoOArcanjo.png\",\"contentUrl\":\"https:\/\/www.oarcanjo.net\/site\/wp-content\/uploads\/LogoOArcanjo.png\",\"width\":319,\"height\":99,\"caption\":\"Par\u00f3quia S\u00e3o Miguel Arcanjo\"},\"image\":{\"@id\":\"https:\/\/www.oarcanjo.net\/site\/#\/schema\/logo\/image\/\"},\"sameAs\":[\"https:\/\/www.facebook.com\/OArcanjoNoAr\/\"]},{\"@type\":\"Person\",\"@id\":\"https:\/\/www.oarcanjo.net\/site\/#\/schema\/person\/5eb9480bedd2f3c97e430ce128c29c6c\",\"name\":\"danilo\"}]}<\/script>\n<!-- \/ Yoast SEO plugin. -->","yoast_head_json":{"title":"Santa Jacinta de Marescotti - O Arcanjo no ar","robots":{"index":"index","follow":"follow","max-snippet":"max-snippet:-1","max-image-preview":"max-image-preview:large","max-video-preview":"max-video-preview:-1"},"canonical":"https:\/\/www.oarcanjo.net\/site\/santa-jacinta-de-marescotti\/","og_locale":"pt_BR","og_type":"article","og_title":"Santa Jacinta de Marescotti - O Arcanjo no ar","og_description":"30 de Janeiro Muito interessante foi a vida de Jacinta Marescotti, pois foi uma santa que se converteu no convento. Nasceu perto de Roma, em 1585, numa nobre e religiosa fam\u00edlia e, seu nome era Clarice. Quando menina, Clarice, a pedido dos pais, ficou um tempo com religiosas franciscanas; a inten\u00e7\u00e3o deles, sem d\u00favida, era [&hellip;]","og_url":"https:\/\/www.oarcanjo.net\/site\/santa-jacinta-de-marescotti\/","og_site_name":"O Arcanjo no ar","article_publisher":"https:\/\/www.facebook.com\/OArcanjoNoAr\/","article_published_time":"2017-01-30T02:57:01+00:00","article_modified_time":"2016-12-27T08:23:21+00:00","og_image":[{"url":"http:\/\/www.tudook.com\/portalcatolico\/images\/santa_jacinta_mariscotti_1.jpg"}],"author":"danilo","twitter_card":"summary_large_image","twitter_misc":{"Escrito por":"danilo","Est. tempo de leitura":"2 minutos"},"schema":{"@context":"https:\/\/schema.org","@graph":[{"@type":"Article","@id":"https:\/\/www.oarcanjo.net\/site\/santa-jacinta-de-marescotti\/#article","isPartOf":{"@id":"https:\/\/www.oarcanjo.net\/site\/santa-jacinta-de-marescotti\/"},"author":{"name":"danilo","@id":"https:\/\/www.oarcanjo.net\/site\/#\/schema\/person\/5eb9480bedd2f3c97e430ce128c29c6c"},"headline":"Santa Jacinta de Marescotti","datePublished":"2017-01-30T02:57:01+00:00","dateModified":"2016-12-27T08:23:21+00:00","mainEntityOfPage":{"@id":"https:\/\/www.oarcanjo.net\/site\/santa-jacinta-de-marescotti\/"},"wordCount":423,"commentCount":0,"publisher":{"@id":"https:\/\/www.oarcanjo.net\/site\/#organization"},"image":{"@id":"https:\/\/www.oarcanjo.net\/site\/santa-jacinta-de-marescotti\/#primaryimage"},"thumbnailUrl":"http:\/\/www.tudook.com\/portalcatolico\/images\/santa_jacinta_mariscotti_1.jpg","articleSection":["Testemunhos"],"inLanguage":"pt-BR","potentialAction":[{"@type":"CommentAction","name":"Comment","target":["https:\/\/www.oarcanjo.net\/site\/santa-jacinta-de-marescotti\/#respond"]}]},{"@type":"WebPage","@id":"https:\/\/www.oarcanjo.net\/site\/santa-jacinta-de-marescotti\/","url":"https:\/\/www.oarcanjo.net\/site\/santa-jacinta-de-marescotti\/","name":"Santa Jacinta de Marescotti - O Arcanjo no ar","isPartOf":{"@id":"https:\/\/www.oarcanjo.net\/site\/#website"},"primaryImageOfPage":{"@id":"https:\/\/www.oarcanjo.net\/site\/santa-jacinta-de-marescotti\/#primaryimage"},"image":{"@id":"https:\/\/www.oarcanjo.net\/site\/santa-jacinta-de-marescotti\/#primaryimage"},"thumbnailUrl":"http:\/\/www.tudook.com\/portalcatolico\/images\/santa_jacinta_mariscotti_1.jpg","datePublished":"2017-01-30T02:57:01+00:00","dateModified":"2016-12-27T08:23:21+00:00","breadcrumb":{"@id":"https:\/\/www.oarcanjo.net\/site\/santa-jacinta-de-marescotti\/#breadcrumb"},"inLanguage":"pt-BR","potentialAction":[{"@type":"ReadAction","target":["https:\/\/www.oarcanjo.net\/site\/santa-jacinta-de-marescotti\/"]}]},{"@type":"ImageObject","inLanguage":"pt-BR","@id":"https:\/\/www.oarcanjo.net\/site\/santa-jacinta-de-marescotti\/#primaryimage","url":"http:\/\/www.tudook.com\/portalcatolico\/images\/santa_jacinta_mariscotti_1.jpg","contentUrl":"http:\/\/www.tudook.com\/portalcatolico\/images\/santa_jacinta_mariscotti_1.jpg"},{"@type":"BreadcrumbList","@id":"https:\/\/www.oarcanjo.net\/site\/santa-jacinta-de-marescotti\/#breadcrumb","itemListElement":[{"@type":"ListItem","position":1,"name":"In\u00edcio","item":"https:\/\/www.oarcanjo.net\/site\/"},{"@type":"ListItem","position":2,"name":"Santa Jacinta de Marescotti"}]},{"@type":"WebSite","@id":"https:\/\/www.oarcanjo.net\/site\/#website","url":"https:\/\/www.oarcanjo.net\/site\/","name":"O Arcanjo no ar","description":"Site da Par\u00f3quia S\u00e3o Miguel Arcanjo (Arquidiocese de SP)","publisher":{"@id":"https:\/\/www.oarcanjo.net\/site\/#organization"},"potentialAction":[{"@type":"SearchAction","target":{"@type":"EntryPoint","urlTemplate":"https:\/\/www.oarcanjo.net\/site\/?s={search_term_string}"},"query-input":{"@type":"PropertyValueSpecification","valueRequired":true,"valueName":"search_term_string"}}],"inLanguage":"pt-BR"},{"@type":"Organization","@id":"https:\/\/www.oarcanjo.net\/site\/#organization","name":"Par\u00f3quia S\u00e3o Miguel Arcanjo","url":"https:\/\/www.oarcanjo.net\/site\/","logo":{"@type":"ImageObject","inLanguage":"pt-BR","@id":"https:\/\/www.oarcanjo.net\/site\/#\/schema\/logo\/image\/","url":"https:\/\/www.oarcanjo.net\/site\/wp-content\/uploads\/LogoOArcanjo.png","contentUrl":"https:\/\/www.oarcanjo.net\/site\/wp-content\/uploads\/LogoOArcanjo.png","width":319,"height":99,"caption":"Par\u00f3quia S\u00e3o Miguel Arcanjo"},"image":{"@id":"https:\/\/www.oarcanjo.net\/site\/#\/schema\/logo\/image\/"},"sameAs":["https:\/\/www.facebook.com\/OArcanjoNoAr\/"]},{"@type":"Person","@id":"https:\/\/www.oarcanjo.net\/site\/#\/schema\/person\/5eb9480bedd2f3c97e430ce128c29c6c","name":"danilo"}]}},"publishpress_future_action":{"enabled":false,"date":"2026-05-09 02:37:48","action":"category","newStatus":"draft","terms":[],"taxonomy":"category"},"publishpress_future_workflow_manual_trigger":{"enabledWorkflows":[]},"_links":{"self":[{"href":"https:\/\/www.oarcanjo.net\/site\/wp-json\/wp\/v2\/posts\/7505"}],"collection":[{"href":"https:\/\/www.oarcanjo.net\/site\/wp-json\/wp\/v2\/posts"}],"about":[{"href":"https:\/\/www.oarcanjo.net\/site\/wp-json\/wp\/v2\/types\/post"}],"author":[{"embeddable":true,"href":"https:\/\/www.oarcanjo.net\/site\/wp-json\/wp\/v2\/users\/14"}],"replies":[{"embeddable":true,"href":"https:\/\/www.oarcanjo.net\/site\/wp-json\/wp\/v2\/comments?post=7505"}],"version-history":[{"count":0,"href":"https:\/\/www.oarcanjo.net\/site\/wp-json\/wp\/v2\/posts\/7505\/revisions"}],"wp:attachment":[{"href":"https:\/\/www.oarcanjo.net\/site\/wp-json\/wp\/v2\/media?parent=7505"}],"wp:term":[{"taxonomy":"category","embeddable":true,"href":"https:\/\/www.oarcanjo.net\/site\/wp-json\/wp\/v2\/categories?post=7505"},{"taxonomy":"post_tag","embeddable":true,"href":"https:\/\/www.oarcanjo.net\/site\/wp-json\/wp\/v2\/tags?post=7505"}],"curies":[{"name":"wp","href":"https:\/\/api.w.org\/{rel}","templated":true}]}}