
{"id":7507,"date":"2017-01-31T00:01:50","date_gmt":"2017-01-31T02:01:50","guid":{"rendered":"http:\/\/www.oarcanjo.net\/site\/?p=7507"},"modified":"2016-12-27T06:10:20","modified_gmt":"2016-12-27T08:10:20","slug":"sao-francisco-saveiro-maria-bianchi","status":"publish","type":"post","link":"https:\/\/www.oarcanjo.net\/site\/sao-francisco-saveiro-maria-bianchi\/","title":{"rendered":"S\u00e3o Francisco Saveiro Maria Bianchi"},"content":{"rendered":"<p><img decoding=\"async\" src=\"http:\/\/www.paulinas.org.br\/diafeliz\/images\/santo\/FranciscoSaveiroMariaBianchi.gif\" alt=\"\" \/><\/p>\n<p>31 de Janeiro<\/p>\n<p>Francisco Saverio Maria Bianchi nasceu no dia 2 de dezembro de 1743, na cidade de Arpino, Fran\u00e7a, e viveu quase toda a sua vida em N\u00e1poles, It\u00e1lia. Era filho de Carlo Bianchi e Faustina Morelli, sua fam\u00edlia era muito crist\u00e3 e caridosa. Francisco viveu sua inf\u00e2ncia num ambiente familiar, de doa\u00e7\u00e3o ao pr\u00f3ximo e que o influenciou durante toda sua exist\u00eancia religiosa.<\/p>\n<p>Aos doze anos entrou para o &#8220;Col\u00e9gio dos Santos Carlos e Felipe&#8221; da ordem dos Barnabistas e em 1762, para o semin\u00e1rio onde jurou fidelidade a Cristo e fez seus votos perp\u00e9tuos de pobreza, castidade e obedi\u00eancia. Completou os estudos de direito, ci\u00eancia, filosofia e teologia em N\u00e1poles e Roma. Foi ordenado sacerdote aos 25 de janeiro de 1767. Tendo em vista sua alta cultura, seus Superiores o enviam de volta para lecionar no Col\u00e9gio de Belas Artes e Letras de Arpino e, dois anos depois, ao Col\u00e9gio S\u00e3o Carlos em N\u00e1poles, para ensinar filosofia e matem\u00e1tica. Em 1778 foi chamado para ensinar na Universidade de N\u00e1poles. No ano seguinte recebe o t\u00edtulo de &#8220;S\u00f3cio Nacional da Real Academia de Ci\u00eancias e Letras&#8221;. A intensa atividade no campo da cultura n\u00e3o o impediu, todavia, de viver plenamente a vida de religioso, desempenhando importantes cargos na Congrega\u00e7\u00e3o e continuando a exercer seu minist\u00e9rio sacerdotal.<\/p>\n<p>Com o transcorrer dos anos padre Bianchi deixou gradativamente de praticar o ensino e viveu mais o sacerd\u00f3cio contemplativo e penitente na mortifica\u00e7\u00e3o dos sentidos. Ao seu redor se formou uma pr\u00f3spera fam\u00edlia espiritual. A fama de sua virtuosidade e santidade cresceu na mesma propor\u00e7\u00e3o em que suportou heroicamente uma doen\u00e7a incur\u00e1vel que o imobilizou numa cadeira por treze anos, os \u00faltimos de sua vida. Mesmo assim n\u00e3o deixou de celebrar a Santa Missa, de acolher e aconselhar a todos os que o procuravam, distribuindo palavras de coragem e conforto. Consumido pela doen\u00e7a morreu em 31 de janeiro de 1815, envolto pela paz e suprema alegria espiritual.<\/p>\n<p>Francisco Bianchi viveu durante o per\u00edodo conturbado e hist\u00f3rico das sucessivas conquistas e batalhas empreendias pelo imperador Napole\u00e3o Bonaparte. Assistiu a destrui\u00e7\u00e3o de todas as bases pol\u00edticas da Europa. Sobretudo, viu o clima anti-religioso ser instalado e que se materializou contra o clero com leis de confisco, inc\u00eandios e expuls\u00f5es de congrega\u00e7\u00f5es inteiras dos dom\u00ednios napole\u00f4nicos. Mas, padre Francisco Bianchi se manteve apaixonadamente sacerdote de Cristo. Lutou contra a mis\u00e9ria, a desnutri\u00e7\u00e3o, as epidemias, as doen\u00e7as e por fim contra a baixa estima dos habitantes t\u00e3o abandonados politicamente.<\/p>\n<p>O seu funeral foi um dos mais comoventes, onde estiveram reunidas personalidades ilustres das \u00e1reas das artes, da ci\u00eancia, da Igreja e a imensa popula\u00e7\u00e3o, para as \u00faltimas homenagens \u00e0quele que chamaram de &#8220;Ap\u00f3stolo de N\u00e1poles&#8221; e &#8220;santo&#8221;. Em 1951, foi canonizado pelo papa Pio XII, em Roma. E as rel\u00edquias mortais de S\u00e3o Francisco Saveiro Maria Bianchi foram sepultadas na capela da Igreja de Santa Maria de Caravaggio em N\u00e1poles, It\u00e1lia. Para sua homenagem e culto foi escolhido o dia 31 de janeiro.<\/p>\n<div id=\"themify_builder_content-7507\" data-postid=\"7507\" class=\"themify_builder_content themify_builder_content-7507 themify_builder themify_builder_front\">\n\t<\/div>\n<!-- \/themify_builder_content -->","protected":false},"excerpt":{"rendered":"<p>31 de Janeiro Francisco Saverio Maria Bianchi nasceu no dia 2 de dezembro de 1743, na cidade de Arpino, Fran\u00e7a, e viveu quase toda a sua vida em N\u00e1poles, It\u00e1lia. Era filho de Carlo Bianchi e Faustina Morelli, sua fam\u00edlia era muito crist\u00e3 e caridosa. Francisco viveu sua inf\u00e2ncia num ambiente familiar, de doa\u00e7\u00e3o ao [&hellip;]<\/p>\n","protected":false},"author":14,"featured_media":0,"comment_status":"open","ping_status":"open","sticky":false,"template":"","format":"standard","meta":{"ngg_post_thumbnail":0,"footnotes":""},"categories":[186],"tags":[1447],"yoast_head":"<!-- This site is optimized with the Yoast SEO plugin v23.5 - https:\/\/yoast.com\/wordpress\/plugins\/seo\/ -->\n<title>S\u00e3o Francisco Saveiro Maria Bianchi - O Arcanjo no ar<\/title>\n<meta name=\"robots\" content=\"index, follow, max-snippet:-1, max-image-preview:large, max-video-preview:-1\" \/>\n<link rel=\"canonical\" href=\"https:\/\/www.oarcanjo.net\/site\/sao-francisco-saveiro-maria-bianchi\/\" \/>\n<meta property=\"og:locale\" content=\"pt_BR\" \/>\n<meta property=\"og:type\" content=\"article\" \/>\n<meta property=\"og:title\" content=\"S\u00e3o Francisco Saveiro Maria Bianchi - O Arcanjo no ar\" \/>\n<meta property=\"og:description\" content=\"31 de Janeiro Francisco Saverio Maria Bianchi nasceu no dia 2 de dezembro de 1743, na cidade de Arpino, Fran\u00e7a, e viveu quase toda a sua vida em N\u00e1poles, It\u00e1lia. Era filho de Carlo Bianchi e Faustina Morelli, sua fam\u00edlia era muito crist\u00e3 e caridosa. Francisco viveu sua inf\u00e2ncia num ambiente familiar, de doa\u00e7\u00e3o ao [&hellip;]\" \/>\n<meta property=\"og:url\" content=\"https:\/\/www.oarcanjo.net\/site\/sao-francisco-saveiro-maria-bianchi\/\" \/>\n<meta property=\"og:site_name\" content=\"O Arcanjo no ar\" \/>\n<meta property=\"article:publisher\" content=\"https:\/\/www.facebook.com\/OArcanjoNoAr\/\" \/>\n<meta property=\"article:published_time\" content=\"2017-01-31T02:01:50+00:00\" \/>\n<meta property=\"article:modified_time\" content=\"2016-12-27T08:10:20+00:00\" \/>\n<meta property=\"og:image\" content=\"http:\/\/www.paulinas.org.br\/diafeliz\/images\/santo\/FranciscoSaveiroMariaBianchi.gif\" \/>\n<meta name=\"author\" content=\"danilo\" \/>\n<meta name=\"twitter:card\" content=\"summary_large_image\" \/>\n<meta name=\"twitter:label1\" content=\"Escrito por\" \/>\n\t<meta name=\"twitter:data1\" content=\"danilo\" \/>\n\t<meta name=\"twitter:label2\" content=\"Est. tempo de leitura\" \/>\n\t<meta name=\"twitter:data2\" content=\"3 minutos\" \/>\n<script type=\"application\/ld+json\" class=\"yoast-schema-graph\">{\"@context\":\"https:\/\/schema.org\",\"@graph\":[{\"@type\":\"Article\",\"@id\":\"https:\/\/www.oarcanjo.net\/site\/sao-francisco-saveiro-maria-bianchi\/#article\",\"isPartOf\":{\"@id\":\"https:\/\/www.oarcanjo.net\/site\/sao-francisco-saveiro-maria-bianchi\/\"},\"author\":{\"name\":\"danilo\",\"@id\":\"https:\/\/www.oarcanjo.net\/site\/#\/schema\/person\/5eb9480bedd2f3c97e430ce128c29c6c\"},\"headline\":\"S\u00e3o Francisco Saveiro Maria Bianchi\",\"datePublished\":\"2017-01-31T02:01:50+00:00\",\"dateModified\":\"2016-12-27T08:10:20+00:00\",\"mainEntityOfPage\":{\"@id\":\"https:\/\/www.oarcanjo.net\/site\/sao-francisco-saveiro-maria-bianchi\/\"},\"wordCount\":549,\"commentCount\":0,\"publisher\":{\"@id\":\"https:\/\/www.oarcanjo.net\/site\/#organization\"},\"image\":{\"@id\":\"https:\/\/www.oarcanjo.net\/site\/sao-francisco-saveiro-maria-bianchi\/#primaryimage\"},\"thumbnailUrl\":\"http:\/\/www.paulinas.org.br\/diafeliz\/images\/santo\/FranciscoSaveiroMariaBianchi.gif\",\"keywords\":[\"S\u00e3o Francisco Saveiro Maria Bianchi\"],\"articleSection\":[\"Testemunhos\"],\"inLanguage\":\"pt-BR\",\"potentialAction\":[{\"@type\":\"CommentAction\",\"name\":\"Comment\",\"target\":[\"https:\/\/www.oarcanjo.net\/site\/sao-francisco-saveiro-maria-bianchi\/#respond\"]}]},{\"@type\":\"WebPage\",\"@id\":\"https:\/\/www.oarcanjo.net\/site\/sao-francisco-saveiro-maria-bianchi\/\",\"url\":\"https:\/\/www.oarcanjo.net\/site\/sao-francisco-saveiro-maria-bianchi\/\",\"name\":\"S\u00e3o Francisco Saveiro Maria Bianchi - O Arcanjo no ar\",\"isPartOf\":{\"@id\":\"https:\/\/www.oarcanjo.net\/site\/#website\"},\"primaryImageOfPage\":{\"@id\":\"https:\/\/www.oarcanjo.net\/site\/sao-francisco-saveiro-maria-bianchi\/#primaryimage\"},\"image\":{\"@id\":\"https:\/\/www.oarcanjo.net\/site\/sao-francisco-saveiro-maria-bianchi\/#primaryimage\"},\"thumbnailUrl\":\"http:\/\/www.paulinas.org.br\/diafeliz\/images\/santo\/FranciscoSaveiroMariaBianchi.gif\",\"datePublished\":\"2017-01-31T02:01:50+00:00\",\"dateModified\":\"2016-12-27T08:10:20+00:00\",\"breadcrumb\":{\"@id\":\"https:\/\/www.oarcanjo.net\/site\/sao-francisco-saveiro-maria-bianchi\/#breadcrumb\"},\"inLanguage\":\"pt-BR\",\"potentialAction\":[{\"@type\":\"ReadAction\",\"target\":[\"https:\/\/www.oarcanjo.net\/site\/sao-francisco-saveiro-maria-bianchi\/\"]}]},{\"@type\":\"ImageObject\",\"inLanguage\":\"pt-BR\",\"@id\":\"https:\/\/www.oarcanjo.net\/site\/sao-francisco-saveiro-maria-bianchi\/#primaryimage\",\"url\":\"http:\/\/www.paulinas.org.br\/diafeliz\/images\/santo\/FranciscoSaveiroMariaBianchi.gif\",\"contentUrl\":\"http:\/\/www.paulinas.org.br\/diafeliz\/images\/santo\/FranciscoSaveiroMariaBianchi.gif\"},{\"@type\":\"BreadcrumbList\",\"@id\":\"https:\/\/www.oarcanjo.net\/site\/sao-francisco-saveiro-maria-bianchi\/#breadcrumb\",\"itemListElement\":[{\"@type\":\"ListItem\",\"position\":1,\"name\":\"In\u00edcio\",\"item\":\"https:\/\/www.oarcanjo.net\/site\/\"},{\"@type\":\"ListItem\",\"position\":2,\"name\":\"S\u00e3o Francisco Saveiro Maria Bianchi\"}]},{\"@type\":\"WebSite\",\"@id\":\"https:\/\/www.oarcanjo.net\/site\/#website\",\"url\":\"https:\/\/www.oarcanjo.net\/site\/\",\"name\":\"O Arcanjo no ar\",\"description\":\"Site da Par\u00f3quia S\u00e3o Miguel Arcanjo (Arquidiocese de SP)\",\"publisher\":{\"@id\":\"https:\/\/www.oarcanjo.net\/site\/#organization\"},\"potentialAction\":[{\"@type\":\"SearchAction\",\"target\":{\"@type\":\"EntryPoint\",\"urlTemplate\":\"https:\/\/www.oarcanjo.net\/site\/?s={search_term_string}\"},\"query-input\":{\"@type\":\"PropertyValueSpecification\",\"valueRequired\":true,\"valueName\":\"search_term_string\"}}],\"inLanguage\":\"pt-BR\"},{\"@type\":\"Organization\",\"@id\":\"https:\/\/www.oarcanjo.net\/site\/#organization\",\"name\":\"Par\u00f3quia S\u00e3o Miguel Arcanjo\",\"url\":\"https:\/\/www.oarcanjo.net\/site\/\",\"logo\":{\"@type\":\"ImageObject\",\"inLanguage\":\"pt-BR\",\"@id\":\"https:\/\/www.oarcanjo.net\/site\/#\/schema\/logo\/image\/\",\"url\":\"https:\/\/www.oarcanjo.net\/site\/wp-content\/uploads\/LogoOArcanjo.png\",\"contentUrl\":\"https:\/\/www.oarcanjo.net\/site\/wp-content\/uploads\/LogoOArcanjo.png\",\"width\":319,\"height\":99,\"caption\":\"Par\u00f3quia S\u00e3o Miguel Arcanjo\"},\"image\":{\"@id\":\"https:\/\/www.oarcanjo.net\/site\/#\/schema\/logo\/image\/\"},\"sameAs\":[\"https:\/\/www.facebook.com\/OArcanjoNoAr\/\"]},{\"@type\":\"Person\",\"@id\":\"https:\/\/www.oarcanjo.net\/site\/#\/schema\/person\/5eb9480bedd2f3c97e430ce128c29c6c\",\"name\":\"danilo\"}]}<\/script>\n<!-- \/ Yoast SEO plugin. -->","yoast_head_json":{"title":"S\u00e3o Francisco Saveiro Maria Bianchi - O Arcanjo no ar","robots":{"index":"index","follow":"follow","max-snippet":"max-snippet:-1","max-image-preview":"max-image-preview:large","max-video-preview":"max-video-preview:-1"},"canonical":"https:\/\/www.oarcanjo.net\/site\/sao-francisco-saveiro-maria-bianchi\/","og_locale":"pt_BR","og_type":"article","og_title":"S\u00e3o Francisco Saveiro Maria Bianchi - O Arcanjo no ar","og_description":"31 de Janeiro Francisco Saverio Maria Bianchi nasceu no dia 2 de dezembro de 1743, na cidade de Arpino, Fran\u00e7a, e viveu quase toda a sua vida em N\u00e1poles, It\u00e1lia. Era filho de Carlo Bianchi e Faustina Morelli, sua fam\u00edlia era muito crist\u00e3 e caridosa. Francisco viveu sua inf\u00e2ncia num ambiente familiar, de doa\u00e7\u00e3o ao [&hellip;]","og_url":"https:\/\/www.oarcanjo.net\/site\/sao-francisco-saveiro-maria-bianchi\/","og_site_name":"O Arcanjo no ar","article_publisher":"https:\/\/www.facebook.com\/OArcanjoNoAr\/","article_published_time":"2017-01-31T02:01:50+00:00","article_modified_time":"2016-12-27T08:10:20+00:00","og_image":[{"url":"http:\/\/www.paulinas.org.br\/diafeliz\/images\/santo\/FranciscoSaveiroMariaBianchi.gif"}],"author":"danilo","twitter_card":"summary_large_image","twitter_misc":{"Escrito por":"danilo","Est. tempo de leitura":"3 minutos"},"schema":{"@context":"https:\/\/schema.org","@graph":[{"@type":"Article","@id":"https:\/\/www.oarcanjo.net\/site\/sao-francisco-saveiro-maria-bianchi\/#article","isPartOf":{"@id":"https:\/\/www.oarcanjo.net\/site\/sao-francisco-saveiro-maria-bianchi\/"},"author":{"name":"danilo","@id":"https:\/\/www.oarcanjo.net\/site\/#\/schema\/person\/5eb9480bedd2f3c97e430ce128c29c6c"},"headline":"S\u00e3o Francisco Saveiro Maria Bianchi","datePublished":"2017-01-31T02:01:50+00:00","dateModified":"2016-12-27T08:10:20+00:00","mainEntityOfPage":{"@id":"https:\/\/www.oarcanjo.net\/site\/sao-francisco-saveiro-maria-bianchi\/"},"wordCount":549,"commentCount":0,"publisher":{"@id":"https:\/\/www.oarcanjo.net\/site\/#organization"},"image":{"@id":"https:\/\/www.oarcanjo.net\/site\/sao-francisco-saveiro-maria-bianchi\/#primaryimage"},"thumbnailUrl":"http:\/\/www.paulinas.org.br\/diafeliz\/images\/santo\/FranciscoSaveiroMariaBianchi.gif","keywords":["S\u00e3o Francisco Saveiro Maria Bianchi"],"articleSection":["Testemunhos"],"inLanguage":"pt-BR","potentialAction":[{"@type":"CommentAction","name":"Comment","target":["https:\/\/www.oarcanjo.net\/site\/sao-francisco-saveiro-maria-bianchi\/#respond"]}]},{"@type":"WebPage","@id":"https:\/\/www.oarcanjo.net\/site\/sao-francisco-saveiro-maria-bianchi\/","url":"https:\/\/www.oarcanjo.net\/site\/sao-francisco-saveiro-maria-bianchi\/","name":"S\u00e3o Francisco Saveiro Maria Bianchi - O Arcanjo no ar","isPartOf":{"@id":"https:\/\/www.oarcanjo.net\/site\/#website"},"primaryImageOfPage":{"@id":"https:\/\/www.oarcanjo.net\/site\/sao-francisco-saveiro-maria-bianchi\/#primaryimage"},"image":{"@id":"https:\/\/www.oarcanjo.net\/site\/sao-francisco-saveiro-maria-bianchi\/#primaryimage"},"thumbnailUrl":"http:\/\/www.paulinas.org.br\/diafeliz\/images\/santo\/FranciscoSaveiroMariaBianchi.gif","datePublished":"2017-01-31T02:01:50+00:00","dateModified":"2016-12-27T08:10:20+00:00","breadcrumb":{"@id":"https:\/\/www.oarcanjo.net\/site\/sao-francisco-saveiro-maria-bianchi\/#breadcrumb"},"inLanguage":"pt-BR","potentialAction":[{"@type":"ReadAction","target":["https:\/\/www.oarcanjo.net\/site\/sao-francisco-saveiro-maria-bianchi\/"]}]},{"@type":"ImageObject","inLanguage":"pt-BR","@id":"https:\/\/www.oarcanjo.net\/site\/sao-francisco-saveiro-maria-bianchi\/#primaryimage","url":"http:\/\/www.paulinas.org.br\/diafeliz\/images\/santo\/FranciscoSaveiroMariaBianchi.gif","contentUrl":"http:\/\/www.paulinas.org.br\/diafeliz\/images\/santo\/FranciscoSaveiroMariaBianchi.gif"},{"@type":"BreadcrumbList","@id":"https:\/\/www.oarcanjo.net\/site\/sao-francisco-saveiro-maria-bianchi\/#breadcrumb","itemListElement":[{"@type":"ListItem","position":1,"name":"In\u00edcio","item":"https:\/\/www.oarcanjo.net\/site\/"},{"@type":"ListItem","position":2,"name":"S\u00e3o Francisco Saveiro Maria Bianchi"}]},{"@type":"WebSite","@id":"https:\/\/www.oarcanjo.net\/site\/#website","url":"https:\/\/www.oarcanjo.net\/site\/","name":"O Arcanjo no ar","description":"Site da Par\u00f3quia S\u00e3o Miguel Arcanjo (Arquidiocese de SP)","publisher":{"@id":"https:\/\/www.oarcanjo.net\/site\/#organization"},"potentialAction":[{"@type":"SearchAction","target":{"@type":"EntryPoint","urlTemplate":"https:\/\/www.oarcanjo.net\/site\/?s={search_term_string}"},"query-input":{"@type":"PropertyValueSpecification","valueRequired":true,"valueName":"search_term_string"}}],"inLanguage":"pt-BR"},{"@type":"Organization","@id":"https:\/\/www.oarcanjo.net\/site\/#organization","name":"Par\u00f3quia S\u00e3o Miguel Arcanjo","url":"https:\/\/www.oarcanjo.net\/site\/","logo":{"@type":"ImageObject","inLanguage":"pt-BR","@id":"https:\/\/www.oarcanjo.net\/site\/#\/schema\/logo\/image\/","url":"https:\/\/www.oarcanjo.net\/site\/wp-content\/uploads\/LogoOArcanjo.png","contentUrl":"https:\/\/www.oarcanjo.net\/site\/wp-content\/uploads\/LogoOArcanjo.png","width":319,"height":99,"caption":"Par\u00f3quia S\u00e3o Miguel Arcanjo"},"image":{"@id":"https:\/\/www.oarcanjo.net\/site\/#\/schema\/logo\/image\/"},"sameAs":["https:\/\/www.facebook.com\/OArcanjoNoAr\/"]},{"@type":"Person","@id":"https:\/\/www.oarcanjo.net\/site\/#\/schema\/person\/5eb9480bedd2f3c97e430ce128c29c6c","name":"danilo"}]}},"publishpress_future_action":{"enabled":false,"date":"2026-05-09 03:59:47","action":"category","newStatus":"draft","terms":[],"taxonomy":"category"},"publishpress_future_workflow_manual_trigger":{"enabledWorkflows":[]},"_links":{"self":[{"href":"https:\/\/www.oarcanjo.net\/site\/wp-json\/wp\/v2\/posts\/7507"}],"collection":[{"href":"https:\/\/www.oarcanjo.net\/site\/wp-json\/wp\/v2\/posts"}],"about":[{"href":"https:\/\/www.oarcanjo.net\/site\/wp-json\/wp\/v2\/types\/post"}],"author":[{"embeddable":true,"href":"https:\/\/www.oarcanjo.net\/site\/wp-json\/wp\/v2\/users\/14"}],"replies":[{"embeddable":true,"href":"https:\/\/www.oarcanjo.net\/site\/wp-json\/wp\/v2\/comments?post=7507"}],"version-history":[{"count":0,"href":"https:\/\/www.oarcanjo.net\/site\/wp-json\/wp\/v2\/posts\/7507\/revisions"}],"wp:attachment":[{"href":"https:\/\/www.oarcanjo.net\/site\/wp-json\/wp\/v2\/media?parent=7507"}],"wp:term":[{"taxonomy":"category","embeddable":true,"href":"https:\/\/www.oarcanjo.net\/site\/wp-json\/wp\/v2\/categories?post=7507"},{"taxonomy":"post_tag","embeddable":true,"href":"https:\/\/www.oarcanjo.net\/site\/wp-json\/wp\/v2\/tags?post=7507"}],"curies":[{"name":"wp","href":"https:\/\/api.w.org\/{rel}","templated":true}]}}