
{"id":7511,"date":"2017-01-31T00:40:45","date_gmt":"2017-01-31T02:40:45","guid":{"rendered":"http:\/\/www.oarcanjo.net\/site\/?p=7511"},"modified":"2016-12-27T06:10:31","modified_gmt":"2016-12-27T08:10:31","slug":"sao-pedro-nolasco","status":"publish","type":"post","link":"https:\/\/www.oarcanjo.net\/site\/sao-pedro-nolasco\/","title":{"rendered":"S\u00e3o Pedro Nolasco"},"content":{"rendered":"<p><img loading=\"lazy\" decoding=\"async\" class=\"alignnone  wp-image-58887\" src=\"http:\/\/www.oarcanjo.net\/site\/wp-content\/uploads\/Sao-Pedro-Nolasco.jpg\" alt=\"S\u00e3o Pedro Nolasco\" width=\"253\" height=\"396\" srcset=\"https:\/\/www.oarcanjo.net\/site\/wp-content\/uploads\/Sao-Pedro-Nolasco.jpg 383w, https:\/\/www.oarcanjo.net\/site\/wp-content\/uploads\/Sao-Pedro-Nolasco-192x300.jpg 192w\" sizes=\"(max-width: 253px) 100vw, 253px\" \/><\/p>\n<p>31 de Janeiro<\/p>\n<p>Fundou a Ordem de Nossa Senhora das Merc\u00eas e Reden\u00e7\u00e3o dos cativos &#8220;Padres Merced\u00e1rios&#8221;<\/p>\n<p><span style=\"font-size: x-small;font-family: Verdana\">Pedro Nolasco viveu de 1189-1256. Com S\u00e3o Raymond de Pe\u00f1afort ele fundou a Ordem dos Mercedarianos, uma comunidade religiosa que enviava resgate para os crist\u00e3os prisioneiros nas m\u00e3os dos sarracenos e mouros. Detalhes de sua vida s\u00e3o incertos mas ele provavelmente \u00e9 natural de Languedoc, Fran\u00e7a .Ap\u00f3s tomar parte nas cruzadas contra os hereges Albigensianos no sul da Fran\u00e7a, ele tornou-se o tutor do Rei James I de Aragon (1213-1276) e radicou-se em Barcelona. Diz a tradi\u00e7\u00e3o que em\u00a0 resposta a uma vis\u00e3o (tamb\u00e9m experimentada por S\u00e3o Raymond de Pe\u00f1hafort e pelo Rei James) Pedro decidiu fundar uma congrega\u00e7\u00e3o religiosa dedicada a resgatar escravos crist\u00e3os dos mouros. A vis\u00e3o foi\u00a0 de Nossa Senhora das Merc\u00eas que disse-lhe: &#8211; &#8220;Deus quer que estabele\u00e7a uma Congrega\u00e7\u00e3o Religiosa para o resgate dos cativos&#8221;.Pedro n\u00e3o era um homem cr\u00e9dulo e por isso consultou o seu confessor, S\u00e3o Raimundo de Penaforte, um dos mais not\u00e1veis te\u00f3logos de sua \u00e9poca. Qual n\u00e3o foi a surpresa de Pedro Nolasco ao saber que o Santo Doutor tivera o mesmo sonho e recebera ordem de animar os seus des\u00edgnios. Foram os dois pedir o apoio de D. Jaime I de Arag\u00e3o e ficaram assombrados quando o piedoso monarca lhes anunciou que tivera o mesmo sonho e recebera a mesma ordem.<\/span><span style=\"font-size: x-small;font-family: Verdana\">Tornou-se amigo de S\u00e3o Raymond de Pe\u00f1hafort e em 1218 com o apoio de James I ,eles fundaram a Ordem dos Mercedarianos (em homenagem a Nossa Senhora das Merc\u00eas). passaram a enviar membros para tentar resgatar presos crist\u00e3os. Com a aprova\u00e7\u00e3o da Ordem pelo bispo Benrengarius de Barcelona e mais tarde pelo Papa Greg\u00f3rio IX em 1235 passaram a enviar membros para tentar resgatar presos crist\u00e3os e a angariar j\u00f3ias, ouro e moedas para trocarem pelos presos e devotos para trocarem pelos escravos.<\/span><\/p>\n<p>Alem dos tr\u00eas votos necess\u00e1rios a um religioso os &#8220;mercedarianos&#8221; tinham ainda o quarto voto que era o de se trocar por um outro escravo preso, se fosse o caso. A n\u00e3o ser isto, as regras eram as mesmas da Ordem de Santo Agostinho. Pedro ficou preso por uns tempos na Arg\u00e9lia para servir como cativo no lugar de outro crist\u00e3o e \u00e9 not\u00f3rio que durante a sua jornada para Granada e Val\u00eancia ele conseguiu libertar das pris\u00f5es mouras cerca de 400 crist\u00e3os cativos. Aposentado-se em 1249 devido a sua sa\u00fade ele foi substitu\u00eddo como Prior da Ordem por William de Bars. Ele foi canonizado em 1628 pelo Papa Urbano VIII. Diz ainda a tradi\u00e7\u00e3o que ele teria tido uma vis\u00e3o de S\u00e3o Pedro o ap\u00f3stolo, crucificado de cabe\u00e7a para baixo. <span style=\"font-size: x-small;font-family: Verdana\">Na arte lit\u00fargica S\u00e3o Pedro de Nolasco \u00e9 apresentado como um velho homem com o habito branco de Mercedariano , com as armas de Aragon no peito, segurando um sino com a imagem da Virgem 2) com o rei vendo um grande sino com a imagem da virgem 3) com a virgem dando a ele o escapul\u00e1rio 4) segurando uma corrente com v\u00e1rios escravos 5) com a vis\u00e3o do c\u00e9u dado a ele por um anjo 6) tendo a vis\u00e3o de S\u00e3o Pedro crucificado de cabe\u00e7a para baixo.<br \/>\n<\/span><\/p>\n<p><span style=\"font-size: x-small;font-family: Verdana\"><img decoding=\"async\" src=\"http:\/\/www.cancaonova.com\/portal\/canais\/santodia\/santos\/bycod\/000364.jpg\" alt=\"\" \/>\u00a0\u00a0\u00a0 <img decoding=\"async\" src=\"http:\/\/2.bp.blogspot.com\/_z-c0Sh5Zlrs\/SHV0O_2vASI\/AAAAAAAAAjA\/fDpRl3ef6Cs\/s400\/Santo+Pedro+Nolasco.jpg\" alt=\"\" \/>\u00a0\u00a0\u00a0 <img decoding=\"async\" src=\"http:\/\/www.santosdaigrejacatolica.com\/arquivos\/materias\/6013fb5b0d2041af5727ba8511cee568.jpg\" alt=\"\" \/>\u00a0<img decoding=\"async\" src=\"http:\/\/www.paginaoriente.com\/santosdaigreja\/jan\/pedronolasco.jpg\" alt=\"\" \/><\/span><\/p>\n<p><span style=\"font-size: x-small;font-family: Verdana\"><br \/>\n<\/span><\/p>\n<div id=\"themify_builder_content-7511\" data-postid=\"7511\" class=\"themify_builder_content themify_builder_content-7511 themify_builder themify_builder_front\">\n\t<\/div>\n<!-- \/themify_builder_content -->","protected":false},"excerpt":{"rendered":"<p>31 de Janeiro Fundou a Ordem de Nossa Senhora das Merc\u00eas e Reden\u00e7\u00e3o dos cativos &#8220;Padres Merced\u00e1rios&#8221; Pedro Nolasco viveu de 1189-1256. Com S\u00e3o Raymond de Pe\u00f1afort ele fundou a Ordem dos Mercedarianos, uma comunidade religiosa que enviava resgate para os crist\u00e3os prisioneiros nas m\u00e3os dos sarracenos e mouros. Detalhes de sua vida s\u00e3o incertos [&hellip;]<\/p>\n","protected":false},"author":14,"featured_media":0,"comment_status":"open","ping_status":"open","sticky":false,"template":"","format":"standard","meta":{"ngg_post_thumbnail":0,"footnotes":""},"categories":[186],"tags":[],"yoast_head":"<!-- This site is optimized with the Yoast SEO plugin v23.5 - https:\/\/yoast.com\/wordpress\/plugins\/seo\/ -->\n<title>S\u00e3o Pedro Nolasco - O Arcanjo no ar<\/title>\n<meta name=\"robots\" content=\"index, follow, max-snippet:-1, max-image-preview:large, max-video-preview:-1\" \/>\n<link rel=\"canonical\" href=\"https:\/\/www.oarcanjo.net\/site\/sao-pedro-nolasco\/\" \/>\n<meta property=\"og:locale\" content=\"pt_BR\" \/>\n<meta property=\"og:type\" content=\"article\" \/>\n<meta property=\"og:title\" content=\"S\u00e3o Pedro Nolasco - O Arcanjo no ar\" \/>\n<meta property=\"og:description\" content=\"31 de Janeiro Fundou a Ordem de Nossa Senhora das Merc\u00eas e Reden\u00e7\u00e3o dos cativos &#8220;Padres Merced\u00e1rios&#8221; Pedro Nolasco viveu de 1189-1256. Com S\u00e3o Raymond de Pe\u00f1afort ele fundou a Ordem dos Mercedarianos, uma comunidade religiosa que enviava resgate para os crist\u00e3os prisioneiros nas m\u00e3os dos sarracenos e mouros. Detalhes de sua vida s\u00e3o incertos [&hellip;]\" \/>\n<meta property=\"og:url\" content=\"https:\/\/www.oarcanjo.net\/site\/sao-pedro-nolasco\/\" \/>\n<meta property=\"og:site_name\" content=\"O Arcanjo no ar\" \/>\n<meta property=\"article:publisher\" content=\"https:\/\/www.facebook.com\/OArcanjoNoAr\/\" \/>\n<meta property=\"article:published_time\" content=\"2017-01-31T02:40:45+00:00\" \/>\n<meta property=\"article:modified_time\" content=\"2016-12-27T08:10:31+00:00\" \/>\n<meta property=\"og:image\" content=\"http:\/\/www.oarcanjo.net\/site\/wp-content\/uploads\/Sao-Pedro-Nolasco.jpg\" \/>\n<meta name=\"author\" content=\"danilo\" \/>\n<meta name=\"twitter:card\" content=\"summary_large_image\" \/>\n<meta name=\"twitter:label1\" content=\"Escrito por\" \/>\n\t<meta name=\"twitter:data1\" content=\"danilo\" \/>\n\t<meta name=\"twitter:label2\" content=\"Est. tempo de leitura\" \/>\n\t<meta name=\"twitter:data2\" content=\"3 minutos\" \/>\n<script type=\"application\/ld+json\" class=\"yoast-schema-graph\">{\"@context\":\"https:\/\/schema.org\",\"@graph\":[{\"@type\":\"Article\",\"@id\":\"https:\/\/www.oarcanjo.net\/site\/sao-pedro-nolasco\/#article\",\"isPartOf\":{\"@id\":\"https:\/\/www.oarcanjo.net\/site\/sao-pedro-nolasco\/\"},\"author\":{\"name\":\"danilo\",\"@id\":\"https:\/\/www.oarcanjo.net\/site\/#\/schema\/person\/5eb9480bedd2f3c97e430ce128c29c6c\"},\"headline\":\"S\u00e3o Pedro Nolasco\",\"datePublished\":\"2017-01-31T02:40:45+00:00\",\"dateModified\":\"2016-12-27T08:10:31+00:00\",\"mainEntityOfPage\":{\"@id\":\"https:\/\/www.oarcanjo.net\/site\/sao-pedro-nolasco\/\"},\"wordCount\":583,\"commentCount\":1,\"publisher\":{\"@id\":\"https:\/\/www.oarcanjo.net\/site\/#organization\"},\"image\":{\"@id\":\"https:\/\/www.oarcanjo.net\/site\/sao-pedro-nolasco\/#primaryimage\"},\"thumbnailUrl\":\"http:\/\/www.oarcanjo.net\/site\/wp-content\/uploads\/Sao-Pedro-Nolasco.jpg\",\"articleSection\":[\"Testemunhos\"],\"inLanguage\":\"pt-BR\",\"potentialAction\":[{\"@type\":\"CommentAction\",\"name\":\"Comment\",\"target\":[\"https:\/\/www.oarcanjo.net\/site\/sao-pedro-nolasco\/#respond\"]}]},{\"@type\":\"WebPage\",\"@id\":\"https:\/\/www.oarcanjo.net\/site\/sao-pedro-nolasco\/\",\"url\":\"https:\/\/www.oarcanjo.net\/site\/sao-pedro-nolasco\/\",\"name\":\"S\u00e3o Pedro Nolasco - O Arcanjo no ar\",\"isPartOf\":{\"@id\":\"https:\/\/www.oarcanjo.net\/site\/#website\"},\"primaryImageOfPage\":{\"@id\":\"https:\/\/www.oarcanjo.net\/site\/sao-pedro-nolasco\/#primaryimage\"},\"image\":{\"@id\":\"https:\/\/www.oarcanjo.net\/site\/sao-pedro-nolasco\/#primaryimage\"},\"thumbnailUrl\":\"http:\/\/www.oarcanjo.net\/site\/wp-content\/uploads\/Sao-Pedro-Nolasco.jpg\",\"datePublished\":\"2017-01-31T02:40:45+00:00\",\"dateModified\":\"2016-12-27T08:10:31+00:00\",\"breadcrumb\":{\"@id\":\"https:\/\/www.oarcanjo.net\/site\/sao-pedro-nolasco\/#breadcrumb\"},\"inLanguage\":\"pt-BR\",\"potentialAction\":[{\"@type\":\"ReadAction\",\"target\":[\"https:\/\/www.oarcanjo.net\/site\/sao-pedro-nolasco\/\"]}]},{\"@type\":\"ImageObject\",\"inLanguage\":\"pt-BR\",\"@id\":\"https:\/\/www.oarcanjo.net\/site\/sao-pedro-nolasco\/#primaryimage\",\"url\":\"https:\/\/www.oarcanjo.net\/site\/wp-content\/uploads\/Sao-Pedro-Nolasco.jpg\",\"contentUrl\":\"https:\/\/www.oarcanjo.net\/site\/wp-content\/uploads\/Sao-Pedro-Nolasco.jpg\",\"width\":383,\"height\":599},{\"@type\":\"BreadcrumbList\",\"@id\":\"https:\/\/www.oarcanjo.net\/site\/sao-pedro-nolasco\/#breadcrumb\",\"itemListElement\":[{\"@type\":\"ListItem\",\"position\":1,\"name\":\"In\u00edcio\",\"item\":\"https:\/\/www.oarcanjo.net\/site\/\"},{\"@type\":\"ListItem\",\"position\":2,\"name\":\"S\u00e3o Pedro Nolasco\"}]},{\"@type\":\"WebSite\",\"@id\":\"https:\/\/www.oarcanjo.net\/site\/#website\",\"url\":\"https:\/\/www.oarcanjo.net\/site\/\",\"name\":\"O Arcanjo no ar\",\"description\":\"Site da Par\u00f3quia S\u00e3o Miguel Arcanjo (Arquidiocese de SP)\",\"publisher\":{\"@id\":\"https:\/\/www.oarcanjo.net\/site\/#organization\"},\"potentialAction\":[{\"@type\":\"SearchAction\",\"target\":{\"@type\":\"EntryPoint\",\"urlTemplate\":\"https:\/\/www.oarcanjo.net\/site\/?s={search_term_string}\"},\"query-input\":{\"@type\":\"PropertyValueSpecification\",\"valueRequired\":true,\"valueName\":\"search_term_string\"}}],\"inLanguage\":\"pt-BR\"},{\"@type\":\"Organization\",\"@id\":\"https:\/\/www.oarcanjo.net\/site\/#organization\",\"name\":\"Par\u00f3quia S\u00e3o Miguel Arcanjo\",\"url\":\"https:\/\/www.oarcanjo.net\/site\/\",\"logo\":{\"@type\":\"ImageObject\",\"inLanguage\":\"pt-BR\",\"@id\":\"https:\/\/www.oarcanjo.net\/site\/#\/schema\/logo\/image\/\",\"url\":\"https:\/\/www.oarcanjo.net\/site\/wp-content\/uploads\/LogoOArcanjo.png\",\"contentUrl\":\"https:\/\/www.oarcanjo.net\/site\/wp-content\/uploads\/LogoOArcanjo.png\",\"width\":319,\"height\":99,\"caption\":\"Par\u00f3quia S\u00e3o Miguel Arcanjo\"},\"image\":{\"@id\":\"https:\/\/www.oarcanjo.net\/site\/#\/schema\/logo\/image\/\"},\"sameAs\":[\"https:\/\/www.facebook.com\/OArcanjoNoAr\/\"]},{\"@type\":\"Person\",\"@id\":\"https:\/\/www.oarcanjo.net\/site\/#\/schema\/person\/5eb9480bedd2f3c97e430ce128c29c6c\",\"name\":\"danilo\"}]}<\/script>\n<!-- \/ Yoast SEO plugin. -->","yoast_head_json":{"title":"S\u00e3o Pedro Nolasco - O Arcanjo no ar","robots":{"index":"index","follow":"follow","max-snippet":"max-snippet:-1","max-image-preview":"max-image-preview:large","max-video-preview":"max-video-preview:-1"},"canonical":"https:\/\/www.oarcanjo.net\/site\/sao-pedro-nolasco\/","og_locale":"pt_BR","og_type":"article","og_title":"S\u00e3o Pedro Nolasco - O Arcanjo no ar","og_description":"31 de Janeiro Fundou a Ordem de Nossa Senhora das Merc\u00eas e Reden\u00e7\u00e3o dos cativos &#8220;Padres Merced\u00e1rios&#8221; Pedro Nolasco viveu de 1189-1256. Com S\u00e3o Raymond de Pe\u00f1afort ele fundou a Ordem dos Mercedarianos, uma comunidade religiosa que enviava resgate para os crist\u00e3os prisioneiros nas m\u00e3os dos sarracenos e mouros. Detalhes de sua vida s\u00e3o incertos [&hellip;]","og_url":"https:\/\/www.oarcanjo.net\/site\/sao-pedro-nolasco\/","og_site_name":"O Arcanjo no ar","article_publisher":"https:\/\/www.facebook.com\/OArcanjoNoAr\/","article_published_time":"2017-01-31T02:40:45+00:00","article_modified_time":"2016-12-27T08:10:31+00:00","og_image":[{"url":"http:\/\/www.oarcanjo.net\/site\/wp-content\/uploads\/Sao-Pedro-Nolasco.jpg"}],"author":"danilo","twitter_card":"summary_large_image","twitter_misc":{"Escrito por":"danilo","Est. tempo de leitura":"3 minutos"},"schema":{"@context":"https:\/\/schema.org","@graph":[{"@type":"Article","@id":"https:\/\/www.oarcanjo.net\/site\/sao-pedro-nolasco\/#article","isPartOf":{"@id":"https:\/\/www.oarcanjo.net\/site\/sao-pedro-nolasco\/"},"author":{"name":"danilo","@id":"https:\/\/www.oarcanjo.net\/site\/#\/schema\/person\/5eb9480bedd2f3c97e430ce128c29c6c"},"headline":"S\u00e3o Pedro Nolasco","datePublished":"2017-01-31T02:40:45+00:00","dateModified":"2016-12-27T08:10:31+00:00","mainEntityOfPage":{"@id":"https:\/\/www.oarcanjo.net\/site\/sao-pedro-nolasco\/"},"wordCount":583,"commentCount":1,"publisher":{"@id":"https:\/\/www.oarcanjo.net\/site\/#organization"},"image":{"@id":"https:\/\/www.oarcanjo.net\/site\/sao-pedro-nolasco\/#primaryimage"},"thumbnailUrl":"http:\/\/www.oarcanjo.net\/site\/wp-content\/uploads\/Sao-Pedro-Nolasco.jpg","articleSection":["Testemunhos"],"inLanguage":"pt-BR","potentialAction":[{"@type":"CommentAction","name":"Comment","target":["https:\/\/www.oarcanjo.net\/site\/sao-pedro-nolasco\/#respond"]}]},{"@type":"WebPage","@id":"https:\/\/www.oarcanjo.net\/site\/sao-pedro-nolasco\/","url":"https:\/\/www.oarcanjo.net\/site\/sao-pedro-nolasco\/","name":"S\u00e3o Pedro Nolasco - O Arcanjo no ar","isPartOf":{"@id":"https:\/\/www.oarcanjo.net\/site\/#website"},"primaryImageOfPage":{"@id":"https:\/\/www.oarcanjo.net\/site\/sao-pedro-nolasco\/#primaryimage"},"image":{"@id":"https:\/\/www.oarcanjo.net\/site\/sao-pedro-nolasco\/#primaryimage"},"thumbnailUrl":"http:\/\/www.oarcanjo.net\/site\/wp-content\/uploads\/Sao-Pedro-Nolasco.jpg","datePublished":"2017-01-31T02:40:45+00:00","dateModified":"2016-12-27T08:10:31+00:00","breadcrumb":{"@id":"https:\/\/www.oarcanjo.net\/site\/sao-pedro-nolasco\/#breadcrumb"},"inLanguage":"pt-BR","potentialAction":[{"@type":"ReadAction","target":["https:\/\/www.oarcanjo.net\/site\/sao-pedro-nolasco\/"]}]},{"@type":"ImageObject","inLanguage":"pt-BR","@id":"https:\/\/www.oarcanjo.net\/site\/sao-pedro-nolasco\/#primaryimage","url":"https:\/\/www.oarcanjo.net\/site\/wp-content\/uploads\/Sao-Pedro-Nolasco.jpg","contentUrl":"https:\/\/www.oarcanjo.net\/site\/wp-content\/uploads\/Sao-Pedro-Nolasco.jpg","width":383,"height":599},{"@type":"BreadcrumbList","@id":"https:\/\/www.oarcanjo.net\/site\/sao-pedro-nolasco\/#breadcrumb","itemListElement":[{"@type":"ListItem","position":1,"name":"In\u00edcio","item":"https:\/\/www.oarcanjo.net\/site\/"},{"@type":"ListItem","position":2,"name":"S\u00e3o Pedro Nolasco"}]},{"@type":"WebSite","@id":"https:\/\/www.oarcanjo.net\/site\/#website","url":"https:\/\/www.oarcanjo.net\/site\/","name":"O Arcanjo no ar","description":"Site da Par\u00f3quia S\u00e3o Miguel Arcanjo (Arquidiocese de SP)","publisher":{"@id":"https:\/\/www.oarcanjo.net\/site\/#organization"},"potentialAction":[{"@type":"SearchAction","target":{"@type":"EntryPoint","urlTemplate":"https:\/\/www.oarcanjo.net\/site\/?s={search_term_string}"},"query-input":{"@type":"PropertyValueSpecification","valueRequired":true,"valueName":"search_term_string"}}],"inLanguage":"pt-BR"},{"@type":"Organization","@id":"https:\/\/www.oarcanjo.net\/site\/#organization","name":"Par\u00f3quia S\u00e3o Miguel Arcanjo","url":"https:\/\/www.oarcanjo.net\/site\/","logo":{"@type":"ImageObject","inLanguage":"pt-BR","@id":"https:\/\/www.oarcanjo.net\/site\/#\/schema\/logo\/image\/","url":"https:\/\/www.oarcanjo.net\/site\/wp-content\/uploads\/LogoOArcanjo.png","contentUrl":"https:\/\/www.oarcanjo.net\/site\/wp-content\/uploads\/LogoOArcanjo.png","width":319,"height":99,"caption":"Par\u00f3quia S\u00e3o Miguel Arcanjo"},"image":{"@id":"https:\/\/www.oarcanjo.net\/site\/#\/schema\/logo\/image\/"},"sameAs":["https:\/\/www.facebook.com\/OArcanjoNoAr\/"]},{"@type":"Person","@id":"https:\/\/www.oarcanjo.net\/site\/#\/schema\/person\/5eb9480bedd2f3c97e430ce128c29c6c","name":"danilo"}]}},"publishpress_future_action":{"enabled":false,"date":"2026-05-09 05:20:21","action":"category","newStatus":"draft","terms":[],"taxonomy":"category"},"publishpress_future_workflow_manual_trigger":{"enabledWorkflows":[]},"_links":{"self":[{"href":"https:\/\/www.oarcanjo.net\/site\/wp-json\/wp\/v2\/posts\/7511"}],"collection":[{"href":"https:\/\/www.oarcanjo.net\/site\/wp-json\/wp\/v2\/posts"}],"about":[{"href":"https:\/\/www.oarcanjo.net\/site\/wp-json\/wp\/v2\/types\/post"}],"author":[{"embeddable":true,"href":"https:\/\/www.oarcanjo.net\/site\/wp-json\/wp\/v2\/users\/14"}],"replies":[{"embeddable":true,"href":"https:\/\/www.oarcanjo.net\/site\/wp-json\/wp\/v2\/comments?post=7511"}],"version-history":[{"count":0,"href":"https:\/\/www.oarcanjo.net\/site\/wp-json\/wp\/v2\/posts\/7511\/revisions"}],"wp:attachment":[{"href":"https:\/\/www.oarcanjo.net\/site\/wp-json\/wp\/v2\/media?parent=7511"}],"wp:term":[{"taxonomy":"category","embeddable":true,"href":"https:\/\/www.oarcanjo.net\/site\/wp-json\/wp\/v2\/categories?post=7511"},{"taxonomy":"post_tag","embeddable":true,"href":"https:\/\/www.oarcanjo.net\/site\/wp-json\/wp\/v2\/tags?post=7511"}],"curies":[{"name":"wp","href":"https:\/\/api.w.org\/{rel}","templated":true}]}}