
{"id":7515,"date":"2017-01-31T00:55:38","date_gmt":"2017-01-31T02:55:38","guid":{"rendered":"http:\/\/www.oarcanjo.net\/site\/?p=7515"},"modified":"2016-12-27T06:10:14","modified_gmt":"2016-12-27T08:10:14","slug":"sao-joao-bosco","status":"publish","type":"post","link":"https:\/\/www.oarcanjo.net\/site\/sao-joao-bosco\/","title":{"rendered":"S\u00e3o Jo\u00e3o Bosco"},"content":{"rendered":"<p><a href=\"http:\/\/blog.cancaonova.com\/clube\/files\/2009\/01\/sao_joao_bosco.jpg\"><img loading=\"lazy\" decoding=\"async\" src=\"http:\/\/blog.cancaonova.com\/clube\/files\/2009\/01\/sao_joao_bosco.jpg\" alt=\"\" width=\"300\" height=\"494\" \/><\/a>\u00a0 <img decoding=\"async\" src=\"http:\/\/blog.cancaonova.com\/paulovictor\/files\/2008\/05\/dom-bosco-11.jpg\" alt=\"\" \/><\/p>\n<p>31 de Janeiro<\/p>\n<p>Fundou a Congrega\u00e7\u00e3o dos Padres Salesianos e o Instituto das Filhas de Maria Auxiliadora e os Cooperadores Salesianos<\/p>\n<p>\u00c9\u00a0um dos Santos mais populares da Igreja e do mundo. Foi sua miss\u00e3o espec\u00edfica a educa\u00e7\u00e3o crist\u00e3 da juventude, num tempo em que essa por\u00e7\u00e3o da sociedade humana come\u00e7ava a ser atacada por novos e perigosos inimigos.<\/p>\n<p>Para o desempenho da sua miss\u00e3o salvadora, jamais o C\u00e9u lhe faltou com extraordin\u00e1rios dotes humanos e sobrenaturais.<\/p>\n<p>Jo\u00e3o\u00a0\u00e9 um dos Santos mais populares da Igreja e do mundo. Foi sua miss\u00e3o espec\u00edfica a educa\u00e7\u00e3o crist\u00e3 da juventude, num tempo em que essa por\u00e7\u00e3o da sociedade humana come\u00e7ava a ser atacada por novos e perigosos inimigos.<\/p>\n<p>Para o desempenho da sua miss\u00e3o salvadora, jamais o C\u00e9u lhe faltou com extraordin\u00e1rios dotes humanos e sobrenaturais.<\/p>\n<p>Jo\u00e3o Melquior Bosco, nasceu no dia 16 de agosto de 1815, numa fam\u00edlia cat\u00f3lica de humildes camponeses em Castelnuovo d&#8217;Asti, no norte da It\u00e1lia, perto de Turim. \u00d3rf\u00e3o de pai aos dois de idade, cresceu cercado do carinho da m\u00e3e, Margarida, e amparo dos irm\u00e3os. Recebeu uma s\u00f3lida forma\u00e7\u00e3o humana e religiosa, mas a instru\u00e7\u00e3o b\u00e1sica ficou prejudicada, pois a fam\u00edlia precisava de sua ajuda na lida do campo.<\/p>\n<p>Aos nove anos, teve um sonho que marcou a sua vida. Nossa Senhora o conduzia junto a um grupo de rapazes desordeiros que o destratava. Jo\u00e3o queria reagir, mas a Senhora lhe disse: &#8220;N\u00e3o com pancadas e sim com amor. Torna-te forte, humilde e robusto. \u00c0 seu tempo tudo compreender\u00e1s&#8221;. Nesta ocasi\u00e3o decidiu dedicar sua vida a Cristo e a M\u00e3e Maria; quis se tornar padre. Com sacrif\u00edcio, ajudado pelos vizinhos e orientado pela fam\u00edlia, entrou no semin\u00e1rio salesiano de Chieri, daquela diocese.<\/p>\n<p>Inteligente e dedicado, Jo\u00e3o trabalhou como aprendiz de alfaiate, ferreiro, gar\u00e7om, tip\u00f3grafo e assim, p\u00f4de se ordenar sacerdote, em 1841. Em meio \u00e0 revolu\u00e7\u00e3o industrial, aconselhado pelo seu diretor espiritual, padre Cafasso, desistiu de ser mission\u00e1rio na \u00cdndia. Ficou em Turim, dando in\u00edcio ao seu apostolado da educa\u00e7\u00e3o de crian\u00e7as e jovens carentes. Este &#8220;produto da era da industrializa\u00e7\u00e3o&#8221;, se tornou a mat\u00e9ria prima de sua Obra e vida.<\/p>\n<p>Neste mesmo ano, criou o Orat\u00f3rio de Dom Bosco, onde os jovens recebiam instru\u00e7\u00e3o, forma\u00e7\u00e3o religiosa, alimenta\u00e7\u00e3o, tendo apoio e acompanhamento at\u00e9 a coloca\u00e7\u00e3o em um emprego digno. Depois, sentiu necessidade de recolher os meninos em internatos-escola, em seguida implantou em toda a Obra as escolas profissionais, com as oficinas de alfaiate, encaderna\u00e7\u00e3o, marcenaria, tipografia e mec\u00e2nica, repostas \u00e0s necessidades da \u00e9poca. Para mestres das oficinas, inventou um novo tipo de religioso: o coadjutor salesiano.<\/p>\n<p>Em 1859, ele reuniu esse primeiro grupo de jovens educadores no Orat\u00f3rio, fundando a Congrega\u00e7\u00e3o dos Salesianos. Nos anos seguintes, Dom Bosco criou o Instituto das Filhas de Maria Auxiliadora e os Cooperadores Salesianos. Construiu, em Turim, a bas\u00edlica de Nossa Senhora Auxiliadora, e fundou sessenta casas salesianas em seis pa\u00edses. Abriu as miss\u00f5es na Am\u00e9rica Latina. Publicou as Leituras Cat\u00f3licas para o povo mais simples.<\/p>\n<p>Dom Bosco agia r\u00e1pido, acompanhou a a\u00e7\u00e3o do seu tempo e viveu o modo de educar, que passou \u00e0 humanidade como refer\u00eancia de ensino chamando-o de &#8220;Sistema Preventivo de Forma\u00e7\u00e3o&#8221;. N\u00e3o esqueceu do seu sonho de menino, mas, sobretudo compreendeu a miss\u00e3o que lhe investiu Nossa Senhora. Quando lhe recordavam tudo o que fizera, respondia com um sorriso sereno: &#8220;Eu n\u00e3o fiz nada. Foi Nossa Senhora quem tudo fez&#8221;.<\/p>\n<p>Morreu no dia 31 de janeiro de 1888. Foi beatificado em 1929 e canonizado por Pio XI em 1934. S\u00e3o Jo\u00e3o Bosco, foi proclamado &#8220;modelo por excel\u00eancia&#8221; para sacerdotes e educadores. Ecum\u00eanico, era amigo de todos os povos, estimado em todas as religi\u00f5es, amado por pobres e ricos; escreveu: &#8220;Reprovemos os erros, mas respeitemos as pessoas&#8221; e se fez , ele pr\u00f3prio, o exemplo perfeito desta m\u00e1xima.<\/p>\n<p>OS SONHOS DE S\u00c3O JO\u00c3O BOSCO<\/p>\n<div>S\u00e3o Jo\u00e3o Bosco foi um santo taumaturgo que viveu em It\u00e1lia, no s\u00e9culo XIX. Teve muitos sonhos-vis\u00f5es, aos quais inicialmente n\u00e3o deu muita import\u00e2ncia, mas depois, vendo que neles se concretizava aquilo que lhe era anunciado, passou a regist\u00e1-los. Um deles (que reproduzo abaixo) parece-me bastante pertinente, n\u00e3o s\u00f3 para os tempos de S\u00e3o Jo\u00e3o Bosco, mas principalmente para os nossos conturbados tempos.<\/div>\n<p><em><strong>O\u00a0Sonho das Duas Colunas<\/strong><\/em><\/p>\n<p><img decoding=\"async\" src=\"http:\/\/4.bp.blogspot.com\/_eLoAeN6zpfM\/SaCJSx4eCXI\/AAAAAAAAAF0\/b9_00PINuK0\/s400\/S%C3%83O+JO%C3%83O+BOSCO.jpg\" alt=\"\" \/><\/p>\n<div>O seu sonho prof\u00e9tico, ocorrido em 1862 (tr\u00eas anos antes do Conc\u00edlio Vaticano I), \u00e9 transcrito a seguir:<\/div>\n<p>Imagine-se no meio de uma enseada, ou melhor, sobre uma rocha isolada, da qual n\u00e3o se divisa nenhum ponto de terra firme, excepto sob os seus p\u00e9s. Na extens\u00e3o desse vasto mar, voc\u00ea divisa uma frota incont\u00e1vel de navios de guerra, dispostos para a batalha.<\/p>\n<p>As proas desse navios s\u00e3o pontiagudas e perfurantes, de forma a perfurar e destro\u00e7ar completamente tudo contra o que se lan\u00e7arem. Os navios s\u00e3o armados com canh\u00f5es, muitos rifles, materiais incendi\u00e1rios e outras armas de fogo de v\u00e1rios tipos, e avan\u00e7am contra um navio bem maior e mais alto do que o deles; e eles tentam atingi-lo com as suas proas, ou queim\u00e1-lo, causar-lhe mal de todas as maneiras poss\u00edveis.<\/p>\n<p>Escoltando o majestoso navio plenamente equipado, h\u00e1 um sem-n\u00famero de barcos menores, que recebem comandos daquele por sinais, reposicionando-se para defenderem-se dos ataques da frota inimiga.<\/p>\n<p>Bem no meio dessa imensa extens\u00e3o mar\u00edtima, duas poderosas colunas elevam-se altas, a pequena dist\u00e2ncia uma da outra. No topo de uma coluna encontra-se a est\u00e1tua da Imaculada Virgem Maria, de cujos p\u00e9s pende uma enorme placa com a inscri\u00e7\u00e3o: Auxilium Christianorum &#8211; Aux\u00edlio dos Crist\u00e3os. Sobre a segunda coluna, que \u00e9 ainda mais alta e maior, h\u00e1 uma enorme H\u00f3stia, de tamanho proporcional ao da coluna; e, sob ela, outra placa, com as palavras: Salus Credentium &#8211; Salva\u00e7\u00e3o dos Fi\u00e9is.<\/p>\n<p>O comandante supremo do navio grande \u00e9 o Sumo Pont\u00edfice. Observando a f\u00faria dos inimigos e malfeitores, dentre os quais os fi\u00e9is se encontram, ele convoca os capit\u00e3es dos pequenos barcos e ordena um conselho, para juntos decidirem o que fazer.<\/p>\n<p>Todos os capit\u00e3es v\u00eam a bordo e se re\u00fanem em torno do Papa. Eles iniciam uma confer\u00eancia, mas nesse meio tempo o vento e as ondas rompem numa grande tempestade, e eles t\u00eam de retornar \u00e0s suas pr\u00f3prias embarca\u00e7\u00f5es para salv\u00e1-las. Vem, ent\u00e3o, uma pequena calmaria; e, pela segunda vez, o Papa re\u00fane os seus capit\u00e3es em torno de si, enquanto o navio-m\u00e3e prossegue em seu curso.<br \/>\nMas a terr\u00edvel tempestade retorna. O Papa comanda a embarca\u00e7\u00e3o e envia todas as suas energias para direccionar o seu navio \u00e0s colunas, de cujos topos pendem muitas \u00e2ncoras e fortes ganchos ligados a correntes.<\/p>\n<p>Todas as embarca\u00e7\u00f5es inimigas mobilizam-se para atac\u00e1-lo. Elas tentam det\u00ea-lo e afund\u00e1-lo, de todas as maneiras ao seu alcance: algumas, com livros e escritos inflam\u00e1veis, de que disp\u00f5em em abund\u00e2ncia; outras, com armas de fogo, com rifles e outras armas.<\/p>\n<p>A batalha recrudesce gradualmente. O inimigo ataca de proa violentamente, mas os seus esfor\u00e7os provam n\u00e3o serem eficazes. Eles arremetem em v\u00e3o, e perdem todo o seu esfor\u00e7o e a sua muni\u00e7\u00e3o.<\/p>\n<p>O grande navio segue inabal\u00e1vel e suavemente o seu rumo. \u00c0s vezes, acontece ele ser atingido por formid\u00e1veis tiros, e apresentar grandes brechas laterais. Mas assim que o dano acontece, uma brisa gentil sopra das duas colunas, fechando as fissuras e restaurando os estragos imediatamente.<br \/>\nEntrementes, as armas de fogo dos assaltantes s\u00e3o disparadas, mas os rifles e outras armas, bem como as proas, destroem-se; muitos navios s\u00e3o atingidos e afundam no oceano. Ent\u00e3o, os inimigos enfurecidos passam a lutar corpo-a-corpo, com os punhos, tiros \u00e0 queima-roupa, blasf\u00e9mias e maldi\u00e7\u00f5es.<\/p>\n<p>De s\u00fabito, o Papa cai gravemente ferido. Imediatamente, os que est\u00e3o com ele ajudam-no e levantam-no. Uma segunda vez, o Papa \u00e9 atingido; ele cai de novo e morre. Um grito de j\u00fabilo e vit\u00f3ria irrompe dentre os inimigos; dos seus navios eleva-se uma indiz\u00edvel zombaria.<\/p>\n<p>Mas, assim que o Pont\u00edfice cai, um outro assume o seu lugar. Os pilotos, tendo-se reunido, elegeram outro t\u00e3o prontamente que, com a not\u00edcia da morte do anterior, j\u00e1 se apresentam as boas novas da elei\u00e7\u00e3o do sucessor. Os advers\u00e1rios come\u00e7am a perder a coragem.<br \/>\nO novo Papa, pondo o inimigo em fuga e superando todos os obst\u00e1culos, guia o navio directamente \u00e0s duas colunas, e consegue descansar entre elas. Ele ancora o seu navio \u00e0 coluna encimada pela H\u00f3stia, prendendo uma corrente leve, que sai da proa, a uma \u00e2ncora presa \u00e0 coluna. Uma outra corrente leve, presa \u00e0 popa, \u00e9 atracada a uma \u00e2ncora que pende da coluna sobre a qual est\u00e1 a Virgem Maria.<br \/>\nNeste ponto, inicia-se uma grande convuls\u00e3o. Todos os navios que estiveram at\u00e9 ent\u00e3o em luta, contra o navio do Papa, s\u00e3o dispersados. Eles afastam-se em confus\u00e3o, colidem e quebram-se em peda\u00e7os, uns contra os outros. Alguns afundam e tentam afundar os outros.<\/p>\n<p>Muitas das pequenas embarca\u00e7\u00f5es, que lutaram galantemente pelo Papa, correm a prender-se \u00e0s colunas. Outras, que se haviam mantido \u00e0 dist\u00e2ncia, por medo da batalha, observam cautelosamente de longe. E, quando os escombros dos navios afundados s\u00e3o dispersados pelos redemoinhos do mar, elas se aventuram a rumar para as duas colunas, e, alcan\u00e7ando-as, fazem-se prender aos ganchos que delas pendem, para se porem a salvo, \u00e0 sombra do navio principal, onde est\u00e1 o Papa.<\/p>\n<p>Finalmente [no sonho-vis\u00e3o], reina sobre o mar uma grande calma.<\/p>\n<p><img loading=\"lazy\" decoding=\"async\" src=\"http:\/\/4.bp.blogspot.com\/_XxvcA6rsTOQ\/Sz5KOCo3lmI\/AAAAAAAAB2c\/quM1kaP_35k\/s400\/Dom%2BBosco%2B-%2B20nov2009%2BJoinville%2Burna%2BIgreja%2BSanto%2BAntonio%2Bman%25C3%25A3%2B006.JPG\" alt=\"\" width=\"376\" height=\"283\" \/>\u00a0<img loading=\"lazy\" decoding=\"async\" src=\"http:\/\/portalcot.com\/reporter\/wp-content\/uploads\/2010\/01\/urna13.jpg\" alt=\"\" width=\"325\" height=\"282\" \/><\/p>\n<p><img loading=\"lazy\" decoding=\"async\" src=\"http:\/\/farm3.static.flickr.com\/2743\/4242862744_1ca32f31b8.jpg\" alt=\"\" width=\"371\" height=\"202\" \/><\/p>\n<div id=\"themify_builder_content-7515\" data-postid=\"7515\" class=\"themify_builder_content themify_builder_content-7515 themify_builder themify_builder_front\">\n\t<\/div>\n<!-- \/themify_builder_content -->","protected":false},"excerpt":{"rendered":"<p>\u00a0 31 de Janeiro Fundou a Congrega\u00e7\u00e3o dos Padres Salesianos e o Instituto das Filhas de Maria Auxiliadora e os Cooperadores Salesianos \u00c9\u00a0um dos Santos mais populares da Igreja e do mundo. Foi sua miss\u00e3o espec\u00edfica a educa\u00e7\u00e3o crist\u00e3 da juventude, num tempo em que essa por\u00e7\u00e3o da sociedade humana come\u00e7ava a ser atacada por [&hellip;]<\/p>\n","protected":false},"author":14,"featured_media":0,"comment_status":"open","ping_status":"open","sticky":false,"template":"","format":"standard","meta":{"ngg_post_thumbnail":0,"footnotes":""},"categories":[186],"tags":[],"yoast_head":"<!-- This site is optimized with the Yoast SEO plugin v23.5 - https:\/\/yoast.com\/wordpress\/plugins\/seo\/ -->\n<title>S\u00e3o Jo\u00e3o Bosco - O Arcanjo no ar<\/title>\n<meta name=\"robots\" content=\"index, follow, max-snippet:-1, max-image-preview:large, max-video-preview:-1\" \/>\n<link rel=\"canonical\" href=\"https:\/\/www.oarcanjo.net\/site\/sao-joao-bosco\/\" \/>\n<meta property=\"og:locale\" content=\"pt_BR\" \/>\n<meta property=\"og:type\" content=\"article\" \/>\n<meta property=\"og:title\" content=\"S\u00e3o Jo\u00e3o Bosco - O Arcanjo no ar\" \/>\n<meta property=\"og:description\" content=\"\u00a0 31 de Janeiro Fundou a Congrega\u00e7\u00e3o dos Padres Salesianos e o Instituto das Filhas de Maria Auxiliadora e os Cooperadores Salesianos \u00c9\u00a0um dos Santos mais populares da Igreja e do mundo. Foi sua miss\u00e3o espec\u00edfica a educa\u00e7\u00e3o crist\u00e3 da juventude, num tempo em que essa por\u00e7\u00e3o da sociedade humana come\u00e7ava a ser atacada por [&hellip;]\" \/>\n<meta property=\"og:url\" content=\"https:\/\/www.oarcanjo.net\/site\/sao-joao-bosco\/\" \/>\n<meta property=\"og:site_name\" content=\"O Arcanjo no ar\" \/>\n<meta property=\"article:publisher\" content=\"https:\/\/www.facebook.com\/OArcanjoNoAr\/\" \/>\n<meta property=\"article:published_time\" content=\"2017-01-31T02:55:38+00:00\" \/>\n<meta property=\"article:modified_time\" content=\"2016-12-27T08:10:14+00:00\" \/>\n<meta property=\"og:image\" content=\"http:\/\/blog.cancaonova.com\/clube\/files\/2009\/01\/sao_joao_bosco.jpg\" \/>\n<meta name=\"author\" content=\"danilo\" \/>\n<meta name=\"twitter:card\" content=\"summary_large_image\" \/>\n<meta name=\"twitter:label1\" content=\"Escrito por\" \/>\n\t<meta name=\"twitter:data1\" content=\"danilo\" \/>\n\t<meta name=\"twitter:label2\" content=\"Est. tempo de leitura\" \/>\n\t<meta name=\"twitter:data2\" content=\"8 minutos\" \/>\n<script type=\"application\/ld+json\" class=\"yoast-schema-graph\">{\"@context\":\"https:\/\/schema.org\",\"@graph\":[{\"@type\":\"Article\",\"@id\":\"https:\/\/www.oarcanjo.net\/site\/sao-joao-bosco\/#article\",\"isPartOf\":{\"@id\":\"https:\/\/www.oarcanjo.net\/site\/sao-joao-bosco\/\"},\"author\":{\"name\":\"danilo\",\"@id\":\"https:\/\/www.oarcanjo.net\/site\/#\/schema\/person\/5eb9480bedd2f3c97e430ce128c29c6c\"},\"headline\":\"S\u00e3o Jo\u00e3o Bosco\",\"datePublished\":\"2017-01-31T02:55:38+00:00\",\"dateModified\":\"2016-12-27T08:10:14+00:00\",\"mainEntityOfPage\":{\"@id\":\"https:\/\/www.oarcanjo.net\/site\/sao-joao-bosco\/\"},\"wordCount\":1697,\"commentCount\":0,\"publisher\":{\"@id\":\"https:\/\/www.oarcanjo.net\/site\/#organization\"},\"image\":{\"@id\":\"https:\/\/www.oarcanjo.net\/site\/sao-joao-bosco\/#primaryimage\"},\"thumbnailUrl\":\"http:\/\/blog.cancaonova.com\/clube\/files\/2009\/01\/sao_joao_bosco.jpg\",\"articleSection\":[\"Testemunhos\"],\"inLanguage\":\"pt-BR\",\"potentialAction\":[{\"@type\":\"CommentAction\",\"name\":\"Comment\",\"target\":[\"https:\/\/www.oarcanjo.net\/site\/sao-joao-bosco\/#respond\"]}]},{\"@type\":\"WebPage\",\"@id\":\"https:\/\/www.oarcanjo.net\/site\/sao-joao-bosco\/\",\"url\":\"https:\/\/www.oarcanjo.net\/site\/sao-joao-bosco\/\",\"name\":\"S\u00e3o Jo\u00e3o Bosco - O Arcanjo no ar\",\"isPartOf\":{\"@id\":\"https:\/\/www.oarcanjo.net\/site\/#website\"},\"primaryImageOfPage\":{\"@id\":\"https:\/\/www.oarcanjo.net\/site\/sao-joao-bosco\/#primaryimage\"},\"image\":{\"@id\":\"https:\/\/www.oarcanjo.net\/site\/sao-joao-bosco\/#primaryimage\"},\"thumbnailUrl\":\"http:\/\/blog.cancaonova.com\/clube\/files\/2009\/01\/sao_joao_bosco.jpg\",\"datePublished\":\"2017-01-31T02:55:38+00:00\",\"dateModified\":\"2016-12-27T08:10:14+00:00\",\"breadcrumb\":{\"@id\":\"https:\/\/www.oarcanjo.net\/site\/sao-joao-bosco\/#breadcrumb\"},\"inLanguage\":\"pt-BR\",\"potentialAction\":[{\"@type\":\"ReadAction\",\"target\":[\"https:\/\/www.oarcanjo.net\/site\/sao-joao-bosco\/\"]}]},{\"@type\":\"ImageObject\",\"inLanguage\":\"pt-BR\",\"@id\":\"https:\/\/www.oarcanjo.net\/site\/sao-joao-bosco\/#primaryimage\",\"url\":\"http:\/\/blog.cancaonova.com\/clube\/files\/2009\/01\/sao_joao_bosco.jpg\",\"contentUrl\":\"http:\/\/blog.cancaonova.com\/clube\/files\/2009\/01\/sao_joao_bosco.jpg\"},{\"@type\":\"BreadcrumbList\",\"@id\":\"https:\/\/www.oarcanjo.net\/site\/sao-joao-bosco\/#breadcrumb\",\"itemListElement\":[{\"@type\":\"ListItem\",\"position\":1,\"name\":\"In\u00edcio\",\"item\":\"https:\/\/www.oarcanjo.net\/site\/\"},{\"@type\":\"ListItem\",\"position\":2,\"name\":\"S\u00e3o Jo\u00e3o Bosco\"}]},{\"@type\":\"WebSite\",\"@id\":\"https:\/\/www.oarcanjo.net\/site\/#website\",\"url\":\"https:\/\/www.oarcanjo.net\/site\/\",\"name\":\"O Arcanjo no ar\",\"description\":\"Site da Par\u00f3quia S\u00e3o Miguel Arcanjo (Arquidiocese de SP)\",\"publisher\":{\"@id\":\"https:\/\/www.oarcanjo.net\/site\/#organization\"},\"potentialAction\":[{\"@type\":\"SearchAction\",\"target\":{\"@type\":\"EntryPoint\",\"urlTemplate\":\"https:\/\/www.oarcanjo.net\/site\/?s={search_term_string}\"},\"query-input\":{\"@type\":\"PropertyValueSpecification\",\"valueRequired\":true,\"valueName\":\"search_term_string\"}}],\"inLanguage\":\"pt-BR\"},{\"@type\":\"Organization\",\"@id\":\"https:\/\/www.oarcanjo.net\/site\/#organization\",\"name\":\"Par\u00f3quia S\u00e3o Miguel Arcanjo\",\"url\":\"https:\/\/www.oarcanjo.net\/site\/\",\"logo\":{\"@type\":\"ImageObject\",\"inLanguage\":\"pt-BR\",\"@id\":\"https:\/\/www.oarcanjo.net\/site\/#\/schema\/logo\/image\/\",\"url\":\"https:\/\/www.oarcanjo.net\/site\/wp-content\/uploads\/LogoOArcanjo.png\",\"contentUrl\":\"https:\/\/www.oarcanjo.net\/site\/wp-content\/uploads\/LogoOArcanjo.png\",\"width\":319,\"height\":99,\"caption\":\"Par\u00f3quia S\u00e3o Miguel Arcanjo\"},\"image\":{\"@id\":\"https:\/\/www.oarcanjo.net\/site\/#\/schema\/logo\/image\/\"},\"sameAs\":[\"https:\/\/www.facebook.com\/OArcanjoNoAr\/\"]},{\"@type\":\"Person\",\"@id\":\"https:\/\/www.oarcanjo.net\/site\/#\/schema\/person\/5eb9480bedd2f3c97e430ce128c29c6c\",\"name\":\"danilo\"}]}<\/script>\n<!-- \/ Yoast SEO plugin. -->","yoast_head_json":{"title":"S\u00e3o Jo\u00e3o Bosco - O Arcanjo no ar","robots":{"index":"index","follow":"follow","max-snippet":"max-snippet:-1","max-image-preview":"max-image-preview:large","max-video-preview":"max-video-preview:-1"},"canonical":"https:\/\/www.oarcanjo.net\/site\/sao-joao-bosco\/","og_locale":"pt_BR","og_type":"article","og_title":"S\u00e3o Jo\u00e3o Bosco - O Arcanjo no ar","og_description":"\u00a0 31 de Janeiro Fundou a Congrega\u00e7\u00e3o dos Padres Salesianos e o Instituto das Filhas de Maria Auxiliadora e os Cooperadores Salesianos \u00c9\u00a0um dos Santos mais populares da Igreja e do mundo. Foi sua miss\u00e3o espec\u00edfica a educa\u00e7\u00e3o crist\u00e3 da juventude, num tempo em que essa por\u00e7\u00e3o da sociedade humana come\u00e7ava a ser atacada por [&hellip;]","og_url":"https:\/\/www.oarcanjo.net\/site\/sao-joao-bosco\/","og_site_name":"O Arcanjo no ar","article_publisher":"https:\/\/www.facebook.com\/OArcanjoNoAr\/","article_published_time":"2017-01-31T02:55:38+00:00","article_modified_time":"2016-12-27T08:10:14+00:00","og_image":[{"url":"http:\/\/blog.cancaonova.com\/clube\/files\/2009\/01\/sao_joao_bosco.jpg"}],"author":"danilo","twitter_card":"summary_large_image","twitter_misc":{"Escrito por":"danilo","Est. tempo de leitura":"8 minutos"},"schema":{"@context":"https:\/\/schema.org","@graph":[{"@type":"Article","@id":"https:\/\/www.oarcanjo.net\/site\/sao-joao-bosco\/#article","isPartOf":{"@id":"https:\/\/www.oarcanjo.net\/site\/sao-joao-bosco\/"},"author":{"name":"danilo","@id":"https:\/\/www.oarcanjo.net\/site\/#\/schema\/person\/5eb9480bedd2f3c97e430ce128c29c6c"},"headline":"S\u00e3o Jo\u00e3o Bosco","datePublished":"2017-01-31T02:55:38+00:00","dateModified":"2016-12-27T08:10:14+00:00","mainEntityOfPage":{"@id":"https:\/\/www.oarcanjo.net\/site\/sao-joao-bosco\/"},"wordCount":1697,"commentCount":0,"publisher":{"@id":"https:\/\/www.oarcanjo.net\/site\/#organization"},"image":{"@id":"https:\/\/www.oarcanjo.net\/site\/sao-joao-bosco\/#primaryimage"},"thumbnailUrl":"http:\/\/blog.cancaonova.com\/clube\/files\/2009\/01\/sao_joao_bosco.jpg","articleSection":["Testemunhos"],"inLanguage":"pt-BR","potentialAction":[{"@type":"CommentAction","name":"Comment","target":["https:\/\/www.oarcanjo.net\/site\/sao-joao-bosco\/#respond"]}]},{"@type":"WebPage","@id":"https:\/\/www.oarcanjo.net\/site\/sao-joao-bosco\/","url":"https:\/\/www.oarcanjo.net\/site\/sao-joao-bosco\/","name":"S\u00e3o Jo\u00e3o Bosco - O Arcanjo no ar","isPartOf":{"@id":"https:\/\/www.oarcanjo.net\/site\/#website"},"primaryImageOfPage":{"@id":"https:\/\/www.oarcanjo.net\/site\/sao-joao-bosco\/#primaryimage"},"image":{"@id":"https:\/\/www.oarcanjo.net\/site\/sao-joao-bosco\/#primaryimage"},"thumbnailUrl":"http:\/\/blog.cancaonova.com\/clube\/files\/2009\/01\/sao_joao_bosco.jpg","datePublished":"2017-01-31T02:55:38+00:00","dateModified":"2016-12-27T08:10:14+00:00","breadcrumb":{"@id":"https:\/\/www.oarcanjo.net\/site\/sao-joao-bosco\/#breadcrumb"},"inLanguage":"pt-BR","potentialAction":[{"@type":"ReadAction","target":["https:\/\/www.oarcanjo.net\/site\/sao-joao-bosco\/"]}]},{"@type":"ImageObject","inLanguage":"pt-BR","@id":"https:\/\/www.oarcanjo.net\/site\/sao-joao-bosco\/#primaryimage","url":"http:\/\/blog.cancaonova.com\/clube\/files\/2009\/01\/sao_joao_bosco.jpg","contentUrl":"http:\/\/blog.cancaonova.com\/clube\/files\/2009\/01\/sao_joao_bosco.jpg"},{"@type":"BreadcrumbList","@id":"https:\/\/www.oarcanjo.net\/site\/sao-joao-bosco\/#breadcrumb","itemListElement":[{"@type":"ListItem","position":1,"name":"In\u00edcio","item":"https:\/\/www.oarcanjo.net\/site\/"},{"@type":"ListItem","position":2,"name":"S\u00e3o Jo\u00e3o Bosco"}]},{"@type":"WebSite","@id":"https:\/\/www.oarcanjo.net\/site\/#website","url":"https:\/\/www.oarcanjo.net\/site\/","name":"O Arcanjo no ar","description":"Site da Par\u00f3quia S\u00e3o Miguel Arcanjo (Arquidiocese de SP)","publisher":{"@id":"https:\/\/www.oarcanjo.net\/site\/#organization"},"potentialAction":[{"@type":"SearchAction","target":{"@type":"EntryPoint","urlTemplate":"https:\/\/www.oarcanjo.net\/site\/?s={search_term_string}"},"query-input":{"@type":"PropertyValueSpecification","valueRequired":true,"valueName":"search_term_string"}}],"inLanguage":"pt-BR"},{"@type":"Organization","@id":"https:\/\/www.oarcanjo.net\/site\/#organization","name":"Par\u00f3quia S\u00e3o Miguel Arcanjo","url":"https:\/\/www.oarcanjo.net\/site\/","logo":{"@type":"ImageObject","inLanguage":"pt-BR","@id":"https:\/\/www.oarcanjo.net\/site\/#\/schema\/logo\/image\/","url":"https:\/\/www.oarcanjo.net\/site\/wp-content\/uploads\/LogoOArcanjo.png","contentUrl":"https:\/\/www.oarcanjo.net\/site\/wp-content\/uploads\/LogoOArcanjo.png","width":319,"height":99,"caption":"Par\u00f3quia S\u00e3o Miguel Arcanjo"},"image":{"@id":"https:\/\/www.oarcanjo.net\/site\/#\/schema\/logo\/image\/"},"sameAs":["https:\/\/www.facebook.com\/OArcanjoNoAr\/"]},{"@type":"Person","@id":"https:\/\/www.oarcanjo.net\/site\/#\/schema\/person\/5eb9480bedd2f3c97e430ce128c29c6c","name":"danilo"}]}},"publishpress_future_action":{"enabled":false,"date":"2026-05-09 05:20:20","action":"category","newStatus":"draft","terms":[],"taxonomy":"category"},"publishpress_future_workflow_manual_trigger":{"enabledWorkflows":[]},"_links":{"self":[{"href":"https:\/\/www.oarcanjo.net\/site\/wp-json\/wp\/v2\/posts\/7515"}],"collection":[{"href":"https:\/\/www.oarcanjo.net\/site\/wp-json\/wp\/v2\/posts"}],"about":[{"href":"https:\/\/www.oarcanjo.net\/site\/wp-json\/wp\/v2\/types\/post"}],"author":[{"embeddable":true,"href":"https:\/\/www.oarcanjo.net\/site\/wp-json\/wp\/v2\/users\/14"}],"replies":[{"embeddable":true,"href":"https:\/\/www.oarcanjo.net\/site\/wp-json\/wp\/v2\/comments?post=7515"}],"version-history":[{"count":0,"href":"https:\/\/www.oarcanjo.net\/site\/wp-json\/wp\/v2\/posts\/7515\/revisions"}],"wp:attachment":[{"href":"https:\/\/www.oarcanjo.net\/site\/wp-json\/wp\/v2\/media?parent=7515"}],"wp:term":[{"taxonomy":"category","embeddable":true,"href":"https:\/\/www.oarcanjo.net\/site\/wp-json\/wp\/v2\/categories?post=7515"},{"taxonomy":"post_tag","embeddable":true,"href":"https:\/\/www.oarcanjo.net\/site\/wp-json\/wp\/v2\/tags?post=7515"}],"curies":[{"name":"wp","href":"https:\/\/api.w.org\/{rel}","templated":true}]}}