
{"id":7531,"date":"2010-01-20T21:33:46","date_gmt":"2010-01-20T23:33:46","guid":{"rendered":"http:\/\/www.oarcanjo.net\/site\/?p=7531"},"modified":"2010-01-20T22:32:05","modified_gmt":"2010-01-21T00:32:05","slug":"musicas-que-falam-em-mudar-nosso-mundo","status":"publish","type":"post","link":"https:\/\/www.oarcanjo.net\/site\/musicas-que-falam-em-mudar-nosso-mundo\/","title":{"rendered":"M\u00fasicas que falam em mudar o nosso mundo"},"content":{"rendered":"<p>Est\u00e1 m\u00fasica \u00e9 do cantor,dan\u00e7arino e compositor Michael Jackson,est\u00e1 m\u00fasica fala que\u00a0estamos indo mudar o mundo e isso mesmo estamos fazendo e daqui um tempo teremos mudado completamente nosso mundo.E esse dia ser\u00e1 o dia mais feliz de nossas vidas,Deus ficar\u00e1 orgulhoso de n\u00f3s\u00a0por ter corrigido os erros presentes que tanto faziam mal a todos.Deus ficar\u00e1 feliz por termos trazido o mundo que ele tinha feito.Quando esse dia chegar o amor estar\u00e1 reinando,os pass\u00e1ros voaram enfim em paz,a natureza estar\u00e1 completamente viva.Teremos um mundo mais um humano.Vamos\u00a0mudar o mundo agora e esse dia n\u00e3o estar\u00e1 muito longe.<\/p>\n<p>M\u00fasica de Michael Jackson We Are Here To Change The World:<\/p>\n<p>N\u00f3s estamos em uma miss\u00e3o<br \/>\nNa luz perp\u00e9tua que brilha<br \/>\nUma revela\u00e7\u00e3o<br \/>\nDa verdade em cap\u00edtulos de nossas mentes<\/p>\n<p>Tempos t\u00e3o longos, ruins<br \/>\nN\u00f3s vamos chacoalhar tudo e nos libertar<br \/>\nN\u00f3s estamos compartilhando luz mais luminosa que o sol<br \/>\nOi, tempos bons<br \/>\nN\u00f3s estamos aqui para simular, elimine<br \/>\nUm congregue, ilumine<\/p>\n<p>(N\u00f3s estamos aqui para mudar o mundo)<br \/>\nIndo mudar o mundo, Hee<br \/>\n(N\u00f3s estamos aqui para mudar o mundo)<br \/>\nIndo mudar o mundo, Ooo<\/p>\n<p>Assim rende<br \/>\nPorque o poder \u00e9 do bem fundo da minha alma<br \/>\nCante<\/p>\n<p>(N\u00f3s estamos aqui para mudar o mundo)<br \/>\nIndo mudar o mundo, cante<br \/>\n(N\u00f3s estamos aqui para mudar o mundo)<br \/>\nHee, Indo mudar o mundo, Ooo<\/p>\n<p>(N\u00f3s estamos aqui para mudar o mundo)<br \/>\nN\u00f3s vamos mudar o mundo, menina<br \/>\n(N\u00f3s estamos aqui para mudar o mundo)<br \/>\nMeus irm\u00e3os meu irm\u00e3o<br \/>\nN\u00f3s vamos mudar o mundo<br \/>\n(N\u00f3s estamos aqui para mudar o mundo)<br \/>\nHee, no fundo do meu corpo,<br \/>\nNo fundo da minha alma, querida<br \/>\n(N\u00f3s estamos aqui para mudar o mundo)<br \/>\nHee, N\u00f3s vamos mudar o mundo,<br \/>\nOoo<\/p>\n<div id=\"themify_builder_content-7531\" data-postid=\"7531\" class=\"themify_builder_content themify_builder_content-7531 themify_builder themify_builder_front\">\n\t<\/div>\n<!-- \/themify_builder_content -->","protected":false},"excerpt":{"rendered":"<p>Est\u00e1 m\u00fasica \u00e9 do cantor,dan\u00e7arino e compositor Michael Jackson,est\u00e1 m\u00fasica fala que\u00a0estamos indo mudar o mundo e isso mesmo estamos fazendo e daqui um tempo teremos mudado completamente nosso mundo.E esse dia ser\u00e1 o dia mais feliz de nossas vidas,Deus ficar\u00e1 orgulhoso de n\u00f3s\u00a0por ter corrigido os erros presentes que tanto faziam mal a todos.Deus [&hellip;]<\/p>\n","protected":false},"author":12,"featured_media":0,"comment_status":"open","ping_status":"open","sticky":false,"template":"","format":"standard","meta":{"ngg_post_thumbnail":0,"footnotes":""},"categories":[395],"tags":[1415],"yoast_head":"<!-- This site is optimized with the Yoast SEO plugin v23.5 - https:\/\/yoast.com\/wordpress\/plugins\/seo\/ -->\n<title>M\u00fasicas que falam em mudar o nosso mundo  - O Arcanjo no ar<\/title>\n<meta name=\"robots\" content=\"index, follow, max-snippet:-1, max-image-preview:large, max-video-preview:-1\" \/>\n<link rel=\"canonical\" href=\"https:\/\/www.oarcanjo.net\/site\/musicas-que-falam-em-mudar-nosso-mundo\/\" \/>\n<meta property=\"og:locale\" content=\"pt_BR\" \/>\n<meta property=\"og:type\" content=\"article\" \/>\n<meta property=\"og:title\" content=\"M\u00fasicas que falam em mudar o nosso mundo  - O Arcanjo no ar\" \/>\n<meta property=\"og:description\" content=\"Est\u00e1 m\u00fasica \u00e9 do cantor,dan\u00e7arino e compositor Michael Jackson,est\u00e1 m\u00fasica fala que\u00a0estamos indo mudar o mundo e isso mesmo estamos fazendo e daqui um tempo teremos mudado completamente nosso mundo.E esse dia ser\u00e1 o dia mais feliz de nossas vidas,Deus ficar\u00e1 orgulhoso de n\u00f3s\u00a0por ter corrigido os erros presentes que tanto faziam mal a todos.Deus [&hellip;]\" \/>\n<meta property=\"og:url\" content=\"https:\/\/www.oarcanjo.net\/site\/musicas-que-falam-em-mudar-nosso-mundo\/\" \/>\n<meta property=\"og:site_name\" content=\"O Arcanjo no ar\" \/>\n<meta property=\"article:publisher\" content=\"https:\/\/www.facebook.com\/OArcanjoNoAr\/\" \/>\n<meta property=\"article:published_time\" content=\"2010-01-20T23:33:46+00:00\" \/>\n<meta property=\"article:modified_time\" content=\"2010-01-21T00:32:05+00:00\" \/>\n<meta property=\"og:image\" content=\"https:\/\/www.oarcanjo.net\/site\/wp-content\/uploads\/logo-o-arcanjo-no-ar-facebook.png\" \/>\n\t<meta property=\"og:image:width\" content=\"300\" \/>\n\t<meta property=\"og:image:height\" content=\"300\" \/>\n\t<meta property=\"og:image:type\" content=\"image\/png\" \/>\n<meta name=\"author\" content=\"mariana\" \/>\n<meta name=\"twitter:card\" content=\"summary_large_image\" \/>\n<meta name=\"twitter:label1\" content=\"Escrito por\" \/>\n\t<meta name=\"twitter:data1\" content=\"mariana\" \/>\n\t<meta name=\"twitter:label2\" content=\"Est. tempo de leitura\" \/>\n\t<meta name=\"twitter:data2\" content=\"2 minutos\" \/>\n<script type=\"application\/ld+json\" class=\"yoast-schema-graph\">{\"@context\":\"https:\/\/schema.org\",\"@graph\":[{\"@type\":\"Article\",\"@id\":\"https:\/\/www.oarcanjo.net\/site\/musicas-que-falam-em-mudar-nosso-mundo\/#article\",\"isPartOf\":{\"@id\":\"https:\/\/www.oarcanjo.net\/site\/musicas-que-falam-em-mudar-nosso-mundo\/\"},\"author\":{\"name\":\"mariana\",\"@id\":\"https:\/\/www.oarcanjo.net\/site\/#\/schema\/person\/e54a5c62347067e278a5d0cf64f6a6e6\"},\"headline\":\"M\u00fasicas que falam em mudar o nosso mundo\",\"datePublished\":\"2010-01-20T23:33:46+00:00\",\"dateModified\":\"2010-01-21T00:32:05+00:00\",\"mainEntityOfPage\":{\"@id\":\"https:\/\/www.oarcanjo.net\/site\/musicas-que-falam-em-mudar-nosso-mundo\/\"},\"wordCount\":332,\"commentCount\":0,\"publisher\":{\"@id\":\"https:\/\/www.oarcanjo.net\/site\/#organization\"},\"keywords\":[\"mudar o mundo\"],\"articleSection\":[\"Jovens\"],\"inLanguage\":\"pt-BR\",\"potentialAction\":[{\"@type\":\"CommentAction\",\"name\":\"Comment\",\"target\":[\"https:\/\/www.oarcanjo.net\/site\/musicas-que-falam-em-mudar-nosso-mundo\/#respond\"]}]},{\"@type\":\"WebPage\",\"@id\":\"https:\/\/www.oarcanjo.net\/site\/musicas-que-falam-em-mudar-nosso-mundo\/\",\"url\":\"https:\/\/www.oarcanjo.net\/site\/musicas-que-falam-em-mudar-nosso-mundo\/\",\"name\":\"M\u00fasicas que falam em mudar o nosso mundo - O Arcanjo no ar\",\"isPartOf\":{\"@id\":\"https:\/\/www.oarcanjo.net\/site\/#website\"},\"datePublished\":\"2010-01-20T23:33:46+00:00\",\"dateModified\":\"2010-01-21T00:32:05+00:00\",\"breadcrumb\":{\"@id\":\"https:\/\/www.oarcanjo.net\/site\/musicas-que-falam-em-mudar-nosso-mundo\/#breadcrumb\"},\"inLanguage\":\"pt-BR\",\"potentialAction\":[{\"@type\":\"ReadAction\",\"target\":[\"https:\/\/www.oarcanjo.net\/site\/musicas-que-falam-em-mudar-nosso-mundo\/\"]}]},{\"@type\":\"BreadcrumbList\",\"@id\":\"https:\/\/www.oarcanjo.net\/site\/musicas-que-falam-em-mudar-nosso-mundo\/#breadcrumb\",\"itemListElement\":[{\"@type\":\"ListItem\",\"position\":1,\"name\":\"In\u00edcio\",\"item\":\"https:\/\/www.oarcanjo.net\/site\/\"},{\"@type\":\"ListItem\",\"position\":2,\"name\":\"M\u00fasicas que falam em mudar o nosso mundo\"}]},{\"@type\":\"WebSite\",\"@id\":\"https:\/\/www.oarcanjo.net\/site\/#website\",\"url\":\"https:\/\/www.oarcanjo.net\/site\/\",\"name\":\"O Arcanjo no ar\",\"description\":\"Site da Par\u00f3quia S\u00e3o Miguel Arcanjo (Arquidiocese de SP)\",\"publisher\":{\"@id\":\"https:\/\/www.oarcanjo.net\/site\/#organization\"},\"potentialAction\":[{\"@type\":\"SearchAction\",\"target\":{\"@type\":\"EntryPoint\",\"urlTemplate\":\"https:\/\/www.oarcanjo.net\/site\/?s={search_term_string}\"},\"query-input\":{\"@type\":\"PropertyValueSpecification\",\"valueRequired\":true,\"valueName\":\"search_term_string\"}}],\"inLanguage\":\"pt-BR\"},{\"@type\":\"Organization\",\"@id\":\"https:\/\/www.oarcanjo.net\/site\/#organization\",\"name\":\"Par\u00f3quia S\u00e3o Miguel Arcanjo\",\"url\":\"https:\/\/www.oarcanjo.net\/site\/\",\"logo\":{\"@type\":\"ImageObject\",\"inLanguage\":\"pt-BR\",\"@id\":\"https:\/\/www.oarcanjo.net\/site\/#\/schema\/logo\/image\/\",\"url\":\"https:\/\/www.oarcanjo.net\/site\/wp-content\/uploads\/LogoOArcanjo.png\",\"contentUrl\":\"https:\/\/www.oarcanjo.net\/site\/wp-content\/uploads\/LogoOArcanjo.png\",\"width\":319,\"height\":99,\"caption\":\"Par\u00f3quia S\u00e3o Miguel Arcanjo\"},\"image\":{\"@id\":\"https:\/\/www.oarcanjo.net\/site\/#\/schema\/logo\/image\/\"},\"sameAs\":[\"https:\/\/www.facebook.com\/OArcanjoNoAr\/\"]},{\"@type\":\"Person\",\"@id\":\"https:\/\/www.oarcanjo.net\/site\/#\/schema\/person\/e54a5c62347067e278a5d0cf64f6a6e6\",\"name\":\"mariana\"}]}<\/script>\n<!-- \/ Yoast SEO plugin. -->","yoast_head_json":{"title":"M\u00fasicas que falam em mudar o nosso mundo  - O Arcanjo no ar","robots":{"index":"index","follow":"follow","max-snippet":"max-snippet:-1","max-image-preview":"max-image-preview:large","max-video-preview":"max-video-preview:-1"},"canonical":"https:\/\/www.oarcanjo.net\/site\/musicas-que-falam-em-mudar-nosso-mundo\/","og_locale":"pt_BR","og_type":"article","og_title":"M\u00fasicas que falam em mudar o nosso mundo  - O Arcanjo no ar","og_description":"Est\u00e1 m\u00fasica \u00e9 do cantor,dan\u00e7arino e compositor Michael Jackson,est\u00e1 m\u00fasica fala que\u00a0estamos indo mudar o mundo e isso mesmo estamos fazendo e daqui um tempo teremos mudado completamente nosso mundo.E esse dia ser\u00e1 o dia mais feliz de nossas vidas,Deus ficar\u00e1 orgulhoso de n\u00f3s\u00a0por ter corrigido os erros presentes que tanto faziam mal a todos.Deus [&hellip;]","og_url":"https:\/\/www.oarcanjo.net\/site\/musicas-que-falam-em-mudar-nosso-mundo\/","og_site_name":"O Arcanjo no ar","article_publisher":"https:\/\/www.facebook.com\/OArcanjoNoAr\/","article_published_time":"2010-01-20T23:33:46+00:00","article_modified_time":"2010-01-21T00:32:05+00:00","og_image":[{"width":300,"height":300,"url":"https:\/\/www.oarcanjo.net\/site\/wp-content\/uploads\/logo-o-arcanjo-no-ar-facebook.png","type":"image\/png"}],"author":"mariana","twitter_card":"summary_large_image","twitter_misc":{"Escrito por":"mariana","Est. tempo de leitura":"2 minutos"},"schema":{"@context":"https:\/\/schema.org","@graph":[{"@type":"Article","@id":"https:\/\/www.oarcanjo.net\/site\/musicas-que-falam-em-mudar-nosso-mundo\/#article","isPartOf":{"@id":"https:\/\/www.oarcanjo.net\/site\/musicas-que-falam-em-mudar-nosso-mundo\/"},"author":{"name":"mariana","@id":"https:\/\/www.oarcanjo.net\/site\/#\/schema\/person\/e54a5c62347067e278a5d0cf64f6a6e6"},"headline":"M\u00fasicas que falam em mudar o nosso mundo","datePublished":"2010-01-20T23:33:46+00:00","dateModified":"2010-01-21T00:32:05+00:00","mainEntityOfPage":{"@id":"https:\/\/www.oarcanjo.net\/site\/musicas-que-falam-em-mudar-nosso-mundo\/"},"wordCount":332,"commentCount":0,"publisher":{"@id":"https:\/\/www.oarcanjo.net\/site\/#organization"},"keywords":["mudar o mundo"],"articleSection":["Jovens"],"inLanguage":"pt-BR","potentialAction":[{"@type":"CommentAction","name":"Comment","target":["https:\/\/www.oarcanjo.net\/site\/musicas-que-falam-em-mudar-nosso-mundo\/#respond"]}]},{"@type":"WebPage","@id":"https:\/\/www.oarcanjo.net\/site\/musicas-que-falam-em-mudar-nosso-mundo\/","url":"https:\/\/www.oarcanjo.net\/site\/musicas-que-falam-em-mudar-nosso-mundo\/","name":"M\u00fasicas que falam em mudar o nosso mundo - O Arcanjo no ar","isPartOf":{"@id":"https:\/\/www.oarcanjo.net\/site\/#website"},"datePublished":"2010-01-20T23:33:46+00:00","dateModified":"2010-01-21T00:32:05+00:00","breadcrumb":{"@id":"https:\/\/www.oarcanjo.net\/site\/musicas-que-falam-em-mudar-nosso-mundo\/#breadcrumb"},"inLanguage":"pt-BR","potentialAction":[{"@type":"ReadAction","target":["https:\/\/www.oarcanjo.net\/site\/musicas-que-falam-em-mudar-nosso-mundo\/"]}]},{"@type":"BreadcrumbList","@id":"https:\/\/www.oarcanjo.net\/site\/musicas-que-falam-em-mudar-nosso-mundo\/#breadcrumb","itemListElement":[{"@type":"ListItem","position":1,"name":"In\u00edcio","item":"https:\/\/www.oarcanjo.net\/site\/"},{"@type":"ListItem","position":2,"name":"M\u00fasicas que falam em mudar o nosso mundo"}]},{"@type":"WebSite","@id":"https:\/\/www.oarcanjo.net\/site\/#website","url":"https:\/\/www.oarcanjo.net\/site\/","name":"O Arcanjo no ar","description":"Site da Par\u00f3quia S\u00e3o Miguel Arcanjo (Arquidiocese de SP)","publisher":{"@id":"https:\/\/www.oarcanjo.net\/site\/#organization"},"potentialAction":[{"@type":"SearchAction","target":{"@type":"EntryPoint","urlTemplate":"https:\/\/www.oarcanjo.net\/site\/?s={search_term_string}"},"query-input":{"@type":"PropertyValueSpecification","valueRequired":true,"valueName":"search_term_string"}}],"inLanguage":"pt-BR"},{"@type":"Organization","@id":"https:\/\/www.oarcanjo.net\/site\/#organization","name":"Par\u00f3quia S\u00e3o Miguel Arcanjo","url":"https:\/\/www.oarcanjo.net\/site\/","logo":{"@type":"ImageObject","inLanguage":"pt-BR","@id":"https:\/\/www.oarcanjo.net\/site\/#\/schema\/logo\/image\/","url":"https:\/\/www.oarcanjo.net\/site\/wp-content\/uploads\/LogoOArcanjo.png","contentUrl":"https:\/\/www.oarcanjo.net\/site\/wp-content\/uploads\/LogoOArcanjo.png","width":319,"height":99,"caption":"Par\u00f3quia S\u00e3o Miguel Arcanjo"},"image":{"@id":"https:\/\/www.oarcanjo.net\/site\/#\/schema\/logo\/image\/"},"sameAs":["https:\/\/www.facebook.com\/OArcanjoNoAr\/"]},{"@type":"Person","@id":"https:\/\/www.oarcanjo.net\/site\/#\/schema\/person\/e54a5c62347067e278a5d0cf64f6a6e6","name":"mariana"}]}},"publishpress_future_action":{"enabled":false,"date":"2026-05-07 10:07:21","action":"category","newStatus":"draft","terms":[],"taxonomy":"category"},"publishpress_future_workflow_manual_trigger":{"enabledWorkflows":[]},"_links":{"self":[{"href":"https:\/\/www.oarcanjo.net\/site\/wp-json\/wp\/v2\/posts\/7531"}],"collection":[{"href":"https:\/\/www.oarcanjo.net\/site\/wp-json\/wp\/v2\/posts"}],"about":[{"href":"https:\/\/www.oarcanjo.net\/site\/wp-json\/wp\/v2\/types\/post"}],"author":[{"embeddable":true,"href":"https:\/\/www.oarcanjo.net\/site\/wp-json\/wp\/v2\/users\/12"}],"replies":[{"embeddable":true,"href":"https:\/\/www.oarcanjo.net\/site\/wp-json\/wp\/v2\/comments?post=7531"}],"version-history":[{"count":0,"href":"https:\/\/www.oarcanjo.net\/site\/wp-json\/wp\/v2\/posts\/7531\/revisions"}],"wp:attachment":[{"href":"https:\/\/www.oarcanjo.net\/site\/wp-json\/wp\/v2\/media?parent=7531"}],"wp:term":[{"taxonomy":"category","embeddable":true,"href":"https:\/\/www.oarcanjo.net\/site\/wp-json\/wp\/v2\/categories?post=7531"},{"taxonomy":"post_tag","embeddable":true,"href":"https:\/\/www.oarcanjo.net\/site\/wp-json\/wp\/v2\/tags?post=7531"}],"curies":[{"name":"wp","href":"https:\/\/api.w.org\/{rel}","templated":true}]}}