
{"id":7555,"date":"2010-01-21T19:31:56","date_gmt":"2010-01-21T21:31:56","guid":{"rendered":"http:\/\/www.oarcanjo.net\/site\/?p=7555"},"modified":"2010-01-21T19:31:56","modified_gmt":"2010-01-21T21:31:56","slug":"oracao-para-a-sabedoria-na-acao","status":"publish","type":"post","link":"https:\/\/www.oarcanjo.net\/site\/oracao-para-a-sabedoria-na-acao\/","title":{"rendered":"Ora\u00e7\u00e3o para a sabedoria na a\u00e7\u00e3o"},"content":{"rendered":"<p>Est\u00e1 \u00e9 a ora\u00e7\u00e3o para a sabedoria na a\u00e7\u00e3o:<\/p>\n<p>Senhor,d\u00e1-nos a Sabedoria que julga do alto e prev\u00ea o longe.<\/p>\n<p>D\u00e1 -nos o esp\u00edrito que negligencia o insignificante em favor\u00a0do essencial.<\/p>\n<p>Perante as lutas e os obst\u00e1culos,ensina-nos a n\u00e3o nos perturbarmos nem nos agitarmos,mas vermos,na f\u00e9,o caminho tra\u00e7ado por ti.<\/p>\n<p>D\u00e1-nos a atividade calma,que abrange com um s\u00f3 olhar a totalidade.<\/p>\n<p>Ajuda -nos a\u00a0aceitar a crit\u00edca e a contradi\u00e7\u00e3o.Faze-nos evitar a dispers\u00e3o na desordem.<\/p>\n<p>Faze-nos amar todas as coisas,junto contigo.\u00d3 Deus fonte do ser,une-nos a ti,e tamb\u00e9m a tudo o que ti converge.Am\u00e9m<\/p>\n<div id=\"themify_builder_content-7555\" data-postid=\"7555\" class=\"themify_builder_content themify_builder_content-7555 themify_builder themify_builder_front\">\n\t<\/div>\n<!-- \/themify_builder_content -->","protected":false},"excerpt":{"rendered":"<p>Est\u00e1 \u00e9 a ora\u00e7\u00e3o para a sabedoria na a\u00e7\u00e3o: Senhor,d\u00e1-nos a Sabedoria que julga do alto e prev\u00ea o longe. D\u00e1 -nos o esp\u00edrito que negligencia o insignificante em favor\u00a0do essencial. Perante as lutas e os obst\u00e1culos,ensina-nos a n\u00e3o nos perturbarmos nem nos agitarmos,mas vermos,na f\u00e9,o caminho tra\u00e7ado por ti. D\u00e1-nos a atividade calma,que abrange [&hellip;]<\/p>\n","protected":false},"author":12,"featured_media":0,"comment_status":"open","ping_status":"open","sticky":false,"template":"","format":"standard","meta":{"ngg_post_thumbnail":0,"footnotes":""},"categories":[395],"tags":[14],"yoast_head":"<!-- This site is optimized with the Yoast SEO plugin v23.5 - https:\/\/yoast.com\/wordpress\/plugins\/seo\/ -->\n<title>Ora\u00e7\u00e3o para a sabedoria na a\u00e7\u00e3o - O Arcanjo no ar<\/title>\n<meta name=\"robots\" content=\"index, follow, max-snippet:-1, max-image-preview:large, max-video-preview:-1\" \/>\n<link rel=\"canonical\" href=\"https:\/\/www.oarcanjo.net\/site\/oracao-para-a-sabedoria-na-acao\/\" \/>\n<meta property=\"og:locale\" content=\"pt_BR\" \/>\n<meta property=\"og:type\" content=\"article\" \/>\n<meta property=\"og:title\" content=\"Ora\u00e7\u00e3o para a sabedoria na a\u00e7\u00e3o - O Arcanjo no ar\" \/>\n<meta property=\"og:description\" content=\"Est\u00e1 \u00e9 a ora\u00e7\u00e3o para a sabedoria na a\u00e7\u00e3o: Senhor,d\u00e1-nos a Sabedoria que julga do alto e prev\u00ea o longe. D\u00e1 -nos o esp\u00edrito que negligencia o insignificante em favor\u00a0do essencial. Perante as lutas e os obst\u00e1culos,ensina-nos a n\u00e3o nos perturbarmos nem nos agitarmos,mas vermos,na f\u00e9,o caminho tra\u00e7ado por ti. D\u00e1-nos a atividade calma,que abrange [&hellip;]\" \/>\n<meta property=\"og:url\" content=\"https:\/\/www.oarcanjo.net\/site\/oracao-para-a-sabedoria-na-acao\/\" \/>\n<meta property=\"og:site_name\" content=\"O Arcanjo no ar\" \/>\n<meta property=\"article:publisher\" content=\"https:\/\/www.facebook.com\/OArcanjoNoAr\/\" \/>\n<meta property=\"article:published_time\" content=\"2010-01-21T21:31:56+00:00\" \/>\n<meta property=\"og:image\" content=\"https:\/\/www.oarcanjo.net\/site\/wp-content\/uploads\/logo-o-arcanjo-no-ar-facebook.png\" \/>\n\t<meta property=\"og:image:width\" content=\"300\" \/>\n\t<meta property=\"og:image:height\" content=\"300\" \/>\n\t<meta property=\"og:image:type\" content=\"image\/png\" \/>\n<meta name=\"author\" content=\"mariana\" \/>\n<meta name=\"twitter:card\" content=\"summary_large_image\" \/>\n<meta name=\"twitter:label1\" content=\"Escrito por\" \/>\n\t<meta name=\"twitter:data1\" content=\"mariana\" \/>\n\t<meta name=\"twitter:label2\" content=\"Est. tempo de leitura\" \/>\n\t<meta name=\"twitter:data2\" content=\"1 minuto\" \/>\n<script type=\"application\/ld+json\" class=\"yoast-schema-graph\">{\"@context\":\"https:\/\/schema.org\",\"@graph\":[{\"@type\":\"Article\",\"@id\":\"https:\/\/www.oarcanjo.net\/site\/oracao-para-a-sabedoria-na-acao\/#article\",\"isPartOf\":{\"@id\":\"https:\/\/www.oarcanjo.net\/site\/oracao-para-a-sabedoria-na-acao\/\"},\"author\":{\"name\":\"mariana\",\"@id\":\"https:\/\/www.oarcanjo.net\/site\/#\/schema\/person\/e54a5c62347067e278a5d0cf64f6a6e6\"},\"headline\":\"Ora\u00e7\u00e3o para a sabedoria na a\u00e7\u00e3o\",\"datePublished\":\"2010-01-21T21:31:56+00:00\",\"dateModified\":\"2010-01-21T21:31:56+00:00\",\"mainEntityOfPage\":{\"@id\":\"https:\/\/www.oarcanjo.net\/site\/oracao-para-a-sabedoria-na-acao\/\"},\"wordCount\":126,\"commentCount\":0,\"publisher\":{\"@id\":\"https:\/\/www.oarcanjo.net\/site\/#organization\"},\"keywords\":[\"ora\u00e7\u00e3o\"],\"articleSection\":[\"Jovens\"],\"inLanguage\":\"pt-BR\",\"potentialAction\":[{\"@type\":\"CommentAction\",\"name\":\"Comment\",\"target\":[\"https:\/\/www.oarcanjo.net\/site\/oracao-para-a-sabedoria-na-acao\/#respond\"]}]},{\"@type\":\"WebPage\",\"@id\":\"https:\/\/www.oarcanjo.net\/site\/oracao-para-a-sabedoria-na-acao\/\",\"url\":\"https:\/\/www.oarcanjo.net\/site\/oracao-para-a-sabedoria-na-acao\/\",\"name\":\"Ora\u00e7\u00e3o para a sabedoria na a\u00e7\u00e3o - O Arcanjo no ar\",\"isPartOf\":{\"@id\":\"https:\/\/www.oarcanjo.net\/site\/#website\"},\"datePublished\":\"2010-01-21T21:31:56+00:00\",\"dateModified\":\"2010-01-21T21:31:56+00:00\",\"breadcrumb\":{\"@id\":\"https:\/\/www.oarcanjo.net\/site\/oracao-para-a-sabedoria-na-acao\/#breadcrumb\"},\"inLanguage\":\"pt-BR\",\"potentialAction\":[{\"@type\":\"ReadAction\",\"target\":[\"https:\/\/www.oarcanjo.net\/site\/oracao-para-a-sabedoria-na-acao\/\"]}]},{\"@type\":\"BreadcrumbList\",\"@id\":\"https:\/\/www.oarcanjo.net\/site\/oracao-para-a-sabedoria-na-acao\/#breadcrumb\",\"itemListElement\":[{\"@type\":\"ListItem\",\"position\":1,\"name\":\"In\u00edcio\",\"item\":\"https:\/\/www.oarcanjo.net\/site\/\"},{\"@type\":\"ListItem\",\"position\":2,\"name\":\"Ora\u00e7\u00e3o para a sabedoria na a\u00e7\u00e3o\"}]},{\"@type\":\"WebSite\",\"@id\":\"https:\/\/www.oarcanjo.net\/site\/#website\",\"url\":\"https:\/\/www.oarcanjo.net\/site\/\",\"name\":\"O Arcanjo no ar\",\"description\":\"Site da Par\u00f3quia S\u00e3o Miguel Arcanjo (Arquidiocese de SP)\",\"publisher\":{\"@id\":\"https:\/\/www.oarcanjo.net\/site\/#organization\"},\"potentialAction\":[{\"@type\":\"SearchAction\",\"target\":{\"@type\":\"EntryPoint\",\"urlTemplate\":\"https:\/\/www.oarcanjo.net\/site\/?s={search_term_string}\"},\"query-input\":{\"@type\":\"PropertyValueSpecification\",\"valueRequired\":true,\"valueName\":\"search_term_string\"}}],\"inLanguage\":\"pt-BR\"},{\"@type\":\"Organization\",\"@id\":\"https:\/\/www.oarcanjo.net\/site\/#organization\",\"name\":\"Par\u00f3quia S\u00e3o Miguel Arcanjo\",\"url\":\"https:\/\/www.oarcanjo.net\/site\/\",\"logo\":{\"@type\":\"ImageObject\",\"inLanguage\":\"pt-BR\",\"@id\":\"https:\/\/www.oarcanjo.net\/site\/#\/schema\/logo\/image\/\",\"url\":\"https:\/\/www.oarcanjo.net\/site\/wp-content\/uploads\/LogoOArcanjo.png\",\"contentUrl\":\"https:\/\/www.oarcanjo.net\/site\/wp-content\/uploads\/LogoOArcanjo.png\",\"width\":319,\"height\":99,\"caption\":\"Par\u00f3quia S\u00e3o Miguel Arcanjo\"},\"image\":{\"@id\":\"https:\/\/www.oarcanjo.net\/site\/#\/schema\/logo\/image\/\"},\"sameAs\":[\"https:\/\/www.facebook.com\/OArcanjoNoAr\/\"]},{\"@type\":\"Person\",\"@id\":\"https:\/\/www.oarcanjo.net\/site\/#\/schema\/person\/e54a5c62347067e278a5d0cf64f6a6e6\",\"name\":\"mariana\"}]}<\/script>\n<!-- \/ Yoast SEO plugin. -->","yoast_head_json":{"title":"Ora\u00e7\u00e3o para a sabedoria na a\u00e7\u00e3o - O Arcanjo no ar","robots":{"index":"index","follow":"follow","max-snippet":"max-snippet:-1","max-image-preview":"max-image-preview:large","max-video-preview":"max-video-preview:-1"},"canonical":"https:\/\/www.oarcanjo.net\/site\/oracao-para-a-sabedoria-na-acao\/","og_locale":"pt_BR","og_type":"article","og_title":"Ora\u00e7\u00e3o para a sabedoria na a\u00e7\u00e3o - O Arcanjo no ar","og_description":"Est\u00e1 \u00e9 a ora\u00e7\u00e3o para a sabedoria na a\u00e7\u00e3o: Senhor,d\u00e1-nos a Sabedoria que julga do alto e prev\u00ea o longe. D\u00e1 -nos o esp\u00edrito que negligencia o insignificante em favor\u00a0do essencial. Perante as lutas e os obst\u00e1culos,ensina-nos a n\u00e3o nos perturbarmos nem nos agitarmos,mas vermos,na f\u00e9,o caminho tra\u00e7ado por ti. D\u00e1-nos a atividade calma,que abrange [&hellip;]","og_url":"https:\/\/www.oarcanjo.net\/site\/oracao-para-a-sabedoria-na-acao\/","og_site_name":"O Arcanjo no ar","article_publisher":"https:\/\/www.facebook.com\/OArcanjoNoAr\/","article_published_time":"2010-01-21T21:31:56+00:00","og_image":[{"width":300,"height":300,"url":"https:\/\/www.oarcanjo.net\/site\/wp-content\/uploads\/logo-o-arcanjo-no-ar-facebook.png","type":"image\/png"}],"author":"mariana","twitter_card":"summary_large_image","twitter_misc":{"Escrito por":"mariana","Est. tempo de leitura":"1 minuto"},"schema":{"@context":"https:\/\/schema.org","@graph":[{"@type":"Article","@id":"https:\/\/www.oarcanjo.net\/site\/oracao-para-a-sabedoria-na-acao\/#article","isPartOf":{"@id":"https:\/\/www.oarcanjo.net\/site\/oracao-para-a-sabedoria-na-acao\/"},"author":{"name":"mariana","@id":"https:\/\/www.oarcanjo.net\/site\/#\/schema\/person\/e54a5c62347067e278a5d0cf64f6a6e6"},"headline":"Ora\u00e7\u00e3o para a sabedoria na a\u00e7\u00e3o","datePublished":"2010-01-21T21:31:56+00:00","dateModified":"2010-01-21T21:31:56+00:00","mainEntityOfPage":{"@id":"https:\/\/www.oarcanjo.net\/site\/oracao-para-a-sabedoria-na-acao\/"},"wordCount":126,"commentCount":0,"publisher":{"@id":"https:\/\/www.oarcanjo.net\/site\/#organization"},"keywords":["ora\u00e7\u00e3o"],"articleSection":["Jovens"],"inLanguage":"pt-BR","potentialAction":[{"@type":"CommentAction","name":"Comment","target":["https:\/\/www.oarcanjo.net\/site\/oracao-para-a-sabedoria-na-acao\/#respond"]}]},{"@type":"WebPage","@id":"https:\/\/www.oarcanjo.net\/site\/oracao-para-a-sabedoria-na-acao\/","url":"https:\/\/www.oarcanjo.net\/site\/oracao-para-a-sabedoria-na-acao\/","name":"Ora\u00e7\u00e3o para a sabedoria na a\u00e7\u00e3o - O Arcanjo no ar","isPartOf":{"@id":"https:\/\/www.oarcanjo.net\/site\/#website"},"datePublished":"2010-01-21T21:31:56+00:00","dateModified":"2010-01-21T21:31:56+00:00","breadcrumb":{"@id":"https:\/\/www.oarcanjo.net\/site\/oracao-para-a-sabedoria-na-acao\/#breadcrumb"},"inLanguage":"pt-BR","potentialAction":[{"@type":"ReadAction","target":["https:\/\/www.oarcanjo.net\/site\/oracao-para-a-sabedoria-na-acao\/"]}]},{"@type":"BreadcrumbList","@id":"https:\/\/www.oarcanjo.net\/site\/oracao-para-a-sabedoria-na-acao\/#breadcrumb","itemListElement":[{"@type":"ListItem","position":1,"name":"In\u00edcio","item":"https:\/\/www.oarcanjo.net\/site\/"},{"@type":"ListItem","position":2,"name":"Ora\u00e7\u00e3o para a sabedoria na a\u00e7\u00e3o"}]},{"@type":"WebSite","@id":"https:\/\/www.oarcanjo.net\/site\/#website","url":"https:\/\/www.oarcanjo.net\/site\/","name":"O Arcanjo no ar","description":"Site da Par\u00f3quia S\u00e3o Miguel Arcanjo (Arquidiocese de SP)","publisher":{"@id":"https:\/\/www.oarcanjo.net\/site\/#organization"},"potentialAction":[{"@type":"SearchAction","target":{"@type":"EntryPoint","urlTemplate":"https:\/\/www.oarcanjo.net\/site\/?s={search_term_string}"},"query-input":{"@type":"PropertyValueSpecification","valueRequired":true,"valueName":"search_term_string"}}],"inLanguage":"pt-BR"},{"@type":"Organization","@id":"https:\/\/www.oarcanjo.net\/site\/#organization","name":"Par\u00f3quia S\u00e3o Miguel Arcanjo","url":"https:\/\/www.oarcanjo.net\/site\/","logo":{"@type":"ImageObject","inLanguage":"pt-BR","@id":"https:\/\/www.oarcanjo.net\/site\/#\/schema\/logo\/image\/","url":"https:\/\/www.oarcanjo.net\/site\/wp-content\/uploads\/LogoOArcanjo.png","contentUrl":"https:\/\/www.oarcanjo.net\/site\/wp-content\/uploads\/LogoOArcanjo.png","width":319,"height":99,"caption":"Par\u00f3quia S\u00e3o Miguel Arcanjo"},"image":{"@id":"https:\/\/www.oarcanjo.net\/site\/#\/schema\/logo\/image\/"},"sameAs":["https:\/\/www.facebook.com\/OArcanjoNoAr\/"]},{"@type":"Person","@id":"https:\/\/www.oarcanjo.net\/site\/#\/schema\/person\/e54a5c62347067e278a5d0cf64f6a6e6","name":"mariana"}]}},"publishpress_future_action":{"enabled":false,"date":"2026-05-09 08:24:48","action":"category","newStatus":"draft","terms":[],"taxonomy":"category"},"publishpress_future_workflow_manual_trigger":{"enabledWorkflows":[]},"_links":{"self":[{"href":"https:\/\/www.oarcanjo.net\/site\/wp-json\/wp\/v2\/posts\/7555"}],"collection":[{"href":"https:\/\/www.oarcanjo.net\/site\/wp-json\/wp\/v2\/posts"}],"about":[{"href":"https:\/\/www.oarcanjo.net\/site\/wp-json\/wp\/v2\/types\/post"}],"author":[{"embeddable":true,"href":"https:\/\/www.oarcanjo.net\/site\/wp-json\/wp\/v2\/users\/12"}],"replies":[{"embeddable":true,"href":"https:\/\/www.oarcanjo.net\/site\/wp-json\/wp\/v2\/comments?post=7555"}],"version-history":[{"count":0,"href":"https:\/\/www.oarcanjo.net\/site\/wp-json\/wp\/v2\/posts\/7555\/revisions"}],"wp:attachment":[{"href":"https:\/\/www.oarcanjo.net\/site\/wp-json\/wp\/v2\/media?parent=7555"}],"wp:term":[{"taxonomy":"category","embeddable":true,"href":"https:\/\/www.oarcanjo.net\/site\/wp-json\/wp\/v2\/categories?post=7555"},{"taxonomy":"post_tag","embeddable":true,"href":"https:\/\/www.oarcanjo.net\/site\/wp-json\/wp\/v2\/tags?post=7555"}],"curies":[{"name":"wp","href":"https:\/\/api.w.org\/{rel}","templated":true}]}}