
{"id":7569,"date":"2017-02-01T00:47:11","date_gmt":"2017-02-01T02:47:11","guid":{"rendered":"http:\/\/www.oarcanjo.net\/site\/?p=7569"},"modified":"2016-12-27T06:25:53","modified_gmt":"2016-12-27T08:25:53","slug":"santa-brigida-da-irlanda-kildare","status":"publish","type":"post","link":"https:\/\/www.oarcanjo.net\/site\/santa-brigida-da-irlanda-kildare\/","title":{"rendered":"Santa Br\u00edgida da Irlanda (Kildare)"},"content":{"rendered":"<p><img loading=\"lazy\" decoding=\"async\" class=\"alignnone size-full wp-image-58880\" src=\"http:\/\/www.oarcanjo.net\/site\/wp-content\/uploads\/Santa-Brigida-da-Irlanda-Kildare.jpg\" alt=\"Santa Br\u00edgida da Irlanda (Kildare)\" width=\"212\" height=\"300\" \/><\/p>\n<p><strong>1 de Fevereiro<\/strong><\/p>\n<p><strong>VIDA DE SANTA BR\u00ccGIDA<br \/>\n<\/strong>\u00a0Alguns anos depois da chegada de S\u00e3o Patr\u00edcio \u00e0 Irlanda, cerca do do ano 450, nasceu uma menina chamada Br\u00edgida. Seu pai era um nobre irland\u00eas chamado Dubthac e sua m\u00e3e chamava-se Brocca e ambos foram convertidos por S\u00e3o Patr\u00edcio.Ela foi convertida como crist\u00e3 ou 468,mas ela foi inspirada pela prega\u00e7\u00e3o de S\u00e3o Patr\u00edcio desde a mais tenra idade. Apesar da oposi\u00e7\u00e3o do seu pai, ela era determinada a entrar na vida religiosa. V\u00e1rias testemunhos atestam a sua grande piedade.Ela tinha um cora\u00e7\u00e3o generoso e nunca poderia recusar nada a um pobre, que vinha para a porta do pai.Sua caridade irritava seu pai: ele pensava que ela estava a ser demasiadamente generosa para os pobres e necessitados, quando ela distribuia seu leite e farinha para todos.<\/p>\n<p>&nbsp;<\/p>\n<p>\u00c0 medida que Br\u00edgida crescia, o seu amor por Jesus aumentava. Procurava-O entre os pobres e muitas vezes levava-lhes comida e roupas.<\/p>\n<p>Conta-se que um dia deu um balde cheio de leite. Depois ficou preocupada com o que sua m\u00e3e iria dizer quando desse por falta do leite. Rezou ao Senhor e pediu-Lhe que repusesse o que ela tinha dado. Quando chegou a casa, o balde estaria e novo cheio.<\/p>\n<p>Br\u00edgida era muito bonita Seu pai achava que tinha chegado a altura certa para que se casasse Ela, no entanto, havia decidido no seu cora\u00e7\u00e3o entregar-se totalmente a Deus Nosso Senhor, n\u00e3o querendo portanto contrair matrim\u00f3nio.<\/p>\n<p>Quando se apercebeu que a sua beleza era o motivo pelo qual os rapazes se sentirem atra\u00eddos por ela, pediu ao Senhor que a sua beleza lhe fosse retirada e foi atendida<\/p>\n<p>Ao constatar que a filha j\u00e1 n\u00e3o era bonita com anteriormente, seu o pai de bom gosto acedeu a que ela se tornasse freira, seguindo assim a sua voca\u00e7\u00e3o para a vida religiosa. Fundou o Mosteiro de Kildare para acolher outras jovens que desejassem seguir o seu exemplo.<\/p>\n<p>Consta que ap\u00f3s a sua consagra\u00e7\u00e3o ao Senhor, um novo milagre voltou a acontecer, Br\u00edgida recuperou a sua beleza! Muitos viam-na como a imagem id\u00eantica a Nossa Senhora pela sua gentileza e caridade. Alguns chamavam-lhe \u201cMaria dos irlandeses\u201d<\/p>\n<p>&nbsp;<\/p>\n<p><strong><strong>QUANDO MORREU<\/strong><\/strong><\/p>\n<p>Ela morreu em Kildare em torno de 525 e foi enterrada em um t\u00famulo na igreja de sua abadia. Depois de algum tempo ela foi transporta para Downpatrick com os restos dos outros dois santos padroeiros da Irlanda, Patricio e Columba. Seu cr\u00e2nio foi extra\u00eddo e levado \u00e0 Igreja de S\u00e3o Jo\u00e3o Batista de Lisboa, Portugal, por tr\u00eas irlandeses nobres, onde permanece ate hoje. H\u00e1 uma ampla devo\u00e7\u00e3o a ela na Irlanda, onde ela \u00e9 conhecida como a \u201cMaria do Gael\u201d e seu culto foi trazido para a Europa pelos mission\u00e1rios irlandeses, nos s\u00e9culos depois da sua morte. Na B\u00e9lgica, existe uma capela dedicada a Santa Br\u00edgida em Fosses-la-Ville.<\/p>\n<p>A Cruz de Santa Brigida<\/p>\n<p><a href=\"http:\/\/upload.wikimedia.org\/wikipedia\/commons\/b\/bd\/Saint_Brigid%27s_cross.jpg\"><img loading=\"lazy\" decoding=\"async\" src=\"http:\/\/upload.wikimedia.org\/wikipedia\/commons\/thumb\/b\/bd\/Saint_Brigid%27s_cross.jpg\/618px-Saint_Brigid%27s_cross.jpg\" alt=\"Ficheiro:Saint Brigid's cross.jpg\" width=\"278\" height=\"309\" \/><\/a><\/p>\n<p>A lenda conta que ela fez a cruz e colocou-a no ch\u00e3o ao lado de um homem \u00e0 morrer, a fim de convert\u00ea-lo. \u00c9 interessante notar que essa lenda n\u00e3o aparece em nenhuma das fontes mais antigas e at\u00e9 hoje sua origem continua perdida na tradi\u00e7\u00e3o oral.A cruz continua sendo costume em muitas casas, na Irlanda em honra a santa. A cruz assume muitas formas e \u00e9 tecnicamente classificada pelos especialistas como um of\u00edcio do povo embora as tecnologias utilizadas. Segundo a tradi\u00e7\u00e3o uma nova cruz \u00e9 feita cada dia de Santa Br\u00edgida(1 de Fevereiro), bem como as antigas s\u00e3o queimada.Alguns acreditam que manter uma cruz no teto \u00e9 uma boa maneira de preservar a casa de inc\u00eandios, que foi sempre uma grande amea\u00e7a a casas com constru\u00e7\u00e3o com madeira.<\/p>\n<div id=\"themify_builder_content-7569\" data-postid=\"7569\" class=\"themify_builder_content themify_builder_content-7569 themify_builder themify_builder_front\">\n\t<\/div>\n<!-- \/themify_builder_content -->","protected":false},"excerpt":{"rendered":"<p>1 de Fevereiro VIDA DE SANTA BR\u00ccGIDA \u00a0Alguns anos depois da chegada de S\u00e3o Patr\u00edcio \u00e0 Irlanda, cerca do do ano 450, nasceu uma menina chamada Br\u00edgida. Seu pai era um nobre irland\u00eas chamado Dubthac e sua m\u00e3e chamava-se Brocca e ambos foram convertidos por S\u00e3o Patr\u00edcio.Ela foi convertida como crist\u00e3 ou 468,mas ela foi [&hellip;]<\/p>\n","protected":false},"author":14,"featured_media":0,"comment_status":"open","ping_status":"open","sticky":false,"template":"","format":"standard","meta":{"ngg_post_thumbnail":0,"footnotes":""},"categories":[186],"tags":[1449,1448],"yoast_head":"<!-- This site is optimized with the Yoast SEO plugin v23.5 - https:\/\/yoast.com\/wordpress\/plugins\/seo\/ -->\n<title>Santa Br\u00edgida da Irlanda (Kildare) - O Arcanjo no ar<\/title>\n<meta name=\"robots\" content=\"index, follow, max-snippet:-1, max-image-preview:large, max-video-preview:-1\" \/>\n<link rel=\"canonical\" href=\"https:\/\/www.oarcanjo.net\/site\/santa-brigida-da-irlanda-kildare\/\" \/>\n<meta property=\"og:locale\" content=\"pt_BR\" \/>\n<meta property=\"og:type\" content=\"article\" \/>\n<meta property=\"og:title\" content=\"Santa Br\u00edgida da Irlanda (Kildare) - O Arcanjo no ar\" \/>\n<meta property=\"og:description\" content=\"1 de Fevereiro VIDA DE SANTA BR\u00ccGIDA \u00a0Alguns anos depois da chegada de S\u00e3o Patr\u00edcio \u00e0 Irlanda, cerca do do ano 450, nasceu uma menina chamada Br\u00edgida. Seu pai era um nobre irland\u00eas chamado Dubthac e sua m\u00e3e chamava-se Brocca e ambos foram convertidos por S\u00e3o Patr\u00edcio.Ela foi convertida como crist\u00e3 ou 468,mas ela foi [&hellip;]\" \/>\n<meta property=\"og:url\" content=\"https:\/\/www.oarcanjo.net\/site\/santa-brigida-da-irlanda-kildare\/\" \/>\n<meta property=\"og:site_name\" content=\"O Arcanjo no ar\" \/>\n<meta property=\"article:publisher\" content=\"https:\/\/www.facebook.com\/OArcanjoNoAr\/\" \/>\n<meta property=\"article:published_time\" content=\"2017-02-01T02:47:11+00:00\" \/>\n<meta property=\"article:modified_time\" content=\"2016-12-27T08:25:53+00:00\" \/>\n<meta property=\"og:image\" content=\"http:\/\/www.oarcanjo.net\/site\/wp-content\/uploads\/Santa-Brigida-da-Irlanda-Kildare.jpg\" \/>\n<meta name=\"author\" content=\"danilo\" \/>\n<meta name=\"twitter:card\" content=\"summary_large_image\" \/>\n<meta name=\"twitter:label1\" content=\"Escrito por\" \/>\n\t<meta name=\"twitter:data1\" content=\"danilo\" \/>\n\t<meta name=\"twitter:label2\" content=\"Est. tempo de leitura\" \/>\n\t<meta name=\"twitter:data2\" content=\"3 minutos\" \/>\n<script type=\"application\/ld+json\" class=\"yoast-schema-graph\">{\"@context\":\"https:\/\/schema.org\",\"@graph\":[{\"@type\":\"Article\",\"@id\":\"https:\/\/www.oarcanjo.net\/site\/santa-brigida-da-irlanda-kildare\/#article\",\"isPartOf\":{\"@id\":\"https:\/\/www.oarcanjo.net\/site\/santa-brigida-da-irlanda-kildare\/\"},\"author\":{\"name\":\"danilo\",\"@id\":\"https:\/\/www.oarcanjo.net\/site\/#\/schema\/person\/5eb9480bedd2f3c97e430ce128c29c6c\"},\"headline\":\"Santa Br\u00edgida da Irlanda (Kildare)\",\"datePublished\":\"2017-02-01T02:47:11+00:00\",\"dateModified\":\"2016-12-27T08:25:53+00:00\",\"mainEntityOfPage\":{\"@id\":\"https:\/\/www.oarcanjo.net\/site\/santa-brigida-da-irlanda-kildare\/\"},\"wordCount\":653,\"commentCount\":8,\"publisher\":{\"@id\":\"https:\/\/www.oarcanjo.net\/site\/#organization\"},\"image\":{\"@id\":\"https:\/\/www.oarcanjo.net\/site\/santa-brigida-da-irlanda-kildare\/#primaryimage\"},\"thumbnailUrl\":\"http:\/\/www.oarcanjo.net\/site\/wp-content\/uploads\/Santa-Brigida-da-Irlanda-Kildare.jpg\",\"keywords\":[\"Kildare\",\"Santa Br\u00edgida da Irlanda\"],\"articleSection\":[\"Testemunhos\"],\"inLanguage\":\"pt-BR\",\"potentialAction\":[{\"@type\":\"CommentAction\",\"name\":\"Comment\",\"target\":[\"https:\/\/www.oarcanjo.net\/site\/santa-brigida-da-irlanda-kildare\/#respond\"]}]},{\"@type\":\"WebPage\",\"@id\":\"https:\/\/www.oarcanjo.net\/site\/santa-brigida-da-irlanda-kildare\/\",\"url\":\"https:\/\/www.oarcanjo.net\/site\/santa-brigida-da-irlanda-kildare\/\",\"name\":\"Santa Br\u00edgida da Irlanda (Kildare) - O Arcanjo no ar\",\"isPartOf\":{\"@id\":\"https:\/\/www.oarcanjo.net\/site\/#website\"},\"primaryImageOfPage\":{\"@id\":\"https:\/\/www.oarcanjo.net\/site\/santa-brigida-da-irlanda-kildare\/#primaryimage\"},\"image\":{\"@id\":\"https:\/\/www.oarcanjo.net\/site\/santa-brigida-da-irlanda-kildare\/#primaryimage\"},\"thumbnailUrl\":\"http:\/\/www.oarcanjo.net\/site\/wp-content\/uploads\/Santa-Brigida-da-Irlanda-Kildare.jpg\",\"datePublished\":\"2017-02-01T02:47:11+00:00\",\"dateModified\":\"2016-12-27T08:25:53+00:00\",\"breadcrumb\":{\"@id\":\"https:\/\/www.oarcanjo.net\/site\/santa-brigida-da-irlanda-kildare\/#breadcrumb\"},\"inLanguage\":\"pt-BR\",\"potentialAction\":[{\"@type\":\"ReadAction\",\"target\":[\"https:\/\/www.oarcanjo.net\/site\/santa-brigida-da-irlanda-kildare\/\"]}]},{\"@type\":\"ImageObject\",\"inLanguage\":\"pt-BR\",\"@id\":\"https:\/\/www.oarcanjo.net\/site\/santa-brigida-da-irlanda-kildare\/#primaryimage\",\"url\":\"https:\/\/www.oarcanjo.net\/site\/wp-content\/uploads\/Santa-Brigida-da-Irlanda-Kildare.jpg\",\"contentUrl\":\"https:\/\/www.oarcanjo.net\/site\/wp-content\/uploads\/Santa-Brigida-da-Irlanda-Kildare.jpg\",\"width\":212,\"height\":300},{\"@type\":\"BreadcrumbList\",\"@id\":\"https:\/\/www.oarcanjo.net\/site\/santa-brigida-da-irlanda-kildare\/#breadcrumb\",\"itemListElement\":[{\"@type\":\"ListItem\",\"position\":1,\"name\":\"In\u00edcio\",\"item\":\"https:\/\/www.oarcanjo.net\/site\/\"},{\"@type\":\"ListItem\",\"position\":2,\"name\":\"Santa Br\u00edgida da Irlanda (Kildare)\"}]},{\"@type\":\"WebSite\",\"@id\":\"https:\/\/www.oarcanjo.net\/site\/#website\",\"url\":\"https:\/\/www.oarcanjo.net\/site\/\",\"name\":\"O Arcanjo no ar\",\"description\":\"Site da Par\u00f3quia S\u00e3o Miguel Arcanjo (Arquidiocese de SP)\",\"publisher\":{\"@id\":\"https:\/\/www.oarcanjo.net\/site\/#organization\"},\"potentialAction\":[{\"@type\":\"SearchAction\",\"target\":{\"@type\":\"EntryPoint\",\"urlTemplate\":\"https:\/\/www.oarcanjo.net\/site\/?s={search_term_string}\"},\"query-input\":{\"@type\":\"PropertyValueSpecification\",\"valueRequired\":true,\"valueName\":\"search_term_string\"}}],\"inLanguage\":\"pt-BR\"},{\"@type\":\"Organization\",\"@id\":\"https:\/\/www.oarcanjo.net\/site\/#organization\",\"name\":\"Par\u00f3quia S\u00e3o Miguel Arcanjo\",\"url\":\"https:\/\/www.oarcanjo.net\/site\/\",\"logo\":{\"@type\":\"ImageObject\",\"inLanguage\":\"pt-BR\",\"@id\":\"https:\/\/www.oarcanjo.net\/site\/#\/schema\/logo\/image\/\",\"url\":\"https:\/\/www.oarcanjo.net\/site\/wp-content\/uploads\/LogoOArcanjo.png\",\"contentUrl\":\"https:\/\/www.oarcanjo.net\/site\/wp-content\/uploads\/LogoOArcanjo.png\",\"width\":319,\"height\":99,\"caption\":\"Par\u00f3quia S\u00e3o Miguel Arcanjo\"},\"image\":{\"@id\":\"https:\/\/www.oarcanjo.net\/site\/#\/schema\/logo\/image\/\"},\"sameAs\":[\"https:\/\/www.facebook.com\/OArcanjoNoAr\/\"]},{\"@type\":\"Person\",\"@id\":\"https:\/\/www.oarcanjo.net\/site\/#\/schema\/person\/5eb9480bedd2f3c97e430ce128c29c6c\",\"name\":\"danilo\"}]}<\/script>\n<!-- \/ Yoast SEO plugin. -->","yoast_head_json":{"title":"Santa Br\u00edgida da Irlanda (Kildare) - O Arcanjo no ar","robots":{"index":"index","follow":"follow","max-snippet":"max-snippet:-1","max-image-preview":"max-image-preview:large","max-video-preview":"max-video-preview:-1"},"canonical":"https:\/\/www.oarcanjo.net\/site\/santa-brigida-da-irlanda-kildare\/","og_locale":"pt_BR","og_type":"article","og_title":"Santa Br\u00edgida da Irlanda (Kildare) - O Arcanjo no ar","og_description":"1 de Fevereiro VIDA DE SANTA BR\u00ccGIDA \u00a0Alguns anos depois da chegada de S\u00e3o Patr\u00edcio \u00e0 Irlanda, cerca do do ano 450, nasceu uma menina chamada Br\u00edgida. Seu pai era um nobre irland\u00eas chamado Dubthac e sua m\u00e3e chamava-se Brocca e ambos foram convertidos por S\u00e3o Patr\u00edcio.Ela foi convertida como crist\u00e3 ou 468,mas ela foi [&hellip;]","og_url":"https:\/\/www.oarcanjo.net\/site\/santa-brigida-da-irlanda-kildare\/","og_site_name":"O Arcanjo no ar","article_publisher":"https:\/\/www.facebook.com\/OArcanjoNoAr\/","article_published_time":"2017-02-01T02:47:11+00:00","article_modified_time":"2016-12-27T08:25:53+00:00","og_image":[{"url":"http:\/\/www.oarcanjo.net\/site\/wp-content\/uploads\/Santa-Brigida-da-Irlanda-Kildare.jpg"}],"author":"danilo","twitter_card":"summary_large_image","twitter_misc":{"Escrito por":"danilo","Est. tempo de leitura":"3 minutos"},"schema":{"@context":"https:\/\/schema.org","@graph":[{"@type":"Article","@id":"https:\/\/www.oarcanjo.net\/site\/santa-brigida-da-irlanda-kildare\/#article","isPartOf":{"@id":"https:\/\/www.oarcanjo.net\/site\/santa-brigida-da-irlanda-kildare\/"},"author":{"name":"danilo","@id":"https:\/\/www.oarcanjo.net\/site\/#\/schema\/person\/5eb9480bedd2f3c97e430ce128c29c6c"},"headline":"Santa Br\u00edgida da Irlanda (Kildare)","datePublished":"2017-02-01T02:47:11+00:00","dateModified":"2016-12-27T08:25:53+00:00","mainEntityOfPage":{"@id":"https:\/\/www.oarcanjo.net\/site\/santa-brigida-da-irlanda-kildare\/"},"wordCount":653,"commentCount":8,"publisher":{"@id":"https:\/\/www.oarcanjo.net\/site\/#organization"},"image":{"@id":"https:\/\/www.oarcanjo.net\/site\/santa-brigida-da-irlanda-kildare\/#primaryimage"},"thumbnailUrl":"http:\/\/www.oarcanjo.net\/site\/wp-content\/uploads\/Santa-Brigida-da-Irlanda-Kildare.jpg","keywords":["Kildare","Santa Br\u00edgida da Irlanda"],"articleSection":["Testemunhos"],"inLanguage":"pt-BR","potentialAction":[{"@type":"CommentAction","name":"Comment","target":["https:\/\/www.oarcanjo.net\/site\/santa-brigida-da-irlanda-kildare\/#respond"]}]},{"@type":"WebPage","@id":"https:\/\/www.oarcanjo.net\/site\/santa-brigida-da-irlanda-kildare\/","url":"https:\/\/www.oarcanjo.net\/site\/santa-brigida-da-irlanda-kildare\/","name":"Santa Br\u00edgida da Irlanda (Kildare) - O Arcanjo no ar","isPartOf":{"@id":"https:\/\/www.oarcanjo.net\/site\/#website"},"primaryImageOfPage":{"@id":"https:\/\/www.oarcanjo.net\/site\/santa-brigida-da-irlanda-kildare\/#primaryimage"},"image":{"@id":"https:\/\/www.oarcanjo.net\/site\/santa-brigida-da-irlanda-kildare\/#primaryimage"},"thumbnailUrl":"http:\/\/www.oarcanjo.net\/site\/wp-content\/uploads\/Santa-Brigida-da-Irlanda-Kildare.jpg","datePublished":"2017-02-01T02:47:11+00:00","dateModified":"2016-12-27T08:25:53+00:00","breadcrumb":{"@id":"https:\/\/www.oarcanjo.net\/site\/santa-brigida-da-irlanda-kildare\/#breadcrumb"},"inLanguage":"pt-BR","potentialAction":[{"@type":"ReadAction","target":["https:\/\/www.oarcanjo.net\/site\/santa-brigida-da-irlanda-kildare\/"]}]},{"@type":"ImageObject","inLanguage":"pt-BR","@id":"https:\/\/www.oarcanjo.net\/site\/santa-brigida-da-irlanda-kildare\/#primaryimage","url":"https:\/\/www.oarcanjo.net\/site\/wp-content\/uploads\/Santa-Brigida-da-Irlanda-Kildare.jpg","contentUrl":"https:\/\/www.oarcanjo.net\/site\/wp-content\/uploads\/Santa-Brigida-da-Irlanda-Kildare.jpg","width":212,"height":300},{"@type":"BreadcrumbList","@id":"https:\/\/www.oarcanjo.net\/site\/santa-brigida-da-irlanda-kildare\/#breadcrumb","itemListElement":[{"@type":"ListItem","position":1,"name":"In\u00edcio","item":"https:\/\/www.oarcanjo.net\/site\/"},{"@type":"ListItem","position":2,"name":"Santa Br\u00edgida da Irlanda (Kildare)"}]},{"@type":"WebSite","@id":"https:\/\/www.oarcanjo.net\/site\/#website","url":"https:\/\/www.oarcanjo.net\/site\/","name":"O Arcanjo no ar","description":"Site da Par\u00f3quia S\u00e3o Miguel Arcanjo (Arquidiocese de SP)","publisher":{"@id":"https:\/\/www.oarcanjo.net\/site\/#organization"},"potentialAction":[{"@type":"SearchAction","target":{"@type":"EntryPoint","urlTemplate":"https:\/\/www.oarcanjo.net\/site\/?s={search_term_string}"},"query-input":{"@type":"PropertyValueSpecification","valueRequired":true,"valueName":"search_term_string"}}],"inLanguage":"pt-BR"},{"@type":"Organization","@id":"https:\/\/www.oarcanjo.net\/site\/#organization","name":"Par\u00f3quia S\u00e3o Miguel Arcanjo","url":"https:\/\/www.oarcanjo.net\/site\/","logo":{"@type":"ImageObject","inLanguage":"pt-BR","@id":"https:\/\/www.oarcanjo.net\/site\/#\/schema\/logo\/image\/","url":"https:\/\/www.oarcanjo.net\/site\/wp-content\/uploads\/LogoOArcanjo.png","contentUrl":"https:\/\/www.oarcanjo.net\/site\/wp-content\/uploads\/LogoOArcanjo.png","width":319,"height":99,"caption":"Par\u00f3quia S\u00e3o Miguel Arcanjo"},"image":{"@id":"https:\/\/www.oarcanjo.net\/site\/#\/schema\/logo\/image\/"},"sameAs":["https:\/\/www.facebook.com\/OArcanjoNoAr\/"]},{"@type":"Person","@id":"https:\/\/www.oarcanjo.net\/site\/#\/schema\/person\/5eb9480bedd2f3c97e430ce128c29c6c","name":"danilo"}]}},"publishpress_future_action":{"enabled":false,"date":"2026-05-09 05:20:20","action":"category","newStatus":"draft","terms":[],"taxonomy":"category"},"publishpress_future_workflow_manual_trigger":{"enabledWorkflows":[]},"_links":{"self":[{"href":"https:\/\/www.oarcanjo.net\/site\/wp-json\/wp\/v2\/posts\/7569"}],"collection":[{"href":"https:\/\/www.oarcanjo.net\/site\/wp-json\/wp\/v2\/posts"}],"about":[{"href":"https:\/\/www.oarcanjo.net\/site\/wp-json\/wp\/v2\/types\/post"}],"author":[{"embeddable":true,"href":"https:\/\/www.oarcanjo.net\/site\/wp-json\/wp\/v2\/users\/14"}],"replies":[{"embeddable":true,"href":"https:\/\/www.oarcanjo.net\/site\/wp-json\/wp\/v2\/comments?post=7569"}],"version-history":[{"count":0,"href":"https:\/\/www.oarcanjo.net\/site\/wp-json\/wp\/v2\/posts\/7569\/revisions"}],"wp:attachment":[{"href":"https:\/\/www.oarcanjo.net\/site\/wp-json\/wp\/v2\/media?parent=7569"}],"wp:term":[{"taxonomy":"category","embeddable":true,"href":"https:\/\/www.oarcanjo.net\/site\/wp-json\/wp\/v2\/categories?post=7569"},{"taxonomy":"post_tag","embeddable":true,"href":"https:\/\/www.oarcanjo.net\/site\/wp-json\/wp\/v2\/tags?post=7569"}],"curies":[{"name":"wp","href":"https:\/\/api.w.org\/{rel}","templated":true}]}}