
{"id":7571,"date":"2017-02-02T00:53:38","date_gmt":"2017-02-02T02:53:38","guid":{"rendered":"http:\/\/www.oarcanjo.net\/site\/?p=7571"},"modified":"2016-12-27T06:26:09","modified_gmt":"2016-12-27T08:26:09","slug":"bem-aventurada-maria-domenica-mantovani","status":"publish","type":"post","link":"https:\/\/www.oarcanjo.net\/site\/bem-aventurada-maria-domenica-mantovani\/","title":{"rendered":"Bem Aventurada Maria Domenica Mantovani"},"content":{"rendered":"<p><img loading=\"lazy\" decoding=\"async\" class=\"alignnone  wp-image-58874\" src=\"http:\/\/www.oarcanjo.net\/site\/wp-content\/uploads\/Bem-Aventurada-Maria-Domenica-Mantovani.jpg\" alt=\"Bem Aventurada Maria Domenica Mantovani\" width=\"246\" height=\"328\" srcset=\"https:\/\/www.oarcanjo.net\/site\/wp-content\/uploads\/Bem-Aventurada-Maria-Domenica-Mantovani.jpg 338w, https:\/\/www.oarcanjo.net\/site\/wp-content\/uploads\/Bem-Aventurada-Maria-Domenica-Mantovani-225x300.jpg 225w\" sizes=\"(max-width: 246px) 100vw, 246px\" \/><\/p>\n<p>2 de Fevereiro<\/p>\n<p>Fundou a Congrega\u00e7\u00e3o das Pequenas Irm\u00e3s da Sagrada Fam\u00edlia<\/p>\n<p>Maria Domenica, primog\u00eanita de quatro irm\u00e3os, nasceu em Castelletto de Brenzone, em Verona, no dia 12 de novembro de 1862. Teve nos seus pais Jo\u00e3o Batista Mantovani e Prud\u00eancia Zamperini, e no seu av\u00f4, que vivia com eles, a influ\u00eancia profunda de uma fam\u00edlia honesta e crist\u00e3 de trabalhadores simples, piedosos e dignos.<\/p>\n<p>Freq\u00fcentou apenas a escola prim\u00e1ria, por causa da pobreza da fam\u00edlia. Mas a falta de cultura foi compensada pelos dotes de intelig\u00eancia, vontade e grande senso pr\u00e1tico. Desde crian\u00e7a mostrou sua voca\u00e7\u00e3o religiosa e incentivada pelo av\u00f4, dedicava-se \u00e0 ora\u00e7\u00e3o e a tudo o que se referia a Deus. Casa, escola e igreja foram os campos que forjaram o seu car\u00e1ter.<\/p>\n<p>Maria Domenica tinha quinze anos, quando chegou o novo p\u00e1roco Padre Jos\u00e9 Nascimbeni, mais tarde tamb\u00e9m beatificado. Desde ent\u00e3o ele se tomou o seu diretor espiritual, que intuindo seu temperamento generoso, a forte vontade de prosseguir na vida da perfei\u00e7\u00e3o, conduziu-a seguro e l\u00facido, para as mais altas conquistas espirituais. Ela foi a sua primeira colaboradora nas muitas atividades paroquiais. Dedicava-se ao ensino do catecismo \u00e0s crian\u00e7as, visitava e assistia os doentes e os pobres. Inscrita na Pia Uni\u00e3o das Filhas de Maria, foi sempre fiel na observ\u00e2ncia do Regulamento, tornando-se espelho e modelo para suas companheiras.<\/p>\n<p>Assim, aos vinte e quatro anos no dia da Virgem Imaculada da Concei\u00e7\u00e3o, aos 8 de dezembro de 1886, na presen\u00e7a do p\u00e1roco, emitiu os voto de perp\u00e9tua virgindade, dedicando-se completamente \u00e0 Deus e empenhando-se no aux\u00edlio ao p\u00e1roco em todas as suas iniciativas pastorais.<\/p>\n<p>Quando o Padre Nascimbeni, depois de se aconselhar com o Bispo, decidiu fundar uma nova fam\u00edlia religiosa, encontrou em Maria Domenica a sua principal colaboradora e que se tornou sua co-fundadora; junto com outras tr\u00eas jovens. As quatro fizeram um breve noviciado junto \u00e0s Terci\u00e1rias Franciscanas de Verona e em 1892, emitiram a profiss\u00e3o, iniciando em Castelletto o novo Instituto chamado &#8221; Pequenas Irm\u00e3s da Sagrada Fam\u00edlia&#8221;, cujo nome se tornou o indicativo da orienta\u00e7\u00e3o apost\u00f3lica e espiritual da nova congrega\u00e7\u00e3o.<\/p>\n<p>Maria Domenica Mantovani mudou o nome para Maria Josefina da Imaculada e foi escolhida como primeira superiora da casa, cargo que exerceu at\u00e9 a morte. Ela contribuiu muito na elabora\u00e7\u00e3o das Constitui\u00e7\u00f5es e na forma\u00e7\u00e3o das Irm\u00e3s. Colabora\u00e7\u00e3o que foi determinante para o desenvolvimento e expans\u00e3o do Instituto. Sua obra completou a do Fundador, de tal forma que se confundiam. A a\u00e7\u00e3o dele era intensa, forte, en\u00e9rgica; a dela era delicada, escondida, embora tamb\u00e9m firme. Ambas se apoiavam em eloq\u00fcentes exemplos e pacientes esperas.<\/p>\n<p>Depois da morte do Fundador, em 1922, Maria Domenica continuou a guiar o Instituto, com \u00e2nimo, prud\u00eancia, grande entrega a Deus e profundo senso de responsabilidade. E teve a gra\u00e7a de ver a aprova\u00e7\u00e3o can\u00f4nica definitiva das Constitui\u00e7\u00f5es e do Instituto, antes de morrer. Soube assim que a obra teria continuidade com as mil e duzentas Irm\u00e3s espalhadas por cento e cinq\u00fcenta casas filiais na It\u00e1lia, Su\u00ed\u00e7a, Alb\u00e2nia, Angola, Argentina, Paraguai, Uruguai e Brasil, dedicadas \u00e0s mais variadas atividades apost\u00f3licas e caritativas.<\/p>\n<p>Aos setenta e dois anos de idade Madre Maria Josefina da Imaculada faleceu depois de breve enfermidade, no dia 02 de fevereiro de 1934. Sepultada no cemit\u00e9rio de Castelletto de Brenzone; desde 1987 seu corpo incorrupto foi transladado para o mausol\u00e9u, j\u00e1 ocupado pelo Fundador, no interior da Casa-m\u00e3e do Instituto, naquela cidade. O Papa Jo\u00e3o Paulo II beatificou Maria Domenica Mantovani em 2003, destinando sua festa para o dia de seu transito.<\/p>\n<div id=\"themify_builder_content-7571\" data-postid=\"7571\" class=\"themify_builder_content themify_builder_content-7571 themify_builder themify_builder_front\">\n\t<\/div>\n<!-- \/themify_builder_content -->","protected":false},"excerpt":{"rendered":"<p>2 de Fevereiro Fundou a Congrega\u00e7\u00e3o das Pequenas Irm\u00e3s da Sagrada Fam\u00edlia Maria Domenica, primog\u00eanita de quatro irm\u00e3os, nasceu em Castelletto de Brenzone, em Verona, no dia 12 de novembro de 1862. Teve nos seus pais Jo\u00e3o Batista Mantovani e Prud\u00eancia Zamperini, e no seu av\u00f4, que vivia com eles, a influ\u00eancia profunda de uma [&hellip;]<\/p>\n","protected":false},"author":14,"featured_media":0,"comment_status":"open","ping_status":"open","sticky":false,"template":"","format":"standard","meta":{"ngg_post_thumbnail":0,"footnotes":""},"categories":[186],"tags":[],"yoast_head":"<!-- This site is optimized with the Yoast SEO plugin v23.5 - https:\/\/yoast.com\/wordpress\/plugins\/seo\/ -->\n<title>Bem Aventurada Maria Domenica Mantovani - O Arcanjo no ar<\/title>\n<meta name=\"robots\" content=\"index, follow, max-snippet:-1, max-image-preview:large, max-video-preview:-1\" \/>\n<link rel=\"canonical\" href=\"https:\/\/www.oarcanjo.net\/site\/bem-aventurada-maria-domenica-mantovani\/\" \/>\n<meta property=\"og:locale\" content=\"pt_BR\" \/>\n<meta property=\"og:type\" content=\"article\" \/>\n<meta property=\"og:title\" content=\"Bem Aventurada Maria Domenica Mantovani - O Arcanjo no ar\" \/>\n<meta property=\"og:description\" content=\"2 de Fevereiro Fundou a Congrega\u00e7\u00e3o das Pequenas Irm\u00e3s da Sagrada Fam\u00edlia Maria Domenica, primog\u00eanita de quatro irm\u00e3os, nasceu em Castelletto de Brenzone, em Verona, no dia 12 de novembro de 1862. Teve nos seus pais Jo\u00e3o Batista Mantovani e Prud\u00eancia Zamperini, e no seu av\u00f4, que vivia com eles, a influ\u00eancia profunda de uma [&hellip;]\" \/>\n<meta property=\"og:url\" content=\"https:\/\/www.oarcanjo.net\/site\/bem-aventurada-maria-domenica-mantovani\/\" \/>\n<meta property=\"og:site_name\" content=\"O Arcanjo no ar\" \/>\n<meta property=\"article:publisher\" content=\"https:\/\/www.facebook.com\/OArcanjoNoAr\/\" \/>\n<meta property=\"article:published_time\" content=\"2017-02-02T02:53:38+00:00\" \/>\n<meta property=\"article:modified_time\" content=\"2016-12-27T08:26:09+00:00\" \/>\n<meta property=\"og:image\" content=\"http:\/\/www.oarcanjo.net\/site\/wp-content\/uploads\/Bem-Aventurada-Maria-Domenica-Mantovani.jpg\" \/>\n<meta name=\"author\" content=\"danilo\" \/>\n<meta name=\"twitter:card\" content=\"summary_large_image\" \/>\n<meta name=\"twitter:label1\" content=\"Escrito por\" \/>\n\t<meta name=\"twitter:data1\" content=\"danilo\" \/>\n\t<meta name=\"twitter:label2\" content=\"Est. tempo de leitura\" \/>\n\t<meta name=\"twitter:data2\" content=\"3 minutos\" \/>\n<script type=\"application\/ld+json\" class=\"yoast-schema-graph\">{\"@context\":\"https:\/\/schema.org\",\"@graph\":[{\"@type\":\"Article\",\"@id\":\"https:\/\/www.oarcanjo.net\/site\/bem-aventurada-maria-domenica-mantovani\/#article\",\"isPartOf\":{\"@id\":\"https:\/\/www.oarcanjo.net\/site\/bem-aventurada-maria-domenica-mantovani\/\"},\"author\":{\"name\":\"danilo\",\"@id\":\"https:\/\/www.oarcanjo.net\/site\/#\/schema\/person\/5eb9480bedd2f3c97e430ce128c29c6c\"},\"headline\":\"Bem Aventurada Maria Domenica Mantovani\",\"datePublished\":\"2017-02-02T02:53:38+00:00\",\"dateModified\":\"2016-12-27T08:26:09+00:00\",\"mainEntityOfPage\":{\"@id\":\"https:\/\/www.oarcanjo.net\/site\/bem-aventurada-maria-domenica-mantovani\/\"},\"wordCount\":645,\"commentCount\":1,\"publisher\":{\"@id\":\"https:\/\/www.oarcanjo.net\/site\/#organization\"},\"image\":{\"@id\":\"https:\/\/www.oarcanjo.net\/site\/bem-aventurada-maria-domenica-mantovani\/#primaryimage\"},\"thumbnailUrl\":\"http:\/\/www.oarcanjo.net\/site\/wp-content\/uploads\/Bem-Aventurada-Maria-Domenica-Mantovani.jpg\",\"articleSection\":[\"Testemunhos\"],\"inLanguage\":\"pt-BR\",\"potentialAction\":[{\"@type\":\"CommentAction\",\"name\":\"Comment\",\"target\":[\"https:\/\/www.oarcanjo.net\/site\/bem-aventurada-maria-domenica-mantovani\/#respond\"]}]},{\"@type\":\"WebPage\",\"@id\":\"https:\/\/www.oarcanjo.net\/site\/bem-aventurada-maria-domenica-mantovani\/\",\"url\":\"https:\/\/www.oarcanjo.net\/site\/bem-aventurada-maria-domenica-mantovani\/\",\"name\":\"Bem Aventurada Maria Domenica Mantovani - O Arcanjo no ar\",\"isPartOf\":{\"@id\":\"https:\/\/www.oarcanjo.net\/site\/#website\"},\"primaryImageOfPage\":{\"@id\":\"https:\/\/www.oarcanjo.net\/site\/bem-aventurada-maria-domenica-mantovani\/#primaryimage\"},\"image\":{\"@id\":\"https:\/\/www.oarcanjo.net\/site\/bem-aventurada-maria-domenica-mantovani\/#primaryimage\"},\"thumbnailUrl\":\"http:\/\/www.oarcanjo.net\/site\/wp-content\/uploads\/Bem-Aventurada-Maria-Domenica-Mantovani.jpg\",\"datePublished\":\"2017-02-02T02:53:38+00:00\",\"dateModified\":\"2016-12-27T08:26:09+00:00\",\"breadcrumb\":{\"@id\":\"https:\/\/www.oarcanjo.net\/site\/bem-aventurada-maria-domenica-mantovani\/#breadcrumb\"},\"inLanguage\":\"pt-BR\",\"potentialAction\":[{\"@type\":\"ReadAction\",\"target\":[\"https:\/\/www.oarcanjo.net\/site\/bem-aventurada-maria-domenica-mantovani\/\"]}]},{\"@type\":\"ImageObject\",\"inLanguage\":\"pt-BR\",\"@id\":\"https:\/\/www.oarcanjo.net\/site\/bem-aventurada-maria-domenica-mantovani\/#primaryimage\",\"url\":\"https:\/\/www.oarcanjo.net\/site\/wp-content\/uploads\/Bem-Aventurada-Maria-Domenica-Mantovani.jpg\",\"contentUrl\":\"https:\/\/www.oarcanjo.net\/site\/wp-content\/uploads\/Bem-Aventurada-Maria-Domenica-Mantovani.jpg\",\"width\":338,\"height\":450,\"caption\":\"Bem Aventurada Maria Domenica Mantovani\"},{\"@type\":\"BreadcrumbList\",\"@id\":\"https:\/\/www.oarcanjo.net\/site\/bem-aventurada-maria-domenica-mantovani\/#breadcrumb\",\"itemListElement\":[{\"@type\":\"ListItem\",\"position\":1,\"name\":\"In\u00edcio\",\"item\":\"https:\/\/www.oarcanjo.net\/site\/\"},{\"@type\":\"ListItem\",\"position\":2,\"name\":\"Bem Aventurada Maria Domenica Mantovani\"}]},{\"@type\":\"WebSite\",\"@id\":\"https:\/\/www.oarcanjo.net\/site\/#website\",\"url\":\"https:\/\/www.oarcanjo.net\/site\/\",\"name\":\"O Arcanjo no ar\",\"description\":\"Site da Par\u00f3quia S\u00e3o Miguel Arcanjo (Arquidiocese de SP)\",\"publisher\":{\"@id\":\"https:\/\/www.oarcanjo.net\/site\/#organization\"},\"potentialAction\":[{\"@type\":\"SearchAction\",\"target\":{\"@type\":\"EntryPoint\",\"urlTemplate\":\"https:\/\/www.oarcanjo.net\/site\/?s={search_term_string}\"},\"query-input\":{\"@type\":\"PropertyValueSpecification\",\"valueRequired\":true,\"valueName\":\"search_term_string\"}}],\"inLanguage\":\"pt-BR\"},{\"@type\":\"Organization\",\"@id\":\"https:\/\/www.oarcanjo.net\/site\/#organization\",\"name\":\"Par\u00f3quia S\u00e3o Miguel Arcanjo\",\"url\":\"https:\/\/www.oarcanjo.net\/site\/\",\"logo\":{\"@type\":\"ImageObject\",\"inLanguage\":\"pt-BR\",\"@id\":\"https:\/\/www.oarcanjo.net\/site\/#\/schema\/logo\/image\/\",\"url\":\"https:\/\/www.oarcanjo.net\/site\/wp-content\/uploads\/LogoOArcanjo.png\",\"contentUrl\":\"https:\/\/www.oarcanjo.net\/site\/wp-content\/uploads\/LogoOArcanjo.png\",\"width\":319,\"height\":99,\"caption\":\"Par\u00f3quia S\u00e3o Miguel Arcanjo\"},\"image\":{\"@id\":\"https:\/\/www.oarcanjo.net\/site\/#\/schema\/logo\/image\/\"},\"sameAs\":[\"https:\/\/www.facebook.com\/OArcanjoNoAr\/\"]},{\"@type\":\"Person\",\"@id\":\"https:\/\/www.oarcanjo.net\/site\/#\/schema\/person\/5eb9480bedd2f3c97e430ce128c29c6c\",\"name\":\"danilo\"}]}<\/script>\n<!-- \/ Yoast SEO plugin. -->","yoast_head_json":{"title":"Bem Aventurada Maria Domenica Mantovani - O Arcanjo no ar","robots":{"index":"index","follow":"follow","max-snippet":"max-snippet:-1","max-image-preview":"max-image-preview:large","max-video-preview":"max-video-preview:-1"},"canonical":"https:\/\/www.oarcanjo.net\/site\/bem-aventurada-maria-domenica-mantovani\/","og_locale":"pt_BR","og_type":"article","og_title":"Bem Aventurada Maria Domenica Mantovani - O Arcanjo no ar","og_description":"2 de Fevereiro Fundou a Congrega\u00e7\u00e3o das Pequenas Irm\u00e3s da Sagrada Fam\u00edlia Maria Domenica, primog\u00eanita de quatro irm\u00e3os, nasceu em Castelletto de Brenzone, em Verona, no dia 12 de novembro de 1862. Teve nos seus pais Jo\u00e3o Batista Mantovani e Prud\u00eancia Zamperini, e no seu av\u00f4, que vivia com eles, a influ\u00eancia profunda de uma [&hellip;]","og_url":"https:\/\/www.oarcanjo.net\/site\/bem-aventurada-maria-domenica-mantovani\/","og_site_name":"O Arcanjo no ar","article_publisher":"https:\/\/www.facebook.com\/OArcanjoNoAr\/","article_published_time":"2017-02-02T02:53:38+00:00","article_modified_time":"2016-12-27T08:26:09+00:00","og_image":[{"url":"http:\/\/www.oarcanjo.net\/site\/wp-content\/uploads\/Bem-Aventurada-Maria-Domenica-Mantovani.jpg"}],"author":"danilo","twitter_card":"summary_large_image","twitter_misc":{"Escrito por":"danilo","Est. tempo de leitura":"3 minutos"},"schema":{"@context":"https:\/\/schema.org","@graph":[{"@type":"Article","@id":"https:\/\/www.oarcanjo.net\/site\/bem-aventurada-maria-domenica-mantovani\/#article","isPartOf":{"@id":"https:\/\/www.oarcanjo.net\/site\/bem-aventurada-maria-domenica-mantovani\/"},"author":{"name":"danilo","@id":"https:\/\/www.oarcanjo.net\/site\/#\/schema\/person\/5eb9480bedd2f3c97e430ce128c29c6c"},"headline":"Bem Aventurada Maria Domenica Mantovani","datePublished":"2017-02-02T02:53:38+00:00","dateModified":"2016-12-27T08:26:09+00:00","mainEntityOfPage":{"@id":"https:\/\/www.oarcanjo.net\/site\/bem-aventurada-maria-domenica-mantovani\/"},"wordCount":645,"commentCount":1,"publisher":{"@id":"https:\/\/www.oarcanjo.net\/site\/#organization"},"image":{"@id":"https:\/\/www.oarcanjo.net\/site\/bem-aventurada-maria-domenica-mantovani\/#primaryimage"},"thumbnailUrl":"http:\/\/www.oarcanjo.net\/site\/wp-content\/uploads\/Bem-Aventurada-Maria-Domenica-Mantovani.jpg","articleSection":["Testemunhos"],"inLanguage":"pt-BR","potentialAction":[{"@type":"CommentAction","name":"Comment","target":["https:\/\/www.oarcanjo.net\/site\/bem-aventurada-maria-domenica-mantovani\/#respond"]}]},{"@type":"WebPage","@id":"https:\/\/www.oarcanjo.net\/site\/bem-aventurada-maria-domenica-mantovani\/","url":"https:\/\/www.oarcanjo.net\/site\/bem-aventurada-maria-domenica-mantovani\/","name":"Bem Aventurada Maria Domenica Mantovani - O Arcanjo no ar","isPartOf":{"@id":"https:\/\/www.oarcanjo.net\/site\/#website"},"primaryImageOfPage":{"@id":"https:\/\/www.oarcanjo.net\/site\/bem-aventurada-maria-domenica-mantovani\/#primaryimage"},"image":{"@id":"https:\/\/www.oarcanjo.net\/site\/bem-aventurada-maria-domenica-mantovani\/#primaryimage"},"thumbnailUrl":"http:\/\/www.oarcanjo.net\/site\/wp-content\/uploads\/Bem-Aventurada-Maria-Domenica-Mantovani.jpg","datePublished":"2017-02-02T02:53:38+00:00","dateModified":"2016-12-27T08:26:09+00:00","breadcrumb":{"@id":"https:\/\/www.oarcanjo.net\/site\/bem-aventurada-maria-domenica-mantovani\/#breadcrumb"},"inLanguage":"pt-BR","potentialAction":[{"@type":"ReadAction","target":["https:\/\/www.oarcanjo.net\/site\/bem-aventurada-maria-domenica-mantovani\/"]}]},{"@type":"ImageObject","inLanguage":"pt-BR","@id":"https:\/\/www.oarcanjo.net\/site\/bem-aventurada-maria-domenica-mantovani\/#primaryimage","url":"https:\/\/www.oarcanjo.net\/site\/wp-content\/uploads\/Bem-Aventurada-Maria-Domenica-Mantovani.jpg","contentUrl":"https:\/\/www.oarcanjo.net\/site\/wp-content\/uploads\/Bem-Aventurada-Maria-Domenica-Mantovani.jpg","width":338,"height":450,"caption":"Bem Aventurada Maria Domenica Mantovani"},{"@type":"BreadcrumbList","@id":"https:\/\/www.oarcanjo.net\/site\/bem-aventurada-maria-domenica-mantovani\/#breadcrumb","itemListElement":[{"@type":"ListItem","position":1,"name":"In\u00edcio","item":"https:\/\/www.oarcanjo.net\/site\/"},{"@type":"ListItem","position":2,"name":"Bem Aventurada Maria Domenica Mantovani"}]},{"@type":"WebSite","@id":"https:\/\/www.oarcanjo.net\/site\/#website","url":"https:\/\/www.oarcanjo.net\/site\/","name":"O Arcanjo no ar","description":"Site da Par\u00f3quia S\u00e3o Miguel Arcanjo (Arquidiocese de SP)","publisher":{"@id":"https:\/\/www.oarcanjo.net\/site\/#organization"},"potentialAction":[{"@type":"SearchAction","target":{"@type":"EntryPoint","urlTemplate":"https:\/\/www.oarcanjo.net\/site\/?s={search_term_string}"},"query-input":{"@type":"PropertyValueSpecification","valueRequired":true,"valueName":"search_term_string"}}],"inLanguage":"pt-BR"},{"@type":"Organization","@id":"https:\/\/www.oarcanjo.net\/site\/#organization","name":"Par\u00f3quia S\u00e3o Miguel Arcanjo","url":"https:\/\/www.oarcanjo.net\/site\/","logo":{"@type":"ImageObject","inLanguage":"pt-BR","@id":"https:\/\/www.oarcanjo.net\/site\/#\/schema\/logo\/image\/","url":"https:\/\/www.oarcanjo.net\/site\/wp-content\/uploads\/LogoOArcanjo.png","contentUrl":"https:\/\/www.oarcanjo.net\/site\/wp-content\/uploads\/LogoOArcanjo.png","width":319,"height":99,"caption":"Par\u00f3quia S\u00e3o Miguel Arcanjo"},"image":{"@id":"https:\/\/www.oarcanjo.net\/site\/#\/schema\/logo\/image\/"},"sameAs":["https:\/\/www.facebook.com\/OArcanjoNoAr\/"]},{"@type":"Person","@id":"https:\/\/www.oarcanjo.net\/site\/#\/schema\/person\/5eb9480bedd2f3c97e430ce128c29c6c","name":"danilo"}]}},"publishpress_future_action":{"enabled":false,"date":"2026-05-09 05:19:23","action":"category","newStatus":"draft","terms":[],"taxonomy":"category"},"publishpress_future_workflow_manual_trigger":{"enabledWorkflows":[]},"_links":{"self":[{"href":"https:\/\/www.oarcanjo.net\/site\/wp-json\/wp\/v2\/posts\/7571"}],"collection":[{"href":"https:\/\/www.oarcanjo.net\/site\/wp-json\/wp\/v2\/posts"}],"about":[{"href":"https:\/\/www.oarcanjo.net\/site\/wp-json\/wp\/v2\/types\/post"}],"author":[{"embeddable":true,"href":"https:\/\/www.oarcanjo.net\/site\/wp-json\/wp\/v2\/users\/14"}],"replies":[{"embeddable":true,"href":"https:\/\/www.oarcanjo.net\/site\/wp-json\/wp\/v2\/comments?post=7571"}],"version-history":[{"count":0,"href":"https:\/\/www.oarcanjo.net\/site\/wp-json\/wp\/v2\/posts\/7571\/revisions"}],"wp:attachment":[{"href":"https:\/\/www.oarcanjo.net\/site\/wp-json\/wp\/v2\/media?parent=7571"}],"wp:term":[{"taxonomy":"category","embeddable":true,"href":"https:\/\/www.oarcanjo.net\/site\/wp-json\/wp\/v2\/categories?post=7571"},{"taxonomy":"post_tag","embeddable":true,"href":"https:\/\/www.oarcanjo.net\/site\/wp-json\/wp\/v2\/tags?post=7571"}],"curies":[{"name":"wp","href":"https:\/\/api.w.org\/{rel}","templated":true}]}}