
{"id":7574,"date":"2017-02-02T00:59:06","date_gmt":"2017-02-02T02:59:06","guid":{"rendered":"http:\/\/www.oarcanjo.net\/site\/?p=7574"},"modified":"2016-12-27T06:26:15","modified_gmt":"2016-12-27T08:26:15","slug":"apresentacao-do-senhor","status":"publish","type":"post","link":"https:\/\/www.oarcanjo.net\/site\/apresentacao-do-senhor\/","title":{"rendered":"Apresenta\u00e7\u00e3o do Senhor"},"content":{"rendered":"<p><img decoding=\"async\" src=\"http:\/\/2.bp.blogspot.com\/_1FpzAWpBQLU\/R6SO-Rr2NJI\/AAAAAAAAAm4\/RS8CMYAqyio\/s400\/apresentacao_de_jesus_no_templo_e_%2520purificacao_n_sra.jpg\" alt=\"\" \/><\/p>\n<p>2 de Fevereiro<\/p>\n<p>A\u00a0data de hoje lembra o cumprimento, por Maria e Jos\u00e9, de um preceito hebraico. Quarenta dias ap\u00f3s dar \u00e0 luz, a m\u00e3e deveria passar por um ritual de &#8220;purifica\u00e7\u00e3o&#8221; e apresentar o filho ao Senhor, no templo. Desde o s\u00e9culo quatro essa festa era chamada de &#8220;Purifica\u00e7\u00e3o de Maria&#8221;.<\/p>\n<p>Com a reforma lit\u00fargica de 1960, passou-se a valorizar o sentido da &#8220;apresenta\u00e7\u00e3o&#8221;, oferta de Jesus ao Pai, para que seu destino se cumprisse, marcando em conseq\u00fc\u00eancia a aceita\u00e7\u00e3o por parte de Maria do que o Pai preparara para o fruto de sua gesta\u00e7\u00e3o. A data passou a ser lembrada ent\u00e3o como a da &#8220;Apresenta\u00e7\u00e3o do Senhor&#8221;.<\/p>\n<p>No templo, a fam\u00edlia foi recebida pelo profeta Sime\u00e3o e pela profetiza Ana, num encontro descrito por S\u00e3o Lucas no seu evangelho, da seguinte maneira:<\/p>\n<p>&#8220;Assim que se completaram os dias da purifica\u00e7\u00e3o conforme a Lei de Mois\u00e9s, levaram o Menino a Jerusal\u00e9m para apresent\u00e1-lo ao Senhor, segundo est\u00e1 escrito na Lei do Senhor, que &#8220;todo var\u00e3o primog\u00eanito ser\u00e1 consagrado ao Senhor&#8221; e para oferecerem em sacrif\u00edcio, segundo o que est\u00e1 prescrito na Lei do Senhor, um par de rolas ou dois pombinhos.<\/p>\n<p>Havia em Jerusal\u00e9m um homem justo chamado Sime\u00e3o, muito piedoso, que esperava a consola\u00e7\u00e3o de Israel, e o Esp\u00edrito Santo estava nele. Pelo Esp\u00edrito Santo foi-lhe revelado que n\u00e3o veria a morte antes de ver o Cristo do Senhor. Movido pelo Esp\u00edrito, veio ele ao templo e, ao entrarem os pais com o Menino Jesus, tamb\u00e9m ele tomou-o em seus bra\u00e7os, bendizendo a Deus, e disse: &#8220;Agora, Senhor, j\u00e1 podes deixar teu servo morrer em paz segundo a tua palavra, porque meus olhos viram a tua salva\u00e7\u00e3o, que preparaste ante a face de todos os povos, luz para ilumina\u00e7\u00e3o das gentes e para a gl\u00f3ria do teu povo, Israel&#8221;. Jos\u00e9 e Maria estavam maravilhados com as coisas que se diziam de Jesus. Sime\u00e3o os aben\u00e7oou e disse a Maria, sua M\u00e3e: &#8220;Este Menino ser\u00e1 um sinal de contradi\u00e7\u00e3o, para ru\u00edna e salva\u00e7\u00e3o de muitos em Israel; e uma espada atravessar\u00e1 a tua alma para que se descubram os pensamentos de muitos cora\u00e7\u00f5es&#8221;. (Lc 2,22-35).<\/p>\n<p>Ambos, Sime\u00e3o e Ana, reconheceram em Jesus o esperado Messias e profetizaram o sofrimento e a gl\u00f3ria que viriam para Ele e a fam\u00edlia. \u00c9 na tradi\u00e7\u00e3o dessa profecia que se baseia tamb\u00e9m a outra festa comemorada nesta data, a de Nossa Senhora da Candel\u00e1ria, ou da Luz, ou ainda dos Navegantes.<\/p>\n<div id=\"themify_builder_content-7574\" data-postid=\"7574\" class=\"themify_builder_content themify_builder_content-7574 themify_builder themify_builder_front\">\n\t<\/div>\n<!-- \/themify_builder_content -->","protected":false},"excerpt":{"rendered":"<p>2 de Fevereiro A\u00a0data de hoje lembra o cumprimento, por Maria e Jos\u00e9, de um preceito hebraico. Quarenta dias ap\u00f3s dar \u00e0 luz, a m\u00e3e deveria passar por um ritual de &#8220;purifica\u00e7\u00e3o&#8221; e apresentar o filho ao Senhor, no templo. Desde o s\u00e9culo quatro essa festa era chamada de &#8220;Purifica\u00e7\u00e3o de Maria&#8221;. Com a reforma [&hellip;]<\/p>\n","protected":false},"author":14,"featured_media":0,"comment_status":"open","ping_status":"open","sticky":false,"template":"","format":"standard","meta":{"ngg_post_thumbnail":0,"footnotes":""},"categories":[186],"tags":[1450],"yoast_head":"<!-- This site is optimized with the Yoast SEO plugin v23.5 - https:\/\/yoast.com\/wordpress\/plugins\/seo\/ -->\n<title>Apresenta\u00e7\u00e3o do Senhor - O Arcanjo no ar<\/title>\n<meta name=\"robots\" content=\"index, follow, max-snippet:-1, max-image-preview:large, max-video-preview:-1\" \/>\n<link rel=\"canonical\" href=\"https:\/\/www.oarcanjo.net\/site\/apresentacao-do-senhor\/\" \/>\n<meta property=\"og:locale\" content=\"pt_BR\" \/>\n<meta property=\"og:type\" content=\"article\" \/>\n<meta property=\"og:title\" content=\"Apresenta\u00e7\u00e3o do Senhor - O Arcanjo no ar\" \/>\n<meta property=\"og:description\" content=\"2 de Fevereiro A\u00a0data de hoje lembra o cumprimento, por Maria e Jos\u00e9, de um preceito hebraico. Quarenta dias ap\u00f3s dar \u00e0 luz, a m\u00e3e deveria passar por um ritual de &#8220;purifica\u00e7\u00e3o&#8221; e apresentar o filho ao Senhor, no templo. Desde o s\u00e9culo quatro essa festa era chamada de &#8220;Purifica\u00e7\u00e3o de Maria&#8221;. Com a reforma [&hellip;]\" \/>\n<meta property=\"og:url\" content=\"https:\/\/www.oarcanjo.net\/site\/apresentacao-do-senhor\/\" \/>\n<meta property=\"og:site_name\" content=\"O Arcanjo no ar\" \/>\n<meta property=\"article:publisher\" content=\"https:\/\/www.facebook.com\/OArcanjoNoAr\/\" \/>\n<meta property=\"article:published_time\" content=\"2017-02-02T02:59:06+00:00\" \/>\n<meta property=\"article:modified_time\" content=\"2016-12-27T08:26:15+00:00\" \/>\n<meta property=\"og:image\" content=\"http:\/\/2.bp.blogspot.com\/_1FpzAWpBQLU\/R6SO-Rr2NJI\/AAAAAAAAAm4\/RS8CMYAqyio\/s400\/apresentacao_de_jesus_no_templo_e_%2520purificacao_n_sra.jpg\" \/>\n<meta name=\"author\" content=\"danilo\" \/>\n<meta name=\"twitter:card\" content=\"summary_large_image\" \/>\n<meta name=\"twitter:label1\" content=\"Escrito por\" \/>\n\t<meta name=\"twitter:data1\" content=\"danilo\" \/>\n\t<meta name=\"twitter:label2\" content=\"Est. tempo de leitura\" \/>\n\t<meta name=\"twitter:data2\" content=\"2 minutos\" \/>\n<script type=\"application\/ld+json\" class=\"yoast-schema-graph\">{\"@context\":\"https:\/\/schema.org\",\"@graph\":[{\"@type\":\"Article\",\"@id\":\"https:\/\/www.oarcanjo.net\/site\/apresentacao-do-senhor\/#article\",\"isPartOf\":{\"@id\":\"https:\/\/www.oarcanjo.net\/site\/apresentacao-do-senhor\/\"},\"author\":{\"name\":\"danilo\",\"@id\":\"https:\/\/www.oarcanjo.net\/site\/#\/schema\/person\/5eb9480bedd2f3c97e430ce128c29c6c\"},\"headline\":\"Apresenta\u00e7\u00e3o do Senhor\",\"datePublished\":\"2017-02-02T02:59:06+00:00\",\"dateModified\":\"2016-12-27T08:26:15+00:00\",\"mainEntityOfPage\":{\"@id\":\"https:\/\/www.oarcanjo.net\/site\/apresentacao-do-senhor\/\"},\"wordCount\":456,\"commentCount\":0,\"publisher\":{\"@id\":\"https:\/\/www.oarcanjo.net\/site\/#organization\"},\"image\":{\"@id\":\"https:\/\/www.oarcanjo.net\/site\/apresentacao-do-senhor\/#primaryimage\"},\"thumbnailUrl\":\"http:\/\/2.bp.blogspot.com\/_1FpzAWpBQLU\/R6SO-Rr2NJI\/AAAAAAAAAm4\/RS8CMYAqyio\/s400\/apresentacao_de_jesus_no_templo_e_%2520purificacao_n_sra.jpg\",\"keywords\":[\"Apresenta\u00e7\u00e3o do Senhor\"],\"articleSection\":[\"Testemunhos\"],\"inLanguage\":\"pt-BR\",\"potentialAction\":[{\"@type\":\"CommentAction\",\"name\":\"Comment\",\"target\":[\"https:\/\/www.oarcanjo.net\/site\/apresentacao-do-senhor\/#respond\"]}]},{\"@type\":\"WebPage\",\"@id\":\"https:\/\/www.oarcanjo.net\/site\/apresentacao-do-senhor\/\",\"url\":\"https:\/\/www.oarcanjo.net\/site\/apresentacao-do-senhor\/\",\"name\":\"Apresenta\u00e7\u00e3o do Senhor - O Arcanjo no ar\",\"isPartOf\":{\"@id\":\"https:\/\/www.oarcanjo.net\/site\/#website\"},\"primaryImageOfPage\":{\"@id\":\"https:\/\/www.oarcanjo.net\/site\/apresentacao-do-senhor\/#primaryimage\"},\"image\":{\"@id\":\"https:\/\/www.oarcanjo.net\/site\/apresentacao-do-senhor\/#primaryimage\"},\"thumbnailUrl\":\"http:\/\/2.bp.blogspot.com\/_1FpzAWpBQLU\/R6SO-Rr2NJI\/AAAAAAAAAm4\/RS8CMYAqyio\/s400\/apresentacao_de_jesus_no_templo_e_%2520purificacao_n_sra.jpg\",\"datePublished\":\"2017-02-02T02:59:06+00:00\",\"dateModified\":\"2016-12-27T08:26:15+00:00\",\"breadcrumb\":{\"@id\":\"https:\/\/www.oarcanjo.net\/site\/apresentacao-do-senhor\/#breadcrumb\"},\"inLanguage\":\"pt-BR\",\"potentialAction\":[{\"@type\":\"ReadAction\",\"target\":[\"https:\/\/www.oarcanjo.net\/site\/apresentacao-do-senhor\/\"]}]},{\"@type\":\"ImageObject\",\"inLanguage\":\"pt-BR\",\"@id\":\"https:\/\/www.oarcanjo.net\/site\/apresentacao-do-senhor\/#primaryimage\",\"url\":\"http:\/\/2.bp.blogspot.com\/_1FpzAWpBQLU\/R6SO-Rr2NJI\/AAAAAAAAAm4\/RS8CMYAqyio\/s400\/apresentacao_de_jesus_no_templo_e_%2520purificacao_n_sra.jpg\",\"contentUrl\":\"http:\/\/2.bp.blogspot.com\/_1FpzAWpBQLU\/R6SO-Rr2NJI\/AAAAAAAAAm4\/RS8CMYAqyio\/s400\/apresentacao_de_jesus_no_templo_e_%2520purificacao_n_sra.jpg\"},{\"@type\":\"BreadcrumbList\",\"@id\":\"https:\/\/www.oarcanjo.net\/site\/apresentacao-do-senhor\/#breadcrumb\",\"itemListElement\":[{\"@type\":\"ListItem\",\"position\":1,\"name\":\"In\u00edcio\",\"item\":\"https:\/\/www.oarcanjo.net\/site\/\"},{\"@type\":\"ListItem\",\"position\":2,\"name\":\"Apresenta\u00e7\u00e3o do Senhor\"}]},{\"@type\":\"WebSite\",\"@id\":\"https:\/\/www.oarcanjo.net\/site\/#website\",\"url\":\"https:\/\/www.oarcanjo.net\/site\/\",\"name\":\"O Arcanjo no ar\",\"description\":\"Site da Par\u00f3quia S\u00e3o Miguel Arcanjo (Arquidiocese de SP)\",\"publisher\":{\"@id\":\"https:\/\/www.oarcanjo.net\/site\/#organization\"},\"potentialAction\":[{\"@type\":\"SearchAction\",\"target\":{\"@type\":\"EntryPoint\",\"urlTemplate\":\"https:\/\/www.oarcanjo.net\/site\/?s={search_term_string}\"},\"query-input\":{\"@type\":\"PropertyValueSpecification\",\"valueRequired\":true,\"valueName\":\"search_term_string\"}}],\"inLanguage\":\"pt-BR\"},{\"@type\":\"Organization\",\"@id\":\"https:\/\/www.oarcanjo.net\/site\/#organization\",\"name\":\"Par\u00f3quia S\u00e3o Miguel Arcanjo\",\"url\":\"https:\/\/www.oarcanjo.net\/site\/\",\"logo\":{\"@type\":\"ImageObject\",\"inLanguage\":\"pt-BR\",\"@id\":\"https:\/\/www.oarcanjo.net\/site\/#\/schema\/logo\/image\/\",\"url\":\"https:\/\/www.oarcanjo.net\/site\/wp-content\/uploads\/LogoOArcanjo.png\",\"contentUrl\":\"https:\/\/www.oarcanjo.net\/site\/wp-content\/uploads\/LogoOArcanjo.png\",\"width\":319,\"height\":99,\"caption\":\"Par\u00f3quia S\u00e3o Miguel Arcanjo\"},\"image\":{\"@id\":\"https:\/\/www.oarcanjo.net\/site\/#\/schema\/logo\/image\/\"},\"sameAs\":[\"https:\/\/www.facebook.com\/OArcanjoNoAr\/\"]},{\"@type\":\"Person\",\"@id\":\"https:\/\/www.oarcanjo.net\/site\/#\/schema\/person\/5eb9480bedd2f3c97e430ce128c29c6c\",\"name\":\"danilo\"}]}<\/script>\n<!-- \/ Yoast SEO plugin. -->","yoast_head_json":{"title":"Apresenta\u00e7\u00e3o do Senhor - O Arcanjo no ar","robots":{"index":"index","follow":"follow","max-snippet":"max-snippet:-1","max-image-preview":"max-image-preview:large","max-video-preview":"max-video-preview:-1"},"canonical":"https:\/\/www.oarcanjo.net\/site\/apresentacao-do-senhor\/","og_locale":"pt_BR","og_type":"article","og_title":"Apresenta\u00e7\u00e3o do Senhor - O Arcanjo no ar","og_description":"2 de Fevereiro A\u00a0data de hoje lembra o cumprimento, por Maria e Jos\u00e9, de um preceito hebraico. Quarenta dias ap\u00f3s dar \u00e0 luz, a m\u00e3e deveria passar por um ritual de &#8220;purifica\u00e7\u00e3o&#8221; e apresentar o filho ao Senhor, no templo. Desde o s\u00e9culo quatro essa festa era chamada de &#8220;Purifica\u00e7\u00e3o de Maria&#8221;. Com a reforma [&hellip;]","og_url":"https:\/\/www.oarcanjo.net\/site\/apresentacao-do-senhor\/","og_site_name":"O Arcanjo no ar","article_publisher":"https:\/\/www.facebook.com\/OArcanjoNoAr\/","article_published_time":"2017-02-02T02:59:06+00:00","article_modified_time":"2016-12-27T08:26:15+00:00","og_image":[{"url":"http:\/\/2.bp.blogspot.com\/_1FpzAWpBQLU\/R6SO-Rr2NJI\/AAAAAAAAAm4\/RS8CMYAqyio\/s400\/apresentacao_de_jesus_no_templo_e_%2520purificacao_n_sra.jpg"}],"author":"danilo","twitter_card":"summary_large_image","twitter_misc":{"Escrito por":"danilo","Est. tempo de leitura":"2 minutos"},"schema":{"@context":"https:\/\/schema.org","@graph":[{"@type":"Article","@id":"https:\/\/www.oarcanjo.net\/site\/apresentacao-do-senhor\/#article","isPartOf":{"@id":"https:\/\/www.oarcanjo.net\/site\/apresentacao-do-senhor\/"},"author":{"name":"danilo","@id":"https:\/\/www.oarcanjo.net\/site\/#\/schema\/person\/5eb9480bedd2f3c97e430ce128c29c6c"},"headline":"Apresenta\u00e7\u00e3o do Senhor","datePublished":"2017-02-02T02:59:06+00:00","dateModified":"2016-12-27T08:26:15+00:00","mainEntityOfPage":{"@id":"https:\/\/www.oarcanjo.net\/site\/apresentacao-do-senhor\/"},"wordCount":456,"commentCount":0,"publisher":{"@id":"https:\/\/www.oarcanjo.net\/site\/#organization"},"image":{"@id":"https:\/\/www.oarcanjo.net\/site\/apresentacao-do-senhor\/#primaryimage"},"thumbnailUrl":"http:\/\/2.bp.blogspot.com\/_1FpzAWpBQLU\/R6SO-Rr2NJI\/AAAAAAAAAm4\/RS8CMYAqyio\/s400\/apresentacao_de_jesus_no_templo_e_%2520purificacao_n_sra.jpg","keywords":["Apresenta\u00e7\u00e3o do Senhor"],"articleSection":["Testemunhos"],"inLanguage":"pt-BR","potentialAction":[{"@type":"CommentAction","name":"Comment","target":["https:\/\/www.oarcanjo.net\/site\/apresentacao-do-senhor\/#respond"]}]},{"@type":"WebPage","@id":"https:\/\/www.oarcanjo.net\/site\/apresentacao-do-senhor\/","url":"https:\/\/www.oarcanjo.net\/site\/apresentacao-do-senhor\/","name":"Apresenta\u00e7\u00e3o do Senhor - O Arcanjo no ar","isPartOf":{"@id":"https:\/\/www.oarcanjo.net\/site\/#website"},"primaryImageOfPage":{"@id":"https:\/\/www.oarcanjo.net\/site\/apresentacao-do-senhor\/#primaryimage"},"image":{"@id":"https:\/\/www.oarcanjo.net\/site\/apresentacao-do-senhor\/#primaryimage"},"thumbnailUrl":"http:\/\/2.bp.blogspot.com\/_1FpzAWpBQLU\/R6SO-Rr2NJI\/AAAAAAAAAm4\/RS8CMYAqyio\/s400\/apresentacao_de_jesus_no_templo_e_%2520purificacao_n_sra.jpg","datePublished":"2017-02-02T02:59:06+00:00","dateModified":"2016-12-27T08:26:15+00:00","breadcrumb":{"@id":"https:\/\/www.oarcanjo.net\/site\/apresentacao-do-senhor\/#breadcrumb"},"inLanguage":"pt-BR","potentialAction":[{"@type":"ReadAction","target":["https:\/\/www.oarcanjo.net\/site\/apresentacao-do-senhor\/"]}]},{"@type":"ImageObject","inLanguage":"pt-BR","@id":"https:\/\/www.oarcanjo.net\/site\/apresentacao-do-senhor\/#primaryimage","url":"http:\/\/2.bp.blogspot.com\/_1FpzAWpBQLU\/R6SO-Rr2NJI\/AAAAAAAAAm4\/RS8CMYAqyio\/s400\/apresentacao_de_jesus_no_templo_e_%2520purificacao_n_sra.jpg","contentUrl":"http:\/\/2.bp.blogspot.com\/_1FpzAWpBQLU\/R6SO-Rr2NJI\/AAAAAAAAAm4\/RS8CMYAqyio\/s400\/apresentacao_de_jesus_no_templo_e_%2520purificacao_n_sra.jpg"},{"@type":"BreadcrumbList","@id":"https:\/\/www.oarcanjo.net\/site\/apresentacao-do-senhor\/#breadcrumb","itemListElement":[{"@type":"ListItem","position":1,"name":"In\u00edcio","item":"https:\/\/www.oarcanjo.net\/site\/"},{"@type":"ListItem","position":2,"name":"Apresenta\u00e7\u00e3o do Senhor"}]},{"@type":"WebSite","@id":"https:\/\/www.oarcanjo.net\/site\/#website","url":"https:\/\/www.oarcanjo.net\/site\/","name":"O Arcanjo no ar","description":"Site da Par\u00f3quia S\u00e3o Miguel Arcanjo (Arquidiocese de SP)","publisher":{"@id":"https:\/\/www.oarcanjo.net\/site\/#organization"},"potentialAction":[{"@type":"SearchAction","target":{"@type":"EntryPoint","urlTemplate":"https:\/\/www.oarcanjo.net\/site\/?s={search_term_string}"},"query-input":{"@type":"PropertyValueSpecification","valueRequired":true,"valueName":"search_term_string"}}],"inLanguage":"pt-BR"},{"@type":"Organization","@id":"https:\/\/www.oarcanjo.net\/site\/#organization","name":"Par\u00f3quia S\u00e3o Miguel Arcanjo","url":"https:\/\/www.oarcanjo.net\/site\/","logo":{"@type":"ImageObject","inLanguage":"pt-BR","@id":"https:\/\/www.oarcanjo.net\/site\/#\/schema\/logo\/image\/","url":"https:\/\/www.oarcanjo.net\/site\/wp-content\/uploads\/LogoOArcanjo.png","contentUrl":"https:\/\/www.oarcanjo.net\/site\/wp-content\/uploads\/LogoOArcanjo.png","width":319,"height":99,"caption":"Par\u00f3quia S\u00e3o Miguel Arcanjo"},"image":{"@id":"https:\/\/www.oarcanjo.net\/site\/#\/schema\/logo\/image\/"},"sameAs":["https:\/\/www.facebook.com\/OArcanjoNoAr\/"]},{"@type":"Person","@id":"https:\/\/www.oarcanjo.net\/site\/#\/schema\/person\/5eb9480bedd2f3c97e430ce128c29c6c","name":"danilo"}]}},"publishpress_future_action":{"enabled":false,"date":"2026-05-09 03:56:55","action":"category","newStatus":"draft","terms":[],"taxonomy":"category"},"publishpress_future_workflow_manual_trigger":{"enabledWorkflows":[]},"_links":{"self":[{"href":"https:\/\/www.oarcanjo.net\/site\/wp-json\/wp\/v2\/posts\/7574"}],"collection":[{"href":"https:\/\/www.oarcanjo.net\/site\/wp-json\/wp\/v2\/posts"}],"about":[{"href":"https:\/\/www.oarcanjo.net\/site\/wp-json\/wp\/v2\/types\/post"}],"author":[{"embeddable":true,"href":"https:\/\/www.oarcanjo.net\/site\/wp-json\/wp\/v2\/users\/14"}],"replies":[{"embeddable":true,"href":"https:\/\/www.oarcanjo.net\/site\/wp-json\/wp\/v2\/comments?post=7574"}],"version-history":[{"count":0,"href":"https:\/\/www.oarcanjo.net\/site\/wp-json\/wp\/v2\/posts\/7574\/revisions"}],"wp:attachment":[{"href":"https:\/\/www.oarcanjo.net\/site\/wp-json\/wp\/v2\/media?parent=7574"}],"wp:term":[{"taxonomy":"category","embeddable":true,"href":"https:\/\/www.oarcanjo.net\/site\/wp-json\/wp\/v2\/categories?post=7574"},{"taxonomy":"post_tag","embeddable":true,"href":"https:\/\/www.oarcanjo.net\/site\/wp-json\/wp\/v2\/tags?post=7574"}],"curies":[{"name":"wp","href":"https:\/\/api.w.org\/{rel}","templated":true}]}}