
{"id":7576,"date":"2017-02-02T00:02:14","date_gmt":"2017-02-02T02:02:14","guid":{"rendered":"http:\/\/www.oarcanjo.net\/site\/?p=7576"},"modified":"2016-12-27T06:25:58","modified_gmt":"2016-12-27T08:25:58","slug":"santa-joana-de-lestonnac","status":"publish","type":"post","link":"https:\/\/www.oarcanjo.net\/site\/santa-joana-de-lestonnac\/","title":{"rendered":"Santa Joana de Lestonnac"},"content":{"rendered":"<p><a href=\"http:\/\/1.bp.blogspot.com\/_VsL8VkjSZWw\/SgtSX3wcT1I\/AAAAAAAABJg\/gg9H0I80QwI\/s1600-h\/MSJ02.jpg\"><img decoding=\"async\" src=\"http:\/\/1.bp.blogspot.com\/_VsL8VkjSZWw\/SgtSX3wcT1I\/AAAAAAAABJg\/gg9H0I80QwI\/s400\/MSJ02.jpg\" border=\"0\" alt=\"\" \/><\/a><\/p>\n<p>2 de Fevereiro<\/p>\n<p>Fundadora da Ordem da Companhia de Maria Nossa Senhora<\/p>\n<div>A Ordem da Companhia de Maria Nossa Senhora, Instituto Apost\u00f3lico na Igreja, foi fundada por Santa Joana de Lestonnac. O projeto de funda\u00e7\u00e3o, elaborado a partir de 1605, foi aprovado pelo Papa Pio V, em 07 de abril de 1607.<\/div>\n<div>\nSanta Joana de Lestonnac nasceu em Bordeaux, na Fran\u00e7a, em 1556, \u00e9poca de muitas guerras pol\u00edtico-religiosas<a href=\"j()\"><\/a>. Foi batizada na Igreja Cat\u00f3lica, apesar de sua m\u00e3e ser calvinista, contrariando assim os costumes da \u00e9poca, em que a menina deveria ser educada na mesma religi\u00e3o da m\u00e3e. Recebeu forma\u00e7\u00e3o e orienta\u00e7\u00e3o de seu pai, Ricardo de Lestonnac, que era cat\u00f3lico. Tamb\u00e9m influenciou em sua educa\u00e7\u00e3o o fil\u00f3sofo humanista Miguel de Montaigne, irm\u00e3o de sua m\u00e3e, Joana Eyquem de Montaigne.<\/div>\n<div>Joana de Lestonnac buscava a ora\u00e7\u00e3o como forma de entender e integrar a luta interior em que vivia: o conflito religioso em seu pa\u00eds e em sua casa.\u00a0Num desses momentos de ora\u00e7\u00e3o, ela foi sens\u00edvel \u00e0 voz de Deus,\u00a0que lhe dizia: &#8220;Cuida, minha filha,\u00a0de n\u00e3o deixares apagar a chama que acendi em teu\u00a0cora\u00e7\u00e3o e que te leva, com tanto ardor, ao Meu servi\u00e7o&#8221;.<\/div>\n<div>\n<div>Desejava ser religiosa para fazer na Fran\u00e7a o que Teresa d&#8217; \u00c1vila fazia na Espanha; por\u00e9m, aceita o acordo sobre seu casamento, confiando em seu pai como mediador do querer de Deus para com ela, naquele momento. Aos 17 anos, casa-se com o Bar\u00e3o de Montferrant. Durante seus 24 anos de matrim\u00f4nio, enriquece-se como mulher, nas dimens\u00f5es de esposa e m\u00e3e de 7 filhos, dos quais duas jovens tornam-se religiosas.\u00a0<\/div>\n<div>No cumprimento de seus deveres de esposa e m\u00e3e, seu cora\u00e7\u00e3o continuou sendo todo de Deus. Aos 41 anos de idade, fica vi\u00fava e perde tamb\u00e9m o filho mais velho. A partir de ent\u00e3o, Joana assume a administra\u00e7\u00e3o do patrim\u00f4nio da fam\u00edlia e dedica-se a completar a educa\u00e7\u00e3o de seus filhos. Voltam, entretanto, ao seu cora\u00e7\u00e3o, as inquieta\u00e7\u00f5es da juventude e o desejo de consagrar-se a Deus. Entra, ent\u00e3o, no Cister de Toulouse, mosteiro da Ordem de S\u00e3o Bernardo. O estilo de vida e as austeras penit\u00eancias prejudicam-lhe a sa\u00fade e os m\u00e9dicos exigem que Joana deixe o Cister, no qual vivera durante dez meses como novi\u00e7a. Joana resiste em aceitar tal determina\u00e7\u00e3o mas, em sua \u00faltima noite no Mosteiro, expondo a Deus toda a sua ang\u00fastia, v\u00ea-se mergulhada em uma experi\u00eancia de luz em que vislumbra sua futura miss\u00e3o: v\u00ea diante de si uma multid\u00e3o de jovens prestes a cair no inferno, perdendo-se por falta de ajuda, e sente que era ela quem deveria estender-lhes a m\u00e3o.<\/div>\n<div>\nAo deixar o Cister na manh\u00e3 seguinte, seu cora\u00e7\u00e3o est\u00e1 em paz. Um projeto novo come\u00e7a a germinar a partir dessa experi\u00eancia. No sil\u00eancio do Castelo de la Mothe, um lugar retirado, Joana busca a reflex\u00e3o e o amadurecimento para o que vira em sua \u00faltima noite no Cister. E surge uma nova Ordem Religiosa, sob a prote\u00e7\u00e3o de Maria, dedicada \u00e0 educa\u00e7\u00e3o da juventude feminina, que deseja reparar as inj\u00farias lan\u00e7adas contra a M\u00e3e de Deus, testemunhadas na inf\u00e2ncia por Joana. Tratava-se de um novo estilo de vida religiosa para aquela \u00e9poca: unia contempla\u00e7\u00e3o e a\u00e7\u00e3o.<\/div>\n<div>\nDois anos mais tarde, Joana vai a Bordeaux prestar socorro \u00e0s v\u00edtimas das epidemias, pois sente que deve estar sempre onde algu\u00e9m necessita de sua ajuda. Encontra nos padres\u00a0de Bordes\u00a0e\u00a0Raymond, jesu\u00edtas, o aux\u00edlio necess\u00e1rio para concretizar atrav\u00e9s de um projeto todas as ideias que vinha tendo, tudo o que vinha sentindo. \u00c0 luz da experi\u00eancia obtida ao fazer os Exerc\u00edcios Espirituais de Santo In\u00e1cio, elabora as Constitui\u00e7\u00f5es da Companhia de Maria. A s\u00edntese do novo Instituto \u00e9 Maria Nossa Senhora, presen\u00e7a inspiradora que convida \u00e0 interioridade e ao compromisso.<\/div>\n<div>\nJoana p\u00f4de ver a r\u00e1pida expans\u00e3o de sua Ordem pois, j\u00e1 em 1638 publica o texto definitivo das Constitui\u00e7\u00f5es. Morre num dia consagrado a Maria, 02 de fevereiro de 1640, aos 84 anos de idade.<br \/>\nAp\u00f3s a morte de Santa Joana, a expans\u00e3o da Ordem fora dos limites da Fran\u00e7a n\u00e3o se fez esperar: em 1650 chegou a Barcelona, na Espanha, e, no s\u00e9culo seguinte, em territ\u00f3rio americano (M\u00e9xico &#8211; 1753; Argentina &#8211; 1780; Col\u00f4mbia &#8211; 1783). A Revolu\u00e7\u00e3o Francesa quase extingue a Companhia de Maria na Fran\u00e7a, mas ela \u00e9 restaurada no s\u00e9culo XIX e entra em nova fase de expans\u00e3o, atingindo, no s\u00e9culo XX, outros pa\u00edses da Am\u00e9rica (entre eles, o Brasil, em 1936) e, posteriormente, \u00c1frica e \u00c1sia.<\/div>\n<div>\nA Companhia de Maria \u00e9 um Instituto Apost\u00f3lico na Igreja desde sua origem. No entanto, constituiu-se numa Ordem Religiosa com Mosteiros Aut\u00f4nomos e Clausura Papal, atendendo \u00e0s exig\u00eancias da Igreja na \u00e9poca de sua funda\u00e7\u00e3o. As religiosas exerciam a miss\u00e3o de educadoras, recebendo as alunas dentro dos Mosteiros. O esp\u00edrito apost\u00f3lico-mission\u00e1rio mantinha-se, gra\u00e7as a uma frequente e eficaz comunica\u00e7\u00e3o entre as casas, conforme o desejo da fundadora.<\/div>\n<div>\nEm 1921, deu-se a uni\u00e3o de uma boa parte das casas e come\u00e7ou a existir um governo geral para estas. A uni\u00e3o total s\u00f3 aconteceu em 1956. A partir do Vaticano II, com o Decreto\u00a0Perfectae Caritatis, a Companhia de Maria foi dispensada da clausura papal, por ter sido concebida, desde a sua origem, como Instituto dedicado \u00e0s obras externas do apostolado.<\/div>\n<div>\nNo\u00a0XI Cap\u00edtulo Geral realizado em Roma, em 1979, a Companhia de Maria rev\u00ea suas Constitui\u00e7\u00f5es e, a 15 de maio de 1981, a Igreja aprova essa releitura. Com esse gesto, mais uma vez, a Igreja acolhe o Carisma de Santa Joana de Lestonnac, confirmando sua validade e vitalidade, que lhe permitem expressar-se em novas formas, adaptadas a novos tempos e lugares.<\/div>\n<div>\nJoana de Lestonnac foi canonizada pelo Papa Pio XII no dia 15 de maio de 1949, data consagrada para a celebra\u00e7\u00e3o anual de sua festa. Em 1999, a Companhia de Maria celebrou, em profunda a\u00e7\u00e3o de gra\u00e7as a Deus, o cinquenten\u00e1rio da canoniza\u00e7\u00e3o de sua Fundadora.<\/div>\n<\/div>\n<div id=\"themify_builder_content-7576\" data-postid=\"7576\" class=\"themify_builder_content themify_builder_content-7576 themify_builder themify_builder_front\">\n\t<\/div>\n<!-- \/themify_builder_content -->","protected":false},"excerpt":{"rendered":"<p>2 de Fevereiro Fundadora da Ordem da Companhia de Maria Nossa Senhora A Ordem da Companhia de Maria Nossa Senhora, Instituto Apost\u00f3lico na Igreja, foi fundada por Santa Joana de Lestonnac. O projeto de funda\u00e7\u00e3o, elaborado a partir de 1605, foi aprovado pelo Papa Pio V, em 07 de abril de 1607. Santa Joana de [&hellip;]<\/p>\n","protected":false},"author":14,"featured_media":0,"comment_status":"open","ping_status":"open","sticky":false,"template":"","format":"standard","meta":{"ngg_post_thumbnail":0,"footnotes":""},"categories":[186],"tags":[],"yoast_head":"<!-- This site is optimized with the Yoast SEO plugin v23.5 - https:\/\/yoast.com\/wordpress\/plugins\/seo\/ -->\n<title>Santa Joana de Lestonnac - O Arcanjo no ar<\/title>\n<meta name=\"robots\" content=\"index, follow, max-snippet:-1, max-image-preview:large, max-video-preview:-1\" \/>\n<link rel=\"canonical\" href=\"https:\/\/www.oarcanjo.net\/site\/santa-joana-de-lestonnac\/\" \/>\n<meta property=\"og:locale\" content=\"pt_BR\" \/>\n<meta property=\"og:type\" content=\"article\" \/>\n<meta property=\"og:title\" content=\"Santa Joana de Lestonnac - O Arcanjo no ar\" \/>\n<meta property=\"og:description\" content=\"2 de Fevereiro Fundadora da Ordem da Companhia de Maria Nossa Senhora A Ordem da Companhia de Maria Nossa Senhora, Instituto Apost\u00f3lico na Igreja, foi fundada por Santa Joana de Lestonnac. O projeto de funda\u00e7\u00e3o, elaborado a partir de 1605, foi aprovado pelo Papa Pio V, em 07 de abril de 1607. Santa Joana de [&hellip;]\" \/>\n<meta property=\"og:url\" content=\"https:\/\/www.oarcanjo.net\/site\/santa-joana-de-lestonnac\/\" \/>\n<meta property=\"og:site_name\" content=\"O Arcanjo no ar\" \/>\n<meta property=\"article:publisher\" content=\"https:\/\/www.facebook.com\/OArcanjoNoAr\/\" \/>\n<meta property=\"article:published_time\" content=\"2017-02-02T02:02:14+00:00\" \/>\n<meta property=\"article:modified_time\" content=\"2016-12-27T08:25:58+00:00\" \/>\n<meta property=\"og:image\" content=\"http:\/\/1.bp.blogspot.com\/_VsL8VkjSZWw\/SgtSX3wcT1I\/AAAAAAAABJg\/gg9H0I80QwI\/s400\/MSJ02.jpg\" \/>\n<meta name=\"author\" content=\"danilo\" \/>\n<meta name=\"twitter:card\" content=\"summary_large_image\" \/>\n<meta name=\"twitter:label1\" content=\"Escrito por\" \/>\n\t<meta name=\"twitter:data1\" content=\"danilo\" \/>\n\t<meta name=\"twitter:label2\" content=\"Est. tempo de leitura\" \/>\n\t<meta name=\"twitter:data2\" content=\"5 minutos\" \/>\n<script type=\"application\/ld+json\" class=\"yoast-schema-graph\">{\"@context\":\"https:\/\/schema.org\",\"@graph\":[{\"@type\":\"Article\",\"@id\":\"https:\/\/www.oarcanjo.net\/site\/santa-joana-de-lestonnac\/#article\",\"isPartOf\":{\"@id\":\"https:\/\/www.oarcanjo.net\/site\/santa-joana-de-lestonnac\/\"},\"author\":{\"name\":\"danilo\",\"@id\":\"https:\/\/www.oarcanjo.net\/site\/#\/schema\/person\/5eb9480bedd2f3c97e430ce128c29c6c\"},\"headline\":\"Santa Joana de Lestonnac\",\"datePublished\":\"2017-02-02T02:02:14+00:00\",\"dateModified\":\"2016-12-27T08:25:58+00:00\",\"mainEntityOfPage\":{\"@id\":\"https:\/\/www.oarcanjo.net\/site\/santa-joana-de-lestonnac\/\"},\"wordCount\":1069,\"commentCount\":0,\"publisher\":{\"@id\":\"https:\/\/www.oarcanjo.net\/site\/#organization\"},\"image\":{\"@id\":\"https:\/\/www.oarcanjo.net\/site\/santa-joana-de-lestonnac\/#primaryimage\"},\"thumbnailUrl\":\"http:\/\/1.bp.blogspot.com\/_VsL8VkjSZWw\/SgtSX3wcT1I\/AAAAAAAABJg\/gg9H0I80QwI\/s400\/MSJ02.jpg\",\"articleSection\":[\"Testemunhos\"],\"inLanguage\":\"pt-BR\",\"potentialAction\":[{\"@type\":\"CommentAction\",\"name\":\"Comment\",\"target\":[\"https:\/\/www.oarcanjo.net\/site\/santa-joana-de-lestonnac\/#respond\"]}]},{\"@type\":\"WebPage\",\"@id\":\"https:\/\/www.oarcanjo.net\/site\/santa-joana-de-lestonnac\/\",\"url\":\"https:\/\/www.oarcanjo.net\/site\/santa-joana-de-lestonnac\/\",\"name\":\"Santa Joana de Lestonnac - O Arcanjo no ar\",\"isPartOf\":{\"@id\":\"https:\/\/www.oarcanjo.net\/site\/#website\"},\"primaryImageOfPage\":{\"@id\":\"https:\/\/www.oarcanjo.net\/site\/santa-joana-de-lestonnac\/#primaryimage\"},\"image\":{\"@id\":\"https:\/\/www.oarcanjo.net\/site\/santa-joana-de-lestonnac\/#primaryimage\"},\"thumbnailUrl\":\"http:\/\/1.bp.blogspot.com\/_VsL8VkjSZWw\/SgtSX3wcT1I\/AAAAAAAABJg\/gg9H0I80QwI\/s400\/MSJ02.jpg\",\"datePublished\":\"2017-02-02T02:02:14+00:00\",\"dateModified\":\"2016-12-27T08:25:58+00:00\",\"breadcrumb\":{\"@id\":\"https:\/\/www.oarcanjo.net\/site\/santa-joana-de-lestonnac\/#breadcrumb\"},\"inLanguage\":\"pt-BR\",\"potentialAction\":[{\"@type\":\"ReadAction\",\"target\":[\"https:\/\/www.oarcanjo.net\/site\/santa-joana-de-lestonnac\/\"]}]},{\"@type\":\"ImageObject\",\"inLanguage\":\"pt-BR\",\"@id\":\"https:\/\/www.oarcanjo.net\/site\/santa-joana-de-lestonnac\/#primaryimage\",\"url\":\"http:\/\/1.bp.blogspot.com\/_VsL8VkjSZWw\/SgtSX3wcT1I\/AAAAAAAABJg\/gg9H0I80QwI\/s400\/MSJ02.jpg\",\"contentUrl\":\"http:\/\/1.bp.blogspot.com\/_VsL8VkjSZWw\/SgtSX3wcT1I\/AAAAAAAABJg\/gg9H0I80QwI\/s400\/MSJ02.jpg\"},{\"@type\":\"BreadcrumbList\",\"@id\":\"https:\/\/www.oarcanjo.net\/site\/santa-joana-de-lestonnac\/#breadcrumb\",\"itemListElement\":[{\"@type\":\"ListItem\",\"position\":1,\"name\":\"In\u00edcio\",\"item\":\"https:\/\/www.oarcanjo.net\/site\/\"},{\"@type\":\"ListItem\",\"position\":2,\"name\":\"Santa Joana de Lestonnac\"}]},{\"@type\":\"WebSite\",\"@id\":\"https:\/\/www.oarcanjo.net\/site\/#website\",\"url\":\"https:\/\/www.oarcanjo.net\/site\/\",\"name\":\"O Arcanjo no ar\",\"description\":\"Site da Par\u00f3quia S\u00e3o Miguel Arcanjo (Arquidiocese de SP)\",\"publisher\":{\"@id\":\"https:\/\/www.oarcanjo.net\/site\/#organization\"},\"potentialAction\":[{\"@type\":\"SearchAction\",\"target\":{\"@type\":\"EntryPoint\",\"urlTemplate\":\"https:\/\/www.oarcanjo.net\/site\/?s={search_term_string}\"},\"query-input\":{\"@type\":\"PropertyValueSpecification\",\"valueRequired\":true,\"valueName\":\"search_term_string\"}}],\"inLanguage\":\"pt-BR\"},{\"@type\":\"Organization\",\"@id\":\"https:\/\/www.oarcanjo.net\/site\/#organization\",\"name\":\"Par\u00f3quia S\u00e3o Miguel Arcanjo\",\"url\":\"https:\/\/www.oarcanjo.net\/site\/\",\"logo\":{\"@type\":\"ImageObject\",\"inLanguage\":\"pt-BR\",\"@id\":\"https:\/\/www.oarcanjo.net\/site\/#\/schema\/logo\/image\/\",\"url\":\"https:\/\/www.oarcanjo.net\/site\/wp-content\/uploads\/LogoOArcanjo.png\",\"contentUrl\":\"https:\/\/www.oarcanjo.net\/site\/wp-content\/uploads\/LogoOArcanjo.png\",\"width\":319,\"height\":99,\"caption\":\"Par\u00f3quia S\u00e3o Miguel Arcanjo\"},\"image\":{\"@id\":\"https:\/\/www.oarcanjo.net\/site\/#\/schema\/logo\/image\/\"},\"sameAs\":[\"https:\/\/www.facebook.com\/OArcanjoNoAr\/\"]},{\"@type\":\"Person\",\"@id\":\"https:\/\/www.oarcanjo.net\/site\/#\/schema\/person\/5eb9480bedd2f3c97e430ce128c29c6c\",\"name\":\"danilo\"}]}<\/script>\n<!-- \/ Yoast SEO plugin. -->","yoast_head_json":{"title":"Santa Joana de Lestonnac - O Arcanjo no ar","robots":{"index":"index","follow":"follow","max-snippet":"max-snippet:-1","max-image-preview":"max-image-preview:large","max-video-preview":"max-video-preview:-1"},"canonical":"https:\/\/www.oarcanjo.net\/site\/santa-joana-de-lestonnac\/","og_locale":"pt_BR","og_type":"article","og_title":"Santa Joana de Lestonnac - O Arcanjo no ar","og_description":"2 de Fevereiro Fundadora da Ordem da Companhia de Maria Nossa Senhora A Ordem da Companhia de Maria Nossa Senhora, Instituto Apost\u00f3lico na Igreja, foi fundada por Santa Joana de Lestonnac. O projeto de funda\u00e7\u00e3o, elaborado a partir de 1605, foi aprovado pelo Papa Pio V, em 07 de abril de 1607. Santa Joana de [&hellip;]","og_url":"https:\/\/www.oarcanjo.net\/site\/santa-joana-de-lestonnac\/","og_site_name":"O Arcanjo no ar","article_publisher":"https:\/\/www.facebook.com\/OArcanjoNoAr\/","article_published_time":"2017-02-02T02:02:14+00:00","article_modified_time":"2016-12-27T08:25:58+00:00","og_image":[{"url":"http:\/\/1.bp.blogspot.com\/_VsL8VkjSZWw\/SgtSX3wcT1I\/AAAAAAAABJg\/gg9H0I80QwI\/s400\/MSJ02.jpg"}],"author":"danilo","twitter_card":"summary_large_image","twitter_misc":{"Escrito por":"danilo","Est. tempo de leitura":"5 minutos"},"schema":{"@context":"https:\/\/schema.org","@graph":[{"@type":"Article","@id":"https:\/\/www.oarcanjo.net\/site\/santa-joana-de-lestonnac\/#article","isPartOf":{"@id":"https:\/\/www.oarcanjo.net\/site\/santa-joana-de-lestonnac\/"},"author":{"name":"danilo","@id":"https:\/\/www.oarcanjo.net\/site\/#\/schema\/person\/5eb9480bedd2f3c97e430ce128c29c6c"},"headline":"Santa Joana de Lestonnac","datePublished":"2017-02-02T02:02:14+00:00","dateModified":"2016-12-27T08:25:58+00:00","mainEntityOfPage":{"@id":"https:\/\/www.oarcanjo.net\/site\/santa-joana-de-lestonnac\/"},"wordCount":1069,"commentCount":0,"publisher":{"@id":"https:\/\/www.oarcanjo.net\/site\/#organization"},"image":{"@id":"https:\/\/www.oarcanjo.net\/site\/santa-joana-de-lestonnac\/#primaryimage"},"thumbnailUrl":"http:\/\/1.bp.blogspot.com\/_VsL8VkjSZWw\/SgtSX3wcT1I\/AAAAAAAABJg\/gg9H0I80QwI\/s400\/MSJ02.jpg","articleSection":["Testemunhos"],"inLanguage":"pt-BR","potentialAction":[{"@type":"CommentAction","name":"Comment","target":["https:\/\/www.oarcanjo.net\/site\/santa-joana-de-lestonnac\/#respond"]}]},{"@type":"WebPage","@id":"https:\/\/www.oarcanjo.net\/site\/santa-joana-de-lestonnac\/","url":"https:\/\/www.oarcanjo.net\/site\/santa-joana-de-lestonnac\/","name":"Santa Joana de Lestonnac - O Arcanjo no ar","isPartOf":{"@id":"https:\/\/www.oarcanjo.net\/site\/#website"},"primaryImageOfPage":{"@id":"https:\/\/www.oarcanjo.net\/site\/santa-joana-de-lestonnac\/#primaryimage"},"image":{"@id":"https:\/\/www.oarcanjo.net\/site\/santa-joana-de-lestonnac\/#primaryimage"},"thumbnailUrl":"http:\/\/1.bp.blogspot.com\/_VsL8VkjSZWw\/SgtSX3wcT1I\/AAAAAAAABJg\/gg9H0I80QwI\/s400\/MSJ02.jpg","datePublished":"2017-02-02T02:02:14+00:00","dateModified":"2016-12-27T08:25:58+00:00","breadcrumb":{"@id":"https:\/\/www.oarcanjo.net\/site\/santa-joana-de-lestonnac\/#breadcrumb"},"inLanguage":"pt-BR","potentialAction":[{"@type":"ReadAction","target":["https:\/\/www.oarcanjo.net\/site\/santa-joana-de-lestonnac\/"]}]},{"@type":"ImageObject","inLanguage":"pt-BR","@id":"https:\/\/www.oarcanjo.net\/site\/santa-joana-de-lestonnac\/#primaryimage","url":"http:\/\/1.bp.blogspot.com\/_VsL8VkjSZWw\/SgtSX3wcT1I\/AAAAAAAABJg\/gg9H0I80QwI\/s400\/MSJ02.jpg","contentUrl":"http:\/\/1.bp.blogspot.com\/_VsL8VkjSZWw\/SgtSX3wcT1I\/AAAAAAAABJg\/gg9H0I80QwI\/s400\/MSJ02.jpg"},{"@type":"BreadcrumbList","@id":"https:\/\/www.oarcanjo.net\/site\/santa-joana-de-lestonnac\/#breadcrumb","itemListElement":[{"@type":"ListItem","position":1,"name":"In\u00edcio","item":"https:\/\/www.oarcanjo.net\/site\/"},{"@type":"ListItem","position":2,"name":"Santa Joana de Lestonnac"}]},{"@type":"WebSite","@id":"https:\/\/www.oarcanjo.net\/site\/#website","url":"https:\/\/www.oarcanjo.net\/site\/","name":"O Arcanjo no ar","description":"Site da Par\u00f3quia S\u00e3o Miguel Arcanjo (Arquidiocese de SP)","publisher":{"@id":"https:\/\/www.oarcanjo.net\/site\/#organization"},"potentialAction":[{"@type":"SearchAction","target":{"@type":"EntryPoint","urlTemplate":"https:\/\/www.oarcanjo.net\/site\/?s={search_term_string}"},"query-input":{"@type":"PropertyValueSpecification","valueRequired":true,"valueName":"search_term_string"}}],"inLanguage":"pt-BR"},{"@type":"Organization","@id":"https:\/\/www.oarcanjo.net\/site\/#organization","name":"Par\u00f3quia S\u00e3o Miguel Arcanjo","url":"https:\/\/www.oarcanjo.net\/site\/","logo":{"@type":"ImageObject","inLanguage":"pt-BR","@id":"https:\/\/www.oarcanjo.net\/site\/#\/schema\/logo\/image\/","url":"https:\/\/www.oarcanjo.net\/site\/wp-content\/uploads\/LogoOArcanjo.png","contentUrl":"https:\/\/www.oarcanjo.net\/site\/wp-content\/uploads\/LogoOArcanjo.png","width":319,"height":99,"caption":"Par\u00f3quia S\u00e3o Miguel Arcanjo"},"image":{"@id":"https:\/\/www.oarcanjo.net\/site\/#\/schema\/logo\/image\/"},"sameAs":["https:\/\/www.facebook.com\/OArcanjoNoAr\/"]},{"@type":"Person","@id":"https:\/\/www.oarcanjo.net\/site\/#\/schema\/person\/5eb9480bedd2f3c97e430ce128c29c6c","name":"danilo"}]}},"publishpress_future_action":{"enabled":false,"date":"2026-05-09 05:19:23","action":"category","newStatus":"draft","terms":[],"taxonomy":"category"},"publishpress_future_workflow_manual_trigger":{"enabledWorkflows":[]},"_links":{"self":[{"href":"https:\/\/www.oarcanjo.net\/site\/wp-json\/wp\/v2\/posts\/7576"}],"collection":[{"href":"https:\/\/www.oarcanjo.net\/site\/wp-json\/wp\/v2\/posts"}],"about":[{"href":"https:\/\/www.oarcanjo.net\/site\/wp-json\/wp\/v2\/types\/post"}],"author":[{"embeddable":true,"href":"https:\/\/www.oarcanjo.net\/site\/wp-json\/wp\/v2\/users\/14"}],"replies":[{"embeddable":true,"href":"https:\/\/www.oarcanjo.net\/site\/wp-json\/wp\/v2\/comments?post=7576"}],"version-history":[{"count":0,"href":"https:\/\/www.oarcanjo.net\/site\/wp-json\/wp\/v2\/posts\/7576\/revisions"}],"wp:attachment":[{"href":"https:\/\/www.oarcanjo.net\/site\/wp-json\/wp\/v2\/media?parent=7576"}],"wp:term":[{"taxonomy":"category","embeddable":true,"href":"https:\/\/www.oarcanjo.net\/site\/wp-json\/wp\/v2\/categories?post=7576"},{"taxonomy":"post_tag","embeddable":true,"href":"https:\/\/www.oarcanjo.net\/site\/wp-json\/wp\/v2\/tags?post=7576"}],"curies":[{"name":"wp","href":"https:\/\/api.w.org\/{rel}","templated":true}]}}