
{"id":7578,"date":"2017-02-03T00:04:45","date_gmt":"2017-02-03T02:04:45","guid":{"rendered":"http:\/\/www.oarcanjo.net\/site\/?p=7578"},"modified":"2016-12-27T06:26:03","modified_gmt":"2016-12-27T08:26:03","slug":"santo-oscar-anscario","status":"publish","type":"post","link":"https:\/\/www.oarcanjo.net\/site\/santo-oscar-anscario\/","title":{"rendered":"Santo Oscar (Ansc\u00e1rio)"},"content":{"rendered":"<p><img decoding=\"async\" src=\"http:\/\/1.bp.blogspot.com\/_5kAa5W5YTf4\/SYey2WqCcLI\/AAAAAAAAC7g\/_WWBcuODQYg\/s400\/03-Santo+Oscar+(Ansc%C3%A1rio).gif\" alt=\"\" \/><\/p>\n<p>3 de Fevereiro<\/p>\n<p>Oscar, desde pequeno conviveu com os monges beneditinos da cidade de Corbi\u00e8, onde nasceu em 800, na Fran\u00e7a. Na inf\u00e2ncia, estudou no col\u00e9gio do mosteiro, onde regressou, mais tarde, para se tornar um monge e professor interno. Aos vinte e tr\u00eas anos, foi exercer esta fun\u00e7\u00e3o na Sax\u00f4nia. Nesta regi\u00e3o era conhecido como Ansc\u00e1rio.<\/p>\n<p>Come\u00e7ou a se destacar quando o novo rei da Dinamarca, em 826, o convidou a instalar uma miss\u00e3o evangelizadora, para convers\u00e3o dos seus s\u00faditos, quase todos pag\u00e3os. Ele aproveitou bem esta oportunidade, obtendo sucesso no in\u00edcio. Mas, o rei, um ano depois, foi deposto e exilado. Oscar o seguiu e abandonou a Dinamarca.<\/p>\n<p>Em 829, foi enviado como mission\u00e1rio para a Su\u00e9cia, junto com o monge Vitimaro. Nesta corte, Oscar converteu e batizou o rei, que os autorizou pregar livremente o Evangelho aos raros crist\u00e3os do lugar. Ap\u00f3s um ano e meio de trabalho os resultados pareciam mostrar boas bases. Por isto, o papa Greg\u00f3rio IV, o designou como seu delegado na Alemanha, onde o imperador Ludovico, o Pio, que era filho e sucessor de Carlos Magno, desejava criar na diocese de Hamburgo uma nova estrutura eclesi\u00e1stica.<\/p>\n<p>Oscar aceitou a excelente chance de ampliar as fronteiras da evangeliza\u00e7\u00e3o e em 831, foi consagrado o arcebispo de Hamburgo. Assim, pode dar maior estabilidade \u00e0 miss\u00e3o na Su\u00e9cia, consagrando seu companheiro, monge Vitimaro, o bispo daquela diocese. Contudo, sem deixar de acompanhar a evolu\u00e7\u00e3o da atividade mission\u00e1ria na Dinamarca.<\/p>\n<p>Em 840, com a morte de Ludovico, o Pio, a alian\u00e7a do imp\u00e9rio franco-alem\u00e3o ficou enfraquecida e as invas\u00f5es dos b\u00e1rbaros normandos come\u00e7aram a devastar toda a Europa setentrional. Esta reviravolta pol\u00edtica, desintegrou toda a estrutura organizada por Oscar, come\u00e7ando pela Dinamarca, depois Su\u00e9cia e finalmente Hamburgo, em 845. Nesta ocasi\u00e3o, Oscar teve tempo apenas de salvar as rel\u00edquias da sua igreja.<\/p>\n<p>Mas ele n\u00e3o renunciou. Depois de alguns anos no mosteiro alem\u00e3o de Brema, Oscar decidiu recome\u00e7ar a partir da Su\u00e9cia, para onde ele voltou, at\u00e9 porque n\u00e3o havia mais ningu\u00e9m para enviar. O ent\u00e3o rei Olavo autorizou a evangeliza\u00e7\u00e3o crist\u00e3, que ele organizou sozinho, primeiro formando bons mission\u00e1rios, depois indicando a regi\u00e3o onde iriam atuar. Assim, Oscar vivia em constante peregrina\u00e7\u00e3o, fortalecendo com sua presen\u00e7a as novas bases iniciadas, inclusive na Dinamarca, agora com rela\u00e7\u00f5es est\u00e1veis com a Alemanha.<\/p>\n<p>Oscar sempre soube que sua obra mission\u00e1ria estaria sujeita aos interesses destes reis do Norte, minados pelas in\u00fameras alian\u00e7as pol\u00edticas e religiosas e por v\u00e1rios fatores externos, mas nunca desistiu. Nos seus \u00faltimos anos, sentiu que as ra\u00edzes para um cristianismo profundo no Norte estavam nascendo, embora semeadas em meio aos temporais, como resultado de sua obstinada esperan\u00e7a e f\u00e9 inabal\u00e1vel.<\/p>\n<p>Morreu no dia 3 de fevereiro de 865 no mosteiro de Brema, Alemanha. A Igreja, por justa raz\u00e3o, o proclamou &#8220;ap\u00f3stolo dos povos escandinavos&#8221; e o venera nesse dia como Santo.<\/p>\n<div id=\"themify_builder_content-7578\" data-postid=\"7578\" class=\"themify_builder_content themify_builder_content-7578 themify_builder themify_builder_front\">\n\t<\/div>\n<!-- \/themify_builder_content -->","protected":false},"excerpt":{"rendered":"<p>3 de Fevereiro Oscar, desde pequeno conviveu com os monges beneditinos da cidade de Corbi\u00e8, onde nasceu em 800, na Fran\u00e7a. Na inf\u00e2ncia, estudou no col\u00e9gio do mosteiro, onde regressou, mais tarde, para se tornar um monge e professor interno. Aos vinte e tr\u00eas anos, foi exercer esta fun\u00e7\u00e3o na Sax\u00f4nia. Nesta regi\u00e3o era conhecido [&hellip;]<\/p>\n","protected":false},"author":14,"featured_media":0,"comment_status":"open","ping_status":"open","sticky":false,"template":"","format":"standard","meta":{"ngg_post_thumbnail":0,"footnotes":""},"categories":[186],"tags":[],"yoast_head":"<!-- This site is optimized with the Yoast SEO plugin v23.5 - https:\/\/yoast.com\/wordpress\/plugins\/seo\/ -->\n<title>Santo Oscar (Ansc\u00e1rio) - O Arcanjo no ar<\/title>\n<meta name=\"robots\" content=\"index, follow, max-snippet:-1, max-image-preview:large, max-video-preview:-1\" \/>\n<link rel=\"canonical\" href=\"https:\/\/www.oarcanjo.net\/site\/santo-oscar-anscario\/\" \/>\n<meta property=\"og:locale\" content=\"pt_BR\" \/>\n<meta property=\"og:type\" content=\"article\" \/>\n<meta property=\"og:title\" content=\"Santo Oscar (Ansc\u00e1rio) - O Arcanjo no ar\" \/>\n<meta property=\"og:description\" content=\"3 de Fevereiro Oscar, desde pequeno conviveu com os monges beneditinos da cidade de Corbi\u00e8, onde nasceu em 800, na Fran\u00e7a. Na inf\u00e2ncia, estudou no col\u00e9gio do mosteiro, onde regressou, mais tarde, para se tornar um monge e professor interno. Aos vinte e tr\u00eas anos, foi exercer esta fun\u00e7\u00e3o na Sax\u00f4nia. Nesta regi\u00e3o era conhecido [&hellip;]\" \/>\n<meta property=\"og:url\" content=\"https:\/\/www.oarcanjo.net\/site\/santo-oscar-anscario\/\" \/>\n<meta property=\"og:site_name\" content=\"O Arcanjo no ar\" \/>\n<meta property=\"article:publisher\" content=\"https:\/\/www.facebook.com\/OArcanjoNoAr\/\" \/>\n<meta property=\"article:published_time\" content=\"2017-02-03T02:04:45+00:00\" \/>\n<meta property=\"article:modified_time\" content=\"2016-12-27T08:26:03+00:00\" \/>\n<meta property=\"og:image\" content=\"http:\/\/1.bp.blogspot.com\/_5kAa5W5YTf4\/SYey2WqCcLI\/AAAAAAAAC7g\/_WWBcuODQYg\/s400\/03-Santo+Oscar+(Ansc%C3%A1rio).gif\" \/>\n<meta name=\"author\" content=\"danilo\" \/>\n<meta name=\"twitter:card\" content=\"summary_large_image\" \/>\n<meta name=\"twitter:label1\" content=\"Escrito por\" \/>\n\t<meta name=\"twitter:data1\" content=\"danilo\" \/>\n\t<meta name=\"twitter:label2\" content=\"Est. tempo de leitura\" \/>\n\t<meta name=\"twitter:data2\" content=\"3 minutos\" \/>\n<script type=\"application\/ld+json\" class=\"yoast-schema-graph\">{\"@context\":\"https:\/\/schema.org\",\"@graph\":[{\"@type\":\"Article\",\"@id\":\"https:\/\/www.oarcanjo.net\/site\/santo-oscar-anscario\/#article\",\"isPartOf\":{\"@id\":\"https:\/\/www.oarcanjo.net\/site\/santo-oscar-anscario\/\"},\"author\":{\"name\":\"danilo\",\"@id\":\"https:\/\/www.oarcanjo.net\/site\/#\/schema\/person\/5eb9480bedd2f3c97e430ce128c29c6c\"},\"headline\":\"Santo Oscar (Ansc\u00e1rio)\",\"datePublished\":\"2017-02-03T02:04:45+00:00\",\"dateModified\":\"2016-12-27T08:26:03+00:00\",\"mainEntityOfPage\":{\"@id\":\"https:\/\/www.oarcanjo.net\/site\/santo-oscar-anscario\/\"},\"wordCount\":531,\"commentCount\":0,\"publisher\":{\"@id\":\"https:\/\/www.oarcanjo.net\/site\/#organization\"},\"image\":{\"@id\":\"https:\/\/www.oarcanjo.net\/site\/santo-oscar-anscario\/#primaryimage\"},\"thumbnailUrl\":\"http:\/\/1.bp.blogspot.com\/_5kAa5W5YTf4\/SYey2WqCcLI\/AAAAAAAAC7g\/_WWBcuODQYg\/s400\/03-Santo+Oscar+(Ansc%C3%A1rio).gif\",\"articleSection\":[\"Testemunhos\"],\"inLanguage\":\"pt-BR\",\"potentialAction\":[{\"@type\":\"CommentAction\",\"name\":\"Comment\",\"target\":[\"https:\/\/www.oarcanjo.net\/site\/santo-oscar-anscario\/#respond\"]}]},{\"@type\":\"WebPage\",\"@id\":\"https:\/\/www.oarcanjo.net\/site\/santo-oscar-anscario\/\",\"url\":\"https:\/\/www.oarcanjo.net\/site\/santo-oscar-anscario\/\",\"name\":\"Santo Oscar (Ansc\u00e1rio) - O Arcanjo no ar\",\"isPartOf\":{\"@id\":\"https:\/\/www.oarcanjo.net\/site\/#website\"},\"primaryImageOfPage\":{\"@id\":\"https:\/\/www.oarcanjo.net\/site\/santo-oscar-anscario\/#primaryimage\"},\"image\":{\"@id\":\"https:\/\/www.oarcanjo.net\/site\/santo-oscar-anscario\/#primaryimage\"},\"thumbnailUrl\":\"http:\/\/1.bp.blogspot.com\/_5kAa5W5YTf4\/SYey2WqCcLI\/AAAAAAAAC7g\/_WWBcuODQYg\/s400\/03-Santo+Oscar+(Ansc%C3%A1rio).gif\",\"datePublished\":\"2017-02-03T02:04:45+00:00\",\"dateModified\":\"2016-12-27T08:26:03+00:00\",\"breadcrumb\":{\"@id\":\"https:\/\/www.oarcanjo.net\/site\/santo-oscar-anscario\/#breadcrumb\"},\"inLanguage\":\"pt-BR\",\"potentialAction\":[{\"@type\":\"ReadAction\",\"target\":[\"https:\/\/www.oarcanjo.net\/site\/santo-oscar-anscario\/\"]}]},{\"@type\":\"ImageObject\",\"inLanguage\":\"pt-BR\",\"@id\":\"https:\/\/www.oarcanjo.net\/site\/santo-oscar-anscario\/#primaryimage\",\"url\":\"http:\/\/1.bp.blogspot.com\/_5kAa5W5YTf4\/SYey2WqCcLI\/AAAAAAAAC7g\/_WWBcuODQYg\/s400\/03-Santo+Oscar+(Ansc%C3%A1rio).gif\",\"contentUrl\":\"http:\/\/1.bp.blogspot.com\/_5kAa5W5YTf4\/SYey2WqCcLI\/AAAAAAAAC7g\/_WWBcuODQYg\/s400\/03-Santo+Oscar+(Ansc%C3%A1rio).gif\"},{\"@type\":\"BreadcrumbList\",\"@id\":\"https:\/\/www.oarcanjo.net\/site\/santo-oscar-anscario\/#breadcrumb\",\"itemListElement\":[{\"@type\":\"ListItem\",\"position\":1,\"name\":\"In\u00edcio\",\"item\":\"https:\/\/www.oarcanjo.net\/site\/\"},{\"@type\":\"ListItem\",\"position\":2,\"name\":\"Santo Oscar (Ansc\u00e1rio)\"}]},{\"@type\":\"WebSite\",\"@id\":\"https:\/\/www.oarcanjo.net\/site\/#website\",\"url\":\"https:\/\/www.oarcanjo.net\/site\/\",\"name\":\"O Arcanjo no ar\",\"description\":\"Site da Par\u00f3quia S\u00e3o Miguel Arcanjo (Arquidiocese de SP)\",\"publisher\":{\"@id\":\"https:\/\/www.oarcanjo.net\/site\/#organization\"},\"potentialAction\":[{\"@type\":\"SearchAction\",\"target\":{\"@type\":\"EntryPoint\",\"urlTemplate\":\"https:\/\/www.oarcanjo.net\/site\/?s={search_term_string}\"},\"query-input\":{\"@type\":\"PropertyValueSpecification\",\"valueRequired\":true,\"valueName\":\"search_term_string\"}}],\"inLanguage\":\"pt-BR\"},{\"@type\":\"Organization\",\"@id\":\"https:\/\/www.oarcanjo.net\/site\/#organization\",\"name\":\"Par\u00f3quia S\u00e3o Miguel Arcanjo\",\"url\":\"https:\/\/www.oarcanjo.net\/site\/\",\"logo\":{\"@type\":\"ImageObject\",\"inLanguage\":\"pt-BR\",\"@id\":\"https:\/\/www.oarcanjo.net\/site\/#\/schema\/logo\/image\/\",\"url\":\"https:\/\/www.oarcanjo.net\/site\/wp-content\/uploads\/LogoOArcanjo.png\",\"contentUrl\":\"https:\/\/www.oarcanjo.net\/site\/wp-content\/uploads\/LogoOArcanjo.png\",\"width\":319,\"height\":99,\"caption\":\"Par\u00f3quia S\u00e3o Miguel Arcanjo\"},\"image\":{\"@id\":\"https:\/\/www.oarcanjo.net\/site\/#\/schema\/logo\/image\/\"},\"sameAs\":[\"https:\/\/www.facebook.com\/OArcanjoNoAr\/\"]},{\"@type\":\"Person\",\"@id\":\"https:\/\/www.oarcanjo.net\/site\/#\/schema\/person\/5eb9480bedd2f3c97e430ce128c29c6c\",\"name\":\"danilo\"}]}<\/script>\n<!-- \/ Yoast SEO plugin. -->","yoast_head_json":{"title":"Santo Oscar (Ansc\u00e1rio) - O Arcanjo no ar","robots":{"index":"index","follow":"follow","max-snippet":"max-snippet:-1","max-image-preview":"max-image-preview:large","max-video-preview":"max-video-preview:-1"},"canonical":"https:\/\/www.oarcanjo.net\/site\/santo-oscar-anscario\/","og_locale":"pt_BR","og_type":"article","og_title":"Santo Oscar (Ansc\u00e1rio) - O Arcanjo no ar","og_description":"3 de Fevereiro Oscar, desde pequeno conviveu com os monges beneditinos da cidade de Corbi\u00e8, onde nasceu em 800, na Fran\u00e7a. Na inf\u00e2ncia, estudou no col\u00e9gio do mosteiro, onde regressou, mais tarde, para se tornar um monge e professor interno. Aos vinte e tr\u00eas anos, foi exercer esta fun\u00e7\u00e3o na Sax\u00f4nia. Nesta regi\u00e3o era conhecido [&hellip;]","og_url":"https:\/\/www.oarcanjo.net\/site\/santo-oscar-anscario\/","og_site_name":"O Arcanjo no ar","article_publisher":"https:\/\/www.facebook.com\/OArcanjoNoAr\/","article_published_time":"2017-02-03T02:04:45+00:00","article_modified_time":"2016-12-27T08:26:03+00:00","og_image":[{"url":"http:\/\/1.bp.blogspot.com\/_5kAa5W5YTf4\/SYey2WqCcLI\/AAAAAAAAC7g\/_WWBcuODQYg\/s400\/03-Santo+Oscar+(Ansc%C3%A1rio).gif"}],"author":"danilo","twitter_card":"summary_large_image","twitter_misc":{"Escrito por":"danilo","Est. tempo de leitura":"3 minutos"},"schema":{"@context":"https:\/\/schema.org","@graph":[{"@type":"Article","@id":"https:\/\/www.oarcanjo.net\/site\/santo-oscar-anscario\/#article","isPartOf":{"@id":"https:\/\/www.oarcanjo.net\/site\/santo-oscar-anscario\/"},"author":{"name":"danilo","@id":"https:\/\/www.oarcanjo.net\/site\/#\/schema\/person\/5eb9480bedd2f3c97e430ce128c29c6c"},"headline":"Santo Oscar (Ansc\u00e1rio)","datePublished":"2017-02-03T02:04:45+00:00","dateModified":"2016-12-27T08:26:03+00:00","mainEntityOfPage":{"@id":"https:\/\/www.oarcanjo.net\/site\/santo-oscar-anscario\/"},"wordCount":531,"commentCount":0,"publisher":{"@id":"https:\/\/www.oarcanjo.net\/site\/#organization"},"image":{"@id":"https:\/\/www.oarcanjo.net\/site\/santo-oscar-anscario\/#primaryimage"},"thumbnailUrl":"http:\/\/1.bp.blogspot.com\/_5kAa5W5YTf4\/SYey2WqCcLI\/AAAAAAAAC7g\/_WWBcuODQYg\/s400\/03-Santo+Oscar+(Ansc%C3%A1rio).gif","articleSection":["Testemunhos"],"inLanguage":"pt-BR","potentialAction":[{"@type":"CommentAction","name":"Comment","target":["https:\/\/www.oarcanjo.net\/site\/santo-oscar-anscario\/#respond"]}]},{"@type":"WebPage","@id":"https:\/\/www.oarcanjo.net\/site\/santo-oscar-anscario\/","url":"https:\/\/www.oarcanjo.net\/site\/santo-oscar-anscario\/","name":"Santo Oscar (Ansc\u00e1rio) - O Arcanjo no ar","isPartOf":{"@id":"https:\/\/www.oarcanjo.net\/site\/#website"},"primaryImageOfPage":{"@id":"https:\/\/www.oarcanjo.net\/site\/santo-oscar-anscario\/#primaryimage"},"image":{"@id":"https:\/\/www.oarcanjo.net\/site\/santo-oscar-anscario\/#primaryimage"},"thumbnailUrl":"http:\/\/1.bp.blogspot.com\/_5kAa5W5YTf4\/SYey2WqCcLI\/AAAAAAAAC7g\/_WWBcuODQYg\/s400\/03-Santo+Oscar+(Ansc%C3%A1rio).gif","datePublished":"2017-02-03T02:04:45+00:00","dateModified":"2016-12-27T08:26:03+00:00","breadcrumb":{"@id":"https:\/\/www.oarcanjo.net\/site\/santo-oscar-anscario\/#breadcrumb"},"inLanguage":"pt-BR","potentialAction":[{"@type":"ReadAction","target":["https:\/\/www.oarcanjo.net\/site\/santo-oscar-anscario\/"]}]},{"@type":"ImageObject","inLanguage":"pt-BR","@id":"https:\/\/www.oarcanjo.net\/site\/santo-oscar-anscario\/#primaryimage","url":"http:\/\/1.bp.blogspot.com\/_5kAa5W5YTf4\/SYey2WqCcLI\/AAAAAAAAC7g\/_WWBcuODQYg\/s400\/03-Santo+Oscar+(Ansc%C3%A1rio).gif","contentUrl":"http:\/\/1.bp.blogspot.com\/_5kAa5W5YTf4\/SYey2WqCcLI\/AAAAAAAAC7g\/_WWBcuODQYg\/s400\/03-Santo+Oscar+(Ansc%C3%A1rio).gif"},{"@type":"BreadcrumbList","@id":"https:\/\/www.oarcanjo.net\/site\/santo-oscar-anscario\/#breadcrumb","itemListElement":[{"@type":"ListItem","position":1,"name":"In\u00edcio","item":"https:\/\/www.oarcanjo.net\/site\/"},{"@type":"ListItem","position":2,"name":"Santo Oscar (Ansc\u00e1rio)"}]},{"@type":"WebSite","@id":"https:\/\/www.oarcanjo.net\/site\/#website","url":"https:\/\/www.oarcanjo.net\/site\/","name":"O Arcanjo no ar","description":"Site da Par\u00f3quia S\u00e3o Miguel Arcanjo (Arquidiocese de SP)","publisher":{"@id":"https:\/\/www.oarcanjo.net\/site\/#organization"},"potentialAction":[{"@type":"SearchAction","target":{"@type":"EntryPoint","urlTemplate":"https:\/\/www.oarcanjo.net\/site\/?s={search_term_string}"},"query-input":{"@type":"PropertyValueSpecification","valueRequired":true,"valueName":"search_term_string"}}],"inLanguage":"pt-BR"},{"@type":"Organization","@id":"https:\/\/www.oarcanjo.net\/site\/#organization","name":"Par\u00f3quia S\u00e3o Miguel Arcanjo","url":"https:\/\/www.oarcanjo.net\/site\/","logo":{"@type":"ImageObject","inLanguage":"pt-BR","@id":"https:\/\/www.oarcanjo.net\/site\/#\/schema\/logo\/image\/","url":"https:\/\/www.oarcanjo.net\/site\/wp-content\/uploads\/LogoOArcanjo.png","contentUrl":"https:\/\/www.oarcanjo.net\/site\/wp-content\/uploads\/LogoOArcanjo.png","width":319,"height":99,"caption":"Par\u00f3quia S\u00e3o Miguel Arcanjo"},"image":{"@id":"https:\/\/www.oarcanjo.net\/site\/#\/schema\/logo\/image\/"},"sameAs":["https:\/\/www.facebook.com\/OArcanjoNoAr\/"]},{"@type":"Person","@id":"https:\/\/www.oarcanjo.net\/site\/#\/schema\/person\/5eb9480bedd2f3c97e430ce128c29c6c","name":"danilo"}]}},"publishpress_future_action":{"enabled":false,"date":"2026-05-09 03:58:39","action":"category","newStatus":"draft","terms":[],"taxonomy":"category"},"publishpress_future_workflow_manual_trigger":{"enabledWorkflows":[]},"_links":{"self":[{"href":"https:\/\/www.oarcanjo.net\/site\/wp-json\/wp\/v2\/posts\/7578"}],"collection":[{"href":"https:\/\/www.oarcanjo.net\/site\/wp-json\/wp\/v2\/posts"}],"about":[{"href":"https:\/\/www.oarcanjo.net\/site\/wp-json\/wp\/v2\/types\/post"}],"author":[{"embeddable":true,"href":"https:\/\/www.oarcanjo.net\/site\/wp-json\/wp\/v2\/users\/14"}],"replies":[{"embeddable":true,"href":"https:\/\/www.oarcanjo.net\/site\/wp-json\/wp\/v2\/comments?post=7578"}],"version-history":[{"count":0,"href":"https:\/\/www.oarcanjo.net\/site\/wp-json\/wp\/v2\/posts\/7578\/revisions"}],"wp:attachment":[{"href":"https:\/\/www.oarcanjo.net\/site\/wp-json\/wp\/v2\/media?parent=7578"}],"wp:term":[{"taxonomy":"category","embeddable":true,"href":"https:\/\/www.oarcanjo.net\/site\/wp-json\/wp\/v2\/categories?post=7578"},{"taxonomy":"post_tag","embeddable":true,"href":"https:\/\/www.oarcanjo.net\/site\/wp-json\/wp\/v2\/tags?post=7578"}],"curies":[{"name":"wp","href":"https:\/\/api.w.org\/{rel}","templated":true}]}}