
{"id":7580,"date":"2017-02-03T00:56:28","date_gmt":"2017-02-03T02:56:28","guid":{"rendered":"http:\/\/www.oarcanjo.net\/site\/?p=7580"},"modified":"2016-12-27T06:26:22","modified_gmt":"2016-12-27T08:26:22","slug":"sao-bras","status":"publish","type":"post","link":"https:\/\/www.oarcanjo.net\/site\/sao-bras\/","title":{"rendered":"S\u00e3o Br\u00e1s"},"content":{"rendered":"<p><img decoding=\"async\" src=\"http:\/\/beinbetter.files.wordpress.com\/2009\/02\/sao-bras.jpg\" alt=\"\" \/><\/p>\n<p>3 de Fevereiro<\/p>\n<p>O santo de hoje nasceu na cidade de Sebaste, Arm\u00eania, no final do s\u00e9culo III. S\u00e3o Br\u00e1s, primeiramente, foi m\u00e9dico, mas entrou numa crise, n\u00e3o profissional, pois era bom m\u00e9dico e prestava um \u00f3timo servi\u00e7o \u00e0 sociedade. Mas nenhuma profiss\u00e3o, por melhor que seja, consegue ocupar aquele lugar que \u00e9 somente de Deus. Ent\u00e3o, providencialmente, porque ele ia se abrindo e buscando a Deus, foi evangelizado. N\u00e3o se sabe se j\u00e1 era batizado ou pediu a gra\u00e7a do Santo Batismo, mas a sua vida sofreu uma guinada. Esta mudan\u00e7a n\u00e3o foi somente no \u00e2mbito da religi\u00e3o, sua busca por Nosso Senhor Jesus Cristo estava ligada ao seu profissional e muitas pessoas come\u00e7aram a ser evangelizadas atrav\u00e9s da busca de santidade daquele m\u00e9dico.<\/p>\n<p>Numa outra etapa de sua vida, ele discerniu que precisava retirar-se. Para ele, o retiro era permanecer no Monte Argeu, na penit\u00eancia, na ora\u00e7\u00e3o, na intercess\u00e3o para que muitos encontrassem a verdadeira felicidade como ele encontrou em Cristo e na Igreja. Mas, na verdade, o Senhor o estava preparando, porque, ao falecer o bispo de Sebaste, o povo, conhecendo a fama do santo eremita, foi busc\u00e1-lo para ser pastor. Ele, que vivia naquela constante ren\u00fancia, aceitou ser ordenado padre e depois bispo; n\u00e3o por gosto dele, mas por obedi\u00eancia.<\/p>\n<p>Sucessor dos ap\u00f3stolos e fiel \u00e0 Igreja, era um homem corajoso, de ora\u00e7\u00e3o e pastor das almas, pois ele cuidava da pessoa na sua totalidade. Evangelizava com o seu testemunho.<\/p>\n<p>S\u00e3o Br\u00e1s viveu num tempo em que a Igreja foi duramente perseguida pelo imperador do Oriente, Lic\u00ednio, que era cunhado do imperador do Ocidente, Constantino. Por motivos pol\u00edticos e por \u00f3dio, Lic\u00ednio come\u00e7ou a perseguir os crist\u00e3os, porque sabia que Constantino era a favor do Cristianismo. O prefeito de Sebaste, dentro deste contexto e querendo agradar o imperador, sabia da fama de santidade do bispo S\u00e3o Br\u00e1s, enviou os soldados para o Monte Argeu, lugar que S\u00e3o Br\u00e1s fez de sua casa episcopal. Dali, ele governava a Igreja, embora n\u00e3o ficasse apenas naquele local.<\/p>\n<p>S\u00e3o Br\u00e1s foi preso e sofreu muitas chantagens para que renunciasse \u00e0 f\u00e9. Mas por amor a Cristo e \u00e0 Igreja, preferiu renunciar \u00e0 pr\u00f3pria vida. Em 316, foi degolado.<\/p>\n<p>Conta a hist\u00f3ria que, ao se dirigir para o mart\u00edrio, uma m\u00e3e apresentou-lhe uma crian\u00e7a de colo que estava morrendo engasgada por causa de uma espinha de peixe na garganta. Ele parou, olhou para o c\u00e9u, orou e Nosso Senhor curou aquela crian\u00e7a.<\/p>\n<p>O corpo do santo m\u00e1rtir ficou guardado na sua catedral de Sebaste da Arm\u00eania, mas no ano 732 uma parte de suas rel\u00edquias foram embarcadas por alguns crist\u00e3os arm\u00eanios que seguiam para Roma.<\/p>\n<p>Nessa ocasi\u00e3o uma repentina tempestade interrompe a viagem na altura da cidade de Maratea, em Potenza; e al\u00ed os fieis acolhem as rel\u00edquias do santo numa pequena igreja, que depois se tornaria sua atual bas\u00edlica e a localidade receberia o nome de Monte S\u00e3o Br\u00e1s.<\/p>\n<p>Mais recentemente, em 1983 no local da igrejinha inicial foi erguida uma est\u00e1tua de S\u00e3o Br\u00e1s, com a altura de vinte e um metros. Como dissemos, do Oriente ao Ocidente, todo mundo crist\u00e3o se curva \u00e0 devo\u00e7\u00e3o de S\u00e3o Br\u00e1s nomeando ainda hoje cidades e locais, para render-lhes homenagem e venera\u00e7\u00e3o.<\/p>\n<p><img loading=\"lazy\" decoding=\"async\" src=\"http:\/\/fotos.sapo.pt\/uZDbpyKS5yMoSOLiyuGz\/\" alt=\"\" width=\"369\" height=\"266\" \/><\/p>\n<p>Monte S\u00e3o Bras<\/p>\n<div><span style=\"font-size: small\">At\u00e9 ao s\u00e9culo XI S\u00e3o Br\u00e1s n\u00e3o entra no calend\u00e1rio lit\u00fargico romano. A partir da\u00ed, come\u00e7a a ter lugar nele pela grande devo\u00e7\u00e3o que passou a ser-lhe dedicada em Roma, onde lhe erigiram trinta e cinco igrejas. As actas da sua vida e mart\u00edrio datam do s\u00e9culo IX.<\/span> <span style=\"font-size: small\">Por muitos se contam tamb\u00e9m os milagres que operou nos animais. <\/span><span style=\"font-size: small\">Os cardadores invocam-no como seu patrono, devido a ter sido martirizado com os \u00abpentes\u00bb de ferro, objectos que utilizam na sua profiss\u00e3o.<\/span> <span style=\"font-size: small\">Figura entre os catorze santos auxiliadores.<\/span><span style=\"font-size: small\">\u00a0<\/span><span style=\"font-size: small\">\u00a0\u00a0\u00a0\u00a0\u00a0\u00a0\u00a0\u00a0\u00a0\u00a0\u00a0\u00a0\u00a0\u00a0\u00a0\u00a0 <\/span><\/div>\n<div>\u00a0<\/div>\n<div>\u00a0\u00a0<\/div>\n<div><a href=\"http:\/\/fotos.sapo.pt\/EBRPkEbAOqOJVZl1jmui\" target=\"_blank\"><img loading=\"lazy\" decoding=\"async\" src=\"http:\/\/fotos.sapo.pt\/EBRPkEbAOqOJVZl1jmui\/340x255\" border=\"0\" alt=\"\" hspace=\"70\" width=\"340\" height=\"255\" \/><\/a><\/div>\n<div>\u00a0\u00a0\u00a0\u00a0\u00a0\u00a0\u00a0\u00a0\u00a0\u00a0\u00a0\u00a0\u00a0\u00a0\u00a0\u00a0\u00a0\u00a0\u00a0\u00a0\u00a0\u00a0\u00a0\u00a0\u00a0\u00a0\u00a0\u00a0\u00a0\u00a0 Igreja de S\u00e3o\u00a0Br\u00e1s de Alportel, Algarve\u00a0<\/div>\n<div>\u00a0<\/div>\n<div>\u00a0<\/div>\n<div>\u00a0<span style=\"font-size: small\">As pr\u00e1ticas associadas ao dia de S\u00e3o Br\u00e1s, al\u00e9m das cerim\u00f3nias lit\u00fargicas e dos festejos, assentam, principalmente, no cumprimento de promessas e na b\u00ean\u00e7\u00e3o dos animais, levados \u00e0s muitas igrejas e capelas erigidas ao santo, um pouco por todo o lado, em cidades, vilas e aldeias portuguesas.<\/span><\/div>\n<div><span style=\"font-size: small\">\u00a0<\/span><\/div>\n<div><a href=\"http:\/\/fotos.sapo.pt\/Bww6LglGz27Up6RKnzzM\" target=\"_blank\"><img loading=\"lazy\" decoding=\"async\" src=\"http:\/\/fotos.sapo.pt\/Bww6LglGz27Up6RKnzzM\/340x255\" border=\"0\" alt=\"\" width=\"340\" height=\"255\" \/><\/a><\/div>\n<div>\u00a0<\/div>\n<div><span style=\"font-size: small\">\u00c0 semelhan\u00e7a do dia de S. Sebasti\u00e3o (20 de Janeiro) e dia de S\u00e3o Vicente (22 de Janeiro\u00a0), o dia de S\u00e3o Br\u00e1s representa, em certas localidades, a proximidade da quadra carnavalesca. Assim acontece em Lousada (Porto\u00a0), com o \u00abatirar dos brilhantes \u00bb (papelinhos de Carnaval) e na Nazar\u00e9, com a tradicional romaria anual \u00e0 capela do santo, no monte de S\u00e3o Br\u00e1s,\u00a0em ranchos de \u00abensaiados\u00bb (designa\u00e7\u00e3o que se d\u00e1 ali aos mascarados).<\/span><\/div>\n<div><span style=\"font-size: small\">\u00a0<\/span><\/div>\n<div><a href=\"http:\/\/fotos.sapo.pt\/av6OZr9G4zU8DNodI4sU\" target=\"_blank\"><\/a><\/div>\n<div>J\u00e1<span style=\"font-size: small\"> na aldeia de Mourilhe (Montalegre), a manter a antiga praxe, o p\u00e1roco procede \u00e0 b\u00ean\u00e7\u00e3o do p\u00e3o e da \u00e1gua, o primeiro levado pelos devotos, a segunda oferecida na igreja, mas a ser transportada depois pelos fi\u00e9is para casa, juntamente com o p\u00e3o, para servirem a fins profil\u00e1cticos.<\/span><\/div>\n<div><span style=\"font-size: small\">\u00a0<\/span><\/div>\n<div><a href=\"http:\/\/fotos.sapo.pt\/ctZyEEUmdDPLRUw8ycHZ\" target=\"_blank\"><img loading=\"lazy\" decoding=\"async\" src=\"http:\/\/fotos.sapo.pt\/ctZyEEUmdDPLRUw8ycHZ\/340x255\" border=\"0\" alt=\"\" width=\"340\" height=\"228\" \/><\/a><\/div>\n<div>\u00a0\u00a0\u00a0\u00a0\u00a0<\/div>\n<div>\u00a0<\/div>\n<div><a href=\"http:\/\/fotos.sapo.pt\/wq9FpUp4qQBzz86urRZz\" target=\"_blank\"><img loading=\"lazy\" decoding=\"async\" src=\"http:\/\/fotos.sapo.pt\/wq9FpUp4qQBzz86urRZz\/340x255\" border=\"0\" alt=\"\" width=\"236\" height=\"255\" \/><\/a><\/div>\n<div>\u00a0<\/div>\n<div><span style=\"font-size: small\">Manda o preceito que ap\u00f3s a b\u00ean\u00e7\u00e3o os devotos comam um pedacinho de p\u00e3o e bebam um pouco de \u00e1gua, terminando o ritual com o p\u00e1roco a colocar duas velas bentas apagadas, postas em cruz sobre as gargantas dos devotos, enquanto \u00e9 feita uma ora\u00e7\u00e3o de invoca\u00e7\u00e3o ao santo.<\/span><\/div>\n<div><span style=\"font-size: small\">\u00a0<\/span><\/div>\n<div>\u00a0<\/div>\n<div><span style=\"font-size: small\">\u00a0<a href=\"http:\/\/fotos.sapo.pt\/JY7zrDVnLs4BI2NF748U\" target=\"_blank\"><img loading=\"lazy\" decoding=\"async\" src=\"http:\/\/fotos.sapo.pt\/iYPkQsiGEK80WZMLQiui\/340x255\" border=\"0\" alt=\"\" width=\"305\" height=\"204\" \/><\/a><\/span><\/div>\n<div><span style=\"font-size: small\">Cada crente leva tamb\u00e9m no regresso a casa, uma vela benta para ser acesa quando h\u00e1 tempestades ou algu\u00e9m est\u00e1 doente. Neste caso, toca-se a pessoa apenas com a vela, costume que se aplica, igualmente, aos animais.<\/span> <span style=\"font-size: small\">Esta pr\u00e1tica, assenta na tradi\u00e7\u00e3o popular de que \u00aba m\u00e3e da crian\u00e7a a quem o santo salvou a vida, lhe ter\u00e1 levado velas, quando S\u00e3o Br\u00e1s esteve encarcerado\u00bb.<\/span><\/div>\n<div><span style=\"font-size: small\">\u00a0 <\/span><\/div>\n<div><span style=\"font-size: small\"><a href=\"http:\/\/fotos.sapo.pt\/6SNeTk7diBIR9WlQbytR\" target=\"_blank\"><img loading=\"lazy\" decoding=\"async\" src=\"http:\/\/fotos.sapo.pt\/6SNeTk7diBIR9WlQbytR\/340x255\" border=\"0\" alt=\"\" width=\"319\" height=\"255\" \/><\/a><\/span><\/div>\n<div>Capela de S\u00e3o Br\u00e1s, Ma\u00e7al do Ch\u00e3o, Celorico da Beira, Guarda.<\/div>\n<div>\u00a0\u00a0<\/div>\n<div><span style=\"font-size: small\">Regista-se ainda em Mourilhe o uso de \u00abbeijar as rel\u00edquias de S\u00e3o Br\u00e1s\u00bb \u2013 uma antiga cruz de prata com pequeninos relic\u00e1rios embutidos na base.<\/span><span style=\"font-size: small\">\u00a0\u00a0\u00a0\u00a0\u00a0 <\/span><span style=\"font-size: small\">\u00a0 <\/span><\/div>\n<div><span style=\"font-size: small\">\u00a0<\/span><\/div>\n<div id=\"themify_builder_content-7580\" data-postid=\"7580\" class=\"themify_builder_content themify_builder_content-7580 themify_builder themify_builder_front\">\n\t<\/div>\n<!-- \/themify_builder_content -->","protected":false},"excerpt":{"rendered":"<p>3 de Fevereiro O santo de hoje nasceu na cidade de Sebaste, Arm\u00eania, no final do s\u00e9culo III. S\u00e3o Br\u00e1s, primeiramente, foi m\u00e9dico, mas entrou numa crise, n\u00e3o profissional, pois era bom m\u00e9dico e prestava um \u00f3timo servi\u00e7o \u00e0 sociedade. Mas nenhuma profiss\u00e3o, por melhor que seja, consegue ocupar aquele lugar que \u00e9 somente de [&hellip;]<\/p>\n","protected":false},"author":14,"featured_media":0,"comment_status":"open","ping_status":"open","sticky":false,"template":"","format":"standard","meta":{"ngg_post_thumbnail":0,"footnotes":""},"categories":[186],"tags":[1452],"yoast_head":"<!-- This site is optimized with the Yoast SEO plugin v23.5 - https:\/\/yoast.com\/wordpress\/plugins\/seo\/ -->\n<title>S\u00e3o Br\u00e1s - O Arcanjo no ar<\/title>\n<meta name=\"robots\" content=\"index, follow, max-snippet:-1, max-image-preview:large, max-video-preview:-1\" \/>\n<link rel=\"canonical\" href=\"https:\/\/www.oarcanjo.net\/site\/sao-bras\/\" \/>\n<meta property=\"og:locale\" content=\"pt_BR\" \/>\n<meta property=\"og:type\" content=\"article\" \/>\n<meta property=\"og:title\" content=\"S\u00e3o Br\u00e1s - O Arcanjo no ar\" \/>\n<meta property=\"og:description\" content=\"3 de Fevereiro O santo de hoje nasceu na cidade de Sebaste, Arm\u00eania, no final do s\u00e9culo III. S\u00e3o Br\u00e1s, primeiramente, foi m\u00e9dico, mas entrou numa crise, n\u00e3o profissional, pois era bom m\u00e9dico e prestava um \u00f3timo servi\u00e7o \u00e0 sociedade. Mas nenhuma profiss\u00e3o, por melhor que seja, consegue ocupar aquele lugar que \u00e9 somente de [&hellip;]\" \/>\n<meta property=\"og:url\" content=\"https:\/\/www.oarcanjo.net\/site\/sao-bras\/\" \/>\n<meta property=\"og:site_name\" content=\"O Arcanjo no ar\" \/>\n<meta property=\"article:publisher\" content=\"https:\/\/www.facebook.com\/OArcanjoNoAr\/\" \/>\n<meta property=\"article:published_time\" content=\"2017-02-03T02:56:28+00:00\" \/>\n<meta property=\"article:modified_time\" content=\"2016-12-27T08:26:22+00:00\" \/>\n<meta property=\"og:image\" content=\"http:\/\/beinbetter.files.wordpress.com\/2009\/02\/sao-bras.jpg\" \/>\n<meta name=\"author\" content=\"danilo\" \/>\n<meta name=\"twitter:card\" content=\"summary_large_image\" \/>\n<meta name=\"twitter:label1\" content=\"Escrito por\" \/>\n\t<meta name=\"twitter:data1\" content=\"danilo\" \/>\n\t<meta name=\"twitter:label2\" content=\"Est. tempo de leitura\" \/>\n\t<meta name=\"twitter:data2\" content=\"5 minutos\" \/>\n<script type=\"application\/ld+json\" class=\"yoast-schema-graph\">{\"@context\":\"https:\/\/schema.org\",\"@graph\":[{\"@type\":\"Article\",\"@id\":\"https:\/\/www.oarcanjo.net\/site\/sao-bras\/#article\",\"isPartOf\":{\"@id\":\"https:\/\/www.oarcanjo.net\/site\/sao-bras\/\"},\"author\":{\"name\":\"danilo\",\"@id\":\"https:\/\/www.oarcanjo.net\/site\/#\/schema\/person\/5eb9480bedd2f3c97e430ce128c29c6c\"},\"headline\":\"S\u00e3o Br\u00e1s\",\"datePublished\":\"2017-02-03T02:56:28+00:00\",\"dateModified\":\"2016-12-27T08:26:22+00:00\",\"mainEntityOfPage\":{\"@id\":\"https:\/\/www.oarcanjo.net\/site\/sao-bras\/\"},\"wordCount\":1069,\"commentCount\":0,\"publisher\":{\"@id\":\"https:\/\/www.oarcanjo.net\/site\/#organization\"},\"image\":{\"@id\":\"https:\/\/www.oarcanjo.net\/site\/sao-bras\/#primaryimage\"},\"thumbnailUrl\":\"http:\/\/beinbetter.files.wordpress.com\/2009\/02\/sao-bras.jpg\",\"keywords\":[\"S\u00e3o Br\u00e1s\"],\"articleSection\":[\"Testemunhos\"],\"inLanguage\":\"pt-BR\",\"potentialAction\":[{\"@type\":\"CommentAction\",\"name\":\"Comment\",\"target\":[\"https:\/\/www.oarcanjo.net\/site\/sao-bras\/#respond\"]}]},{\"@type\":\"WebPage\",\"@id\":\"https:\/\/www.oarcanjo.net\/site\/sao-bras\/\",\"url\":\"https:\/\/www.oarcanjo.net\/site\/sao-bras\/\",\"name\":\"S\u00e3o Br\u00e1s - O Arcanjo no ar\",\"isPartOf\":{\"@id\":\"https:\/\/www.oarcanjo.net\/site\/#website\"},\"primaryImageOfPage\":{\"@id\":\"https:\/\/www.oarcanjo.net\/site\/sao-bras\/#primaryimage\"},\"image\":{\"@id\":\"https:\/\/www.oarcanjo.net\/site\/sao-bras\/#primaryimage\"},\"thumbnailUrl\":\"http:\/\/beinbetter.files.wordpress.com\/2009\/02\/sao-bras.jpg\",\"datePublished\":\"2017-02-03T02:56:28+00:00\",\"dateModified\":\"2016-12-27T08:26:22+00:00\",\"breadcrumb\":{\"@id\":\"https:\/\/www.oarcanjo.net\/site\/sao-bras\/#breadcrumb\"},\"inLanguage\":\"pt-BR\",\"potentialAction\":[{\"@type\":\"ReadAction\",\"target\":[\"https:\/\/www.oarcanjo.net\/site\/sao-bras\/\"]}]},{\"@type\":\"ImageObject\",\"inLanguage\":\"pt-BR\",\"@id\":\"https:\/\/www.oarcanjo.net\/site\/sao-bras\/#primaryimage\",\"url\":\"http:\/\/beinbetter.files.wordpress.com\/2009\/02\/sao-bras.jpg\",\"contentUrl\":\"http:\/\/beinbetter.files.wordpress.com\/2009\/02\/sao-bras.jpg\"},{\"@type\":\"BreadcrumbList\",\"@id\":\"https:\/\/www.oarcanjo.net\/site\/sao-bras\/#breadcrumb\",\"itemListElement\":[{\"@type\":\"ListItem\",\"position\":1,\"name\":\"In\u00edcio\",\"item\":\"https:\/\/www.oarcanjo.net\/site\/\"},{\"@type\":\"ListItem\",\"position\":2,\"name\":\"S\u00e3o Br\u00e1s\"}]},{\"@type\":\"WebSite\",\"@id\":\"https:\/\/www.oarcanjo.net\/site\/#website\",\"url\":\"https:\/\/www.oarcanjo.net\/site\/\",\"name\":\"O Arcanjo no ar\",\"description\":\"Site da Par\u00f3quia S\u00e3o Miguel Arcanjo (Arquidiocese de SP)\",\"publisher\":{\"@id\":\"https:\/\/www.oarcanjo.net\/site\/#organization\"},\"potentialAction\":[{\"@type\":\"SearchAction\",\"target\":{\"@type\":\"EntryPoint\",\"urlTemplate\":\"https:\/\/www.oarcanjo.net\/site\/?s={search_term_string}\"},\"query-input\":{\"@type\":\"PropertyValueSpecification\",\"valueRequired\":true,\"valueName\":\"search_term_string\"}}],\"inLanguage\":\"pt-BR\"},{\"@type\":\"Organization\",\"@id\":\"https:\/\/www.oarcanjo.net\/site\/#organization\",\"name\":\"Par\u00f3quia S\u00e3o Miguel Arcanjo\",\"url\":\"https:\/\/www.oarcanjo.net\/site\/\",\"logo\":{\"@type\":\"ImageObject\",\"inLanguage\":\"pt-BR\",\"@id\":\"https:\/\/www.oarcanjo.net\/site\/#\/schema\/logo\/image\/\",\"url\":\"https:\/\/www.oarcanjo.net\/site\/wp-content\/uploads\/LogoOArcanjo.png\",\"contentUrl\":\"https:\/\/www.oarcanjo.net\/site\/wp-content\/uploads\/LogoOArcanjo.png\",\"width\":319,\"height\":99,\"caption\":\"Par\u00f3quia S\u00e3o Miguel Arcanjo\"},\"image\":{\"@id\":\"https:\/\/www.oarcanjo.net\/site\/#\/schema\/logo\/image\/\"},\"sameAs\":[\"https:\/\/www.facebook.com\/OArcanjoNoAr\/\"]},{\"@type\":\"Person\",\"@id\":\"https:\/\/www.oarcanjo.net\/site\/#\/schema\/person\/5eb9480bedd2f3c97e430ce128c29c6c\",\"name\":\"danilo\"}]}<\/script>\n<!-- \/ Yoast SEO plugin. -->","yoast_head_json":{"title":"S\u00e3o Br\u00e1s - O Arcanjo no ar","robots":{"index":"index","follow":"follow","max-snippet":"max-snippet:-1","max-image-preview":"max-image-preview:large","max-video-preview":"max-video-preview:-1"},"canonical":"https:\/\/www.oarcanjo.net\/site\/sao-bras\/","og_locale":"pt_BR","og_type":"article","og_title":"S\u00e3o Br\u00e1s - O Arcanjo no ar","og_description":"3 de Fevereiro O santo de hoje nasceu na cidade de Sebaste, Arm\u00eania, no final do s\u00e9culo III. S\u00e3o Br\u00e1s, primeiramente, foi m\u00e9dico, mas entrou numa crise, n\u00e3o profissional, pois era bom m\u00e9dico e prestava um \u00f3timo servi\u00e7o \u00e0 sociedade. Mas nenhuma profiss\u00e3o, por melhor que seja, consegue ocupar aquele lugar que \u00e9 somente de [&hellip;]","og_url":"https:\/\/www.oarcanjo.net\/site\/sao-bras\/","og_site_name":"O Arcanjo no ar","article_publisher":"https:\/\/www.facebook.com\/OArcanjoNoAr\/","article_published_time":"2017-02-03T02:56:28+00:00","article_modified_time":"2016-12-27T08:26:22+00:00","og_image":[{"url":"http:\/\/beinbetter.files.wordpress.com\/2009\/02\/sao-bras.jpg"}],"author":"danilo","twitter_card":"summary_large_image","twitter_misc":{"Escrito por":"danilo","Est. tempo de leitura":"5 minutos"},"schema":{"@context":"https:\/\/schema.org","@graph":[{"@type":"Article","@id":"https:\/\/www.oarcanjo.net\/site\/sao-bras\/#article","isPartOf":{"@id":"https:\/\/www.oarcanjo.net\/site\/sao-bras\/"},"author":{"name":"danilo","@id":"https:\/\/www.oarcanjo.net\/site\/#\/schema\/person\/5eb9480bedd2f3c97e430ce128c29c6c"},"headline":"S\u00e3o Br\u00e1s","datePublished":"2017-02-03T02:56:28+00:00","dateModified":"2016-12-27T08:26:22+00:00","mainEntityOfPage":{"@id":"https:\/\/www.oarcanjo.net\/site\/sao-bras\/"},"wordCount":1069,"commentCount":0,"publisher":{"@id":"https:\/\/www.oarcanjo.net\/site\/#organization"},"image":{"@id":"https:\/\/www.oarcanjo.net\/site\/sao-bras\/#primaryimage"},"thumbnailUrl":"http:\/\/beinbetter.files.wordpress.com\/2009\/02\/sao-bras.jpg","keywords":["S\u00e3o Br\u00e1s"],"articleSection":["Testemunhos"],"inLanguage":"pt-BR","potentialAction":[{"@type":"CommentAction","name":"Comment","target":["https:\/\/www.oarcanjo.net\/site\/sao-bras\/#respond"]}]},{"@type":"WebPage","@id":"https:\/\/www.oarcanjo.net\/site\/sao-bras\/","url":"https:\/\/www.oarcanjo.net\/site\/sao-bras\/","name":"S\u00e3o Br\u00e1s - O Arcanjo no ar","isPartOf":{"@id":"https:\/\/www.oarcanjo.net\/site\/#website"},"primaryImageOfPage":{"@id":"https:\/\/www.oarcanjo.net\/site\/sao-bras\/#primaryimage"},"image":{"@id":"https:\/\/www.oarcanjo.net\/site\/sao-bras\/#primaryimage"},"thumbnailUrl":"http:\/\/beinbetter.files.wordpress.com\/2009\/02\/sao-bras.jpg","datePublished":"2017-02-03T02:56:28+00:00","dateModified":"2016-12-27T08:26:22+00:00","breadcrumb":{"@id":"https:\/\/www.oarcanjo.net\/site\/sao-bras\/#breadcrumb"},"inLanguage":"pt-BR","potentialAction":[{"@type":"ReadAction","target":["https:\/\/www.oarcanjo.net\/site\/sao-bras\/"]}]},{"@type":"ImageObject","inLanguage":"pt-BR","@id":"https:\/\/www.oarcanjo.net\/site\/sao-bras\/#primaryimage","url":"http:\/\/beinbetter.files.wordpress.com\/2009\/02\/sao-bras.jpg","contentUrl":"http:\/\/beinbetter.files.wordpress.com\/2009\/02\/sao-bras.jpg"},{"@type":"BreadcrumbList","@id":"https:\/\/www.oarcanjo.net\/site\/sao-bras\/#breadcrumb","itemListElement":[{"@type":"ListItem","position":1,"name":"In\u00edcio","item":"https:\/\/www.oarcanjo.net\/site\/"},{"@type":"ListItem","position":2,"name":"S\u00e3o Br\u00e1s"}]},{"@type":"WebSite","@id":"https:\/\/www.oarcanjo.net\/site\/#website","url":"https:\/\/www.oarcanjo.net\/site\/","name":"O Arcanjo no ar","description":"Site da Par\u00f3quia S\u00e3o Miguel Arcanjo (Arquidiocese de SP)","publisher":{"@id":"https:\/\/www.oarcanjo.net\/site\/#organization"},"potentialAction":[{"@type":"SearchAction","target":{"@type":"EntryPoint","urlTemplate":"https:\/\/www.oarcanjo.net\/site\/?s={search_term_string}"},"query-input":{"@type":"PropertyValueSpecification","valueRequired":true,"valueName":"search_term_string"}}],"inLanguage":"pt-BR"},{"@type":"Organization","@id":"https:\/\/www.oarcanjo.net\/site\/#organization","name":"Par\u00f3quia S\u00e3o Miguel Arcanjo","url":"https:\/\/www.oarcanjo.net\/site\/","logo":{"@type":"ImageObject","inLanguage":"pt-BR","@id":"https:\/\/www.oarcanjo.net\/site\/#\/schema\/logo\/image\/","url":"https:\/\/www.oarcanjo.net\/site\/wp-content\/uploads\/LogoOArcanjo.png","contentUrl":"https:\/\/www.oarcanjo.net\/site\/wp-content\/uploads\/LogoOArcanjo.png","width":319,"height":99,"caption":"Par\u00f3quia S\u00e3o Miguel Arcanjo"},"image":{"@id":"https:\/\/www.oarcanjo.net\/site\/#\/schema\/logo\/image\/"},"sameAs":["https:\/\/www.facebook.com\/OArcanjoNoAr\/"]},{"@type":"Person","@id":"https:\/\/www.oarcanjo.net\/site\/#\/schema\/person\/5eb9480bedd2f3c97e430ce128c29c6c","name":"danilo"}]}},"publishpress_future_action":{"enabled":false,"date":"2026-05-09 05:20:20","action":"category","newStatus":"draft","terms":[],"taxonomy":"category"},"publishpress_future_workflow_manual_trigger":{"enabledWorkflows":[]},"_links":{"self":[{"href":"https:\/\/www.oarcanjo.net\/site\/wp-json\/wp\/v2\/posts\/7580"}],"collection":[{"href":"https:\/\/www.oarcanjo.net\/site\/wp-json\/wp\/v2\/posts"}],"about":[{"href":"https:\/\/www.oarcanjo.net\/site\/wp-json\/wp\/v2\/types\/post"}],"author":[{"embeddable":true,"href":"https:\/\/www.oarcanjo.net\/site\/wp-json\/wp\/v2\/users\/14"}],"replies":[{"embeddable":true,"href":"https:\/\/www.oarcanjo.net\/site\/wp-json\/wp\/v2\/comments?post=7580"}],"version-history":[{"count":0,"href":"https:\/\/www.oarcanjo.net\/site\/wp-json\/wp\/v2\/posts\/7580\/revisions"}],"wp:attachment":[{"href":"https:\/\/www.oarcanjo.net\/site\/wp-json\/wp\/v2\/media?parent=7580"}],"wp:term":[{"taxonomy":"category","embeddable":true,"href":"https:\/\/www.oarcanjo.net\/site\/wp-json\/wp\/v2\/categories?post=7580"},{"taxonomy":"post_tag","embeddable":true,"href":"https:\/\/www.oarcanjo.net\/site\/wp-json\/wp\/v2\/tags?post=7580"}],"curies":[{"name":"wp","href":"https:\/\/api.w.org\/{rel}","templated":true}]}}