
{"id":75811,"date":"2016-09-19T20:34:09","date_gmt":"2016-09-19T23:34:09","guid":{"rendered":"http:\/\/www.oarcanjo.net\/site\/?p=75811"},"modified":"2016-09-19T20:44:44","modified_gmt":"2016-09-19T23:44:44","slug":"avisos-da-semana-18092016-a-25092016","status":"publish","type":"post","link":"https:\/\/www.oarcanjo.net\/site\/avisos-da-semana-18092016-a-25092016\/","title":{"rendered":"Avisos da semana &#8211; 18\/09\/2016 a 25\/09\/2016"},"content":{"rendered":"<ul>\n<li>Na segunda-feira, 19\/09, come\u00e7a a Novena de S\u00e3o Miguel,\u00a0\u00a0na missa das 7h.<\/li>\n<\/ul>\n<ul>\n<li>Na quarta-feira, \u00e0s 20h, ocorrer\u00e1 a\u00a0reuni\u00e3o da par\u00f3quia sobre o 12\u00ba Plano de Pastoral. Todos est\u00e3o convidados a participar!<\/li>\n<\/ul>\n<ul>\n<li>Os hor\u00e1rios das\u00a0missas no dia de S\u00e3o Miguel, 29\/09, ser\u00e3o: 7h30, 12h, 15h e 20h. A missa das\u00a020h ser\u00e1 celebrada por\u00a0Dom Luiz Carlos Dias, bispo auxiliar da Arquidiocese de S\u00e3o Paulo para a Regi\u00e3o Episcopal Bel\u00e9m. Na missa Dom Luiz far\u00e1\u00a0a confirma\u00e7\u00e3o de batismo\u00a0do grupo de jovens e adultos da par\u00f3quia. O Pe. Julio refor\u00e7ou a import\u00e2ncia da participa\u00e7\u00e3o \u00e0s\u00a020h, pois Dom Luiz gosta de conhecer as pessoas que s\u00e3o da comunidade.<\/li>\n<\/ul>\n<p><em>(excepcionalmente neste domingo, n\u00e3o houve grava\u00e7\u00e3o em v\u00eddeo dos avisos da semana)<\/em><\/p>\n<div id=\"themify_builder_content-75811\" data-postid=\"75811\" class=\"themify_builder_content themify_builder_content-75811 themify_builder themify_builder_front\">\n\t<\/div>\n<!-- \/themify_builder_content -->","protected":false},"excerpt":{"rendered":"<p>Novena de S\u00e3o Miguel, reuni\u00e3o da par\u00f3quia sobre o 12\u00ba Plano de Pastoral e hor\u00e1rios das missas no dia 29\/09, Dia de S\u00e3o Miguel.<\/p>\n","protected":false},"author":3,"featured_media":0,"comment_status":"open","ping_status":"open","sticky":false,"template":"","format":"standard","meta":{"ngg_post_thumbnail":0,"footnotes":""},"categories":[476,8],"tags":[],"yoast_head":"<!-- This site is optimized with the Yoast SEO plugin v23.5 - https:\/\/yoast.com\/wordpress\/plugins\/seo\/ -->\n<title>Avisos da semana - 18\/09\/2016 a 25\/09\/2016 - O Arcanjo no ar<\/title>\n<meta name=\"robots\" content=\"index, follow, max-snippet:-1, max-image-preview:large, max-video-preview:-1\" \/>\n<link rel=\"canonical\" href=\"https:\/\/www.oarcanjo.net\/site\/avisos-da-semana-18092016-a-25092016\/\" \/>\n<meta property=\"og:locale\" content=\"pt_BR\" \/>\n<meta property=\"og:type\" content=\"article\" \/>\n<meta property=\"og:title\" content=\"Avisos da semana - 18\/09\/2016 a 25\/09\/2016 - O Arcanjo no ar\" \/>\n<meta property=\"og:description\" content=\"Novena de S\u00e3o Miguel, reuni\u00e3o da par\u00f3quia sobre o 12\u00ba Plano de Pastoral e hor\u00e1rios das missas no dia 29\/09, Dia de S\u00e3o Miguel.\" \/>\n<meta property=\"og:url\" content=\"https:\/\/www.oarcanjo.net\/site\/avisos-da-semana-18092016-a-25092016\/\" \/>\n<meta property=\"og:site_name\" content=\"O Arcanjo no ar\" \/>\n<meta property=\"article:publisher\" content=\"https:\/\/www.facebook.com\/OArcanjoNoAr\/\" \/>\n<meta property=\"article:published_time\" content=\"2016-09-19T23:34:09+00:00\" \/>\n<meta property=\"article:modified_time\" content=\"2016-09-19T23:44:44+00:00\" \/>\n<meta property=\"og:image\" content=\"https:\/\/www.oarcanjo.net\/site\/wp-content\/uploads\/logo-o-arcanjo-no-ar-facebook.png\" \/>\n\t<meta property=\"og:image:width\" content=\"300\" \/>\n\t<meta property=\"og:image:height\" content=\"300\" \/>\n\t<meta property=\"og:image:type\" content=\"image\/png\" \/>\n<meta name=\"author\" content=\"miriam.meyer\" \/>\n<meta name=\"twitter:card\" content=\"summary_large_image\" \/>\n<meta name=\"twitter:label1\" content=\"Escrito por\" \/>\n\t<meta name=\"twitter:data1\" content=\"miriam.meyer\" \/>\n\t<meta name=\"twitter:label2\" content=\"Est. tempo de leitura\" \/>\n\t<meta name=\"twitter:data2\" content=\"1 minuto\" \/>\n<script type=\"application\/ld+json\" class=\"yoast-schema-graph\">{\"@context\":\"https:\/\/schema.org\",\"@graph\":[{\"@type\":\"Article\",\"@id\":\"https:\/\/www.oarcanjo.net\/site\/avisos-da-semana-18092016-a-25092016\/#article\",\"isPartOf\":{\"@id\":\"https:\/\/www.oarcanjo.net\/site\/avisos-da-semana-18092016-a-25092016\/\"},\"author\":{\"name\":\"miriam.meyer\",\"@id\":\"https:\/\/www.oarcanjo.net\/site\/#\/schema\/person\/ce0fba3450314a09c6442cfee983a3d8\"},\"headline\":\"Avisos da semana &#8211; 18\/09\/2016 a 25\/09\/2016\",\"datePublished\":\"2016-09-19T23:34:09+00:00\",\"dateModified\":\"2016-09-19T23:44:44+00:00\",\"mainEntityOfPage\":{\"@id\":\"https:\/\/www.oarcanjo.net\/site\/avisos-da-semana-18092016-a-25092016\/\"},\"wordCount\":145,\"commentCount\":0,\"publisher\":{\"@id\":\"https:\/\/www.oarcanjo.net\/site\/#organization\"},\"articleSection\":[\"Avisos\",\"Not\u00edcias\"],\"inLanguage\":\"pt-BR\",\"potentialAction\":[{\"@type\":\"CommentAction\",\"name\":\"Comment\",\"target\":[\"https:\/\/www.oarcanjo.net\/site\/avisos-da-semana-18092016-a-25092016\/#respond\"]}]},{\"@type\":\"WebPage\",\"@id\":\"https:\/\/www.oarcanjo.net\/site\/avisos-da-semana-18092016-a-25092016\/\",\"url\":\"https:\/\/www.oarcanjo.net\/site\/avisos-da-semana-18092016-a-25092016\/\",\"name\":\"Avisos da semana - 18\/09\/2016 a 25\/09\/2016 - O Arcanjo no ar\",\"isPartOf\":{\"@id\":\"https:\/\/www.oarcanjo.net\/site\/#website\"},\"datePublished\":\"2016-09-19T23:34:09+00:00\",\"dateModified\":\"2016-09-19T23:44:44+00:00\",\"breadcrumb\":{\"@id\":\"https:\/\/www.oarcanjo.net\/site\/avisos-da-semana-18092016-a-25092016\/#breadcrumb\"},\"inLanguage\":\"pt-BR\",\"potentialAction\":[{\"@type\":\"ReadAction\",\"target\":[\"https:\/\/www.oarcanjo.net\/site\/avisos-da-semana-18092016-a-25092016\/\"]}]},{\"@type\":\"BreadcrumbList\",\"@id\":\"https:\/\/www.oarcanjo.net\/site\/avisos-da-semana-18092016-a-25092016\/#breadcrumb\",\"itemListElement\":[{\"@type\":\"ListItem\",\"position\":1,\"name\":\"In\u00edcio\",\"item\":\"https:\/\/www.oarcanjo.net\/site\/\"},{\"@type\":\"ListItem\",\"position\":2,\"name\":\"Avisos da semana &#8211; 18\/09\/2016 a 25\/09\/2016\"}]},{\"@type\":\"WebSite\",\"@id\":\"https:\/\/www.oarcanjo.net\/site\/#website\",\"url\":\"https:\/\/www.oarcanjo.net\/site\/\",\"name\":\"O Arcanjo no ar\",\"description\":\"Site da Par\u00f3quia S\u00e3o Miguel Arcanjo (Arquidiocese de SP)\",\"publisher\":{\"@id\":\"https:\/\/www.oarcanjo.net\/site\/#organization\"},\"potentialAction\":[{\"@type\":\"SearchAction\",\"target\":{\"@type\":\"EntryPoint\",\"urlTemplate\":\"https:\/\/www.oarcanjo.net\/site\/?s={search_term_string}\"},\"query-input\":{\"@type\":\"PropertyValueSpecification\",\"valueRequired\":true,\"valueName\":\"search_term_string\"}}],\"inLanguage\":\"pt-BR\"},{\"@type\":\"Organization\",\"@id\":\"https:\/\/www.oarcanjo.net\/site\/#organization\",\"name\":\"Par\u00f3quia S\u00e3o Miguel Arcanjo\",\"url\":\"https:\/\/www.oarcanjo.net\/site\/\",\"logo\":{\"@type\":\"ImageObject\",\"inLanguage\":\"pt-BR\",\"@id\":\"https:\/\/www.oarcanjo.net\/site\/#\/schema\/logo\/image\/\",\"url\":\"https:\/\/www.oarcanjo.net\/site\/wp-content\/uploads\/LogoOArcanjo.png\",\"contentUrl\":\"https:\/\/www.oarcanjo.net\/site\/wp-content\/uploads\/LogoOArcanjo.png\",\"width\":319,\"height\":99,\"caption\":\"Par\u00f3quia S\u00e3o Miguel Arcanjo\"},\"image\":{\"@id\":\"https:\/\/www.oarcanjo.net\/site\/#\/schema\/logo\/image\/\"},\"sameAs\":[\"https:\/\/www.facebook.com\/OArcanjoNoAr\/\"]},{\"@type\":\"Person\",\"@id\":\"https:\/\/www.oarcanjo.net\/site\/#\/schema\/person\/ce0fba3450314a09c6442cfee983a3d8\",\"name\":\"miriam.meyer\"}]}<\/script>\n<!-- \/ Yoast SEO plugin. -->","yoast_head_json":{"title":"Avisos da semana - 18\/09\/2016 a 25\/09\/2016 - O Arcanjo no ar","robots":{"index":"index","follow":"follow","max-snippet":"max-snippet:-1","max-image-preview":"max-image-preview:large","max-video-preview":"max-video-preview:-1"},"canonical":"https:\/\/www.oarcanjo.net\/site\/avisos-da-semana-18092016-a-25092016\/","og_locale":"pt_BR","og_type":"article","og_title":"Avisos da semana - 18\/09\/2016 a 25\/09\/2016 - O Arcanjo no ar","og_description":"Novena de S\u00e3o Miguel, reuni\u00e3o da par\u00f3quia sobre o 12\u00ba Plano de Pastoral e hor\u00e1rios das missas no dia 29\/09, Dia de S\u00e3o Miguel.","og_url":"https:\/\/www.oarcanjo.net\/site\/avisos-da-semana-18092016-a-25092016\/","og_site_name":"O Arcanjo no ar","article_publisher":"https:\/\/www.facebook.com\/OArcanjoNoAr\/","article_published_time":"2016-09-19T23:34:09+00:00","article_modified_time":"2016-09-19T23:44:44+00:00","og_image":[{"width":300,"height":300,"url":"https:\/\/www.oarcanjo.net\/site\/wp-content\/uploads\/logo-o-arcanjo-no-ar-facebook.png","type":"image\/png"}],"author":"miriam.meyer","twitter_card":"summary_large_image","twitter_misc":{"Escrito por":"miriam.meyer","Est. tempo de leitura":"1 minuto"},"schema":{"@context":"https:\/\/schema.org","@graph":[{"@type":"Article","@id":"https:\/\/www.oarcanjo.net\/site\/avisos-da-semana-18092016-a-25092016\/#article","isPartOf":{"@id":"https:\/\/www.oarcanjo.net\/site\/avisos-da-semana-18092016-a-25092016\/"},"author":{"name":"miriam.meyer","@id":"https:\/\/www.oarcanjo.net\/site\/#\/schema\/person\/ce0fba3450314a09c6442cfee983a3d8"},"headline":"Avisos da semana &#8211; 18\/09\/2016 a 25\/09\/2016","datePublished":"2016-09-19T23:34:09+00:00","dateModified":"2016-09-19T23:44:44+00:00","mainEntityOfPage":{"@id":"https:\/\/www.oarcanjo.net\/site\/avisos-da-semana-18092016-a-25092016\/"},"wordCount":145,"commentCount":0,"publisher":{"@id":"https:\/\/www.oarcanjo.net\/site\/#organization"},"articleSection":["Avisos","Not\u00edcias"],"inLanguage":"pt-BR","potentialAction":[{"@type":"CommentAction","name":"Comment","target":["https:\/\/www.oarcanjo.net\/site\/avisos-da-semana-18092016-a-25092016\/#respond"]}]},{"@type":"WebPage","@id":"https:\/\/www.oarcanjo.net\/site\/avisos-da-semana-18092016-a-25092016\/","url":"https:\/\/www.oarcanjo.net\/site\/avisos-da-semana-18092016-a-25092016\/","name":"Avisos da semana - 18\/09\/2016 a 25\/09\/2016 - O Arcanjo no ar","isPartOf":{"@id":"https:\/\/www.oarcanjo.net\/site\/#website"},"datePublished":"2016-09-19T23:34:09+00:00","dateModified":"2016-09-19T23:44:44+00:00","breadcrumb":{"@id":"https:\/\/www.oarcanjo.net\/site\/avisos-da-semana-18092016-a-25092016\/#breadcrumb"},"inLanguage":"pt-BR","potentialAction":[{"@type":"ReadAction","target":["https:\/\/www.oarcanjo.net\/site\/avisos-da-semana-18092016-a-25092016\/"]}]},{"@type":"BreadcrumbList","@id":"https:\/\/www.oarcanjo.net\/site\/avisos-da-semana-18092016-a-25092016\/#breadcrumb","itemListElement":[{"@type":"ListItem","position":1,"name":"In\u00edcio","item":"https:\/\/www.oarcanjo.net\/site\/"},{"@type":"ListItem","position":2,"name":"Avisos da semana &#8211; 18\/09\/2016 a 25\/09\/2016"}]},{"@type":"WebSite","@id":"https:\/\/www.oarcanjo.net\/site\/#website","url":"https:\/\/www.oarcanjo.net\/site\/","name":"O Arcanjo no ar","description":"Site da Par\u00f3quia S\u00e3o Miguel Arcanjo (Arquidiocese de SP)","publisher":{"@id":"https:\/\/www.oarcanjo.net\/site\/#organization"},"potentialAction":[{"@type":"SearchAction","target":{"@type":"EntryPoint","urlTemplate":"https:\/\/www.oarcanjo.net\/site\/?s={search_term_string}"},"query-input":{"@type":"PropertyValueSpecification","valueRequired":true,"valueName":"search_term_string"}}],"inLanguage":"pt-BR"},{"@type":"Organization","@id":"https:\/\/www.oarcanjo.net\/site\/#organization","name":"Par\u00f3quia S\u00e3o Miguel Arcanjo","url":"https:\/\/www.oarcanjo.net\/site\/","logo":{"@type":"ImageObject","inLanguage":"pt-BR","@id":"https:\/\/www.oarcanjo.net\/site\/#\/schema\/logo\/image\/","url":"https:\/\/www.oarcanjo.net\/site\/wp-content\/uploads\/LogoOArcanjo.png","contentUrl":"https:\/\/www.oarcanjo.net\/site\/wp-content\/uploads\/LogoOArcanjo.png","width":319,"height":99,"caption":"Par\u00f3quia S\u00e3o Miguel Arcanjo"},"image":{"@id":"https:\/\/www.oarcanjo.net\/site\/#\/schema\/logo\/image\/"},"sameAs":["https:\/\/www.facebook.com\/OArcanjoNoAr\/"]},{"@type":"Person","@id":"https:\/\/www.oarcanjo.net\/site\/#\/schema\/person\/ce0fba3450314a09c6442cfee983a3d8","name":"miriam.meyer"}]}},"publishpress_future_action":{"enabled":false,"date":"2026-05-09 07:56:43","action":"category","newStatus":"draft","terms":[],"taxonomy":"category"},"publishpress_future_workflow_manual_trigger":{"enabledWorkflows":[]},"_links":{"self":[{"href":"https:\/\/www.oarcanjo.net\/site\/wp-json\/wp\/v2\/posts\/75811"}],"collection":[{"href":"https:\/\/www.oarcanjo.net\/site\/wp-json\/wp\/v2\/posts"}],"about":[{"href":"https:\/\/www.oarcanjo.net\/site\/wp-json\/wp\/v2\/types\/post"}],"author":[{"embeddable":true,"href":"https:\/\/www.oarcanjo.net\/site\/wp-json\/wp\/v2\/users\/3"}],"replies":[{"embeddable":true,"href":"https:\/\/www.oarcanjo.net\/site\/wp-json\/wp\/v2\/comments?post=75811"}],"version-history":[{"count":0,"href":"https:\/\/www.oarcanjo.net\/site\/wp-json\/wp\/v2\/posts\/75811\/revisions"}],"wp:attachment":[{"href":"https:\/\/www.oarcanjo.net\/site\/wp-json\/wp\/v2\/media?parent=75811"}],"wp:term":[{"taxonomy":"category","embeddable":true,"href":"https:\/\/www.oarcanjo.net\/site\/wp-json\/wp\/v2\/categories?post=75811"},{"taxonomy":"post_tag","embeddable":true,"href":"https:\/\/www.oarcanjo.net\/site\/wp-json\/wp\/v2\/tags?post=75811"}],"curies":[{"name":"wp","href":"https:\/\/api.w.org\/{rel}","templated":true}]}}