
{"id":7584,"date":"2017-02-04T00:58:47","date_gmt":"2017-02-04T02:58:47","guid":{"rendered":"http:\/\/www.oarcanjo.net\/site\/?p=7584"},"modified":"2016-12-27T06:26:43","modified_gmt":"2016-12-27T08:26:43","slug":"santo-andre-corsini","status":"publish","type":"post","link":"https:\/\/www.oarcanjo.net\/site\/santo-andre-corsini\/","title":{"rendered":"Santo Andr\u00e9 Corsini"},"content":{"rendered":"<p><img loading=\"lazy\" decoding=\"async\" src=\"http:\/\/alexandrinabalasar.free.fr\/andrea_corsini_001.jpg\" alt=\"\" width=\"394\" height=\"624\" \/><\/p>\n<p>4 de Fevereiro<\/p>\n<p>Um sonho anunciou o inicio da vida religiosa de Santo Andr\u00e9 Corsini, outro sonho anunciou seu fim. O primeiro quem o teve foi sua m\u00e3e. O outro, que lhe indicou a data da morte, sonhou ele pr\u00f3prio. Andr\u00e9 nasceu em Floren\u00e7a, na It\u00e1lia, em 1301, filho de fam\u00edlia nobre e famosa. Antes de o dar \u00e0 luz, sua m\u00e3e sonhou que seu filho nascia lobo, mas se transformava em cordeiro ao entrar numa igreja carmelita<\/p>\n<p>Andr\u00e9, o filho que nascera na festa desse Ap\u00f3stolo, em sua inf\u00e2ncia e adolesc\u00eancia realmente assemelhava-se mais a um lobo do que a um cordeiro. Era desobediente, briguento, mundano, n\u00e3o respeitava nem pais nem mestres, e passava o tempo na ca\u00e7a e no jogo. N\u00e3o \u00e9 de se admirar que tivesse rixas constantes em casa.<\/p>\n<h3>A convers\u00e3o do \u201clobo\u201d que virou \u201ccordeiro\u201d<\/h3>\n<p>Certo dia, quando devia ter pouco mais de 15 anos, ele maltratava a m\u00e3e, que o repreendia pelos seus desmandos. Nesta ocasi\u00e3o, em l\u00e1grimas, ela lhe disse: <em>\u201c\u00c9s bem o lobo do meu sonho\u201d. <\/em>O rapaz ficou surpreso. <em>\u201cQue lobo? Que sonho? Conta-me tudo\u201d. <\/em>Peregrina narrou-lhe ent\u00e3o o sonho que tivera, acrescentando que, quando ele nascera, os pais o haviam consagrado \u00e0 Virgem. E que seu proceder era o oposto do que eles esperavam dele.<\/p>\n<p>Andr\u00e9, tocado pela gra\u00e7a, ficou muito comovido. Saiu de casa e dirigiu-se \u00e0 igreja do convento carmelita, onde se prostrou aos p\u00e9s da Virgem do Povo, a quem fora consagrado. E rezou do fundo da alma: <em>\u201c\u00d3 glorios\u00edssima Virgem Maria! Aqui tens, a teus p\u00e9s, o lobo feroz e repleto de culpas que a ti recorre humildemente. J\u00e1 que \u00e9s a M\u00e3e do Cordeiro sem mancha, cujo sangue nos lavou e remiu, rogo-te que me limpes, e de tal maneira convertas minha cruel natureza de lobo, que de hoje em diante seja eu mans\u00edssimo e fidel\u00edssimo cordeiro, digno de ser-te oferecido como v\u00edtima e servir-te at\u00e9 minha morte em tua sant\u00edssima Ordem Carmelitana\u201d.<\/em><\/p>\n<p>Quanto tempo passou ele ali, prostrado aos p\u00e9s da Virgem? Os of\u00edcios terminaram, a igreja se fechou, e os irm\u00e3os leigos come\u00e7aram a limpeza do recinto para o dia seguinte. Um deles descobriu o jovem. Que fazia ali \u00e0quela hora? <em>\u201cLeve-me ao Superior, por favor\u201d,<\/em> pediu o rapaz. Em frente a ele, caiu de joelhos e suplicou que lhe desse imediatamente o h\u00e1bito da Ordem. Mas todos conheciam sua fam\u00edlia e seus desregramentos. O Superior titubeou, argumentou que nada lhe faltava em sua abastada fam\u00edlia; por que queria tudo abandonar? Andr\u00e9 explicou-lhe a gra\u00e7a que acabara de receber, e que queria cumprir os votos dos piedosos pais. Estes foram chamados e, exultantes, deram sua licen\u00e7a. Recebeu o h\u00e1bito em 1318, sendo da\u00ed para a frente um novo homem.<\/p>\n<h3>Penit\u00eancias, ora\u00e7\u00f5es e tenta\u00e7\u00f5es diab\u00f3licas<\/h3>\n<p>\u00c9 claro que uma pessoa, tendo vivido tanto tempo ao sabor de seus caprichos e\u00a0 mau temperamento, sem um rem\u00e9dio eficaz n\u00e3o se transformaria de vez. Andr\u00e9 utilizou para isso o m\u00e9todo de <em>\u201cagere contra\u201d<\/em> \u2014 quer dizer, agir de maneira totalmente oposta ao v\u00edcio ou defeito que queria combater. Para domar seus maus impulsos e esp\u00edrito de independ\u00eancia, tornou-se o mais obediente e mais observante novi\u00e7o. Vivera ele em meio ao excessivo luxo e comodidades? Agora escolhia para si o mais velho h\u00e1bito do convento e lan\u00e7ava m\u00e3o de \u00e1speras penit\u00eancias, disciplinas e cont\u00ednuos jejuns. Para isso tamb\u00e9m observava um rigoroso\u00a0 sil\u00eancio, mortificava a vista, ouvidos e paladar, e dedicava longas horas \u00e0 ora\u00e7\u00e3o. Suportava o esc\u00e1rnio de seus antigos companheiros de libertinagem e o desprezo de alguns parentes. Sua convers\u00e3o fora verdadeiramente profunda, e ele abra\u00e7ou com entusiasmo o caminho da perfei\u00e7\u00e3o.<\/p>\n<p>O dem\u00f4nio n\u00e3o podia resignar-se a perder assim definitivamente aquele que fora tanto tempo sua presa. N\u00e3o o deixava em paz, assaltando-o com violentas tenta\u00e7\u00f5es. Mas Andr\u00e9 recorria a Nossa Senhora e neutralizava assim os assaltos do esp\u00edrito infernal.<\/p>\n<p>Um dia, quando ele estava encarregado da portaria durante o jantar da comunidade, bateram com insist\u00eancia na porta do convento. Andr\u00e9, que tinha ordem de n\u00e3o deixar entrar nenhum estranho, abriu apenas um pequeno postigo na porta e viu um garboso senhor acompanhado de v\u00e1rios criados. \u2014 <em>\u201cAbre depressa, pois sou teu parente e n\u00e3o posso consentir em que permane\u00e7as mais tempo entre esses indigentes. Teus pais tamb\u00e9m querem que saias, pois escolheram e elegeram para tua esposa uma jovem nobre e formosa\u201d. <\/em>Respondeu que n\u00e3o o reconhecia por parente, que seus pais estavam satisfeitos com a estadia dele l\u00e1, e que n\u00e3o abriria por n\u00e3o ter licen\u00e7a. Reconhecendo no embusteiro o pai da mentira, com o sinal da Cruz f\u00ea-lo fugir.<\/p>\n<p>Para praticar a humildade, mesmo depois de professar, Andr\u00e9 pediu para sair pedindo esmolas para o convento nas ruas onde moravam as pessoas mais proeminentes da cidade e alguns parentes seus. De muitos deles recebia insultos e repreens\u00f5es, sob alega\u00e7\u00e3o de que desonrava o nome da fam\u00edlia.<\/p>\n<p>Professo, em nada diminuiu suas austeridades. Sua vida tornou-se de cont\u00ednua penit\u00eancia. Jejuava v\u00e1rias vezes por semana e dormia sobre palha,\u00a0 trazendo \u00e0 cintura rude cil\u00edcio.<\/p>\n<h3>Dom dos milagres e da profecia<\/h3>\n<p>A Provid\u00eancia logo o premiou com o dom dos milagres e da profecia. Assim, curou milagrosamente de uma horr\u00edvel \u00falcera na perna um tio mundano e viciado no jogo, trazendo-lhe, com a sa\u00fade do corpo, a da alma. Um dia, atendendo \u00e0s insist\u00eancias de um amigo, aceitou ser padrinho de seu filho. Na hora da cerim\u00f4nia, quando tinha a crian\u00e7a nos bra\u00e7os, come\u00e7ou a solu\u00e7ar. Quando lhe perguntaram o porqu\u00ea das l\u00e1grimas nesse momento, respondeu: <em>\u201cEu choro porque este menino nasceu para sua perda e ru\u00edna de sua casa\u201d.<\/em> E isso sucedeu. Crescendo, o infeliz traiu sua p\u00e1tria, sendo executado pela justi\u00e7a e cobrindo de inf\u00e2mia toda a fam\u00edlia.<\/p>\n<p>Frei Andr\u00e9 foi enviado pelos seus superiores a Paris, onde havia a mais famosa universidade da \u00e9poca, para aperfei\u00e7oar-se na teologia. Quando voltou, foi eleito prior do convento de sua cidade.<\/p>\n<h3>De frade carmelita a eminente bispo<\/h3>\n<p>Vagando em 1360 a S\u00e9 de Fi\u00e9sole, perto de Floren\u00e7a, o clero escolheu Frei Andr\u00e9 para ser seu bispo. Mas este, sabendo da escolha, escondeu-se na Cartuxa de Floren\u00e7a. Depois de muito o procurar inutilmente, o clero de Fi\u00e9sole resolveu reunir-se e escolher outro bispo. Nesse momento entrou no recinto um menino de tr\u00eas anos, que disse: <em>\u201cDeus escolheu Andr\u00e9 para prelado; ele est\u00e1 em ora\u00e7\u00e3o na Cartuxa, onde o encontrareis\u201d. <\/em>Ao mesmo tempo o Anjo da Guarda de Andr\u00e9 apareceu-lhe, tamb\u00e9m na figura de um menino vestido de branco, e lhe disse: <em>\u201cN\u00e3o temas, Andr\u00e9, porque eu serei teu guardi\u00e3o, e Maria ser\u00e1 em todas as coisas tua ajuda e tua protetora\u201d. <\/em>O Santo dirigiu-se a Fi\u00e9sole, encontrando-se no caminho com o cortejo daqueles que o vinham buscar.<\/p>\n<p>Sabendo da grande responsabilidade que tem um bispo, Andr\u00e9, para obter o aux\u00edlio divino, aumentou ainda mais suas austeridades e penit\u00eancias, de modo tal que \u00e9 dificilmente compreens\u00edvel para o homem amolecido de nossos dias. Basta dizer que ele se disciplinava at\u00e9 o sangue todos os dias, durante o tempo em que rezava os Sete Salmos Penitenciais e algumas ladainhas. Usava um cinto de ferro junto \u00e0 carne e um cil\u00edcio.<\/p>\n<h3>Restaurador espiritual e material de sua diocese<\/h3>\n<p>Ele n\u00e3o falava jamais com mulheres, a n\u00e3o ser o m\u00ednimo indispens\u00e1vel, e n\u00e3o tolerava ouvir lisonjeiros. Visitou toda sua diocese, procurando reafervorar seu clero e diocesanos. Fez uma lista de todos os pobres de sua cidade, sobretudo dos pobres envergonhados, a quem socorria secretamente. Chamavam-se \u201cpobres envergonhados\u201d pessoas pertencentes \u00e0 nobreza ou outras classes elevadas, que haviam ca\u00eddo na mis\u00e9ria. Durante um ano de carestia, deu aos pobres tudo o que tinha. Um dia em que j\u00e1 havia dado todo o p\u00e3o dispon\u00edvel, surgiram outros pobres. Os p\u00e3es se multiplicaram milagrosamente, satisfazendo a todos.<\/p>\n<p>\u00c0s quintas-feiras ele lavava os p\u00e9s de doze pobres, dando-lhes depois generosa esmola. Certa vez um deles tinha na perna uma \u00falcera t\u00e3o asquerosa, que quis impedir ao bispo de toc\u00e1-la. Mas apenas o santo o fez, a perna curou-se imediatamente.<\/p>\n<p>Seu esp\u00edrito doce e pac\u00edfico serenava toda querela, pois tinha o dom de restabelecer amizades e acabar com discuss\u00f5es. Por isso o Papa Urbano V o mandou como n\u00fancio a Bolonha, cidade na qual havia guerra entre duas fac\u00e7\u00f5es. Ele n\u00e3o s\u00f3 obteve a pacifica\u00e7\u00e3o geral, mas reuniu entre si a nobreza e o povo com os la\u00e7os de uma caridade m\u00fatua.<\/p>\n<p>O santo trabalhava tamb\u00e9m para reparar os templos. Assim, reedificou sua catedral, que estava em ru\u00ednas.<\/p>\n<p>Aos 71 anos de idade, quando celebrava a Missa de Natal, Nossa Senhora apareceu-lhe, prevenindo-o de que viria busc\u00e1-lo no dia dos Santos Reis. Andr\u00e9 preparou-se bem, p\u00f4s em ordem todos os neg\u00f3cios de sua diocese, e esperou a hora da morte recitando com os presentes o S\u00edmbolo dos Ap\u00f3stolos, de Nic\u00e9ia e de Santo Atan\u00e1sio. Quando cantava o <em>\u201cNunc dimittis servum tuum, Domine\u201d <\/em>(Deixai partir agora vosso servo, Senhor), entregou sua alma a Deus.<\/p>\n<p><img decoding=\"async\" src=\"http:\/\/www.carmeloonline.com.br\/santo_dia\/imagens_santos\/andre_corsini\/andre_corsini2.jpg\" alt=\"\" \/><\/p>\n<div id=\"themify_builder_content-7584\" data-postid=\"7584\" class=\"themify_builder_content themify_builder_content-7584 themify_builder themify_builder_front\">\n\t<\/div>\n<!-- \/themify_builder_content -->","protected":false},"excerpt":{"rendered":"<p>4 de Fevereiro Um sonho anunciou o inicio da vida religiosa de Santo Andr\u00e9 Corsini, outro sonho anunciou seu fim. O primeiro quem o teve foi sua m\u00e3e. O outro, que lhe indicou a data da morte, sonhou ele pr\u00f3prio. Andr\u00e9 nasceu em Floren\u00e7a, na It\u00e1lia, em 1301, filho de fam\u00edlia nobre e famosa. Antes [&hellip;]<\/p>\n","protected":false},"author":14,"featured_media":0,"comment_status":"open","ping_status":"open","sticky":false,"template":"","format":"standard","meta":{"ngg_post_thumbnail":0,"footnotes":""},"categories":[186],"tags":[1454],"yoast_head":"<!-- This site is optimized with the Yoast SEO plugin v23.5 - https:\/\/yoast.com\/wordpress\/plugins\/seo\/ -->\n<title>Santo Andr\u00e9 Corsini - O Arcanjo no ar<\/title>\n<meta name=\"robots\" content=\"index, follow, max-snippet:-1, max-image-preview:large, max-video-preview:-1\" \/>\n<link rel=\"canonical\" href=\"https:\/\/www.oarcanjo.net\/site\/santo-andre-corsini\/\" \/>\n<meta property=\"og:locale\" content=\"pt_BR\" \/>\n<meta property=\"og:type\" content=\"article\" \/>\n<meta property=\"og:title\" content=\"Santo Andr\u00e9 Corsini - O Arcanjo no ar\" \/>\n<meta property=\"og:description\" content=\"4 de Fevereiro Um sonho anunciou o inicio da vida religiosa de Santo Andr\u00e9 Corsini, outro sonho anunciou seu fim. O primeiro quem o teve foi sua m\u00e3e. O outro, que lhe indicou a data da morte, sonhou ele pr\u00f3prio. Andr\u00e9 nasceu em Floren\u00e7a, na It\u00e1lia, em 1301, filho de fam\u00edlia nobre e famosa. Antes [&hellip;]\" \/>\n<meta property=\"og:url\" content=\"https:\/\/www.oarcanjo.net\/site\/santo-andre-corsini\/\" \/>\n<meta property=\"og:site_name\" content=\"O Arcanjo no ar\" \/>\n<meta property=\"article:publisher\" content=\"https:\/\/www.facebook.com\/OArcanjoNoAr\/\" \/>\n<meta property=\"article:published_time\" content=\"2017-02-04T02:58:47+00:00\" \/>\n<meta property=\"article:modified_time\" content=\"2016-12-27T08:26:43+00:00\" \/>\n<meta property=\"og:image\" content=\"http:\/\/alexandrinabalasar.free.fr\/andrea_corsini_001.jpg\" \/>\n<meta name=\"author\" content=\"danilo\" \/>\n<meta name=\"twitter:card\" content=\"summary_large_image\" \/>\n<meta name=\"twitter:label1\" content=\"Escrito por\" \/>\n\t<meta name=\"twitter:data1\" content=\"danilo\" \/>\n\t<meta name=\"twitter:label2\" content=\"Est. tempo de leitura\" \/>\n\t<meta name=\"twitter:data2\" content=\"8 minutos\" \/>\n<script type=\"application\/ld+json\" class=\"yoast-schema-graph\">{\"@context\":\"https:\/\/schema.org\",\"@graph\":[{\"@type\":\"Article\",\"@id\":\"https:\/\/www.oarcanjo.net\/site\/santo-andre-corsini\/#article\",\"isPartOf\":{\"@id\":\"https:\/\/www.oarcanjo.net\/site\/santo-andre-corsini\/\"},\"author\":{\"name\":\"danilo\",\"@id\":\"https:\/\/www.oarcanjo.net\/site\/#\/schema\/person\/5eb9480bedd2f3c97e430ce128c29c6c\"},\"headline\":\"Santo Andr\u00e9 Corsini\",\"datePublished\":\"2017-02-04T02:58:47+00:00\",\"dateModified\":\"2016-12-27T08:26:43+00:00\",\"mainEntityOfPage\":{\"@id\":\"https:\/\/www.oarcanjo.net\/site\/santo-andre-corsini\/\"},\"wordCount\":1614,\"commentCount\":0,\"publisher\":{\"@id\":\"https:\/\/www.oarcanjo.net\/site\/#organization\"},\"image\":{\"@id\":\"https:\/\/www.oarcanjo.net\/site\/santo-andre-corsini\/#primaryimage\"},\"thumbnailUrl\":\"http:\/\/alexandrinabalasar.free.fr\/andrea_corsini_001.jpg\",\"keywords\":[\"Santo Andr\u00e9 Corsini\"],\"articleSection\":[\"Testemunhos\"],\"inLanguage\":\"pt-BR\",\"potentialAction\":[{\"@type\":\"CommentAction\",\"name\":\"Comment\",\"target\":[\"https:\/\/www.oarcanjo.net\/site\/santo-andre-corsini\/#respond\"]}]},{\"@type\":\"WebPage\",\"@id\":\"https:\/\/www.oarcanjo.net\/site\/santo-andre-corsini\/\",\"url\":\"https:\/\/www.oarcanjo.net\/site\/santo-andre-corsini\/\",\"name\":\"Santo Andr\u00e9 Corsini - O Arcanjo no ar\",\"isPartOf\":{\"@id\":\"https:\/\/www.oarcanjo.net\/site\/#website\"},\"primaryImageOfPage\":{\"@id\":\"https:\/\/www.oarcanjo.net\/site\/santo-andre-corsini\/#primaryimage\"},\"image\":{\"@id\":\"https:\/\/www.oarcanjo.net\/site\/santo-andre-corsini\/#primaryimage\"},\"thumbnailUrl\":\"http:\/\/alexandrinabalasar.free.fr\/andrea_corsini_001.jpg\",\"datePublished\":\"2017-02-04T02:58:47+00:00\",\"dateModified\":\"2016-12-27T08:26:43+00:00\",\"breadcrumb\":{\"@id\":\"https:\/\/www.oarcanjo.net\/site\/santo-andre-corsini\/#breadcrumb\"},\"inLanguage\":\"pt-BR\",\"potentialAction\":[{\"@type\":\"ReadAction\",\"target\":[\"https:\/\/www.oarcanjo.net\/site\/santo-andre-corsini\/\"]}]},{\"@type\":\"ImageObject\",\"inLanguage\":\"pt-BR\",\"@id\":\"https:\/\/www.oarcanjo.net\/site\/santo-andre-corsini\/#primaryimage\",\"url\":\"http:\/\/alexandrinabalasar.free.fr\/andrea_corsini_001.jpg\",\"contentUrl\":\"http:\/\/alexandrinabalasar.free.fr\/andrea_corsini_001.jpg\"},{\"@type\":\"BreadcrumbList\",\"@id\":\"https:\/\/www.oarcanjo.net\/site\/santo-andre-corsini\/#breadcrumb\",\"itemListElement\":[{\"@type\":\"ListItem\",\"position\":1,\"name\":\"In\u00edcio\",\"item\":\"https:\/\/www.oarcanjo.net\/site\/\"},{\"@type\":\"ListItem\",\"position\":2,\"name\":\"Santo Andr\u00e9 Corsini\"}]},{\"@type\":\"WebSite\",\"@id\":\"https:\/\/www.oarcanjo.net\/site\/#website\",\"url\":\"https:\/\/www.oarcanjo.net\/site\/\",\"name\":\"O Arcanjo no ar\",\"description\":\"Site da Par\u00f3quia S\u00e3o Miguel Arcanjo (Arquidiocese de SP)\",\"publisher\":{\"@id\":\"https:\/\/www.oarcanjo.net\/site\/#organization\"},\"potentialAction\":[{\"@type\":\"SearchAction\",\"target\":{\"@type\":\"EntryPoint\",\"urlTemplate\":\"https:\/\/www.oarcanjo.net\/site\/?s={search_term_string}\"},\"query-input\":{\"@type\":\"PropertyValueSpecification\",\"valueRequired\":true,\"valueName\":\"search_term_string\"}}],\"inLanguage\":\"pt-BR\"},{\"@type\":\"Organization\",\"@id\":\"https:\/\/www.oarcanjo.net\/site\/#organization\",\"name\":\"Par\u00f3quia S\u00e3o Miguel Arcanjo\",\"url\":\"https:\/\/www.oarcanjo.net\/site\/\",\"logo\":{\"@type\":\"ImageObject\",\"inLanguage\":\"pt-BR\",\"@id\":\"https:\/\/www.oarcanjo.net\/site\/#\/schema\/logo\/image\/\",\"url\":\"https:\/\/www.oarcanjo.net\/site\/wp-content\/uploads\/LogoOArcanjo.png\",\"contentUrl\":\"https:\/\/www.oarcanjo.net\/site\/wp-content\/uploads\/LogoOArcanjo.png\",\"width\":319,\"height\":99,\"caption\":\"Par\u00f3quia S\u00e3o Miguel Arcanjo\"},\"image\":{\"@id\":\"https:\/\/www.oarcanjo.net\/site\/#\/schema\/logo\/image\/\"},\"sameAs\":[\"https:\/\/www.facebook.com\/OArcanjoNoAr\/\"]},{\"@type\":\"Person\",\"@id\":\"https:\/\/www.oarcanjo.net\/site\/#\/schema\/person\/5eb9480bedd2f3c97e430ce128c29c6c\",\"name\":\"danilo\"}]}<\/script>\n<!-- \/ Yoast SEO plugin. -->","yoast_head_json":{"title":"Santo Andr\u00e9 Corsini - O Arcanjo no ar","robots":{"index":"index","follow":"follow","max-snippet":"max-snippet:-1","max-image-preview":"max-image-preview:large","max-video-preview":"max-video-preview:-1"},"canonical":"https:\/\/www.oarcanjo.net\/site\/santo-andre-corsini\/","og_locale":"pt_BR","og_type":"article","og_title":"Santo Andr\u00e9 Corsini - O Arcanjo no ar","og_description":"4 de Fevereiro Um sonho anunciou o inicio da vida religiosa de Santo Andr\u00e9 Corsini, outro sonho anunciou seu fim. O primeiro quem o teve foi sua m\u00e3e. O outro, que lhe indicou a data da morte, sonhou ele pr\u00f3prio. Andr\u00e9 nasceu em Floren\u00e7a, na It\u00e1lia, em 1301, filho de fam\u00edlia nobre e famosa. Antes [&hellip;]","og_url":"https:\/\/www.oarcanjo.net\/site\/santo-andre-corsini\/","og_site_name":"O Arcanjo no ar","article_publisher":"https:\/\/www.facebook.com\/OArcanjoNoAr\/","article_published_time":"2017-02-04T02:58:47+00:00","article_modified_time":"2016-12-27T08:26:43+00:00","og_image":[{"url":"http:\/\/alexandrinabalasar.free.fr\/andrea_corsini_001.jpg"}],"author":"danilo","twitter_card":"summary_large_image","twitter_misc":{"Escrito por":"danilo","Est. tempo de leitura":"8 minutos"},"schema":{"@context":"https:\/\/schema.org","@graph":[{"@type":"Article","@id":"https:\/\/www.oarcanjo.net\/site\/santo-andre-corsini\/#article","isPartOf":{"@id":"https:\/\/www.oarcanjo.net\/site\/santo-andre-corsini\/"},"author":{"name":"danilo","@id":"https:\/\/www.oarcanjo.net\/site\/#\/schema\/person\/5eb9480bedd2f3c97e430ce128c29c6c"},"headline":"Santo Andr\u00e9 Corsini","datePublished":"2017-02-04T02:58:47+00:00","dateModified":"2016-12-27T08:26:43+00:00","mainEntityOfPage":{"@id":"https:\/\/www.oarcanjo.net\/site\/santo-andre-corsini\/"},"wordCount":1614,"commentCount":0,"publisher":{"@id":"https:\/\/www.oarcanjo.net\/site\/#organization"},"image":{"@id":"https:\/\/www.oarcanjo.net\/site\/santo-andre-corsini\/#primaryimage"},"thumbnailUrl":"http:\/\/alexandrinabalasar.free.fr\/andrea_corsini_001.jpg","keywords":["Santo Andr\u00e9 Corsini"],"articleSection":["Testemunhos"],"inLanguage":"pt-BR","potentialAction":[{"@type":"CommentAction","name":"Comment","target":["https:\/\/www.oarcanjo.net\/site\/santo-andre-corsini\/#respond"]}]},{"@type":"WebPage","@id":"https:\/\/www.oarcanjo.net\/site\/santo-andre-corsini\/","url":"https:\/\/www.oarcanjo.net\/site\/santo-andre-corsini\/","name":"Santo Andr\u00e9 Corsini - O Arcanjo no ar","isPartOf":{"@id":"https:\/\/www.oarcanjo.net\/site\/#website"},"primaryImageOfPage":{"@id":"https:\/\/www.oarcanjo.net\/site\/santo-andre-corsini\/#primaryimage"},"image":{"@id":"https:\/\/www.oarcanjo.net\/site\/santo-andre-corsini\/#primaryimage"},"thumbnailUrl":"http:\/\/alexandrinabalasar.free.fr\/andrea_corsini_001.jpg","datePublished":"2017-02-04T02:58:47+00:00","dateModified":"2016-12-27T08:26:43+00:00","breadcrumb":{"@id":"https:\/\/www.oarcanjo.net\/site\/santo-andre-corsini\/#breadcrumb"},"inLanguage":"pt-BR","potentialAction":[{"@type":"ReadAction","target":["https:\/\/www.oarcanjo.net\/site\/santo-andre-corsini\/"]}]},{"@type":"ImageObject","inLanguage":"pt-BR","@id":"https:\/\/www.oarcanjo.net\/site\/santo-andre-corsini\/#primaryimage","url":"http:\/\/alexandrinabalasar.free.fr\/andrea_corsini_001.jpg","contentUrl":"http:\/\/alexandrinabalasar.free.fr\/andrea_corsini_001.jpg"},{"@type":"BreadcrumbList","@id":"https:\/\/www.oarcanjo.net\/site\/santo-andre-corsini\/#breadcrumb","itemListElement":[{"@type":"ListItem","position":1,"name":"In\u00edcio","item":"https:\/\/www.oarcanjo.net\/site\/"},{"@type":"ListItem","position":2,"name":"Santo Andr\u00e9 Corsini"}]},{"@type":"WebSite","@id":"https:\/\/www.oarcanjo.net\/site\/#website","url":"https:\/\/www.oarcanjo.net\/site\/","name":"O Arcanjo no ar","description":"Site da Par\u00f3quia S\u00e3o Miguel Arcanjo (Arquidiocese de SP)","publisher":{"@id":"https:\/\/www.oarcanjo.net\/site\/#organization"},"potentialAction":[{"@type":"SearchAction","target":{"@type":"EntryPoint","urlTemplate":"https:\/\/www.oarcanjo.net\/site\/?s={search_term_string}"},"query-input":{"@type":"PropertyValueSpecification","valueRequired":true,"valueName":"search_term_string"}}],"inLanguage":"pt-BR"},{"@type":"Organization","@id":"https:\/\/www.oarcanjo.net\/site\/#organization","name":"Par\u00f3quia S\u00e3o Miguel Arcanjo","url":"https:\/\/www.oarcanjo.net\/site\/","logo":{"@type":"ImageObject","inLanguage":"pt-BR","@id":"https:\/\/www.oarcanjo.net\/site\/#\/schema\/logo\/image\/","url":"https:\/\/www.oarcanjo.net\/site\/wp-content\/uploads\/LogoOArcanjo.png","contentUrl":"https:\/\/www.oarcanjo.net\/site\/wp-content\/uploads\/LogoOArcanjo.png","width":319,"height":99,"caption":"Par\u00f3quia S\u00e3o Miguel Arcanjo"},"image":{"@id":"https:\/\/www.oarcanjo.net\/site\/#\/schema\/logo\/image\/"},"sameAs":["https:\/\/www.facebook.com\/OArcanjoNoAr\/"]},{"@type":"Person","@id":"https:\/\/www.oarcanjo.net\/site\/#\/schema\/person\/5eb9480bedd2f3c97e430ce128c29c6c","name":"danilo"}]}},"publishpress_future_action":{"enabled":false,"date":"2026-05-09 03:58:15","action":"category","newStatus":"draft","terms":[],"taxonomy":"category"},"publishpress_future_workflow_manual_trigger":{"enabledWorkflows":[]},"_links":{"self":[{"href":"https:\/\/www.oarcanjo.net\/site\/wp-json\/wp\/v2\/posts\/7584"}],"collection":[{"href":"https:\/\/www.oarcanjo.net\/site\/wp-json\/wp\/v2\/posts"}],"about":[{"href":"https:\/\/www.oarcanjo.net\/site\/wp-json\/wp\/v2\/types\/post"}],"author":[{"embeddable":true,"href":"https:\/\/www.oarcanjo.net\/site\/wp-json\/wp\/v2\/users\/14"}],"replies":[{"embeddable":true,"href":"https:\/\/www.oarcanjo.net\/site\/wp-json\/wp\/v2\/comments?post=7584"}],"version-history":[{"count":0,"href":"https:\/\/www.oarcanjo.net\/site\/wp-json\/wp\/v2\/posts\/7584\/revisions"}],"wp:attachment":[{"href":"https:\/\/www.oarcanjo.net\/site\/wp-json\/wp\/v2\/media?parent=7584"}],"wp:term":[{"taxonomy":"category","embeddable":true,"href":"https:\/\/www.oarcanjo.net\/site\/wp-json\/wp\/v2\/categories?post=7584"},{"taxonomy":"post_tag","embeddable":true,"href":"https:\/\/www.oarcanjo.net\/site\/wp-json\/wp\/v2\/tags?post=7584"}],"curies":[{"name":"wp","href":"https:\/\/api.w.org\/{rel}","templated":true}]}}