
{"id":7586,"date":"2017-02-04T00:01:30","date_gmt":"2017-02-04T02:01:30","guid":{"rendered":"http:\/\/www.oarcanjo.net\/site\/?p=7586"},"modified":"2016-12-27T06:26:26","modified_gmt":"2016-12-27T08:26:26","slug":"santa-joana-de-valois","status":"publish","type":"post","link":"https:\/\/www.oarcanjo.net\/site\/santa-joana-de-valois\/","title":{"rendered":"Santa Joana de Valois"},"content":{"rendered":"<p><img decoding=\"async\" src=\"http:\/\/4.bp.blogspot.com\/_5kAa5W5YTf4\/SYkNT39dimI\/AAAAAAAAC9A\/ULqeNuHPAvo\/s400\/04-Santa+Joana+de+Valois.gif\" alt=\"\" \/><\/p>\n<p>4 de Fevereiro<\/p>\n<p>Fundou a Congrega\u00e7\u00e3o da Anuncia\u00e7\u00e3o<\/p>\n<p>Filha do rei Luiz XI da Fran\u00e7a e Carlota de Sav\u00f3ia, Joana nasceu no castelo de Tours, em 23 de abril de 1464. Causou uma grande desilus\u00e3o a seu pai que desejava um filho homem. Aos vinte e seis dias de idade, foi acertado o seu casamento, para consolidar uma alian\u00e7a pol\u00edtica, com seu primo Luiz de \u00d3rleans, de dois anos.<\/p>\n<p>A menina cresceu com uma pequena deforma\u00e7\u00e3o f\u00edsica, por isto aos cinco anos foi deixada no castelo de Berry, no qual o seu maior prazer era &#8220;conversar com a Sant\u00edssima Virgem&#8221;. Aos seis anos, foi convidada pelo rei a escolher um confessor. Escolheu o monge franciscano Gabriel Maria, que a Igreja tamb\u00e9m depois beatificou. Um ano depois, conversando com Nossa Senhora, durante as ora\u00e7\u00f5es, esta a investiu de sua miss\u00e3o mariana: &#8220;Antes de morrer fundar\u00e1s uma fam\u00edlia religiosa em meu nome. Assim fazendo me dar\u00e1s um grande prazer e me prestar\u00e1s um servi\u00e7o&#8221;.<\/p>\n<p>Como era de costuma, aos doze anos se casou com o primo, apesar da sogra tentar desfazer a alian\u00e7a, que j\u00e1 n\u00e3o era conveniente. Portanto, quando o pai de Joana morreu, ela se tornou a nova rainha e o marido, o rei Luiz XII, que em seguida a repudiou. Ap\u00f3s a anula\u00e7\u00e3o can\u00f4nica do matrim\u00f4nio, casou-se com a filha do duque da Bretanha, em mais uma uni\u00e3o de fundo pol\u00edtico.<\/p>\n<p>Joana herdou o ducado de Berry e um ano depois, em 1498, ingressou na ordem terceira de S\u00e3o Francisco, em Bourges, dedicando totalmente sua vida ao pr\u00f3ximo, a Maria e a Jesus Cristo. Seguindo sempre a orienta\u00e7\u00e3o espiritual de seu confessor, administrou suas posses com sabedoria e caridade, de forma a ajudar os pobres e doentes. Provou isto durante uma epidemia de peste, que se alastrou pelo territ\u00f3rio franc\u00eas, naquele per\u00edodo, mostrando todas as virtudes que carregava no cora\u00e7\u00e3o.<\/p>\n<p>Depois, com dificuldade e superando todos os empecilhos, fundou, com a ajuda do monge Gabriel Maria, uma nova institui\u00e7\u00e3o religiosa para irm\u00e3s, tendo a finalidade de servir a Cristo e imitar a Virgem Maria, em todas as suas virtudes. A nova fam\u00edlia, essencialmente mariana, recebeu o nome de Congrega\u00e7\u00e3o da Anuncia\u00e7\u00e3o, cujo estatuto foi escrito por ela. Tamb\u00e9m por seu desejo consagrou as irm\u00e3s \u00e0s &#8220;dez virtudes da Sant\u00edssima Virgem&#8221;. No final de novembro de 1504, com autoriza\u00e7\u00e3o do Vaticano confiou a congrega\u00e7\u00e3o aos Frades Menores da Obedi\u00eancia, Ordem terceira franciscana.<\/p>\n<p>Morreu em 4 de fevereiro de 1505, de doen\u00e7a fulminante, no seu convento de Berry, Fran\u00e7a. As gra\u00e7as e os milagres floresciam sob sua intercess\u00e3o, enquanto o monge Gabriel Maria consolidava sua obra. Ele morreu vinte e tr\u00eas anos depois, quando as irm\u00e3s contemplativas da Anuncia\u00e7\u00e3o, como s\u00e3o chamadas atualmente, j\u00e1 estavam espalhadas por toda a Fran\u00e7a, alcan\u00e7ando a B\u00e9lgica e a Inglaterra. Santa Joana de Valois foi canonizada em 1950, pelo papa Pio XII, tendo determinando o dia de sua morte para as comemora\u00e7\u00f5es<\/p>\n<div id=\"themify_builder_content-7586\" data-postid=\"7586\" class=\"themify_builder_content themify_builder_content-7586 themify_builder themify_builder_front\">\n\t<\/div>\n<!-- \/themify_builder_content -->","protected":false},"excerpt":{"rendered":"<p>4 de Fevereiro Fundou a Congrega\u00e7\u00e3o da Anuncia\u00e7\u00e3o Filha do rei Luiz XI da Fran\u00e7a e Carlota de Sav\u00f3ia, Joana nasceu no castelo de Tours, em 23 de abril de 1464. Causou uma grande desilus\u00e3o a seu pai que desejava um filho homem. Aos vinte e seis dias de idade, foi acertado o seu casamento, [&hellip;]<\/p>\n","protected":false},"author":14,"featured_media":0,"comment_status":"open","ping_status":"open","sticky":false,"template":"","format":"standard","meta":{"ngg_post_thumbnail":0,"footnotes":""},"categories":[186],"tags":[],"yoast_head":"<!-- This site is optimized with the Yoast SEO plugin v23.5 - https:\/\/yoast.com\/wordpress\/plugins\/seo\/ -->\n<title>Santa Joana de Valois - O Arcanjo no ar<\/title>\n<meta name=\"robots\" content=\"index, follow, max-snippet:-1, max-image-preview:large, max-video-preview:-1\" \/>\n<link rel=\"canonical\" href=\"https:\/\/www.oarcanjo.net\/site\/santa-joana-de-valois\/\" \/>\n<meta property=\"og:locale\" content=\"pt_BR\" \/>\n<meta property=\"og:type\" content=\"article\" \/>\n<meta property=\"og:title\" content=\"Santa Joana de Valois - O Arcanjo no ar\" \/>\n<meta property=\"og:description\" content=\"4 de Fevereiro Fundou a Congrega\u00e7\u00e3o da Anuncia\u00e7\u00e3o Filha do rei Luiz XI da Fran\u00e7a e Carlota de Sav\u00f3ia, Joana nasceu no castelo de Tours, em 23 de abril de 1464. Causou uma grande desilus\u00e3o a seu pai que desejava um filho homem. Aos vinte e seis dias de idade, foi acertado o seu casamento, [&hellip;]\" \/>\n<meta property=\"og:url\" content=\"https:\/\/www.oarcanjo.net\/site\/santa-joana-de-valois\/\" \/>\n<meta property=\"og:site_name\" content=\"O Arcanjo no ar\" \/>\n<meta property=\"article:publisher\" content=\"https:\/\/www.facebook.com\/OArcanjoNoAr\/\" \/>\n<meta property=\"article:published_time\" content=\"2017-02-04T02:01:30+00:00\" \/>\n<meta property=\"article:modified_time\" content=\"2016-12-27T08:26:26+00:00\" \/>\n<meta property=\"og:image\" content=\"http:\/\/4.bp.blogspot.com\/_5kAa5W5YTf4\/SYkNT39dimI\/AAAAAAAAC9A\/ULqeNuHPAvo\/s400\/04-Santa+Joana+de+Valois.gif\" \/>\n<meta name=\"author\" content=\"danilo\" \/>\n<meta name=\"twitter:card\" content=\"summary_large_image\" \/>\n<meta name=\"twitter:label1\" content=\"Escrito por\" \/>\n\t<meta name=\"twitter:data1\" content=\"danilo\" \/>\n\t<meta name=\"twitter:label2\" content=\"Est. tempo de leitura\" \/>\n\t<meta name=\"twitter:data2\" content=\"3 minutos\" \/>\n<script type=\"application\/ld+json\" class=\"yoast-schema-graph\">{\"@context\":\"https:\/\/schema.org\",\"@graph\":[{\"@type\":\"Article\",\"@id\":\"https:\/\/www.oarcanjo.net\/site\/santa-joana-de-valois\/#article\",\"isPartOf\":{\"@id\":\"https:\/\/www.oarcanjo.net\/site\/santa-joana-de-valois\/\"},\"author\":{\"name\":\"danilo\",\"@id\":\"https:\/\/www.oarcanjo.net\/site\/#\/schema\/person\/5eb9480bedd2f3c97e430ce128c29c6c\"},\"headline\":\"Santa Joana de Valois\",\"datePublished\":\"2017-02-04T02:01:30+00:00\",\"dateModified\":\"2016-12-27T08:26:26+00:00\",\"mainEntityOfPage\":{\"@id\":\"https:\/\/www.oarcanjo.net\/site\/santa-joana-de-valois\/\"},\"wordCount\":539,\"commentCount\":0,\"publisher\":{\"@id\":\"https:\/\/www.oarcanjo.net\/site\/#organization\"},\"image\":{\"@id\":\"https:\/\/www.oarcanjo.net\/site\/santa-joana-de-valois\/#primaryimage\"},\"thumbnailUrl\":\"http:\/\/4.bp.blogspot.com\/_5kAa5W5YTf4\/SYkNT39dimI\/AAAAAAAAC9A\/ULqeNuHPAvo\/s400\/04-Santa+Joana+de+Valois.gif\",\"articleSection\":[\"Testemunhos\"],\"inLanguage\":\"pt-BR\",\"potentialAction\":[{\"@type\":\"CommentAction\",\"name\":\"Comment\",\"target\":[\"https:\/\/www.oarcanjo.net\/site\/santa-joana-de-valois\/#respond\"]}]},{\"@type\":\"WebPage\",\"@id\":\"https:\/\/www.oarcanjo.net\/site\/santa-joana-de-valois\/\",\"url\":\"https:\/\/www.oarcanjo.net\/site\/santa-joana-de-valois\/\",\"name\":\"Santa Joana de Valois - O Arcanjo no ar\",\"isPartOf\":{\"@id\":\"https:\/\/www.oarcanjo.net\/site\/#website\"},\"primaryImageOfPage\":{\"@id\":\"https:\/\/www.oarcanjo.net\/site\/santa-joana-de-valois\/#primaryimage\"},\"image\":{\"@id\":\"https:\/\/www.oarcanjo.net\/site\/santa-joana-de-valois\/#primaryimage\"},\"thumbnailUrl\":\"http:\/\/4.bp.blogspot.com\/_5kAa5W5YTf4\/SYkNT39dimI\/AAAAAAAAC9A\/ULqeNuHPAvo\/s400\/04-Santa+Joana+de+Valois.gif\",\"datePublished\":\"2017-02-04T02:01:30+00:00\",\"dateModified\":\"2016-12-27T08:26:26+00:00\",\"breadcrumb\":{\"@id\":\"https:\/\/www.oarcanjo.net\/site\/santa-joana-de-valois\/#breadcrumb\"},\"inLanguage\":\"pt-BR\",\"potentialAction\":[{\"@type\":\"ReadAction\",\"target\":[\"https:\/\/www.oarcanjo.net\/site\/santa-joana-de-valois\/\"]}]},{\"@type\":\"ImageObject\",\"inLanguage\":\"pt-BR\",\"@id\":\"https:\/\/www.oarcanjo.net\/site\/santa-joana-de-valois\/#primaryimage\",\"url\":\"http:\/\/4.bp.blogspot.com\/_5kAa5W5YTf4\/SYkNT39dimI\/AAAAAAAAC9A\/ULqeNuHPAvo\/s400\/04-Santa+Joana+de+Valois.gif\",\"contentUrl\":\"http:\/\/4.bp.blogspot.com\/_5kAa5W5YTf4\/SYkNT39dimI\/AAAAAAAAC9A\/ULqeNuHPAvo\/s400\/04-Santa+Joana+de+Valois.gif\"},{\"@type\":\"BreadcrumbList\",\"@id\":\"https:\/\/www.oarcanjo.net\/site\/santa-joana-de-valois\/#breadcrumb\",\"itemListElement\":[{\"@type\":\"ListItem\",\"position\":1,\"name\":\"In\u00edcio\",\"item\":\"https:\/\/www.oarcanjo.net\/site\/\"},{\"@type\":\"ListItem\",\"position\":2,\"name\":\"Santa Joana de Valois\"}]},{\"@type\":\"WebSite\",\"@id\":\"https:\/\/www.oarcanjo.net\/site\/#website\",\"url\":\"https:\/\/www.oarcanjo.net\/site\/\",\"name\":\"O Arcanjo no ar\",\"description\":\"Site da Par\u00f3quia S\u00e3o Miguel Arcanjo (Arquidiocese de SP)\",\"publisher\":{\"@id\":\"https:\/\/www.oarcanjo.net\/site\/#organization\"},\"potentialAction\":[{\"@type\":\"SearchAction\",\"target\":{\"@type\":\"EntryPoint\",\"urlTemplate\":\"https:\/\/www.oarcanjo.net\/site\/?s={search_term_string}\"},\"query-input\":{\"@type\":\"PropertyValueSpecification\",\"valueRequired\":true,\"valueName\":\"search_term_string\"}}],\"inLanguage\":\"pt-BR\"},{\"@type\":\"Organization\",\"@id\":\"https:\/\/www.oarcanjo.net\/site\/#organization\",\"name\":\"Par\u00f3quia S\u00e3o Miguel Arcanjo\",\"url\":\"https:\/\/www.oarcanjo.net\/site\/\",\"logo\":{\"@type\":\"ImageObject\",\"inLanguage\":\"pt-BR\",\"@id\":\"https:\/\/www.oarcanjo.net\/site\/#\/schema\/logo\/image\/\",\"url\":\"https:\/\/www.oarcanjo.net\/site\/wp-content\/uploads\/LogoOArcanjo.png\",\"contentUrl\":\"https:\/\/www.oarcanjo.net\/site\/wp-content\/uploads\/LogoOArcanjo.png\",\"width\":319,\"height\":99,\"caption\":\"Par\u00f3quia S\u00e3o Miguel Arcanjo\"},\"image\":{\"@id\":\"https:\/\/www.oarcanjo.net\/site\/#\/schema\/logo\/image\/\"},\"sameAs\":[\"https:\/\/www.facebook.com\/OArcanjoNoAr\/\"]},{\"@type\":\"Person\",\"@id\":\"https:\/\/www.oarcanjo.net\/site\/#\/schema\/person\/5eb9480bedd2f3c97e430ce128c29c6c\",\"name\":\"danilo\"}]}<\/script>\n<!-- \/ Yoast SEO plugin. -->","yoast_head_json":{"title":"Santa Joana de Valois - O Arcanjo no ar","robots":{"index":"index","follow":"follow","max-snippet":"max-snippet:-1","max-image-preview":"max-image-preview:large","max-video-preview":"max-video-preview:-1"},"canonical":"https:\/\/www.oarcanjo.net\/site\/santa-joana-de-valois\/","og_locale":"pt_BR","og_type":"article","og_title":"Santa Joana de Valois - O Arcanjo no ar","og_description":"4 de Fevereiro Fundou a Congrega\u00e7\u00e3o da Anuncia\u00e7\u00e3o Filha do rei Luiz XI da Fran\u00e7a e Carlota de Sav\u00f3ia, Joana nasceu no castelo de Tours, em 23 de abril de 1464. Causou uma grande desilus\u00e3o a seu pai que desejava um filho homem. Aos vinte e seis dias de idade, foi acertado o seu casamento, [&hellip;]","og_url":"https:\/\/www.oarcanjo.net\/site\/santa-joana-de-valois\/","og_site_name":"O Arcanjo no ar","article_publisher":"https:\/\/www.facebook.com\/OArcanjoNoAr\/","article_published_time":"2017-02-04T02:01:30+00:00","article_modified_time":"2016-12-27T08:26:26+00:00","og_image":[{"url":"http:\/\/4.bp.blogspot.com\/_5kAa5W5YTf4\/SYkNT39dimI\/AAAAAAAAC9A\/ULqeNuHPAvo\/s400\/04-Santa+Joana+de+Valois.gif"}],"author":"danilo","twitter_card":"summary_large_image","twitter_misc":{"Escrito por":"danilo","Est. tempo de leitura":"3 minutos"},"schema":{"@context":"https:\/\/schema.org","@graph":[{"@type":"Article","@id":"https:\/\/www.oarcanjo.net\/site\/santa-joana-de-valois\/#article","isPartOf":{"@id":"https:\/\/www.oarcanjo.net\/site\/santa-joana-de-valois\/"},"author":{"name":"danilo","@id":"https:\/\/www.oarcanjo.net\/site\/#\/schema\/person\/5eb9480bedd2f3c97e430ce128c29c6c"},"headline":"Santa Joana de Valois","datePublished":"2017-02-04T02:01:30+00:00","dateModified":"2016-12-27T08:26:26+00:00","mainEntityOfPage":{"@id":"https:\/\/www.oarcanjo.net\/site\/santa-joana-de-valois\/"},"wordCount":539,"commentCount":0,"publisher":{"@id":"https:\/\/www.oarcanjo.net\/site\/#organization"},"image":{"@id":"https:\/\/www.oarcanjo.net\/site\/santa-joana-de-valois\/#primaryimage"},"thumbnailUrl":"http:\/\/4.bp.blogspot.com\/_5kAa5W5YTf4\/SYkNT39dimI\/AAAAAAAAC9A\/ULqeNuHPAvo\/s400\/04-Santa+Joana+de+Valois.gif","articleSection":["Testemunhos"],"inLanguage":"pt-BR","potentialAction":[{"@type":"CommentAction","name":"Comment","target":["https:\/\/www.oarcanjo.net\/site\/santa-joana-de-valois\/#respond"]}]},{"@type":"WebPage","@id":"https:\/\/www.oarcanjo.net\/site\/santa-joana-de-valois\/","url":"https:\/\/www.oarcanjo.net\/site\/santa-joana-de-valois\/","name":"Santa Joana de Valois - O Arcanjo no ar","isPartOf":{"@id":"https:\/\/www.oarcanjo.net\/site\/#website"},"primaryImageOfPage":{"@id":"https:\/\/www.oarcanjo.net\/site\/santa-joana-de-valois\/#primaryimage"},"image":{"@id":"https:\/\/www.oarcanjo.net\/site\/santa-joana-de-valois\/#primaryimage"},"thumbnailUrl":"http:\/\/4.bp.blogspot.com\/_5kAa5W5YTf4\/SYkNT39dimI\/AAAAAAAAC9A\/ULqeNuHPAvo\/s400\/04-Santa+Joana+de+Valois.gif","datePublished":"2017-02-04T02:01:30+00:00","dateModified":"2016-12-27T08:26:26+00:00","breadcrumb":{"@id":"https:\/\/www.oarcanjo.net\/site\/santa-joana-de-valois\/#breadcrumb"},"inLanguage":"pt-BR","potentialAction":[{"@type":"ReadAction","target":["https:\/\/www.oarcanjo.net\/site\/santa-joana-de-valois\/"]}]},{"@type":"ImageObject","inLanguage":"pt-BR","@id":"https:\/\/www.oarcanjo.net\/site\/santa-joana-de-valois\/#primaryimage","url":"http:\/\/4.bp.blogspot.com\/_5kAa5W5YTf4\/SYkNT39dimI\/AAAAAAAAC9A\/ULqeNuHPAvo\/s400\/04-Santa+Joana+de+Valois.gif","contentUrl":"http:\/\/4.bp.blogspot.com\/_5kAa5W5YTf4\/SYkNT39dimI\/AAAAAAAAC9A\/ULqeNuHPAvo\/s400\/04-Santa+Joana+de+Valois.gif"},{"@type":"BreadcrumbList","@id":"https:\/\/www.oarcanjo.net\/site\/santa-joana-de-valois\/#breadcrumb","itemListElement":[{"@type":"ListItem","position":1,"name":"In\u00edcio","item":"https:\/\/www.oarcanjo.net\/site\/"},{"@type":"ListItem","position":2,"name":"Santa Joana de Valois"}]},{"@type":"WebSite","@id":"https:\/\/www.oarcanjo.net\/site\/#website","url":"https:\/\/www.oarcanjo.net\/site\/","name":"O Arcanjo no ar","description":"Site da Par\u00f3quia S\u00e3o Miguel Arcanjo (Arquidiocese de SP)","publisher":{"@id":"https:\/\/www.oarcanjo.net\/site\/#organization"},"potentialAction":[{"@type":"SearchAction","target":{"@type":"EntryPoint","urlTemplate":"https:\/\/www.oarcanjo.net\/site\/?s={search_term_string}"},"query-input":{"@type":"PropertyValueSpecification","valueRequired":true,"valueName":"search_term_string"}}],"inLanguage":"pt-BR"},{"@type":"Organization","@id":"https:\/\/www.oarcanjo.net\/site\/#organization","name":"Par\u00f3quia S\u00e3o Miguel Arcanjo","url":"https:\/\/www.oarcanjo.net\/site\/","logo":{"@type":"ImageObject","inLanguage":"pt-BR","@id":"https:\/\/www.oarcanjo.net\/site\/#\/schema\/logo\/image\/","url":"https:\/\/www.oarcanjo.net\/site\/wp-content\/uploads\/LogoOArcanjo.png","contentUrl":"https:\/\/www.oarcanjo.net\/site\/wp-content\/uploads\/LogoOArcanjo.png","width":319,"height":99,"caption":"Par\u00f3quia S\u00e3o Miguel Arcanjo"},"image":{"@id":"https:\/\/www.oarcanjo.net\/site\/#\/schema\/logo\/image\/"},"sameAs":["https:\/\/www.facebook.com\/OArcanjoNoAr\/"]},{"@type":"Person","@id":"https:\/\/www.oarcanjo.net\/site\/#\/schema\/person\/5eb9480bedd2f3c97e430ce128c29c6c","name":"danilo"}]}},"publishpress_future_action":{"enabled":false,"date":"2026-05-09 03:58:14","action":"category","newStatus":"draft","terms":[],"taxonomy":"category"},"publishpress_future_workflow_manual_trigger":{"enabledWorkflows":[]},"_links":{"self":[{"href":"https:\/\/www.oarcanjo.net\/site\/wp-json\/wp\/v2\/posts\/7586"}],"collection":[{"href":"https:\/\/www.oarcanjo.net\/site\/wp-json\/wp\/v2\/posts"}],"about":[{"href":"https:\/\/www.oarcanjo.net\/site\/wp-json\/wp\/v2\/types\/post"}],"author":[{"embeddable":true,"href":"https:\/\/www.oarcanjo.net\/site\/wp-json\/wp\/v2\/users\/14"}],"replies":[{"embeddable":true,"href":"https:\/\/www.oarcanjo.net\/site\/wp-json\/wp\/v2\/comments?post=7586"}],"version-history":[{"count":0,"href":"https:\/\/www.oarcanjo.net\/site\/wp-json\/wp\/v2\/posts\/7586\/revisions"}],"wp:attachment":[{"href":"https:\/\/www.oarcanjo.net\/site\/wp-json\/wp\/v2\/media?parent=7586"}],"wp:term":[{"taxonomy":"category","embeddable":true,"href":"https:\/\/www.oarcanjo.net\/site\/wp-json\/wp\/v2\/categories?post=7586"},{"taxonomy":"post_tag","embeddable":true,"href":"https:\/\/www.oarcanjo.net\/site\/wp-json\/wp\/v2\/tags?post=7586"}],"curies":[{"name":"wp","href":"https:\/\/api.w.org\/{rel}","templated":true}]}}