
{"id":7590,"date":"2017-02-04T00:01:40","date_gmt":"2017-02-04T02:01:40","guid":{"rendered":"http:\/\/www.oarcanjo.net\/site\/?p=7590"},"modified":"2016-12-27T06:26:30","modified_gmt":"2016-12-27T08:26:30","slug":"sao-gilberto","status":"publish","type":"post","link":"https:\/\/www.oarcanjo.net\/site\/sao-gilberto\/","title":{"rendered":"S\u00e3o Gilberto"},"content":{"rendered":"<p><img decoding=\"async\" src=\"http:\/\/2.bp.blogspot.com\/_5kAa5W5YTf4\/SYkNUNE2YGI\/AAAAAAAAC9Q\/HLmpSJplYh0\/s400\/04-Santo+Gilberto.gif\" alt=\"\" \/><\/p>\n<p>4 de Fevereiro<\/p>\n<p>Ele \u00e9 o decano dos santos ingleses. Foi fundador da \u00fanica Ordem totalmente inglesa, tanto pela origem do seu nascimento quanto pela trajet\u00f3ria de sua vida sacerdotal. Gilberto era filho do nobre normando Juscelino, que se estabeleceu na Inglaterra depois dela ter ficado sob o dom\u00ednio de Guilherme, o Conquistador. A sua inf\u00e2ncia transcorreu, toda ela, nas propriedades paternas da cidade de Sempringham, onde nasceu em 1083. L\u00e1, Gilberto iniciou seus estudos, conclu\u00eddos depois em Paris.<\/p>\n<p>Retornando \u00e0 sua p\u00e1tria, Gilberto se dedicou \u00e0 educa\u00e7\u00e3o dos jovens e se ordenou sacerdote em 1130. Tamb\u00e9m, foi o ano que fundou, na pr\u00f3pria Sempringham, um mosteiro feminino que colocou sob as regras beneditinas. Na realidade desejava que fossem dirigidas pelos &#8220;cistercenses&#8221;, Ordem rec\u00e9m criada pelo amigo Bernardo de Chiaravalle, que a Igreja tamb\u00e9m honra. O Papa, por\u00e9m, preferiu v\u00ea-las sob a guarda de uma congrega\u00e7\u00e3o mais antiga. Depois, Gilberto fundou um mosteiro masculino que submeteu \u00e0s mesmas Regras e dire\u00e7\u00e3o espiritual dada \u00e0s religiosas.<\/p>\n<p>Em 1148, os Estatutos de ambas foram aprovados pelo Papa Eug\u00eanio III. Dessa forma estava fundada a nova Ordem religiosa, a dos Gilbertinos, que teria cerca de setecentos religiosos e mil e quinhentas religiosas, quando da morte do seu fundador. Mas antes desses balan\u00e7os finais t\u00e3o positivos, os per\u00edodos obscuros foram muitos.<\/p>\n<p>No rompimento entre o rei Henrique II, o Parlamento ingl\u00eas e o bispo Tomas Becker, de Canterburi, Gilberto \u00e9 o alvo preferido dos ataques parlamentares, mas escapa da persegui\u00e7\u00e3o, somente porque o rei o estima e o defende, impedindo que se seguisse com tanta viol\u00eancia. H\u00e1 tamb\u00e9m uma s\u00e9rie de revoltas dentro da pr\u00f3pria Ordem, provocadas pelos irm\u00e3os leigos que desejavam tomar a administra\u00e7\u00e3o dos bens e que, portanto, o atacavam diretamente com graves acusa\u00e7\u00f5es. Mas a essa altura, todos os bispos da Inglaterra correram em seu socorro e, o defenderam junto ao Papa Alessandro III.<\/p>\n<p>Com o passar dos anos, a velhice e a cegueira chegam juntas e Gilberto d\u00e1 um \u00faltimo sinal de amor \u00e0 Ordem que criou, pedindo para ser acolhido como um simples monge e pronunciou o voto de total obedi\u00eancia ao Superior geral. Ele morreu santamente na sua cidade natal no dia 04 de fevereiro de 1189, com cento e seis anos de idade.<\/p>\n<p>Eram vinte e quatro mosteiros por toda a Inglaterra, quando entre 1538 e1539, deixaram de existir bruscamente, por determina\u00e7\u00e3o do rei Henrique VIII. Durante o rompimento com Roma, os integrantes dessa Ordem foram assimilados por outras congrega\u00e7\u00f5es, conforme solicitadas. Entretanto, seu fundador, j\u00e1 havia sido elevado \u00e0 honra dos altares da Igreja, pelo Papa Inoc\u00eancio III em 1202, sendo o dia de sua morte reservado para a sua festa.<\/p>\n<p>O culto \u00e0 S\u00e3o Gilberto \u00e9 expressivo entre os povos de l\u00edngua sax\u00f4nica e chegou aos nossos tempos gra\u00e7as \u00e0 sua venera\u00e7\u00e3o, que foi mantida pelos monges beneditinos e cistercenses, onde quer que intalassem seus mosteiros.<\/p>\n<div id=\"themify_builder_content-7590\" data-postid=\"7590\" class=\"themify_builder_content themify_builder_content-7590 themify_builder themify_builder_front\">\n\t<\/div>\n<!-- \/themify_builder_content -->","protected":false},"excerpt":{"rendered":"<p>4 de Fevereiro Ele \u00e9 o decano dos santos ingleses. Foi fundador da \u00fanica Ordem totalmente inglesa, tanto pela origem do seu nascimento quanto pela trajet\u00f3ria de sua vida sacerdotal. Gilberto era filho do nobre normando Juscelino, que se estabeleceu na Inglaterra depois dela ter ficado sob o dom\u00ednio de Guilherme, o Conquistador. A sua [&hellip;]<\/p>\n","protected":false},"author":14,"featured_media":0,"comment_status":"open","ping_status":"open","sticky":false,"template":"","format":"standard","meta":{"ngg_post_thumbnail":0,"footnotes":""},"categories":[186],"tags":[],"yoast_head":"<!-- This site is optimized with the Yoast SEO plugin v23.5 - https:\/\/yoast.com\/wordpress\/plugins\/seo\/ -->\n<title>S\u00e3o Gilberto - O Arcanjo no ar<\/title>\n<meta name=\"robots\" content=\"index, follow, max-snippet:-1, max-image-preview:large, max-video-preview:-1\" \/>\n<link rel=\"canonical\" href=\"https:\/\/www.oarcanjo.net\/site\/sao-gilberto\/\" \/>\n<meta property=\"og:locale\" content=\"pt_BR\" \/>\n<meta property=\"og:type\" content=\"article\" \/>\n<meta property=\"og:title\" content=\"S\u00e3o Gilberto - O Arcanjo no ar\" \/>\n<meta property=\"og:description\" content=\"4 de Fevereiro Ele \u00e9 o decano dos santos ingleses. Foi fundador da \u00fanica Ordem totalmente inglesa, tanto pela origem do seu nascimento quanto pela trajet\u00f3ria de sua vida sacerdotal. Gilberto era filho do nobre normando Juscelino, que se estabeleceu na Inglaterra depois dela ter ficado sob o dom\u00ednio de Guilherme, o Conquistador. A sua [&hellip;]\" \/>\n<meta property=\"og:url\" content=\"https:\/\/www.oarcanjo.net\/site\/sao-gilberto\/\" \/>\n<meta property=\"og:site_name\" content=\"O Arcanjo no ar\" \/>\n<meta property=\"article:publisher\" content=\"https:\/\/www.facebook.com\/OArcanjoNoAr\/\" \/>\n<meta property=\"article:published_time\" content=\"2017-02-04T02:01:40+00:00\" \/>\n<meta property=\"article:modified_time\" content=\"2016-12-27T08:26:30+00:00\" \/>\n<meta property=\"og:image\" content=\"http:\/\/2.bp.blogspot.com\/_5kAa5W5YTf4\/SYkNUNE2YGI\/AAAAAAAAC9Q\/HLmpSJplYh0\/s400\/04-Santo+Gilberto.gif\" \/>\n<meta name=\"author\" content=\"danilo\" \/>\n<meta name=\"twitter:card\" content=\"summary_large_image\" \/>\n<meta name=\"twitter:label1\" content=\"Escrito por\" \/>\n\t<meta name=\"twitter:data1\" content=\"danilo\" \/>\n\t<meta name=\"twitter:label2\" content=\"Est. tempo de leitura\" \/>\n\t<meta name=\"twitter:data2\" content=\"3 minutos\" \/>\n<script type=\"application\/ld+json\" class=\"yoast-schema-graph\">{\"@context\":\"https:\/\/schema.org\",\"@graph\":[{\"@type\":\"Article\",\"@id\":\"https:\/\/www.oarcanjo.net\/site\/sao-gilberto\/#article\",\"isPartOf\":{\"@id\":\"https:\/\/www.oarcanjo.net\/site\/sao-gilberto\/\"},\"author\":{\"name\":\"danilo\",\"@id\":\"https:\/\/www.oarcanjo.net\/site\/#\/schema\/person\/5eb9480bedd2f3c97e430ce128c29c6c\"},\"headline\":\"S\u00e3o Gilberto\",\"datePublished\":\"2017-02-04T02:01:40+00:00\",\"dateModified\":\"2016-12-27T08:26:30+00:00\",\"mainEntityOfPage\":{\"@id\":\"https:\/\/www.oarcanjo.net\/site\/sao-gilberto\/\"},\"wordCount\":503,\"commentCount\":6,\"publisher\":{\"@id\":\"https:\/\/www.oarcanjo.net\/site\/#organization\"},\"image\":{\"@id\":\"https:\/\/www.oarcanjo.net\/site\/sao-gilberto\/#primaryimage\"},\"thumbnailUrl\":\"http:\/\/2.bp.blogspot.com\/_5kAa5W5YTf4\/SYkNUNE2YGI\/AAAAAAAAC9Q\/HLmpSJplYh0\/s400\/04-Santo+Gilberto.gif\",\"articleSection\":[\"Testemunhos\"],\"inLanguage\":\"pt-BR\",\"potentialAction\":[{\"@type\":\"CommentAction\",\"name\":\"Comment\",\"target\":[\"https:\/\/www.oarcanjo.net\/site\/sao-gilberto\/#respond\"]}]},{\"@type\":\"WebPage\",\"@id\":\"https:\/\/www.oarcanjo.net\/site\/sao-gilberto\/\",\"url\":\"https:\/\/www.oarcanjo.net\/site\/sao-gilberto\/\",\"name\":\"S\u00e3o Gilberto - O Arcanjo no ar\",\"isPartOf\":{\"@id\":\"https:\/\/www.oarcanjo.net\/site\/#website\"},\"primaryImageOfPage\":{\"@id\":\"https:\/\/www.oarcanjo.net\/site\/sao-gilberto\/#primaryimage\"},\"image\":{\"@id\":\"https:\/\/www.oarcanjo.net\/site\/sao-gilberto\/#primaryimage\"},\"thumbnailUrl\":\"http:\/\/2.bp.blogspot.com\/_5kAa5W5YTf4\/SYkNUNE2YGI\/AAAAAAAAC9Q\/HLmpSJplYh0\/s400\/04-Santo+Gilberto.gif\",\"datePublished\":\"2017-02-04T02:01:40+00:00\",\"dateModified\":\"2016-12-27T08:26:30+00:00\",\"breadcrumb\":{\"@id\":\"https:\/\/www.oarcanjo.net\/site\/sao-gilberto\/#breadcrumb\"},\"inLanguage\":\"pt-BR\",\"potentialAction\":[{\"@type\":\"ReadAction\",\"target\":[\"https:\/\/www.oarcanjo.net\/site\/sao-gilberto\/\"]}]},{\"@type\":\"ImageObject\",\"inLanguage\":\"pt-BR\",\"@id\":\"https:\/\/www.oarcanjo.net\/site\/sao-gilberto\/#primaryimage\",\"url\":\"http:\/\/2.bp.blogspot.com\/_5kAa5W5YTf4\/SYkNUNE2YGI\/AAAAAAAAC9Q\/HLmpSJplYh0\/s400\/04-Santo+Gilberto.gif\",\"contentUrl\":\"http:\/\/2.bp.blogspot.com\/_5kAa5W5YTf4\/SYkNUNE2YGI\/AAAAAAAAC9Q\/HLmpSJplYh0\/s400\/04-Santo+Gilberto.gif\"},{\"@type\":\"BreadcrumbList\",\"@id\":\"https:\/\/www.oarcanjo.net\/site\/sao-gilberto\/#breadcrumb\",\"itemListElement\":[{\"@type\":\"ListItem\",\"position\":1,\"name\":\"In\u00edcio\",\"item\":\"https:\/\/www.oarcanjo.net\/site\/\"},{\"@type\":\"ListItem\",\"position\":2,\"name\":\"S\u00e3o Gilberto\"}]},{\"@type\":\"WebSite\",\"@id\":\"https:\/\/www.oarcanjo.net\/site\/#website\",\"url\":\"https:\/\/www.oarcanjo.net\/site\/\",\"name\":\"O Arcanjo no ar\",\"description\":\"Site da Par\u00f3quia S\u00e3o Miguel Arcanjo (Arquidiocese de SP)\",\"publisher\":{\"@id\":\"https:\/\/www.oarcanjo.net\/site\/#organization\"},\"potentialAction\":[{\"@type\":\"SearchAction\",\"target\":{\"@type\":\"EntryPoint\",\"urlTemplate\":\"https:\/\/www.oarcanjo.net\/site\/?s={search_term_string}\"},\"query-input\":{\"@type\":\"PropertyValueSpecification\",\"valueRequired\":true,\"valueName\":\"search_term_string\"}}],\"inLanguage\":\"pt-BR\"},{\"@type\":\"Organization\",\"@id\":\"https:\/\/www.oarcanjo.net\/site\/#organization\",\"name\":\"Par\u00f3quia S\u00e3o Miguel Arcanjo\",\"url\":\"https:\/\/www.oarcanjo.net\/site\/\",\"logo\":{\"@type\":\"ImageObject\",\"inLanguage\":\"pt-BR\",\"@id\":\"https:\/\/www.oarcanjo.net\/site\/#\/schema\/logo\/image\/\",\"url\":\"https:\/\/www.oarcanjo.net\/site\/wp-content\/uploads\/LogoOArcanjo.png\",\"contentUrl\":\"https:\/\/www.oarcanjo.net\/site\/wp-content\/uploads\/LogoOArcanjo.png\",\"width\":319,\"height\":99,\"caption\":\"Par\u00f3quia S\u00e3o Miguel Arcanjo\"},\"image\":{\"@id\":\"https:\/\/www.oarcanjo.net\/site\/#\/schema\/logo\/image\/\"},\"sameAs\":[\"https:\/\/www.facebook.com\/OArcanjoNoAr\/\"]},{\"@type\":\"Person\",\"@id\":\"https:\/\/www.oarcanjo.net\/site\/#\/schema\/person\/5eb9480bedd2f3c97e430ce128c29c6c\",\"name\":\"danilo\"}]}<\/script>\n<!-- \/ Yoast SEO plugin. -->","yoast_head_json":{"title":"S\u00e3o Gilberto - O Arcanjo no ar","robots":{"index":"index","follow":"follow","max-snippet":"max-snippet:-1","max-image-preview":"max-image-preview:large","max-video-preview":"max-video-preview:-1"},"canonical":"https:\/\/www.oarcanjo.net\/site\/sao-gilberto\/","og_locale":"pt_BR","og_type":"article","og_title":"S\u00e3o Gilberto - O Arcanjo no ar","og_description":"4 de Fevereiro Ele \u00e9 o decano dos santos ingleses. Foi fundador da \u00fanica Ordem totalmente inglesa, tanto pela origem do seu nascimento quanto pela trajet\u00f3ria de sua vida sacerdotal. Gilberto era filho do nobre normando Juscelino, que se estabeleceu na Inglaterra depois dela ter ficado sob o dom\u00ednio de Guilherme, o Conquistador. A sua [&hellip;]","og_url":"https:\/\/www.oarcanjo.net\/site\/sao-gilberto\/","og_site_name":"O Arcanjo no ar","article_publisher":"https:\/\/www.facebook.com\/OArcanjoNoAr\/","article_published_time":"2017-02-04T02:01:40+00:00","article_modified_time":"2016-12-27T08:26:30+00:00","og_image":[{"url":"http:\/\/2.bp.blogspot.com\/_5kAa5W5YTf4\/SYkNUNE2YGI\/AAAAAAAAC9Q\/HLmpSJplYh0\/s400\/04-Santo+Gilberto.gif"}],"author":"danilo","twitter_card":"summary_large_image","twitter_misc":{"Escrito por":"danilo","Est. tempo de leitura":"3 minutos"},"schema":{"@context":"https:\/\/schema.org","@graph":[{"@type":"Article","@id":"https:\/\/www.oarcanjo.net\/site\/sao-gilberto\/#article","isPartOf":{"@id":"https:\/\/www.oarcanjo.net\/site\/sao-gilberto\/"},"author":{"name":"danilo","@id":"https:\/\/www.oarcanjo.net\/site\/#\/schema\/person\/5eb9480bedd2f3c97e430ce128c29c6c"},"headline":"S\u00e3o Gilberto","datePublished":"2017-02-04T02:01:40+00:00","dateModified":"2016-12-27T08:26:30+00:00","mainEntityOfPage":{"@id":"https:\/\/www.oarcanjo.net\/site\/sao-gilberto\/"},"wordCount":503,"commentCount":6,"publisher":{"@id":"https:\/\/www.oarcanjo.net\/site\/#organization"},"image":{"@id":"https:\/\/www.oarcanjo.net\/site\/sao-gilberto\/#primaryimage"},"thumbnailUrl":"http:\/\/2.bp.blogspot.com\/_5kAa5W5YTf4\/SYkNUNE2YGI\/AAAAAAAAC9Q\/HLmpSJplYh0\/s400\/04-Santo+Gilberto.gif","articleSection":["Testemunhos"],"inLanguage":"pt-BR","potentialAction":[{"@type":"CommentAction","name":"Comment","target":["https:\/\/www.oarcanjo.net\/site\/sao-gilberto\/#respond"]}]},{"@type":"WebPage","@id":"https:\/\/www.oarcanjo.net\/site\/sao-gilberto\/","url":"https:\/\/www.oarcanjo.net\/site\/sao-gilberto\/","name":"S\u00e3o Gilberto - O Arcanjo no ar","isPartOf":{"@id":"https:\/\/www.oarcanjo.net\/site\/#website"},"primaryImageOfPage":{"@id":"https:\/\/www.oarcanjo.net\/site\/sao-gilberto\/#primaryimage"},"image":{"@id":"https:\/\/www.oarcanjo.net\/site\/sao-gilberto\/#primaryimage"},"thumbnailUrl":"http:\/\/2.bp.blogspot.com\/_5kAa5W5YTf4\/SYkNUNE2YGI\/AAAAAAAAC9Q\/HLmpSJplYh0\/s400\/04-Santo+Gilberto.gif","datePublished":"2017-02-04T02:01:40+00:00","dateModified":"2016-12-27T08:26:30+00:00","breadcrumb":{"@id":"https:\/\/www.oarcanjo.net\/site\/sao-gilberto\/#breadcrumb"},"inLanguage":"pt-BR","potentialAction":[{"@type":"ReadAction","target":["https:\/\/www.oarcanjo.net\/site\/sao-gilberto\/"]}]},{"@type":"ImageObject","inLanguage":"pt-BR","@id":"https:\/\/www.oarcanjo.net\/site\/sao-gilberto\/#primaryimage","url":"http:\/\/2.bp.blogspot.com\/_5kAa5W5YTf4\/SYkNUNE2YGI\/AAAAAAAAC9Q\/HLmpSJplYh0\/s400\/04-Santo+Gilberto.gif","contentUrl":"http:\/\/2.bp.blogspot.com\/_5kAa5W5YTf4\/SYkNUNE2YGI\/AAAAAAAAC9Q\/HLmpSJplYh0\/s400\/04-Santo+Gilberto.gif"},{"@type":"BreadcrumbList","@id":"https:\/\/www.oarcanjo.net\/site\/sao-gilberto\/#breadcrumb","itemListElement":[{"@type":"ListItem","position":1,"name":"In\u00edcio","item":"https:\/\/www.oarcanjo.net\/site\/"},{"@type":"ListItem","position":2,"name":"S\u00e3o Gilberto"}]},{"@type":"WebSite","@id":"https:\/\/www.oarcanjo.net\/site\/#website","url":"https:\/\/www.oarcanjo.net\/site\/","name":"O Arcanjo no ar","description":"Site da Par\u00f3quia S\u00e3o Miguel Arcanjo (Arquidiocese de SP)","publisher":{"@id":"https:\/\/www.oarcanjo.net\/site\/#organization"},"potentialAction":[{"@type":"SearchAction","target":{"@type":"EntryPoint","urlTemplate":"https:\/\/www.oarcanjo.net\/site\/?s={search_term_string}"},"query-input":{"@type":"PropertyValueSpecification","valueRequired":true,"valueName":"search_term_string"}}],"inLanguage":"pt-BR"},{"@type":"Organization","@id":"https:\/\/www.oarcanjo.net\/site\/#organization","name":"Par\u00f3quia S\u00e3o Miguel Arcanjo","url":"https:\/\/www.oarcanjo.net\/site\/","logo":{"@type":"ImageObject","inLanguage":"pt-BR","@id":"https:\/\/www.oarcanjo.net\/site\/#\/schema\/logo\/image\/","url":"https:\/\/www.oarcanjo.net\/site\/wp-content\/uploads\/LogoOArcanjo.png","contentUrl":"https:\/\/www.oarcanjo.net\/site\/wp-content\/uploads\/LogoOArcanjo.png","width":319,"height":99,"caption":"Par\u00f3quia S\u00e3o Miguel Arcanjo"},"image":{"@id":"https:\/\/www.oarcanjo.net\/site\/#\/schema\/logo\/image\/"},"sameAs":["https:\/\/www.facebook.com\/OArcanjoNoAr\/"]},{"@type":"Person","@id":"https:\/\/www.oarcanjo.net\/site\/#\/schema\/person\/5eb9480bedd2f3c97e430ce128c29c6c","name":"danilo"}]}},"publishpress_future_action":{"enabled":false,"date":"2026-05-09 03:58:14","action":"category","newStatus":"draft","terms":[],"taxonomy":"category"},"publishpress_future_workflow_manual_trigger":{"enabledWorkflows":[]},"_links":{"self":[{"href":"https:\/\/www.oarcanjo.net\/site\/wp-json\/wp\/v2\/posts\/7590"}],"collection":[{"href":"https:\/\/www.oarcanjo.net\/site\/wp-json\/wp\/v2\/posts"}],"about":[{"href":"https:\/\/www.oarcanjo.net\/site\/wp-json\/wp\/v2\/types\/post"}],"author":[{"embeddable":true,"href":"https:\/\/www.oarcanjo.net\/site\/wp-json\/wp\/v2\/users\/14"}],"replies":[{"embeddable":true,"href":"https:\/\/www.oarcanjo.net\/site\/wp-json\/wp\/v2\/comments?post=7590"}],"version-history":[{"count":0,"href":"https:\/\/www.oarcanjo.net\/site\/wp-json\/wp\/v2\/posts\/7590\/revisions"}],"wp:attachment":[{"href":"https:\/\/www.oarcanjo.net\/site\/wp-json\/wp\/v2\/media?parent=7590"}],"wp:term":[{"taxonomy":"category","embeddable":true,"href":"https:\/\/www.oarcanjo.net\/site\/wp-json\/wp\/v2\/categories?post=7590"},{"taxonomy":"post_tag","embeddable":true,"href":"https:\/\/www.oarcanjo.net\/site\/wp-json\/wp\/v2\/tags?post=7590"}],"curies":[{"name":"wp","href":"https:\/\/api.w.org\/{rel}","templated":true}]}}