
{"id":7598,"date":"2017-02-05T00:18:29","date_gmt":"2017-02-05T02:18:29","guid":{"rendered":"http:\/\/www.oarcanjo.net\/site\/?p=7598"},"modified":"2016-12-27T06:26:52","modified_gmt":"2016-12-27T08:26:52","slug":"veneravel-tecla-merlo","status":"publish","type":"post","link":"https:\/\/www.oarcanjo.net\/site\/veneravel-tecla-merlo\/","title":{"rendered":"Vener\u00e1vel Tecla Merlo"},"content":{"rendered":"<p>\u00a0<\/p>\n<p><img decoding=\"async\" src=\"http:\/\/www.asocius.net\/images\/dynabiz\/ID8590\/siteinfo\/tecla.gif\" alt=\"\" \/><\/p>\n<p>5 de Fevereiro<\/p>\n<p>Encontramos na B\u00edblia muitos exemplos de homens e mulheres escolhidos por Deus e nascidos numa fam\u00edlia apegada \u00e0 f\u00e9 e \u00e0s s\u00e1bias tradi\u00e7\u00f5es dos pais. Tamb\u00e9m na Hist\u00f3ria da Igreja, em fam\u00edlias boas, nasceram e cresceram grandes santos e santas.<br \/>\nFaz parte dessa tradi\u00e7\u00e3o de f\u00e9 e sabedoria crist\u00e3 a hist\u00f3ria muito bonita da vener\u00e1vel Tecla Merlo, primeira superiora-geral das Irm\u00e3s Filhas de S\u00e3o Paulo e considerada como verdadeira m\u00e3e na Fam\u00edlia Paulina, fundada pelo Bem-Aventurado Padre Tiago Alberione.<br \/>\n[\u2026]<\/p>\n<div class=\"alinhar_esq_caixa\"><img decoding=\"async\" src=\"http:\/\/blog.paulinas.org.br\/up\/p\/pa\/blog.paulinas.org.br\/img\/teclaorante.jpg\" alt=\"teclaorante - teclaorante\" \/><\/div>\n<p><strong>Antes, o Reino de Deus<\/strong><br \/>\nNo quarto dos pais da Vener\u00e1vel Tecla se descobre que seu pai unificava uma intensa vida espiritual, guiado por aquele vers\u00edculo do Evangelho: \u201cBuscai antes de tudo o Reino de Deus e a sua justi\u00e7a, e o resto vos ser\u00e1 dado por acr\u00e9scimo\u201d (Mt 6,33). Esse Evangelho, que acompanhou a inf\u00e2ncia e juventude de Tecla, deus, na sua Provid\u00eancia, j\u00e1 o havia colocado comopedra angular tamb\u00e9m na vida daquele que se tornaria seu segundopai: o Padre Tiago Alberione. Buscar em primeiro lugar o Reino de Deus era ocart\u00e3ode cr\u00e9dito que Tiago Alberione entregava \u00e0 fam\u00edlia Paulina como o segredo da solu\u00e7\u00e3o em todos os desafios da vida e do apostolado. [\u2026]<\/p>\n<p>A\u00a0id\u00e9ia da mulher como l\u00edder na a\u00e7\u00e3o da Igreja come\u00e7ou a tomar vulto e foi se estruturando at\u00e9 chegar a ser uma Congrega\u00e7\u00e3o religiosa: Irm\u00e3s Paulinas.<\/p>\n<p>Desde o in\u00edcio, Tiago Alberione percebeu qua a mulher deveria estar na linha de frente nesta cruzada pelo Reino de Deus, e esse seu pensamento logo se transformou em a\u00e7\u00e3o. Foi assim que a id\u00e9ia da mulher como l\u00edder na a\u00e7\u00e3o da Igreja come\u00e7ou a tomar vulto e foi se estruturando at\u00e9 chegar a ser uma congrega\u00e7\u00e3o religiosa: a Pia Sociedade Filhas de S\u00e3o Paulo, mais conhecida como Irm\u00e3s Paulinas.<\/p>\n<p>A Congrega\u00e7\u00e3o dos Padres Paulinos &#8211; primeira congrega\u00e7\u00e3o fundada pelo Padre Tiago Alberione &#8211; j\u00e1 estava dando os seus primeiros passos. Agora, era necess\u00e1rio encontrar uma jovem para iniciar o ramo feminino. Deus, que estava por tr\u00e1s de tudo, n\u00e3o tardou em possibilitar o encontro de Alberione com a jovem Tecla Merlo.<\/p>\n<p>Desde o in\u00edcio, Teresa sentiu a for\u00e7a de Deus e, na pobreza absoluta, apenas com a bagagem da f\u00e9, da confian\u00e7a e da humildade, ela come\u00e7ou, orientada por Alberione, a Congrega\u00e7\u00e3o que veria florescer no mundo inteiro, a Congrega\u00e7\u00e3o das Irm\u00e3s Paulinas, as mensageiras de Deus, ou andarilhas de Deus, como o fundador gostava de cham\u00e1-las.<\/p>\n<p>UM IDEAL: Viver como S\u00e3o Paulo, o ap\u00f3stolo das na\u00e7\u00f5es: com esp\u00edrito universal, na caridade que se faz &#8220;tudo para todos&#8221;.<\/p>\n<p>UMA PAIX\u00c3O: Revelar a todos o Senhor Jesus, Caminho, Verdade e Vida.<\/p>\n<p>UMA INTUI\u00c7\u00c3O: Trabalhar na evangeliza\u00e7\u00e3o com os meios modernos de comunica\u00e7\u00e3o: imprensa, cinema, r\u00e1dio, televis\u00e3o, discos, cassetes, v\u00eddeo, CR-ROM, internet&#8230;<\/p>\n<p>UM PROGRAMA DE VIDA: A caridade da verdade.<\/p>\n<p>Teresa Merlo nasceu a 20 de fevereiro de 1894, em Castagnito d&#8217;Alba, ao norte da It\u00e1lia. \u00danica mulher entre os quatro filhos do casal Heitor e Vincenza Rolando Merlo. De sa\u00fade fr\u00e1gil, dedicou-se, desde adolescente, \u00e0 arte da costura, num pequeno atelier da fam\u00edlia. Sua sensibilidade religiosa chamou a aten\u00e7\u00e3o de Padre Tiago Alberione, que a convidou para coordenar um grupo de jovens que se preparavam para trabalhar com a imprensa. Era o dia 15 de junho de 1915.<\/p>\n<p>Teresa intuiu logo que a proposta de Padre Alberione correspondia aos seus anseios de consagrar-se a Deus. Aceitou o convite, trocando o atelier de costura pela tipografia.<br \/>\nDe fato, em 1918, Teresa com algumas de suas companheiras, foi enviada pelo Fundador a Susa onde o bispo lhes confiou a produ\u00e7\u00e3o e divulga\u00e7\u00e3o do jornal diocesano LA VALSUSA. Esse momento marcou uma etapa significativa na vida de Teresa, que passar\u00e1 a considerar a experi\u00eancia de Susa como o in\u00edcio da miss\u00e3o das Filhas de S\u00e3o Paulo.<\/p>\n<p>Apoiada na f\u00e9, mais do que em recursos materiais, Irm\u00e3 Tecla assumiu sem medo os meios modernos de comunica\u00e7\u00e3o, e contando apenas com a for\u00e7a de Deus, encorajou, no mundo inteiro, iniciativas at\u00e9 ent\u00e3o inexplora.<br \/>\nPENSAMENTOS DE TECLA<br \/>\nSe n\u00e3o podemos estar sempre alegres,<br \/>\npodemos sempre estar em paz.<\/p>\n<p>Podemos ser sempre jovens e trabalhar com coragem.<br \/>\nBasta ter for\u00e7a de vontade. Procuremos ser sempre jovens.<\/p>\n<p>N\u00e3o nos deixemos abater pelas dificuldades.<\/p>\n<p>Queria ter mil vidas para dedic\u00e1-las ao Evangelho.<\/p>\n<p>Quando o cora\u00e7\u00e3o estiver cheio do amor de Deus, esse amor<br \/>\nnecessariamente se derramar\u00e1 sobre o mundo.<\/p>\n<p>Emprestemos os p\u00e9s ao Evangelho: que ele corra e se espalhe.<\/p>\n<p>Precisa-se de ap\u00f3stolos, mas verdadeiros ap\u00f3stolos que tenham o cora\u00e7\u00e3o cheio de amor de Deus.<\/p>\n<div id=\"themify_builder_content-7598\" data-postid=\"7598\" class=\"themify_builder_content themify_builder_content-7598 themify_builder themify_builder_front\">\n\t<\/div>\n<!-- \/themify_builder_content -->","protected":false},"excerpt":{"rendered":"<p>\u00a0 5 de Fevereiro Encontramos na B\u00edblia muitos exemplos de homens e mulheres escolhidos por Deus e nascidos numa fam\u00edlia apegada \u00e0 f\u00e9 e \u00e0s s\u00e1bias tradi\u00e7\u00f5es dos pais. Tamb\u00e9m na Hist\u00f3ria da Igreja, em fam\u00edlias boas, nasceram e cresceram grandes santos e santas. Faz parte dessa tradi\u00e7\u00e3o de f\u00e9 e sabedoria crist\u00e3 a hist\u00f3ria [&hellip;]<\/p>\n","protected":false},"author":14,"featured_media":0,"comment_status":"open","ping_status":"open","sticky":false,"template":"","format":"standard","meta":{"ngg_post_thumbnail":0,"footnotes":""},"categories":[186],"tags":[1455],"yoast_head":"<!-- This site is optimized with the Yoast SEO plugin v23.5 - https:\/\/yoast.com\/wordpress\/plugins\/seo\/ -->\n<title>Vener\u00e1vel Tecla Merlo - O Arcanjo no ar<\/title>\n<meta name=\"robots\" content=\"index, follow, max-snippet:-1, max-image-preview:large, max-video-preview:-1\" \/>\n<link rel=\"canonical\" href=\"https:\/\/www.oarcanjo.net\/site\/veneravel-tecla-merlo\/\" \/>\n<meta property=\"og:locale\" content=\"pt_BR\" \/>\n<meta property=\"og:type\" content=\"article\" \/>\n<meta property=\"og:title\" content=\"Vener\u00e1vel Tecla Merlo - O Arcanjo no ar\" \/>\n<meta property=\"og:description\" content=\"\u00a0 5 de Fevereiro Encontramos na B\u00edblia muitos exemplos de homens e mulheres escolhidos por Deus e nascidos numa fam\u00edlia apegada \u00e0 f\u00e9 e \u00e0s s\u00e1bias tradi\u00e7\u00f5es dos pais. Tamb\u00e9m na Hist\u00f3ria da Igreja, em fam\u00edlias boas, nasceram e cresceram grandes santos e santas. Faz parte dessa tradi\u00e7\u00e3o de f\u00e9 e sabedoria crist\u00e3 a hist\u00f3ria [&hellip;]\" \/>\n<meta property=\"og:url\" content=\"https:\/\/www.oarcanjo.net\/site\/veneravel-tecla-merlo\/\" \/>\n<meta property=\"og:site_name\" content=\"O Arcanjo no ar\" \/>\n<meta property=\"article:publisher\" content=\"https:\/\/www.facebook.com\/OArcanjoNoAr\/\" \/>\n<meta property=\"article:published_time\" content=\"2017-02-05T02:18:29+00:00\" \/>\n<meta property=\"article:modified_time\" content=\"2016-12-27T08:26:52+00:00\" \/>\n<meta property=\"og:image\" content=\"http:\/\/www.asocius.net\/images\/dynabiz\/ID8590\/siteinfo\/tecla.gif\" \/>\n<meta name=\"author\" content=\"danilo\" \/>\n<meta name=\"twitter:card\" content=\"summary_large_image\" \/>\n<meta name=\"twitter:label1\" content=\"Escrito por\" \/>\n\t<meta name=\"twitter:data1\" content=\"danilo\" \/>\n\t<meta name=\"twitter:label2\" content=\"Est. tempo de leitura\" \/>\n\t<meta name=\"twitter:data2\" content=\"4 minutos\" \/>\n<script type=\"application\/ld+json\" class=\"yoast-schema-graph\">{\"@context\":\"https:\/\/schema.org\",\"@graph\":[{\"@type\":\"Article\",\"@id\":\"https:\/\/www.oarcanjo.net\/site\/veneravel-tecla-merlo\/#article\",\"isPartOf\":{\"@id\":\"https:\/\/www.oarcanjo.net\/site\/veneravel-tecla-merlo\/\"},\"author\":{\"name\":\"danilo\",\"@id\":\"https:\/\/www.oarcanjo.net\/site\/#\/schema\/person\/5eb9480bedd2f3c97e430ce128c29c6c\"},\"headline\":\"Vener\u00e1vel Tecla Merlo\",\"datePublished\":\"2017-02-05T02:18:29+00:00\",\"dateModified\":\"2016-12-27T08:26:52+00:00\",\"mainEntityOfPage\":{\"@id\":\"https:\/\/www.oarcanjo.net\/site\/veneravel-tecla-merlo\/\"},\"wordCount\":831,\"commentCount\":0,\"publisher\":{\"@id\":\"https:\/\/www.oarcanjo.net\/site\/#organization\"},\"image\":{\"@id\":\"https:\/\/www.oarcanjo.net\/site\/veneravel-tecla-merlo\/#primaryimage\"},\"thumbnailUrl\":\"http:\/\/www.asocius.net\/images\/dynabiz\/ID8590\/siteinfo\/tecla.gif\",\"keywords\":[\"Vener\u00e1vel Tecla Merlo\"],\"articleSection\":[\"Testemunhos\"],\"inLanguage\":\"pt-BR\",\"potentialAction\":[{\"@type\":\"CommentAction\",\"name\":\"Comment\",\"target\":[\"https:\/\/www.oarcanjo.net\/site\/veneravel-tecla-merlo\/#respond\"]}]},{\"@type\":\"WebPage\",\"@id\":\"https:\/\/www.oarcanjo.net\/site\/veneravel-tecla-merlo\/\",\"url\":\"https:\/\/www.oarcanjo.net\/site\/veneravel-tecla-merlo\/\",\"name\":\"Vener\u00e1vel Tecla Merlo - O Arcanjo no ar\",\"isPartOf\":{\"@id\":\"https:\/\/www.oarcanjo.net\/site\/#website\"},\"primaryImageOfPage\":{\"@id\":\"https:\/\/www.oarcanjo.net\/site\/veneravel-tecla-merlo\/#primaryimage\"},\"image\":{\"@id\":\"https:\/\/www.oarcanjo.net\/site\/veneravel-tecla-merlo\/#primaryimage\"},\"thumbnailUrl\":\"http:\/\/www.asocius.net\/images\/dynabiz\/ID8590\/siteinfo\/tecla.gif\",\"datePublished\":\"2017-02-05T02:18:29+00:00\",\"dateModified\":\"2016-12-27T08:26:52+00:00\",\"breadcrumb\":{\"@id\":\"https:\/\/www.oarcanjo.net\/site\/veneravel-tecla-merlo\/#breadcrumb\"},\"inLanguage\":\"pt-BR\",\"potentialAction\":[{\"@type\":\"ReadAction\",\"target\":[\"https:\/\/www.oarcanjo.net\/site\/veneravel-tecla-merlo\/\"]}]},{\"@type\":\"ImageObject\",\"inLanguage\":\"pt-BR\",\"@id\":\"https:\/\/www.oarcanjo.net\/site\/veneravel-tecla-merlo\/#primaryimage\",\"url\":\"http:\/\/www.asocius.net\/images\/dynabiz\/ID8590\/siteinfo\/tecla.gif\",\"contentUrl\":\"http:\/\/www.asocius.net\/images\/dynabiz\/ID8590\/siteinfo\/tecla.gif\"},{\"@type\":\"BreadcrumbList\",\"@id\":\"https:\/\/www.oarcanjo.net\/site\/veneravel-tecla-merlo\/#breadcrumb\",\"itemListElement\":[{\"@type\":\"ListItem\",\"position\":1,\"name\":\"In\u00edcio\",\"item\":\"https:\/\/www.oarcanjo.net\/site\/\"},{\"@type\":\"ListItem\",\"position\":2,\"name\":\"Vener\u00e1vel Tecla Merlo\"}]},{\"@type\":\"WebSite\",\"@id\":\"https:\/\/www.oarcanjo.net\/site\/#website\",\"url\":\"https:\/\/www.oarcanjo.net\/site\/\",\"name\":\"O Arcanjo no ar\",\"description\":\"Site da Par\u00f3quia S\u00e3o Miguel Arcanjo (Arquidiocese de SP)\",\"publisher\":{\"@id\":\"https:\/\/www.oarcanjo.net\/site\/#organization\"},\"potentialAction\":[{\"@type\":\"SearchAction\",\"target\":{\"@type\":\"EntryPoint\",\"urlTemplate\":\"https:\/\/www.oarcanjo.net\/site\/?s={search_term_string}\"},\"query-input\":{\"@type\":\"PropertyValueSpecification\",\"valueRequired\":true,\"valueName\":\"search_term_string\"}}],\"inLanguage\":\"pt-BR\"},{\"@type\":\"Organization\",\"@id\":\"https:\/\/www.oarcanjo.net\/site\/#organization\",\"name\":\"Par\u00f3quia S\u00e3o Miguel Arcanjo\",\"url\":\"https:\/\/www.oarcanjo.net\/site\/\",\"logo\":{\"@type\":\"ImageObject\",\"inLanguage\":\"pt-BR\",\"@id\":\"https:\/\/www.oarcanjo.net\/site\/#\/schema\/logo\/image\/\",\"url\":\"https:\/\/www.oarcanjo.net\/site\/wp-content\/uploads\/LogoOArcanjo.png\",\"contentUrl\":\"https:\/\/www.oarcanjo.net\/site\/wp-content\/uploads\/LogoOArcanjo.png\",\"width\":319,\"height\":99,\"caption\":\"Par\u00f3quia S\u00e3o Miguel Arcanjo\"},\"image\":{\"@id\":\"https:\/\/www.oarcanjo.net\/site\/#\/schema\/logo\/image\/\"},\"sameAs\":[\"https:\/\/www.facebook.com\/OArcanjoNoAr\/\"]},{\"@type\":\"Person\",\"@id\":\"https:\/\/www.oarcanjo.net\/site\/#\/schema\/person\/5eb9480bedd2f3c97e430ce128c29c6c\",\"name\":\"danilo\"}]}<\/script>\n<!-- \/ Yoast SEO plugin. -->","yoast_head_json":{"title":"Vener\u00e1vel Tecla Merlo - O Arcanjo no ar","robots":{"index":"index","follow":"follow","max-snippet":"max-snippet:-1","max-image-preview":"max-image-preview:large","max-video-preview":"max-video-preview:-1"},"canonical":"https:\/\/www.oarcanjo.net\/site\/veneravel-tecla-merlo\/","og_locale":"pt_BR","og_type":"article","og_title":"Vener\u00e1vel Tecla Merlo - O Arcanjo no ar","og_description":"\u00a0 5 de Fevereiro Encontramos na B\u00edblia muitos exemplos de homens e mulheres escolhidos por Deus e nascidos numa fam\u00edlia apegada \u00e0 f\u00e9 e \u00e0s s\u00e1bias tradi\u00e7\u00f5es dos pais. Tamb\u00e9m na Hist\u00f3ria da Igreja, em fam\u00edlias boas, nasceram e cresceram grandes santos e santas. Faz parte dessa tradi\u00e7\u00e3o de f\u00e9 e sabedoria crist\u00e3 a hist\u00f3ria [&hellip;]","og_url":"https:\/\/www.oarcanjo.net\/site\/veneravel-tecla-merlo\/","og_site_name":"O Arcanjo no ar","article_publisher":"https:\/\/www.facebook.com\/OArcanjoNoAr\/","article_published_time":"2017-02-05T02:18:29+00:00","article_modified_time":"2016-12-27T08:26:52+00:00","og_image":[{"url":"http:\/\/www.asocius.net\/images\/dynabiz\/ID8590\/siteinfo\/tecla.gif"}],"author":"danilo","twitter_card":"summary_large_image","twitter_misc":{"Escrito por":"danilo","Est. tempo de leitura":"4 minutos"},"schema":{"@context":"https:\/\/schema.org","@graph":[{"@type":"Article","@id":"https:\/\/www.oarcanjo.net\/site\/veneravel-tecla-merlo\/#article","isPartOf":{"@id":"https:\/\/www.oarcanjo.net\/site\/veneravel-tecla-merlo\/"},"author":{"name":"danilo","@id":"https:\/\/www.oarcanjo.net\/site\/#\/schema\/person\/5eb9480bedd2f3c97e430ce128c29c6c"},"headline":"Vener\u00e1vel Tecla Merlo","datePublished":"2017-02-05T02:18:29+00:00","dateModified":"2016-12-27T08:26:52+00:00","mainEntityOfPage":{"@id":"https:\/\/www.oarcanjo.net\/site\/veneravel-tecla-merlo\/"},"wordCount":831,"commentCount":0,"publisher":{"@id":"https:\/\/www.oarcanjo.net\/site\/#organization"},"image":{"@id":"https:\/\/www.oarcanjo.net\/site\/veneravel-tecla-merlo\/#primaryimage"},"thumbnailUrl":"http:\/\/www.asocius.net\/images\/dynabiz\/ID8590\/siteinfo\/tecla.gif","keywords":["Vener\u00e1vel Tecla Merlo"],"articleSection":["Testemunhos"],"inLanguage":"pt-BR","potentialAction":[{"@type":"CommentAction","name":"Comment","target":["https:\/\/www.oarcanjo.net\/site\/veneravel-tecla-merlo\/#respond"]}]},{"@type":"WebPage","@id":"https:\/\/www.oarcanjo.net\/site\/veneravel-tecla-merlo\/","url":"https:\/\/www.oarcanjo.net\/site\/veneravel-tecla-merlo\/","name":"Vener\u00e1vel Tecla Merlo - O Arcanjo no ar","isPartOf":{"@id":"https:\/\/www.oarcanjo.net\/site\/#website"},"primaryImageOfPage":{"@id":"https:\/\/www.oarcanjo.net\/site\/veneravel-tecla-merlo\/#primaryimage"},"image":{"@id":"https:\/\/www.oarcanjo.net\/site\/veneravel-tecla-merlo\/#primaryimage"},"thumbnailUrl":"http:\/\/www.asocius.net\/images\/dynabiz\/ID8590\/siteinfo\/tecla.gif","datePublished":"2017-02-05T02:18:29+00:00","dateModified":"2016-12-27T08:26:52+00:00","breadcrumb":{"@id":"https:\/\/www.oarcanjo.net\/site\/veneravel-tecla-merlo\/#breadcrumb"},"inLanguage":"pt-BR","potentialAction":[{"@type":"ReadAction","target":["https:\/\/www.oarcanjo.net\/site\/veneravel-tecla-merlo\/"]}]},{"@type":"ImageObject","inLanguage":"pt-BR","@id":"https:\/\/www.oarcanjo.net\/site\/veneravel-tecla-merlo\/#primaryimage","url":"http:\/\/www.asocius.net\/images\/dynabiz\/ID8590\/siteinfo\/tecla.gif","contentUrl":"http:\/\/www.asocius.net\/images\/dynabiz\/ID8590\/siteinfo\/tecla.gif"},{"@type":"BreadcrumbList","@id":"https:\/\/www.oarcanjo.net\/site\/veneravel-tecla-merlo\/#breadcrumb","itemListElement":[{"@type":"ListItem","position":1,"name":"In\u00edcio","item":"https:\/\/www.oarcanjo.net\/site\/"},{"@type":"ListItem","position":2,"name":"Vener\u00e1vel Tecla Merlo"}]},{"@type":"WebSite","@id":"https:\/\/www.oarcanjo.net\/site\/#website","url":"https:\/\/www.oarcanjo.net\/site\/","name":"O Arcanjo no ar","description":"Site da Par\u00f3quia S\u00e3o Miguel Arcanjo (Arquidiocese de SP)","publisher":{"@id":"https:\/\/www.oarcanjo.net\/site\/#organization"},"potentialAction":[{"@type":"SearchAction","target":{"@type":"EntryPoint","urlTemplate":"https:\/\/www.oarcanjo.net\/site\/?s={search_term_string}"},"query-input":{"@type":"PropertyValueSpecification","valueRequired":true,"valueName":"search_term_string"}}],"inLanguage":"pt-BR"},{"@type":"Organization","@id":"https:\/\/www.oarcanjo.net\/site\/#organization","name":"Par\u00f3quia S\u00e3o Miguel Arcanjo","url":"https:\/\/www.oarcanjo.net\/site\/","logo":{"@type":"ImageObject","inLanguage":"pt-BR","@id":"https:\/\/www.oarcanjo.net\/site\/#\/schema\/logo\/image\/","url":"https:\/\/www.oarcanjo.net\/site\/wp-content\/uploads\/LogoOArcanjo.png","contentUrl":"https:\/\/www.oarcanjo.net\/site\/wp-content\/uploads\/LogoOArcanjo.png","width":319,"height":99,"caption":"Par\u00f3quia S\u00e3o Miguel Arcanjo"},"image":{"@id":"https:\/\/www.oarcanjo.net\/site\/#\/schema\/logo\/image\/"},"sameAs":["https:\/\/www.facebook.com\/OArcanjoNoAr\/"]},{"@type":"Person","@id":"https:\/\/www.oarcanjo.net\/site\/#\/schema\/person\/5eb9480bedd2f3c97e430ce128c29c6c","name":"danilo"}]}},"publishpress_future_action":{"enabled":false,"date":"2026-05-09 03:58:39","action":"category","newStatus":"draft","terms":[],"taxonomy":"category"},"publishpress_future_workflow_manual_trigger":{"enabledWorkflows":[]},"_links":{"self":[{"href":"https:\/\/www.oarcanjo.net\/site\/wp-json\/wp\/v2\/posts\/7598"}],"collection":[{"href":"https:\/\/www.oarcanjo.net\/site\/wp-json\/wp\/v2\/posts"}],"about":[{"href":"https:\/\/www.oarcanjo.net\/site\/wp-json\/wp\/v2\/types\/post"}],"author":[{"embeddable":true,"href":"https:\/\/www.oarcanjo.net\/site\/wp-json\/wp\/v2\/users\/14"}],"replies":[{"embeddable":true,"href":"https:\/\/www.oarcanjo.net\/site\/wp-json\/wp\/v2\/comments?post=7598"}],"version-history":[{"count":0,"href":"https:\/\/www.oarcanjo.net\/site\/wp-json\/wp\/v2\/posts\/7598\/revisions"}],"wp:attachment":[{"href":"https:\/\/www.oarcanjo.net\/site\/wp-json\/wp\/v2\/media?parent=7598"}],"wp:term":[{"taxonomy":"category","embeddable":true,"href":"https:\/\/www.oarcanjo.net\/site\/wp-json\/wp\/v2\/categories?post=7598"},{"taxonomy":"post_tag","embeddable":true,"href":"https:\/\/www.oarcanjo.net\/site\/wp-json\/wp\/v2\/tags?post=7598"}],"curies":[{"name":"wp","href":"https:\/\/api.w.org\/{rel}","templated":true}]}}