
{"id":76026,"date":"2016-09-25T22:49:25","date_gmt":"2016-09-26T01:49:25","guid":{"rendered":"http:\/\/www.oarcanjo.net\/site\/?p=76026"},"modified":"2016-10-03T09:18:49","modified_gmt":"2016-10-03T12:18:49","slug":"video-homilia-do-pe-julio-em-25092016-26o-domingo-do-tempo-comum","status":"publish","type":"post","link":"https:\/\/www.oarcanjo.net\/site\/video-homilia-do-pe-julio-em-25092016-26o-domingo-do-tempo-comum\/","title":{"rendered":"V\u00cdDEO: Homilia do Pe. Julio em 25\/09\/2016 &#8211; 26\u00ba Domingo do Tempo Comum"},"content":{"rendered":"<p>&#8220;A indiferen\u00e7a e o individualismo nos levam para um abismo. S\u00f3 a partilha e a solidariedade nos fazem ver Jesus&#8221;. Acompanhe a reflex\u00e3o do Pe. Julio Lancellotti sobre as leituras de 25\/09\/2016, 26\u00ba Domingo do Tempo Comum:<\/p>\n<p><iframe loading=\"lazy\" width=\"640\" height=\"360\" src=\"https:\/\/www.youtube.com\/embed\/0IvYYwITAz0?rel=0\" frameborder=\"0\" allowfullscreen><\/iframe><\/p>\n<p>Grava\u00e7\u00e3o realizada na missa das 18h na igreja S\u00e3o Miguel Arcanjo.<\/p>\n<div id=\"themify_builder_content-76026\" data-postid=\"76026\" class=\"themify_builder_content themify_builder_content-76026 themify_builder themify_builder_front\">\n\t<\/div>\n<!-- \/themify_builder_content -->","protected":false},"excerpt":{"rendered":"<p>&#8220;A indiferen\u00e7a e o individualismo nos levam para um abismo. S\u00f3 a partilha e a solidariedade nos fazem ver Jesus&#8221;<\/p>\n","protected":false},"author":5,"featured_media":76625,"comment_status":"open","ping_status":"open","sticky":false,"template":"","format":"standard","meta":{"ngg_post_thumbnail":0,"footnotes":""},"categories":[4,475],"tags":[],"yoast_head":"<!-- This site is optimized with the Yoast SEO plugin v23.5 - https:\/\/yoast.com\/wordpress\/plugins\/seo\/ -->\n<title>V\u00cdDEO: Homilia do Pe. Julio em 25\/09\/2016 - 26\u00ba Domingo do Tempo Comum - O Arcanjo no ar<\/title>\n<meta name=\"robots\" content=\"index, follow, max-snippet:-1, max-image-preview:large, max-video-preview:-1\" \/>\n<link rel=\"canonical\" href=\"https:\/\/www.oarcanjo.net\/site\/video-homilia-do-pe-julio-em-25092016-26o-domingo-do-tempo-comum\/\" \/>\n<meta property=\"og:locale\" content=\"pt_BR\" \/>\n<meta property=\"og:type\" content=\"article\" \/>\n<meta property=\"og:title\" content=\"V\u00cdDEO: Homilia do Pe. Julio em 25\/09\/2016 - 26\u00ba Domingo do Tempo Comum - O Arcanjo no ar\" \/>\n<meta property=\"og:description\" content=\"&quot;A indiferen\u00e7a e o individualismo nos levam para um abismo. S\u00f3 a partilha e a solidariedade nos fazem ver Jesus&quot;\" \/>\n<meta property=\"og:url\" content=\"https:\/\/www.oarcanjo.net\/site\/video-homilia-do-pe-julio-em-25092016-26o-domingo-do-tempo-comum\/\" \/>\n<meta property=\"og:site_name\" content=\"O Arcanjo no ar\" \/>\n<meta property=\"article:publisher\" content=\"https:\/\/www.facebook.com\/OArcanjoNoAr\/\" \/>\n<meta property=\"article:published_time\" content=\"2016-09-26T01:49:25+00:00\" \/>\n<meta property=\"article:modified_time\" content=\"2016-10-03T12:18:49+00:00\" \/>\n<meta property=\"og:image\" content=\"https:\/\/www.oarcanjo.net\/site\/wp-content\/uploads\/20160925Homilia.jpg\" \/>\n\t<meta property=\"og:image:width\" content=\"1280\" \/>\n\t<meta property=\"og:image:height\" content=\"720\" \/>\n\t<meta property=\"og:image:type\" content=\"image\/jpeg\" \/>\n<meta name=\"author\" content=\"editor\" \/>\n<meta name=\"twitter:card\" content=\"summary_large_image\" \/>\n<meta name=\"twitter:label1\" content=\"Escrito por\" \/>\n\t<meta name=\"twitter:data1\" content=\"editor\" \/>\n<script type=\"application\/ld+json\" class=\"yoast-schema-graph\">{\"@context\":\"https:\/\/schema.org\",\"@graph\":[{\"@type\":\"Article\",\"@id\":\"https:\/\/www.oarcanjo.net\/site\/video-homilia-do-pe-julio-em-25092016-26o-domingo-do-tempo-comum\/#article\",\"isPartOf\":{\"@id\":\"https:\/\/www.oarcanjo.net\/site\/video-homilia-do-pe-julio-em-25092016-26o-domingo-do-tempo-comum\/\"},\"author\":{\"name\":\"editor\",\"@id\":\"https:\/\/www.oarcanjo.net\/site\/#\/schema\/person\/f7024d007863202483a31326673a0838\"},\"headline\":\"V\u00cdDEO: Homilia do Pe. Julio em 25\/09\/2016 &#8211; 26\u00ba Domingo do Tempo Comum\",\"datePublished\":\"2016-09-26T01:49:25+00:00\",\"dateModified\":\"2016-10-03T12:18:49+00:00\",\"mainEntityOfPage\":{\"@id\":\"https:\/\/www.oarcanjo.net\/site\/video-homilia-do-pe-julio-em-25092016-26o-domingo-do-tempo-comum\/\"},\"wordCount\":62,\"commentCount\":0,\"publisher\":{\"@id\":\"https:\/\/www.oarcanjo.net\/site\/#organization\"},\"image\":{\"@id\":\"https:\/\/www.oarcanjo.net\/site\/video-homilia-do-pe-julio-em-25092016-26o-domingo-do-tempo-comum\/#primaryimage\"},\"thumbnailUrl\":\"https:\/\/www.oarcanjo.net\/site\/wp-content\/uploads\/20160925Homilia.jpg\",\"articleSection\":[\"Blog\",\"Homilias\"],\"inLanguage\":\"pt-BR\",\"potentialAction\":[{\"@type\":\"CommentAction\",\"name\":\"Comment\",\"target\":[\"https:\/\/www.oarcanjo.net\/site\/video-homilia-do-pe-julio-em-25092016-26o-domingo-do-tempo-comum\/#respond\"]}]},{\"@type\":\"WebPage\",\"@id\":\"https:\/\/www.oarcanjo.net\/site\/video-homilia-do-pe-julio-em-25092016-26o-domingo-do-tempo-comum\/\",\"url\":\"https:\/\/www.oarcanjo.net\/site\/video-homilia-do-pe-julio-em-25092016-26o-domingo-do-tempo-comum\/\",\"name\":\"V\u00cdDEO: Homilia do Pe. Julio em 25\/09\/2016 - 26\u00ba Domingo do Tempo Comum - O Arcanjo no ar\",\"isPartOf\":{\"@id\":\"https:\/\/www.oarcanjo.net\/site\/#website\"},\"primaryImageOfPage\":{\"@id\":\"https:\/\/www.oarcanjo.net\/site\/video-homilia-do-pe-julio-em-25092016-26o-domingo-do-tempo-comum\/#primaryimage\"},\"image\":{\"@id\":\"https:\/\/www.oarcanjo.net\/site\/video-homilia-do-pe-julio-em-25092016-26o-domingo-do-tempo-comum\/#primaryimage\"},\"thumbnailUrl\":\"https:\/\/www.oarcanjo.net\/site\/wp-content\/uploads\/20160925Homilia.jpg\",\"datePublished\":\"2016-09-26T01:49:25+00:00\",\"dateModified\":\"2016-10-03T12:18:49+00:00\",\"breadcrumb\":{\"@id\":\"https:\/\/www.oarcanjo.net\/site\/video-homilia-do-pe-julio-em-25092016-26o-domingo-do-tempo-comum\/#breadcrumb\"},\"inLanguage\":\"pt-BR\",\"potentialAction\":[{\"@type\":\"ReadAction\",\"target\":[\"https:\/\/www.oarcanjo.net\/site\/video-homilia-do-pe-julio-em-25092016-26o-domingo-do-tempo-comum\/\"]}]},{\"@type\":\"ImageObject\",\"inLanguage\":\"pt-BR\",\"@id\":\"https:\/\/www.oarcanjo.net\/site\/video-homilia-do-pe-julio-em-25092016-26o-domingo-do-tempo-comum\/#primaryimage\",\"url\":\"https:\/\/www.oarcanjo.net\/site\/wp-content\/uploads\/20160925Homilia.jpg\",\"contentUrl\":\"https:\/\/www.oarcanjo.net\/site\/wp-content\/uploads\/20160925Homilia.jpg\",\"width\":1280,\"height\":720},{\"@type\":\"BreadcrumbList\",\"@id\":\"https:\/\/www.oarcanjo.net\/site\/video-homilia-do-pe-julio-em-25092016-26o-domingo-do-tempo-comum\/#breadcrumb\",\"itemListElement\":[{\"@type\":\"ListItem\",\"position\":1,\"name\":\"In\u00edcio\",\"item\":\"https:\/\/www.oarcanjo.net\/site\/\"},{\"@type\":\"ListItem\",\"position\":2,\"name\":\"V\u00cdDEO: Homilia do Pe. Julio em 25\/09\/2016 &#8211; 26\u00ba Domingo do Tempo Comum\"}]},{\"@type\":\"WebSite\",\"@id\":\"https:\/\/www.oarcanjo.net\/site\/#website\",\"url\":\"https:\/\/www.oarcanjo.net\/site\/\",\"name\":\"O Arcanjo no ar\",\"description\":\"Site da Par\u00f3quia S\u00e3o Miguel Arcanjo (Arquidiocese de SP)\",\"publisher\":{\"@id\":\"https:\/\/www.oarcanjo.net\/site\/#organization\"},\"potentialAction\":[{\"@type\":\"SearchAction\",\"target\":{\"@type\":\"EntryPoint\",\"urlTemplate\":\"https:\/\/www.oarcanjo.net\/site\/?s={search_term_string}\"},\"query-input\":{\"@type\":\"PropertyValueSpecification\",\"valueRequired\":true,\"valueName\":\"search_term_string\"}}],\"inLanguage\":\"pt-BR\"},{\"@type\":\"Organization\",\"@id\":\"https:\/\/www.oarcanjo.net\/site\/#organization\",\"name\":\"Par\u00f3quia S\u00e3o Miguel Arcanjo\",\"url\":\"https:\/\/www.oarcanjo.net\/site\/\",\"logo\":{\"@type\":\"ImageObject\",\"inLanguage\":\"pt-BR\",\"@id\":\"https:\/\/www.oarcanjo.net\/site\/#\/schema\/logo\/image\/\",\"url\":\"https:\/\/www.oarcanjo.net\/site\/wp-content\/uploads\/LogoOArcanjo.png\",\"contentUrl\":\"https:\/\/www.oarcanjo.net\/site\/wp-content\/uploads\/LogoOArcanjo.png\",\"width\":319,\"height\":99,\"caption\":\"Par\u00f3quia S\u00e3o Miguel Arcanjo\"},\"image\":{\"@id\":\"https:\/\/www.oarcanjo.net\/site\/#\/schema\/logo\/image\/\"},\"sameAs\":[\"https:\/\/www.facebook.com\/OArcanjoNoAr\/\"]},{\"@type\":\"Person\",\"@id\":\"https:\/\/www.oarcanjo.net\/site\/#\/schema\/person\/f7024d007863202483a31326673a0838\",\"name\":\"editor\",\"sameAs\":[\"http:\/\/www.oarcanjo.net\"]}]}<\/script>\n<!-- \/ Yoast SEO plugin. -->","yoast_head_json":{"title":"V\u00cdDEO: Homilia do Pe. Julio em 25\/09\/2016 - 26\u00ba Domingo do Tempo Comum - O Arcanjo no ar","robots":{"index":"index","follow":"follow","max-snippet":"max-snippet:-1","max-image-preview":"max-image-preview:large","max-video-preview":"max-video-preview:-1"},"canonical":"https:\/\/www.oarcanjo.net\/site\/video-homilia-do-pe-julio-em-25092016-26o-domingo-do-tempo-comum\/","og_locale":"pt_BR","og_type":"article","og_title":"V\u00cdDEO: Homilia do Pe. Julio em 25\/09\/2016 - 26\u00ba Domingo do Tempo Comum - O Arcanjo no ar","og_description":"\"A indiferen\u00e7a e o individualismo nos levam para um abismo. S\u00f3 a partilha e a solidariedade nos fazem ver Jesus\"","og_url":"https:\/\/www.oarcanjo.net\/site\/video-homilia-do-pe-julio-em-25092016-26o-domingo-do-tempo-comum\/","og_site_name":"O Arcanjo no ar","article_publisher":"https:\/\/www.facebook.com\/OArcanjoNoAr\/","article_published_time":"2016-09-26T01:49:25+00:00","article_modified_time":"2016-10-03T12:18:49+00:00","og_image":[{"width":1280,"height":720,"url":"https:\/\/www.oarcanjo.net\/site\/wp-content\/uploads\/20160925Homilia.jpg","type":"image\/jpeg"}],"author":"editor","twitter_card":"summary_large_image","twitter_misc":{"Escrito por":"editor"},"schema":{"@context":"https:\/\/schema.org","@graph":[{"@type":"Article","@id":"https:\/\/www.oarcanjo.net\/site\/video-homilia-do-pe-julio-em-25092016-26o-domingo-do-tempo-comum\/#article","isPartOf":{"@id":"https:\/\/www.oarcanjo.net\/site\/video-homilia-do-pe-julio-em-25092016-26o-domingo-do-tempo-comum\/"},"author":{"name":"editor","@id":"https:\/\/www.oarcanjo.net\/site\/#\/schema\/person\/f7024d007863202483a31326673a0838"},"headline":"V\u00cdDEO: Homilia do Pe. Julio em 25\/09\/2016 &#8211; 26\u00ba Domingo do Tempo Comum","datePublished":"2016-09-26T01:49:25+00:00","dateModified":"2016-10-03T12:18:49+00:00","mainEntityOfPage":{"@id":"https:\/\/www.oarcanjo.net\/site\/video-homilia-do-pe-julio-em-25092016-26o-domingo-do-tempo-comum\/"},"wordCount":62,"commentCount":0,"publisher":{"@id":"https:\/\/www.oarcanjo.net\/site\/#organization"},"image":{"@id":"https:\/\/www.oarcanjo.net\/site\/video-homilia-do-pe-julio-em-25092016-26o-domingo-do-tempo-comum\/#primaryimage"},"thumbnailUrl":"https:\/\/www.oarcanjo.net\/site\/wp-content\/uploads\/20160925Homilia.jpg","articleSection":["Blog","Homilias"],"inLanguage":"pt-BR","potentialAction":[{"@type":"CommentAction","name":"Comment","target":["https:\/\/www.oarcanjo.net\/site\/video-homilia-do-pe-julio-em-25092016-26o-domingo-do-tempo-comum\/#respond"]}]},{"@type":"WebPage","@id":"https:\/\/www.oarcanjo.net\/site\/video-homilia-do-pe-julio-em-25092016-26o-domingo-do-tempo-comum\/","url":"https:\/\/www.oarcanjo.net\/site\/video-homilia-do-pe-julio-em-25092016-26o-domingo-do-tempo-comum\/","name":"V\u00cdDEO: Homilia do Pe. Julio em 25\/09\/2016 - 26\u00ba Domingo do Tempo Comum - O Arcanjo no ar","isPartOf":{"@id":"https:\/\/www.oarcanjo.net\/site\/#website"},"primaryImageOfPage":{"@id":"https:\/\/www.oarcanjo.net\/site\/video-homilia-do-pe-julio-em-25092016-26o-domingo-do-tempo-comum\/#primaryimage"},"image":{"@id":"https:\/\/www.oarcanjo.net\/site\/video-homilia-do-pe-julio-em-25092016-26o-domingo-do-tempo-comum\/#primaryimage"},"thumbnailUrl":"https:\/\/www.oarcanjo.net\/site\/wp-content\/uploads\/20160925Homilia.jpg","datePublished":"2016-09-26T01:49:25+00:00","dateModified":"2016-10-03T12:18:49+00:00","breadcrumb":{"@id":"https:\/\/www.oarcanjo.net\/site\/video-homilia-do-pe-julio-em-25092016-26o-domingo-do-tempo-comum\/#breadcrumb"},"inLanguage":"pt-BR","potentialAction":[{"@type":"ReadAction","target":["https:\/\/www.oarcanjo.net\/site\/video-homilia-do-pe-julio-em-25092016-26o-domingo-do-tempo-comum\/"]}]},{"@type":"ImageObject","inLanguage":"pt-BR","@id":"https:\/\/www.oarcanjo.net\/site\/video-homilia-do-pe-julio-em-25092016-26o-domingo-do-tempo-comum\/#primaryimage","url":"https:\/\/www.oarcanjo.net\/site\/wp-content\/uploads\/20160925Homilia.jpg","contentUrl":"https:\/\/www.oarcanjo.net\/site\/wp-content\/uploads\/20160925Homilia.jpg","width":1280,"height":720},{"@type":"BreadcrumbList","@id":"https:\/\/www.oarcanjo.net\/site\/video-homilia-do-pe-julio-em-25092016-26o-domingo-do-tempo-comum\/#breadcrumb","itemListElement":[{"@type":"ListItem","position":1,"name":"In\u00edcio","item":"https:\/\/www.oarcanjo.net\/site\/"},{"@type":"ListItem","position":2,"name":"V\u00cdDEO: Homilia do Pe. Julio em 25\/09\/2016 &#8211; 26\u00ba Domingo do Tempo Comum"}]},{"@type":"WebSite","@id":"https:\/\/www.oarcanjo.net\/site\/#website","url":"https:\/\/www.oarcanjo.net\/site\/","name":"O Arcanjo no ar","description":"Site da Par\u00f3quia S\u00e3o Miguel Arcanjo (Arquidiocese de SP)","publisher":{"@id":"https:\/\/www.oarcanjo.net\/site\/#organization"},"potentialAction":[{"@type":"SearchAction","target":{"@type":"EntryPoint","urlTemplate":"https:\/\/www.oarcanjo.net\/site\/?s={search_term_string}"},"query-input":{"@type":"PropertyValueSpecification","valueRequired":true,"valueName":"search_term_string"}}],"inLanguage":"pt-BR"},{"@type":"Organization","@id":"https:\/\/www.oarcanjo.net\/site\/#organization","name":"Par\u00f3quia S\u00e3o Miguel Arcanjo","url":"https:\/\/www.oarcanjo.net\/site\/","logo":{"@type":"ImageObject","inLanguage":"pt-BR","@id":"https:\/\/www.oarcanjo.net\/site\/#\/schema\/logo\/image\/","url":"https:\/\/www.oarcanjo.net\/site\/wp-content\/uploads\/LogoOArcanjo.png","contentUrl":"https:\/\/www.oarcanjo.net\/site\/wp-content\/uploads\/LogoOArcanjo.png","width":319,"height":99,"caption":"Par\u00f3quia S\u00e3o Miguel Arcanjo"},"image":{"@id":"https:\/\/www.oarcanjo.net\/site\/#\/schema\/logo\/image\/"},"sameAs":["https:\/\/www.facebook.com\/OArcanjoNoAr\/"]},{"@type":"Person","@id":"https:\/\/www.oarcanjo.net\/site\/#\/schema\/person\/f7024d007863202483a31326673a0838","name":"editor","sameAs":["http:\/\/www.oarcanjo.net"]}]}},"publishpress_future_action":{"enabled":false,"date":"2026-05-06 19:42:15","action":"category","newStatus":"draft","terms":[],"taxonomy":"category"},"publishpress_future_workflow_manual_trigger":{"enabledWorkflows":[]},"_links":{"self":[{"href":"https:\/\/www.oarcanjo.net\/site\/wp-json\/wp\/v2\/posts\/76026"}],"collection":[{"href":"https:\/\/www.oarcanjo.net\/site\/wp-json\/wp\/v2\/posts"}],"about":[{"href":"https:\/\/www.oarcanjo.net\/site\/wp-json\/wp\/v2\/types\/post"}],"author":[{"embeddable":true,"href":"https:\/\/www.oarcanjo.net\/site\/wp-json\/wp\/v2\/users\/5"}],"replies":[{"embeddable":true,"href":"https:\/\/www.oarcanjo.net\/site\/wp-json\/wp\/v2\/comments?post=76026"}],"version-history":[{"count":0,"href":"https:\/\/www.oarcanjo.net\/site\/wp-json\/wp\/v2\/posts\/76026\/revisions"}],"wp:featuredmedia":[{"embeddable":true,"href":"https:\/\/www.oarcanjo.net\/site\/wp-json\/wp\/v2\/media\/76625"}],"wp:attachment":[{"href":"https:\/\/www.oarcanjo.net\/site\/wp-json\/wp\/v2\/media?parent=76026"}],"wp:term":[{"taxonomy":"category","embeddable":true,"href":"https:\/\/www.oarcanjo.net\/site\/wp-json\/wp\/v2\/categories?post=76026"},{"taxonomy":"post_tag","embeddable":true,"href":"https:\/\/www.oarcanjo.net\/site\/wp-json\/wp\/v2\/tags?post=76026"}],"curies":[{"name":"wp","href":"https:\/\/api.w.org\/{rel}","templated":true}]}}