
{"id":7603,"date":"2017-02-05T00:01:16","date_gmt":"2017-02-05T02:01:16","guid":{"rendered":"http:\/\/www.oarcanjo.net\/site\/?p=7603"},"modified":"2016-12-27T06:26:47","modified_gmt":"2016-12-27T08:26:47","slug":"santa-adelaide-de-vilich","status":"publish","type":"post","link":"https:\/\/www.oarcanjo.net\/site\/santa-adelaide-de-vilich\/","title":{"rendered":"Santa Adelaide de Vilich"},"content":{"rendered":"<p><img decoding=\"async\" src=\"http:\/\/1.bp.blogspot.com\/_5kAa5W5YTf4\/SYpNyLhYgtI\/AAAAAAAAC-4\/Q3dpybWY9aI\/s400\/05-Santa+Adelaide+de+Vilich.gif\" alt=\"\" \/><\/p>\n<p>5 de Fevereiro<\/p>\n<p>Adelaide nasceu no ano 960 era filha dos c\u00e9lebres condes de Geldern, na Alemanha. Seus pais, muito religiosos, tiveram mais duas filhas e um filho. Uma das suas irm\u00e3s entrou para o convento de Santa Maria, em Col\u00f4nia, e Adelaide foi para o de Santa \u00darsula, tamb\u00e9m na mesma cidade. Ambas foram eleitas abadessas por suas respectivas comunidades religiosas.<\/p>\n<p>Quando o filho, \u00fanico homem morreu, seus pais constru\u00edram uma igreja e um convento em Vilich, do qual Adelaide tornou-se a abadessa. Sua origem nobre e sua convers\u00e3o atra\u00edram muitas outras jovens para o convento. Ali se vivia a mesma caridade que Adelaide praticara em sua casa. Usou sua parte na fortuna da fam\u00edlia para fazer caridade aos pobres e doentes, que recolhia no convento. Quase duas dezenas de mendigos eram ali socorridas todos os dias, nos hor\u00e1rios das refei\u00e7\u00f5es. Mas n\u00e3o recebiam esmola, eram atendidos como convidados pessoais da abadessa. Quando a fome assolou a cidade de Vilich, seu convento salvou muita gente da morte.<\/p>\n<p>Ap\u00f3s o falecimento de sua irm\u00e3, Adelaide foi transferida para o convento que ela dirigia, em Col\u00f4nia, e l\u00e1 morreu, na tranq\u00fcilidade da comunidade que t\u00e3o bem governou, em 05 de fevereiro de 1015. Constatamos nos registros da Igreja e nas narrativas da tradi\u00e7\u00e3o que a abadessa Adelaide operou v\u00e1rios prod\u00edgios e gra\u00e7as em vida, como, por exemplo, quando fez um menino paral\u00edtico recuperar a capacidade de andar, com o fervor de suas ora\u00e7\u00f5es.<\/p>\n<p>O seu nome de origem germ\u00e2nica quando traduzido para o latim se torna Alice. Por isso ela \u00e9 invocada como Santa Adelaide de Vilich ou Alice de Vilich, cujo culto de muita devo\u00e7\u00e3o se mant\u00e9m constante e intenso entre os fi\u00e9is no mundo crist\u00e3o. Notadamente pelo uso da dupla forma do seu nome ao longo dos s\u00e9culos, que a torna protetora das pessoas e lugares, fortalecendo ainda mais a tradi\u00e7\u00e3o do seu exemplo de santidade, ainda em vida.<\/p>\n<div id=\"themify_builder_content-7603\" data-postid=\"7603\" class=\"themify_builder_content themify_builder_content-7603 themify_builder themify_builder_front\">\n\t<\/div>\n<!-- \/themify_builder_content -->","protected":false},"excerpt":{"rendered":"<p>5 de Fevereiro Adelaide nasceu no ano 960 era filha dos c\u00e9lebres condes de Geldern, na Alemanha. Seus pais, muito religiosos, tiveram mais duas filhas e um filho. Uma das suas irm\u00e3s entrou para o convento de Santa Maria, em Col\u00f4nia, e Adelaide foi para o de Santa \u00darsula, tamb\u00e9m na mesma cidade. Ambas foram [&hellip;]<\/p>\n","protected":false},"author":14,"featured_media":0,"comment_status":"open","ping_status":"open","sticky":false,"template":"","format":"standard","meta":{"ngg_post_thumbnail":0,"footnotes":""},"categories":[186],"tags":[],"yoast_head":"<!-- This site is optimized with the Yoast SEO plugin v23.5 - https:\/\/yoast.com\/wordpress\/plugins\/seo\/ -->\n<title>Santa Adelaide de Vilich - O Arcanjo no ar<\/title>\n<meta name=\"robots\" content=\"index, follow, max-snippet:-1, max-image-preview:large, max-video-preview:-1\" \/>\n<link rel=\"canonical\" href=\"https:\/\/www.oarcanjo.net\/site\/santa-adelaide-de-vilich\/\" \/>\n<meta property=\"og:locale\" content=\"pt_BR\" \/>\n<meta property=\"og:type\" content=\"article\" \/>\n<meta property=\"og:title\" content=\"Santa Adelaide de Vilich - O Arcanjo no ar\" \/>\n<meta property=\"og:description\" content=\"5 de Fevereiro Adelaide nasceu no ano 960 era filha dos c\u00e9lebres condes de Geldern, na Alemanha. Seus pais, muito religiosos, tiveram mais duas filhas e um filho. Uma das suas irm\u00e3s entrou para o convento de Santa Maria, em Col\u00f4nia, e Adelaide foi para o de Santa \u00darsula, tamb\u00e9m na mesma cidade. Ambas foram [&hellip;]\" \/>\n<meta property=\"og:url\" content=\"https:\/\/www.oarcanjo.net\/site\/santa-adelaide-de-vilich\/\" \/>\n<meta property=\"og:site_name\" content=\"O Arcanjo no ar\" \/>\n<meta property=\"article:publisher\" content=\"https:\/\/www.facebook.com\/OArcanjoNoAr\/\" \/>\n<meta property=\"article:published_time\" content=\"2017-02-05T02:01:16+00:00\" \/>\n<meta property=\"article:modified_time\" content=\"2016-12-27T08:26:47+00:00\" \/>\n<meta property=\"og:image\" content=\"http:\/\/1.bp.blogspot.com\/_5kAa5W5YTf4\/SYpNyLhYgtI\/AAAAAAAAC-4\/Q3dpybWY9aI\/s400\/05-Santa+Adelaide+de+Vilich.gif\" \/>\n<meta name=\"author\" content=\"danilo\" \/>\n<meta name=\"twitter:card\" content=\"summary_large_image\" \/>\n<meta name=\"twitter:label1\" content=\"Escrito por\" \/>\n\t<meta name=\"twitter:data1\" content=\"danilo\" \/>\n\t<meta name=\"twitter:label2\" content=\"Est. tempo de leitura\" \/>\n\t<meta name=\"twitter:data2\" content=\"2 minutos\" \/>\n<script type=\"application\/ld+json\" class=\"yoast-schema-graph\">{\"@context\":\"https:\/\/schema.org\",\"@graph\":[{\"@type\":\"Article\",\"@id\":\"https:\/\/www.oarcanjo.net\/site\/santa-adelaide-de-vilich\/#article\",\"isPartOf\":{\"@id\":\"https:\/\/www.oarcanjo.net\/site\/santa-adelaide-de-vilich\/\"},\"author\":{\"name\":\"danilo\",\"@id\":\"https:\/\/www.oarcanjo.net\/site\/#\/schema\/person\/5eb9480bedd2f3c97e430ce128c29c6c\"},\"headline\":\"Santa Adelaide de Vilich\",\"datePublished\":\"2017-02-05T02:01:16+00:00\",\"dateModified\":\"2016-12-27T08:26:47+00:00\",\"mainEntityOfPage\":{\"@id\":\"https:\/\/www.oarcanjo.net\/site\/santa-adelaide-de-vilich\/\"},\"wordCount\":347,\"commentCount\":1,\"publisher\":{\"@id\":\"https:\/\/www.oarcanjo.net\/site\/#organization\"},\"image\":{\"@id\":\"https:\/\/www.oarcanjo.net\/site\/santa-adelaide-de-vilich\/#primaryimage\"},\"thumbnailUrl\":\"http:\/\/1.bp.blogspot.com\/_5kAa5W5YTf4\/SYpNyLhYgtI\/AAAAAAAAC-4\/Q3dpybWY9aI\/s400\/05-Santa+Adelaide+de+Vilich.gif\",\"articleSection\":[\"Testemunhos\"],\"inLanguage\":\"pt-BR\",\"potentialAction\":[{\"@type\":\"CommentAction\",\"name\":\"Comment\",\"target\":[\"https:\/\/www.oarcanjo.net\/site\/santa-adelaide-de-vilich\/#respond\"]}]},{\"@type\":\"WebPage\",\"@id\":\"https:\/\/www.oarcanjo.net\/site\/santa-adelaide-de-vilich\/\",\"url\":\"https:\/\/www.oarcanjo.net\/site\/santa-adelaide-de-vilich\/\",\"name\":\"Santa Adelaide de Vilich - O Arcanjo no ar\",\"isPartOf\":{\"@id\":\"https:\/\/www.oarcanjo.net\/site\/#website\"},\"primaryImageOfPage\":{\"@id\":\"https:\/\/www.oarcanjo.net\/site\/santa-adelaide-de-vilich\/#primaryimage\"},\"image\":{\"@id\":\"https:\/\/www.oarcanjo.net\/site\/santa-adelaide-de-vilich\/#primaryimage\"},\"thumbnailUrl\":\"http:\/\/1.bp.blogspot.com\/_5kAa5W5YTf4\/SYpNyLhYgtI\/AAAAAAAAC-4\/Q3dpybWY9aI\/s400\/05-Santa+Adelaide+de+Vilich.gif\",\"datePublished\":\"2017-02-05T02:01:16+00:00\",\"dateModified\":\"2016-12-27T08:26:47+00:00\",\"breadcrumb\":{\"@id\":\"https:\/\/www.oarcanjo.net\/site\/santa-adelaide-de-vilich\/#breadcrumb\"},\"inLanguage\":\"pt-BR\",\"potentialAction\":[{\"@type\":\"ReadAction\",\"target\":[\"https:\/\/www.oarcanjo.net\/site\/santa-adelaide-de-vilich\/\"]}]},{\"@type\":\"ImageObject\",\"inLanguage\":\"pt-BR\",\"@id\":\"https:\/\/www.oarcanjo.net\/site\/santa-adelaide-de-vilich\/#primaryimage\",\"url\":\"http:\/\/1.bp.blogspot.com\/_5kAa5W5YTf4\/SYpNyLhYgtI\/AAAAAAAAC-4\/Q3dpybWY9aI\/s400\/05-Santa+Adelaide+de+Vilich.gif\",\"contentUrl\":\"http:\/\/1.bp.blogspot.com\/_5kAa5W5YTf4\/SYpNyLhYgtI\/AAAAAAAAC-4\/Q3dpybWY9aI\/s400\/05-Santa+Adelaide+de+Vilich.gif\"},{\"@type\":\"BreadcrumbList\",\"@id\":\"https:\/\/www.oarcanjo.net\/site\/santa-adelaide-de-vilich\/#breadcrumb\",\"itemListElement\":[{\"@type\":\"ListItem\",\"position\":1,\"name\":\"In\u00edcio\",\"item\":\"https:\/\/www.oarcanjo.net\/site\/\"},{\"@type\":\"ListItem\",\"position\":2,\"name\":\"Santa Adelaide de Vilich\"}]},{\"@type\":\"WebSite\",\"@id\":\"https:\/\/www.oarcanjo.net\/site\/#website\",\"url\":\"https:\/\/www.oarcanjo.net\/site\/\",\"name\":\"O Arcanjo no ar\",\"description\":\"Site da Par\u00f3quia S\u00e3o Miguel Arcanjo (Arquidiocese de SP)\",\"publisher\":{\"@id\":\"https:\/\/www.oarcanjo.net\/site\/#organization\"},\"potentialAction\":[{\"@type\":\"SearchAction\",\"target\":{\"@type\":\"EntryPoint\",\"urlTemplate\":\"https:\/\/www.oarcanjo.net\/site\/?s={search_term_string}\"},\"query-input\":{\"@type\":\"PropertyValueSpecification\",\"valueRequired\":true,\"valueName\":\"search_term_string\"}}],\"inLanguage\":\"pt-BR\"},{\"@type\":\"Organization\",\"@id\":\"https:\/\/www.oarcanjo.net\/site\/#organization\",\"name\":\"Par\u00f3quia S\u00e3o Miguel Arcanjo\",\"url\":\"https:\/\/www.oarcanjo.net\/site\/\",\"logo\":{\"@type\":\"ImageObject\",\"inLanguage\":\"pt-BR\",\"@id\":\"https:\/\/www.oarcanjo.net\/site\/#\/schema\/logo\/image\/\",\"url\":\"https:\/\/www.oarcanjo.net\/site\/wp-content\/uploads\/LogoOArcanjo.png\",\"contentUrl\":\"https:\/\/www.oarcanjo.net\/site\/wp-content\/uploads\/LogoOArcanjo.png\",\"width\":319,\"height\":99,\"caption\":\"Par\u00f3quia S\u00e3o Miguel Arcanjo\"},\"image\":{\"@id\":\"https:\/\/www.oarcanjo.net\/site\/#\/schema\/logo\/image\/\"},\"sameAs\":[\"https:\/\/www.facebook.com\/OArcanjoNoAr\/\"]},{\"@type\":\"Person\",\"@id\":\"https:\/\/www.oarcanjo.net\/site\/#\/schema\/person\/5eb9480bedd2f3c97e430ce128c29c6c\",\"name\":\"danilo\"}]}<\/script>\n<!-- \/ Yoast SEO plugin. -->","yoast_head_json":{"title":"Santa Adelaide de Vilich - O Arcanjo no ar","robots":{"index":"index","follow":"follow","max-snippet":"max-snippet:-1","max-image-preview":"max-image-preview:large","max-video-preview":"max-video-preview:-1"},"canonical":"https:\/\/www.oarcanjo.net\/site\/santa-adelaide-de-vilich\/","og_locale":"pt_BR","og_type":"article","og_title":"Santa Adelaide de Vilich - O Arcanjo no ar","og_description":"5 de Fevereiro Adelaide nasceu no ano 960 era filha dos c\u00e9lebres condes de Geldern, na Alemanha. Seus pais, muito religiosos, tiveram mais duas filhas e um filho. Uma das suas irm\u00e3s entrou para o convento de Santa Maria, em Col\u00f4nia, e Adelaide foi para o de Santa \u00darsula, tamb\u00e9m na mesma cidade. Ambas foram [&hellip;]","og_url":"https:\/\/www.oarcanjo.net\/site\/santa-adelaide-de-vilich\/","og_site_name":"O Arcanjo no ar","article_publisher":"https:\/\/www.facebook.com\/OArcanjoNoAr\/","article_published_time":"2017-02-05T02:01:16+00:00","article_modified_time":"2016-12-27T08:26:47+00:00","og_image":[{"url":"http:\/\/1.bp.blogspot.com\/_5kAa5W5YTf4\/SYpNyLhYgtI\/AAAAAAAAC-4\/Q3dpybWY9aI\/s400\/05-Santa+Adelaide+de+Vilich.gif"}],"author":"danilo","twitter_card":"summary_large_image","twitter_misc":{"Escrito por":"danilo","Est. tempo de leitura":"2 minutos"},"schema":{"@context":"https:\/\/schema.org","@graph":[{"@type":"Article","@id":"https:\/\/www.oarcanjo.net\/site\/santa-adelaide-de-vilich\/#article","isPartOf":{"@id":"https:\/\/www.oarcanjo.net\/site\/santa-adelaide-de-vilich\/"},"author":{"name":"danilo","@id":"https:\/\/www.oarcanjo.net\/site\/#\/schema\/person\/5eb9480bedd2f3c97e430ce128c29c6c"},"headline":"Santa Adelaide de Vilich","datePublished":"2017-02-05T02:01:16+00:00","dateModified":"2016-12-27T08:26:47+00:00","mainEntityOfPage":{"@id":"https:\/\/www.oarcanjo.net\/site\/santa-adelaide-de-vilich\/"},"wordCount":347,"commentCount":1,"publisher":{"@id":"https:\/\/www.oarcanjo.net\/site\/#organization"},"image":{"@id":"https:\/\/www.oarcanjo.net\/site\/santa-adelaide-de-vilich\/#primaryimage"},"thumbnailUrl":"http:\/\/1.bp.blogspot.com\/_5kAa5W5YTf4\/SYpNyLhYgtI\/AAAAAAAAC-4\/Q3dpybWY9aI\/s400\/05-Santa+Adelaide+de+Vilich.gif","articleSection":["Testemunhos"],"inLanguage":"pt-BR","potentialAction":[{"@type":"CommentAction","name":"Comment","target":["https:\/\/www.oarcanjo.net\/site\/santa-adelaide-de-vilich\/#respond"]}]},{"@type":"WebPage","@id":"https:\/\/www.oarcanjo.net\/site\/santa-adelaide-de-vilich\/","url":"https:\/\/www.oarcanjo.net\/site\/santa-adelaide-de-vilich\/","name":"Santa Adelaide de Vilich - O Arcanjo no ar","isPartOf":{"@id":"https:\/\/www.oarcanjo.net\/site\/#website"},"primaryImageOfPage":{"@id":"https:\/\/www.oarcanjo.net\/site\/santa-adelaide-de-vilich\/#primaryimage"},"image":{"@id":"https:\/\/www.oarcanjo.net\/site\/santa-adelaide-de-vilich\/#primaryimage"},"thumbnailUrl":"http:\/\/1.bp.blogspot.com\/_5kAa5W5YTf4\/SYpNyLhYgtI\/AAAAAAAAC-4\/Q3dpybWY9aI\/s400\/05-Santa+Adelaide+de+Vilich.gif","datePublished":"2017-02-05T02:01:16+00:00","dateModified":"2016-12-27T08:26:47+00:00","breadcrumb":{"@id":"https:\/\/www.oarcanjo.net\/site\/santa-adelaide-de-vilich\/#breadcrumb"},"inLanguage":"pt-BR","potentialAction":[{"@type":"ReadAction","target":["https:\/\/www.oarcanjo.net\/site\/santa-adelaide-de-vilich\/"]}]},{"@type":"ImageObject","inLanguage":"pt-BR","@id":"https:\/\/www.oarcanjo.net\/site\/santa-adelaide-de-vilich\/#primaryimage","url":"http:\/\/1.bp.blogspot.com\/_5kAa5W5YTf4\/SYpNyLhYgtI\/AAAAAAAAC-4\/Q3dpybWY9aI\/s400\/05-Santa+Adelaide+de+Vilich.gif","contentUrl":"http:\/\/1.bp.blogspot.com\/_5kAa5W5YTf4\/SYpNyLhYgtI\/AAAAAAAAC-4\/Q3dpybWY9aI\/s400\/05-Santa+Adelaide+de+Vilich.gif"},{"@type":"BreadcrumbList","@id":"https:\/\/www.oarcanjo.net\/site\/santa-adelaide-de-vilich\/#breadcrumb","itemListElement":[{"@type":"ListItem","position":1,"name":"In\u00edcio","item":"https:\/\/www.oarcanjo.net\/site\/"},{"@type":"ListItem","position":2,"name":"Santa Adelaide de Vilich"}]},{"@type":"WebSite","@id":"https:\/\/www.oarcanjo.net\/site\/#website","url":"https:\/\/www.oarcanjo.net\/site\/","name":"O Arcanjo no ar","description":"Site da Par\u00f3quia S\u00e3o Miguel Arcanjo (Arquidiocese de SP)","publisher":{"@id":"https:\/\/www.oarcanjo.net\/site\/#organization"},"potentialAction":[{"@type":"SearchAction","target":{"@type":"EntryPoint","urlTemplate":"https:\/\/www.oarcanjo.net\/site\/?s={search_term_string}"},"query-input":{"@type":"PropertyValueSpecification","valueRequired":true,"valueName":"search_term_string"}}],"inLanguage":"pt-BR"},{"@type":"Organization","@id":"https:\/\/www.oarcanjo.net\/site\/#organization","name":"Par\u00f3quia S\u00e3o Miguel Arcanjo","url":"https:\/\/www.oarcanjo.net\/site\/","logo":{"@type":"ImageObject","inLanguage":"pt-BR","@id":"https:\/\/www.oarcanjo.net\/site\/#\/schema\/logo\/image\/","url":"https:\/\/www.oarcanjo.net\/site\/wp-content\/uploads\/LogoOArcanjo.png","contentUrl":"https:\/\/www.oarcanjo.net\/site\/wp-content\/uploads\/LogoOArcanjo.png","width":319,"height":99,"caption":"Par\u00f3quia S\u00e3o Miguel Arcanjo"},"image":{"@id":"https:\/\/www.oarcanjo.net\/site\/#\/schema\/logo\/image\/"},"sameAs":["https:\/\/www.facebook.com\/OArcanjoNoAr\/"]},{"@type":"Person","@id":"https:\/\/www.oarcanjo.net\/site\/#\/schema\/person\/5eb9480bedd2f3c97e430ce128c29c6c","name":"danilo"}]}},"publishpress_future_action":{"enabled":false,"date":"2026-05-09 03:58:38","action":"category","newStatus":"draft","terms":[],"taxonomy":"category"},"publishpress_future_workflow_manual_trigger":{"enabledWorkflows":[]},"_links":{"self":[{"href":"https:\/\/www.oarcanjo.net\/site\/wp-json\/wp\/v2\/posts\/7603"}],"collection":[{"href":"https:\/\/www.oarcanjo.net\/site\/wp-json\/wp\/v2\/posts"}],"about":[{"href":"https:\/\/www.oarcanjo.net\/site\/wp-json\/wp\/v2\/types\/post"}],"author":[{"embeddable":true,"href":"https:\/\/www.oarcanjo.net\/site\/wp-json\/wp\/v2\/users\/14"}],"replies":[{"embeddable":true,"href":"https:\/\/www.oarcanjo.net\/site\/wp-json\/wp\/v2\/comments?post=7603"}],"version-history":[{"count":0,"href":"https:\/\/www.oarcanjo.net\/site\/wp-json\/wp\/v2\/posts\/7603\/revisions"}],"wp:attachment":[{"href":"https:\/\/www.oarcanjo.net\/site\/wp-json\/wp\/v2\/media?parent=7603"}],"wp:term":[{"taxonomy":"category","embeddable":true,"href":"https:\/\/www.oarcanjo.net\/site\/wp-json\/wp\/v2\/categories?post=7603"},{"taxonomy":"post_tag","embeddable":true,"href":"https:\/\/www.oarcanjo.net\/site\/wp-json\/wp\/v2\/tags?post=7603"}],"curies":[{"name":"wp","href":"https:\/\/api.w.org\/{rel}","templated":true}]}}