
{"id":7605,"date":"2017-02-05T00:23:26","date_gmt":"2017-02-05T02:23:26","guid":{"rendered":"http:\/\/www.oarcanjo.net\/site\/?p=7605"},"modified":"2016-12-27T06:26:58","modified_gmt":"2016-12-27T08:26:58","slug":"santa-agueda-agata","status":"publish","type":"post","link":"https:\/\/www.oarcanjo.net\/site\/santa-agueda-agata\/","title":{"rendered":"Santa \u00c1gueda (\u00c1gata)"},"content":{"rendered":"<p><img loading=\"lazy\" decoding=\"async\" src=\"http:\/\/www.zecaparica.com.br\/efemerides\/efemeride05fev2009_arquivos\/image005.gif\" alt=\"\" width=\"150\" height=\"190\" \/><\/p>\n<p>5 de Fevereiro<\/p>\n<p>Santa \u00c1gueda nasceu em Cat\u00e2nia (Sic\u00edlia), <strong>no seio de uma fam\u00edlia nobre<\/strong>. Evangelizada ainda <strong>crian\u00e7a<\/strong>, apaixonou-se por Cristo e seu ideal de pureza, dedicando-se a Ele como <strong>esposa<\/strong>.<\/p>\n<p>Com toda sua <strong>beleza e riqueza<\/strong>, acabou atraindo o <strong>C\u00f4nsul Quinciano<\/strong>, que desejou despos\u00e1-la. Mas \u00c1gueda j\u00e1 havia consagrado a sua vida ao seu esposo celeste, que a atraiu primeiro. Quinciano, inconformado, primeiro buscou a ajuda da feiticeira Afrod\u00edsia, que se deu por vencida diante da f\u00e9 e da pureza de \u00c1gueda, depois, <strong>mandou prend\u00ea-la na Sic\u00edlia<\/strong>, onde sofreria grandes torturas.<\/p>\n<p>Vejamos um trecho do <strong>interrogat\u00f3rio<\/strong> feito por Quinciano, descrito nas Atas do seu mart\u00edrio:<\/p>\n<p>&#8211; Qual \u00e9 a tua condi\u00e7\u00e3o? Perguntou-lhe Quinciano.<br \/>\n&#8211; Sou de condi\u00e7\u00e3o livre e de nobre nascimento, e disso ofere\u00e7o testemunho toda a minha linhagem.<br \/>\n&#8211; Se \u00e9s nobre e de ilustre fam\u00edlia, por que te entregas \u00e0 vida dos escravos?<br \/>\n&#8211; Sou serva de Cristo e por isso de condi\u00e7\u00e3o servil.<br \/>\n&#8211; Se na realidade fosses nobre, envergonhar-te-ias de falar dessa maneira.<\/p>\n<p>Perseverante na condi\u00e7\u00e3o de crist\u00e3, foi esbofeteada e encerrada num funesto calabou\u00e7o.<\/p>\n<p>&#8211; Que resolveste a prop\u00f3sito da tua salva\u00e7\u00e3o? Perguntou-lhe o juiz.<br \/>\n&#8211; A minha salva\u00e7\u00e3o \u00e9 Cristo.<br \/>\n&#8211; Insensata, pensa de novo, renega a Cristo e comigo partilhar\u00e1s honras e riquezas.<br \/>\n&#8211; \u00c9s tu que deves renegar os teus deuses de pedra e de madeira, se queres libertar-te da morte eterna.<br \/>\n&#8211; Muda de resolu\u00e7\u00e3o e farei cessar imediatamente o supl\u00edcio.<\/p>\n<p>Como n\u00e3o renegou a f\u00e9, foi submetida a torturas, aplicaram-lhe <strong>l\u00e2minas de ferro e cortaram-lhe os seios<\/strong>, ocasi\u00e3o em que ela teria dito: \u201cTirano cruel, n\u00e3o se envergonha de danificar numa mulher aqueles seios dos quais quando menino tirou o sustento para a vida?\u201d<\/p>\n<p>Segundo as Atas, ainda encerrada na pris\u00e3o, teve uma visita do <strong>anjo do Senho<\/strong>r, que a <strong>curou imediatamente<\/strong>. No outro dia foi apresentada a Quinciano, que determinou que a arrastassem sobre um pavimento semeado de <strong>vidros e carv\u00f5es acesos<\/strong>. Houve grande tremor de terra e morreu na pris\u00e3o de joelhos em ora\u00e7\u00e3o.<\/p>\n<p>Um hino falsamente atribu\u00eddo a S. D\u00e2maso, de autor posterior ao ilustre Papa ib\u00e9rico, recolhe com devo\u00e7\u00e3o e arte as gl\u00f3rias da virgem siciliana:<\/p>\n<p>\u201cHoje brilha o dia de \u00c1gueda, ilustre virgem;<br \/>\nCristo une-a consigo e coroa-a com duplo diadema.<br \/>\nDe ilustre pros\u00e1pia, formosa e bela;<br \/>\nMais ilustre, por\u00e9m, pelas obras e pela f\u00e9, reconhece a vaidade da prosperidade terrena e sujeita o cora\u00e7\u00e3o aos divinos preceitos.<br \/>\nBastante mais forte que os seus cru\u00e9is verdugos, exp\u00f4s os membros<br \/>\naos a\u00e7oites.<br \/>\nA fortaleza do seu cora\u00e7\u00e3o mostra-a claramente o seu peito torturado.<br \/>\nAo c\u00e1rcere, que se converteu em delicioso para\u00edso, desce o pastor Pedro para confortar a sua ovelhinha.<br \/>\nRecobrando novo alento e acesa em novo zelo, alegre corre para<br \/>\nos a\u00e7oites.<br \/>\nA multid\u00e3o pag\u00e3 que foge amedrontada, diante do fogo do Etna, recebe as consola\u00e7\u00f5es de \u00c1gueda.<br \/>\nA todos os que recorrem fi\u00e9is \u00e0 sua prote\u00e7\u00e3o extingue-lhes \u00c1gueda os ardores da concupisc\u00eancia.<br \/>\nAgora que ela, como esposa, resplandece no c\u00e9u, interceda perante o Senhor por n\u00f3s miser\u00e1veis.<br \/>\nE queira, sim, enquanto n\u00f3s lhe celebramos a festa, ser-nos prop\u00edcia a todos quantos deferimos as suas gl\u00f3rias\u201d.<\/p>\n<p>O <strong>mart\u00edrio de \u00c1gueda<\/strong> aconteceu durante o imp\u00e9rio de D\u00e9cio, no seu terceiro <strong>consulado<\/strong>, no ano de 251.<\/p>\n<p>O povo costuma pedir a sua intercess\u00e3o para proteg\u00ea-lo contra a lava do vulc\u00e3o Etna. Segundo contam, ela parou as <strong>lavas do vulc\u00e3o<\/strong> depois do seu mart\u00edrio.<\/p>\n<p>Observando esse exemplo de fidelidade at\u00e9 o mart\u00edrio, devemos pedir sua intercess\u00e3o para os tempos de hoje, quando \u00e9 propagada uma cultura do prazer, e a consci\u00eancia de que somos templos do Esp\u00edrito Santo, casa de Deus, pois fomos regenerados pelo sangue do Cordeiro, portanto, o nosso corpo foi santificado.<\/p>\n<p>N\u00f3s, crist\u00e3os batizados, somos chamados a guardar a castidade, independente do nosso estado de vida. E Santa \u00c1gueda foi fiel ao seu prop\u00f3sito diante de Deus de permanecer virgem e pura, sem macular pelo pecado o seu corpo. Com certeza, a sua experi\u00eancia com o amor de Deus foi t\u00e3o profunda que resoluta decidiu-se a n\u00e3o dividir o seu cora\u00e7\u00e3o com nenhum outro amor a n\u00e3o ser o dele.<\/p>\n<p>Se n\u00e3o buscarmos uma experi\u00eancia com o amor de Deus, que invade as nossas vidas e nos transforma, n\u00e3o teremos for\u00e7a para sermos fi\u00e9is at\u00e9 o fim, fraquejaremos diante das sedu\u00e7\u00f5es que o mundo nos apresenta. Por\u00e9m, se experimentamos esse amor, na ora\u00e7\u00e3o e no dia-a-dia, certamente seremos fi\u00e9is como foi Santa \u00c1gueda.<\/p>\n<p>A Igreja de hoje precisa de <strong>homens e de mulheres<\/strong> que busquem e testemunhem <strong>o ideal da pureza<\/strong> como essa Santa o viveu.<\/p>\n<p><strong>AS REL\u00cdQUIAS<\/strong><\/p>\n<p>As rel\u00edquias da santa foram levadas a Constantinopla em 1040 por um general bizantino; em 1126 dois soldados (talvez franceses), Giliberto e Goselino, furtaram os restos mortais de \u00c1gueda, que foram entregue ao bispo Maur\u00edcio no Castelo de Aci.<\/p>\n<p>Em 17 de agosto de 1126, as rel\u00edquias voltaram ao duomo de Cat\u00e2nia, onde at\u00e9 hoje permanecem em nove relic\u00e1rios: cabe\u00e7a e busto, m\u00e3os, bra\u00e7os, p\u00e9s e pernas, as mamas e o Santo V\u00e9u.<\/p>\n<p><img loading=\"lazy\" decoding=\"async\" src=\"http:\/\/www6.worldisround.com\/photos\/25\/8\/20.jpg\" alt=\"Duomo Sant Agata- Catania\" width=\"600\" height=\"449\" \/><\/p>\n<h4>Duomo Sant Agata- Catania<\/h4>\n<div id=\"themify_builder_content-7605\" data-postid=\"7605\" class=\"themify_builder_content themify_builder_content-7605 themify_builder themify_builder_front\">\n\t<\/div>\n<!-- \/themify_builder_content -->","protected":false},"excerpt":{"rendered":"<p>5 de Fevereiro Santa \u00c1gueda nasceu em Cat\u00e2nia (Sic\u00edlia), no seio de uma fam\u00edlia nobre. Evangelizada ainda crian\u00e7a, apaixonou-se por Cristo e seu ideal de pureza, dedicando-se a Ele como esposa. Com toda sua beleza e riqueza, acabou atraindo o C\u00f4nsul Quinciano, que desejou despos\u00e1-la. Mas \u00c1gueda j\u00e1 havia consagrado a sua vida ao seu [&hellip;]<\/p>\n","protected":false},"author":14,"featured_media":0,"comment_status":"open","ping_status":"open","sticky":false,"template":"","format":"standard","meta":{"ngg_post_thumbnail":0,"footnotes":""},"categories":[186],"tags":[],"yoast_head":"<!-- This site is optimized with the Yoast SEO plugin v23.5 - https:\/\/yoast.com\/wordpress\/plugins\/seo\/ -->\n<title>Santa \u00c1gueda (\u00c1gata) - O Arcanjo no ar<\/title>\n<meta name=\"robots\" content=\"index, follow, max-snippet:-1, max-image-preview:large, max-video-preview:-1\" \/>\n<link rel=\"canonical\" href=\"https:\/\/www.oarcanjo.net\/site\/santa-agueda-agata\/\" \/>\n<meta property=\"og:locale\" content=\"pt_BR\" \/>\n<meta property=\"og:type\" content=\"article\" \/>\n<meta property=\"og:title\" content=\"Santa \u00c1gueda (\u00c1gata) - O Arcanjo no ar\" \/>\n<meta property=\"og:description\" content=\"5 de Fevereiro Santa \u00c1gueda nasceu em Cat\u00e2nia (Sic\u00edlia), no seio de uma fam\u00edlia nobre. Evangelizada ainda crian\u00e7a, apaixonou-se por Cristo e seu ideal de pureza, dedicando-se a Ele como esposa. Com toda sua beleza e riqueza, acabou atraindo o C\u00f4nsul Quinciano, que desejou despos\u00e1-la. Mas \u00c1gueda j\u00e1 havia consagrado a sua vida ao seu [&hellip;]\" \/>\n<meta property=\"og:url\" content=\"https:\/\/www.oarcanjo.net\/site\/santa-agueda-agata\/\" \/>\n<meta property=\"og:site_name\" content=\"O Arcanjo no ar\" \/>\n<meta property=\"article:publisher\" content=\"https:\/\/www.facebook.com\/OArcanjoNoAr\/\" \/>\n<meta property=\"article:published_time\" content=\"2017-02-05T02:23:26+00:00\" \/>\n<meta property=\"article:modified_time\" content=\"2016-12-27T08:26:58+00:00\" \/>\n<meta property=\"og:image\" content=\"http:\/\/www.zecaparica.com.br\/efemerides\/efemeride05fev2009_arquivos\/image005.gif\" \/>\n<meta name=\"author\" content=\"danilo\" \/>\n<meta name=\"twitter:card\" content=\"summary_large_image\" \/>\n<meta name=\"twitter:label1\" content=\"Escrito por\" \/>\n\t<meta name=\"twitter:data1\" content=\"danilo\" \/>\n\t<meta name=\"twitter:label2\" content=\"Est. tempo de leitura\" \/>\n\t<meta name=\"twitter:data2\" content=\"5 minutos\" \/>\n<script type=\"application\/ld+json\" class=\"yoast-schema-graph\">{\"@context\":\"https:\/\/schema.org\",\"@graph\":[{\"@type\":\"Article\",\"@id\":\"https:\/\/www.oarcanjo.net\/site\/santa-agueda-agata\/#article\",\"isPartOf\":{\"@id\":\"https:\/\/www.oarcanjo.net\/site\/santa-agueda-agata\/\"},\"author\":{\"name\":\"danilo\",\"@id\":\"https:\/\/www.oarcanjo.net\/site\/#\/schema\/person\/5eb9480bedd2f3c97e430ce128c29c6c\"},\"headline\":\"Santa \u00c1gueda (\u00c1gata)\",\"datePublished\":\"2017-02-05T02:23:26+00:00\",\"dateModified\":\"2016-12-27T08:26:58+00:00\",\"mainEntityOfPage\":{\"@id\":\"https:\/\/www.oarcanjo.net\/site\/santa-agueda-agata\/\"},\"wordCount\":932,\"commentCount\":1,\"publisher\":{\"@id\":\"https:\/\/www.oarcanjo.net\/site\/#organization\"},\"image\":{\"@id\":\"https:\/\/www.oarcanjo.net\/site\/santa-agueda-agata\/#primaryimage\"},\"thumbnailUrl\":\"http:\/\/www.zecaparica.com.br\/efemerides\/efemeride05fev2009_arquivos\/image005.gif\",\"articleSection\":[\"Testemunhos\"],\"inLanguage\":\"pt-BR\",\"potentialAction\":[{\"@type\":\"CommentAction\",\"name\":\"Comment\",\"target\":[\"https:\/\/www.oarcanjo.net\/site\/santa-agueda-agata\/#respond\"]}]},{\"@type\":\"WebPage\",\"@id\":\"https:\/\/www.oarcanjo.net\/site\/santa-agueda-agata\/\",\"url\":\"https:\/\/www.oarcanjo.net\/site\/santa-agueda-agata\/\",\"name\":\"Santa \u00c1gueda (\u00c1gata) - O Arcanjo no ar\",\"isPartOf\":{\"@id\":\"https:\/\/www.oarcanjo.net\/site\/#website\"},\"primaryImageOfPage\":{\"@id\":\"https:\/\/www.oarcanjo.net\/site\/santa-agueda-agata\/#primaryimage\"},\"image\":{\"@id\":\"https:\/\/www.oarcanjo.net\/site\/santa-agueda-agata\/#primaryimage\"},\"thumbnailUrl\":\"http:\/\/www.zecaparica.com.br\/efemerides\/efemeride05fev2009_arquivos\/image005.gif\",\"datePublished\":\"2017-02-05T02:23:26+00:00\",\"dateModified\":\"2016-12-27T08:26:58+00:00\",\"breadcrumb\":{\"@id\":\"https:\/\/www.oarcanjo.net\/site\/santa-agueda-agata\/#breadcrumb\"},\"inLanguage\":\"pt-BR\",\"potentialAction\":[{\"@type\":\"ReadAction\",\"target\":[\"https:\/\/www.oarcanjo.net\/site\/santa-agueda-agata\/\"]}]},{\"@type\":\"ImageObject\",\"inLanguage\":\"pt-BR\",\"@id\":\"https:\/\/www.oarcanjo.net\/site\/santa-agueda-agata\/#primaryimage\",\"url\":\"http:\/\/www.zecaparica.com.br\/efemerides\/efemeride05fev2009_arquivos\/image005.gif\",\"contentUrl\":\"http:\/\/www.zecaparica.com.br\/efemerides\/efemeride05fev2009_arquivos\/image005.gif\"},{\"@type\":\"BreadcrumbList\",\"@id\":\"https:\/\/www.oarcanjo.net\/site\/santa-agueda-agata\/#breadcrumb\",\"itemListElement\":[{\"@type\":\"ListItem\",\"position\":1,\"name\":\"In\u00edcio\",\"item\":\"https:\/\/www.oarcanjo.net\/site\/\"},{\"@type\":\"ListItem\",\"position\":2,\"name\":\"Santa \u00c1gueda (\u00c1gata)\"}]},{\"@type\":\"WebSite\",\"@id\":\"https:\/\/www.oarcanjo.net\/site\/#website\",\"url\":\"https:\/\/www.oarcanjo.net\/site\/\",\"name\":\"O Arcanjo no ar\",\"description\":\"Site da Par\u00f3quia S\u00e3o Miguel Arcanjo (Arquidiocese de SP)\",\"publisher\":{\"@id\":\"https:\/\/www.oarcanjo.net\/site\/#organization\"},\"potentialAction\":[{\"@type\":\"SearchAction\",\"target\":{\"@type\":\"EntryPoint\",\"urlTemplate\":\"https:\/\/www.oarcanjo.net\/site\/?s={search_term_string}\"},\"query-input\":{\"@type\":\"PropertyValueSpecification\",\"valueRequired\":true,\"valueName\":\"search_term_string\"}}],\"inLanguage\":\"pt-BR\"},{\"@type\":\"Organization\",\"@id\":\"https:\/\/www.oarcanjo.net\/site\/#organization\",\"name\":\"Par\u00f3quia S\u00e3o Miguel Arcanjo\",\"url\":\"https:\/\/www.oarcanjo.net\/site\/\",\"logo\":{\"@type\":\"ImageObject\",\"inLanguage\":\"pt-BR\",\"@id\":\"https:\/\/www.oarcanjo.net\/site\/#\/schema\/logo\/image\/\",\"url\":\"https:\/\/www.oarcanjo.net\/site\/wp-content\/uploads\/LogoOArcanjo.png\",\"contentUrl\":\"https:\/\/www.oarcanjo.net\/site\/wp-content\/uploads\/LogoOArcanjo.png\",\"width\":319,\"height\":99,\"caption\":\"Par\u00f3quia S\u00e3o Miguel Arcanjo\"},\"image\":{\"@id\":\"https:\/\/www.oarcanjo.net\/site\/#\/schema\/logo\/image\/\"},\"sameAs\":[\"https:\/\/www.facebook.com\/OArcanjoNoAr\/\"]},{\"@type\":\"Person\",\"@id\":\"https:\/\/www.oarcanjo.net\/site\/#\/schema\/person\/5eb9480bedd2f3c97e430ce128c29c6c\",\"name\":\"danilo\"}]}<\/script>\n<!-- \/ Yoast SEO plugin. -->","yoast_head_json":{"title":"Santa \u00c1gueda (\u00c1gata) - O Arcanjo no ar","robots":{"index":"index","follow":"follow","max-snippet":"max-snippet:-1","max-image-preview":"max-image-preview:large","max-video-preview":"max-video-preview:-1"},"canonical":"https:\/\/www.oarcanjo.net\/site\/santa-agueda-agata\/","og_locale":"pt_BR","og_type":"article","og_title":"Santa \u00c1gueda (\u00c1gata) - O Arcanjo no ar","og_description":"5 de Fevereiro Santa \u00c1gueda nasceu em Cat\u00e2nia (Sic\u00edlia), no seio de uma fam\u00edlia nobre. Evangelizada ainda crian\u00e7a, apaixonou-se por Cristo e seu ideal de pureza, dedicando-se a Ele como esposa. Com toda sua beleza e riqueza, acabou atraindo o C\u00f4nsul Quinciano, que desejou despos\u00e1-la. Mas \u00c1gueda j\u00e1 havia consagrado a sua vida ao seu [&hellip;]","og_url":"https:\/\/www.oarcanjo.net\/site\/santa-agueda-agata\/","og_site_name":"O Arcanjo no ar","article_publisher":"https:\/\/www.facebook.com\/OArcanjoNoAr\/","article_published_time":"2017-02-05T02:23:26+00:00","article_modified_time":"2016-12-27T08:26:58+00:00","og_image":[{"url":"http:\/\/www.zecaparica.com.br\/efemerides\/efemeride05fev2009_arquivos\/image005.gif"}],"author":"danilo","twitter_card":"summary_large_image","twitter_misc":{"Escrito por":"danilo","Est. tempo de leitura":"5 minutos"},"schema":{"@context":"https:\/\/schema.org","@graph":[{"@type":"Article","@id":"https:\/\/www.oarcanjo.net\/site\/santa-agueda-agata\/#article","isPartOf":{"@id":"https:\/\/www.oarcanjo.net\/site\/santa-agueda-agata\/"},"author":{"name":"danilo","@id":"https:\/\/www.oarcanjo.net\/site\/#\/schema\/person\/5eb9480bedd2f3c97e430ce128c29c6c"},"headline":"Santa \u00c1gueda (\u00c1gata)","datePublished":"2017-02-05T02:23:26+00:00","dateModified":"2016-12-27T08:26:58+00:00","mainEntityOfPage":{"@id":"https:\/\/www.oarcanjo.net\/site\/santa-agueda-agata\/"},"wordCount":932,"commentCount":1,"publisher":{"@id":"https:\/\/www.oarcanjo.net\/site\/#organization"},"image":{"@id":"https:\/\/www.oarcanjo.net\/site\/santa-agueda-agata\/#primaryimage"},"thumbnailUrl":"http:\/\/www.zecaparica.com.br\/efemerides\/efemeride05fev2009_arquivos\/image005.gif","articleSection":["Testemunhos"],"inLanguage":"pt-BR","potentialAction":[{"@type":"CommentAction","name":"Comment","target":["https:\/\/www.oarcanjo.net\/site\/santa-agueda-agata\/#respond"]}]},{"@type":"WebPage","@id":"https:\/\/www.oarcanjo.net\/site\/santa-agueda-agata\/","url":"https:\/\/www.oarcanjo.net\/site\/santa-agueda-agata\/","name":"Santa \u00c1gueda (\u00c1gata) - O Arcanjo no ar","isPartOf":{"@id":"https:\/\/www.oarcanjo.net\/site\/#website"},"primaryImageOfPage":{"@id":"https:\/\/www.oarcanjo.net\/site\/santa-agueda-agata\/#primaryimage"},"image":{"@id":"https:\/\/www.oarcanjo.net\/site\/santa-agueda-agata\/#primaryimage"},"thumbnailUrl":"http:\/\/www.zecaparica.com.br\/efemerides\/efemeride05fev2009_arquivos\/image005.gif","datePublished":"2017-02-05T02:23:26+00:00","dateModified":"2016-12-27T08:26:58+00:00","breadcrumb":{"@id":"https:\/\/www.oarcanjo.net\/site\/santa-agueda-agata\/#breadcrumb"},"inLanguage":"pt-BR","potentialAction":[{"@type":"ReadAction","target":["https:\/\/www.oarcanjo.net\/site\/santa-agueda-agata\/"]}]},{"@type":"ImageObject","inLanguage":"pt-BR","@id":"https:\/\/www.oarcanjo.net\/site\/santa-agueda-agata\/#primaryimage","url":"http:\/\/www.zecaparica.com.br\/efemerides\/efemeride05fev2009_arquivos\/image005.gif","contentUrl":"http:\/\/www.zecaparica.com.br\/efemerides\/efemeride05fev2009_arquivos\/image005.gif"},{"@type":"BreadcrumbList","@id":"https:\/\/www.oarcanjo.net\/site\/santa-agueda-agata\/#breadcrumb","itemListElement":[{"@type":"ListItem","position":1,"name":"In\u00edcio","item":"https:\/\/www.oarcanjo.net\/site\/"},{"@type":"ListItem","position":2,"name":"Santa \u00c1gueda (\u00c1gata)"}]},{"@type":"WebSite","@id":"https:\/\/www.oarcanjo.net\/site\/#website","url":"https:\/\/www.oarcanjo.net\/site\/","name":"O Arcanjo no ar","description":"Site da Par\u00f3quia S\u00e3o Miguel Arcanjo (Arquidiocese de SP)","publisher":{"@id":"https:\/\/www.oarcanjo.net\/site\/#organization"},"potentialAction":[{"@type":"SearchAction","target":{"@type":"EntryPoint","urlTemplate":"https:\/\/www.oarcanjo.net\/site\/?s={search_term_string}"},"query-input":{"@type":"PropertyValueSpecification","valueRequired":true,"valueName":"search_term_string"}}],"inLanguage":"pt-BR"},{"@type":"Organization","@id":"https:\/\/www.oarcanjo.net\/site\/#organization","name":"Par\u00f3quia S\u00e3o Miguel Arcanjo","url":"https:\/\/www.oarcanjo.net\/site\/","logo":{"@type":"ImageObject","inLanguage":"pt-BR","@id":"https:\/\/www.oarcanjo.net\/site\/#\/schema\/logo\/image\/","url":"https:\/\/www.oarcanjo.net\/site\/wp-content\/uploads\/LogoOArcanjo.png","contentUrl":"https:\/\/www.oarcanjo.net\/site\/wp-content\/uploads\/LogoOArcanjo.png","width":319,"height":99,"caption":"Par\u00f3quia S\u00e3o Miguel Arcanjo"},"image":{"@id":"https:\/\/www.oarcanjo.net\/site\/#\/schema\/logo\/image\/"},"sameAs":["https:\/\/www.facebook.com\/OArcanjoNoAr\/"]},{"@type":"Person","@id":"https:\/\/www.oarcanjo.net\/site\/#\/schema\/person\/5eb9480bedd2f3c97e430ce128c29c6c","name":"danilo"}]}},"publishpress_future_action":{"enabled":false,"date":"2026-05-09 03:59:47","action":"category","newStatus":"draft","terms":[],"taxonomy":"category"},"publishpress_future_workflow_manual_trigger":{"enabledWorkflows":[]},"_links":{"self":[{"href":"https:\/\/www.oarcanjo.net\/site\/wp-json\/wp\/v2\/posts\/7605"}],"collection":[{"href":"https:\/\/www.oarcanjo.net\/site\/wp-json\/wp\/v2\/posts"}],"about":[{"href":"https:\/\/www.oarcanjo.net\/site\/wp-json\/wp\/v2\/types\/post"}],"author":[{"embeddable":true,"href":"https:\/\/www.oarcanjo.net\/site\/wp-json\/wp\/v2\/users\/14"}],"replies":[{"embeddable":true,"href":"https:\/\/www.oarcanjo.net\/site\/wp-json\/wp\/v2\/comments?post=7605"}],"version-history":[{"count":0,"href":"https:\/\/www.oarcanjo.net\/site\/wp-json\/wp\/v2\/posts\/7605\/revisions"}],"wp:attachment":[{"href":"https:\/\/www.oarcanjo.net\/site\/wp-json\/wp\/v2\/media?parent=7605"}],"wp:term":[{"taxonomy":"category","embeddable":true,"href":"https:\/\/www.oarcanjo.net\/site\/wp-json\/wp\/v2\/categories?post=7605"},{"taxonomy":"post_tag","embeddable":true,"href":"https:\/\/www.oarcanjo.net\/site\/wp-json\/wp\/v2\/tags?post=7605"}],"curies":[{"name":"wp","href":"https:\/\/api.w.org\/{rel}","templated":true}]}}