
{"id":7612,"date":"2017-02-06T00:46:38","date_gmt":"2017-02-06T02:46:38","guid":{"rendered":"http:\/\/www.oarcanjo.net\/site\/?p=7612"},"modified":"2016-12-27T06:31:11","modified_gmt":"2016-12-27T08:31:11","slug":"bem-aventurado-afonso-maria-fusco","status":"publish","type":"post","link":"https:\/\/www.oarcanjo.net\/site\/bem-aventurado-afonso-maria-fusco\/","title":{"rendered":"Bem Aventurado Afonso Maria Fusco"},"content":{"rendered":"<p><img decoding=\"async\" src=\"http:\/\/alexandrinabalasar.free.fr\/afonso_maria_fusco_01.jpg\" alt=\"\" \/><\/p>\n<p>6 de Fevereiro<\/p>\n<p>Fundador da Congrega\u00e7\u00e3o das Irm\u00e3s Batistinas do Nazareno<\/p>\n<p>Alfonso Maria Fusco nasceu no dia 23 de mar\u00e7o de 1839, na cidade italiana de Angri, em Salerno. A fam\u00edlia era de origem camponesa e com profundas ra\u00edzes crist\u00e3s. Ainda pequeno, revelou seu car\u00e1ter manso, humilde, sens\u00edvel \u00e0 ora\u00e7\u00e3o e aos pobres. Aos onze ingressou no Semim\u00e1rio de Nocera, onde foi ordenado sacerdote treze anos depois.<\/p>\n<p>O povo era cativado pela sua evangeliza\u00e7\u00e3o cuja prega\u00e7\u00e3o era profunda, simples e eficaz.<br \/>\nA vida cotidiana de padre Alfonso era de um sacerdote zeloso, que guardava no cora\u00e7\u00e3o o desejo de cumprir a miss\u00e3o que Jesus lhe havia pedido em sonho, pouco antes de concluir o semin\u00e1rio: fundar uma Congrega\u00e7\u00e3o de Irm\u00e3s e um Orfanato.<\/p>\n<p>Em 1878, foi procurado por Madalena Caputo, mais tarde Irm\u00e3 Crucifixa, que desejava se consagrar a Deus na vida religiosa. Dias depois outras tr\u00eas jovens lhe pediram a mesma orienta\u00e7\u00e3o. Por isto, aproveitando os anseios destas jovens, padre Alfonso acelerou a funda\u00e7\u00e3o da Congrega\u00e7\u00e3o das Irm\u00e3s Batistinas do Nazareno, destinada \u00e0 forma\u00e7\u00e3o de religiosas dedicadas a uma vida de pobreza, de uni\u00e3o com Deus, de caridade empenhada no cuidado e na instru\u00e7\u00e3o das \u00f3rf\u00e3s pobres.<\/p>\n<p>Assim, a Obra estava fundada. A casa para as \u00f3rf\u00e3s recebeu o nome de Pequena Casa da Provid\u00eancia. Come\u00e7aram a chegar outras postulantes e as primeiras \u00f3rf\u00e3s, e com elas, tamb\u00e9m as dificuldades, as lutas, as oposi\u00e7\u00f5es e as duras provas. padre Alfonso aceitou tudo, com total confian\u00e7a e disponibilidade \u00e0 vontade de Deus. At\u00e9 mesmo, quando o bispo pediu sua demiss\u00e3o da fun\u00e7\u00e3o de diretor da Obra, motivado por acusa\u00e7\u00f5es infundadas; e por fim quando as Irm\u00e3s da Casa em Roma, tiveram a id\u00e9ia de uma separa\u00e7\u00e3o. Estes foram para ele momentos de grandes sofrimentos, que o faziam rezar com o cora\u00e7\u00e3o angustiado.<\/p>\n<p>Dirigia o Instituto com grande sabedoria e prud\u00eancia e, como pai amoroso, observava as Irm\u00e3s e as \u00f3rf\u00e3s. Numa \u00e9poca em que a instru\u00e7\u00e3o era privil\u00e9gio de poucos, proibida aos pobres e \u00e0s mulheres, padre Alfonso n\u00e3o poupava sacrif\u00edcios para dar \u00e0s crian\u00e7as uma vida serena, o estudo e uma pequena profiss\u00e3o, para formar cidad\u00e3os honestos e crist\u00e3os convictos. Quis que suas Irm\u00e3s estudassem, para estarem habilitadas a ensinar os pobres atrav\u00e9s da instru\u00e7\u00e3o e da evangeliza\u00e7\u00e3o.<\/p>\n<p>A tenacidade da sua vontade, ancorada na Divina Provid\u00eancia, a colabora\u00e7\u00e3o s\u00e1bia e prudente da Irm\u00e3 Crucifixa, o est\u00edmulo do amor a Deus e ao pr\u00f3ximo, permitiram o r\u00e1pido desenvolvimento da Obra. O crescente pedido de assist\u00eancia e o aumento das \u00f3rf\u00e3s e de crian\u00e7as abandonadas, impulsionaram a abertura de novas casas em outras regi\u00f5es da It\u00e1lia.<\/p>\n<p>Padre Alfonso Maria Fusco morreu no dia 6 de fevereiro de 1910. A not\u00edcia causou forte como\u00e7\u00e3o na popula\u00e7\u00e3o que, acompanhou os funerais daquele que consideravam o &#8220;Santo dos pobres&#8221;. O Papa Jo\u00e3o Paulo II, em 2001, o proclamou beato exaltando seu exemplo de educador e protetor dos pobres e necessitados, a ser seguido por todos os sacerdotes. As suas Irm\u00e3s, hoje est\u00e3o espalhadas em quatro Continentes e o festejam neste dia.<\/p>\n<div id=\"themify_builder_content-7612\" data-postid=\"7612\" class=\"themify_builder_content themify_builder_content-7612 themify_builder themify_builder_front\">\n\t<\/div>\n<!-- \/themify_builder_content -->","protected":false},"excerpt":{"rendered":"<p>6 de Fevereiro Fundador da Congrega\u00e7\u00e3o das Irm\u00e3s Batistinas do Nazareno Alfonso Maria Fusco nasceu no dia 23 de mar\u00e7o de 1839, na cidade italiana de Angri, em Salerno. A fam\u00edlia era de origem camponesa e com profundas ra\u00edzes crist\u00e3s. Ainda pequeno, revelou seu car\u00e1ter manso, humilde, sens\u00edvel \u00e0 ora\u00e7\u00e3o e aos pobres. Aos onze [&hellip;]<\/p>\n","protected":false},"author":14,"featured_media":0,"comment_status":"open","ping_status":"open","sticky":false,"template":"","format":"standard","meta":{"ngg_post_thumbnail":0,"footnotes":""},"categories":[186],"tags":[1456],"yoast_head":"<!-- This site is optimized with the Yoast SEO plugin v23.5 - https:\/\/yoast.com\/wordpress\/plugins\/seo\/ -->\n<title>Bem Aventurado Afonso Maria Fusco - O Arcanjo no ar<\/title>\n<meta name=\"robots\" content=\"index, follow, max-snippet:-1, max-image-preview:large, max-video-preview:-1\" \/>\n<link rel=\"canonical\" href=\"https:\/\/www.oarcanjo.net\/site\/bem-aventurado-afonso-maria-fusco\/\" \/>\n<meta property=\"og:locale\" content=\"pt_BR\" \/>\n<meta property=\"og:type\" content=\"article\" \/>\n<meta property=\"og:title\" content=\"Bem Aventurado Afonso Maria Fusco - O Arcanjo no ar\" \/>\n<meta property=\"og:description\" content=\"6 de Fevereiro Fundador da Congrega\u00e7\u00e3o das Irm\u00e3s Batistinas do Nazareno Alfonso Maria Fusco nasceu no dia 23 de mar\u00e7o de 1839, na cidade italiana de Angri, em Salerno. A fam\u00edlia era de origem camponesa e com profundas ra\u00edzes crist\u00e3s. Ainda pequeno, revelou seu car\u00e1ter manso, humilde, sens\u00edvel \u00e0 ora\u00e7\u00e3o e aos pobres. Aos onze [&hellip;]\" \/>\n<meta property=\"og:url\" content=\"https:\/\/www.oarcanjo.net\/site\/bem-aventurado-afonso-maria-fusco\/\" \/>\n<meta property=\"og:site_name\" content=\"O Arcanjo no ar\" \/>\n<meta property=\"article:publisher\" content=\"https:\/\/www.facebook.com\/OArcanjoNoAr\/\" \/>\n<meta property=\"article:published_time\" content=\"2017-02-06T02:46:38+00:00\" \/>\n<meta property=\"article:modified_time\" content=\"2016-12-27T08:31:11+00:00\" \/>\n<meta property=\"og:image\" content=\"http:\/\/alexandrinabalasar.free.fr\/afonso_maria_fusco_01.jpg\" \/>\n<meta name=\"author\" content=\"danilo\" \/>\n<meta name=\"twitter:card\" content=\"summary_large_image\" \/>\n<meta name=\"twitter:label1\" content=\"Escrito por\" \/>\n\t<meta name=\"twitter:data1\" content=\"danilo\" \/>\n\t<meta name=\"twitter:label2\" content=\"Est. tempo de leitura\" \/>\n\t<meta name=\"twitter:data2\" content=\"3 minutos\" \/>\n<script type=\"application\/ld+json\" class=\"yoast-schema-graph\">{\"@context\":\"https:\/\/schema.org\",\"@graph\":[{\"@type\":\"Article\",\"@id\":\"https:\/\/www.oarcanjo.net\/site\/bem-aventurado-afonso-maria-fusco\/#article\",\"isPartOf\":{\"@id\":\"https:\/\/www.oarcanjo.net\/site\/bem-aventurado-afonso-maria-fusco\/\"},\"author\":{\"name\":\"danilo\",\"@id\":\"https:\/\/www.oarcanjo.net\/site\/#\/schema\/person\/5eb9480bedd2f3c97e430ce128c29c6c\"},\"headline\":\"Bem Aventurado Afonso Maria Fusco\",\"datePublished\":\"2017-02-06T02:46:38+00:00\",\"dateModified\":\"2016-12-27T08:31:11+00:00\",\"mainEntityOfPage\":{\"@id\":\"https:\/\/www.oarcanjo.net\/site\/bem-aventurado-afonso-maria-fusco\/\"},\"wordCount\":575,\"commentCount\":0,\"publisher\":{\"@id\":\"https:\/\/www.oarcanjo.net\/site\/#organization\"},\"image\":{\"@id\":\"https:\/\/www.oarcanjo.net\/site\/bem-aventurado-afonso-maria-fusco\/#primaryimage\"},\"thumbnailUrl\":\"http:\/\/alexandrinabalasar.free.fr\/afonso_maria_fusco_01.jpg\",\"keywords\":[\"Bem Aventurado Afonso Maria Fusco\"],\"articleSection\":[\"Testemunhos\"],\"inLanguage\":\"pt-BR\",\"potentialAction\":[{\"@type\":\"CommentAction\",\"name\":\"Comment\",\"target\":[\"https:\/\/www.oarcanjo.net\/site\/bem-aventurado-afonso-maria-fusco\/#respond\"]}]},{\"@type\":\"WebPage\",\"@id\":\"https:\/\/www.oarcanjo.net\/site\/bem-aventurado-afonso-maria-fusco\/\",\"url\":\"https:\/\/www.oarcanjo.net\/site\/bem-aventurado-afonso-maria-fusco\/\",\"name\":\"Bem Aventurado Afonso Maria Fusco - O Arcanjo no ar\",\"isPartOf\":{\"@id\":\"https:\/\/www.oarcanjo.net\/site\/#website\"},\"primaryImageOfPage\":{\"@id\":\"https:\/\/www.oarcanjo.net\/site\/bem-aventurado-afonso-maria-fusco\/#primaryimage\"},\"image\":{\"@id\":\"https:\/\/www.oarcanjo.net\/site\/bem-aventurado-afonso-maria-fusco\/#primaryimage\"},\"thumbnailUrl\":\"http:\/\/alexandrinabalasar.free.fr\/afonso_maria_fusco_01.jpg\",\"datePublished\":\"2017-02-06T02:46:38+00:00\",\"dateModified\":\"2016-12-27T08:31:11+00:00\",\"breadcrumb\":{\"@id\":\"https:\/\/www.oarcanjo.net\/site\/bem-aventurado-afonso-maria-fusco\/#breadcrumb\"},\"inLanguage\":\"pt-BR\",\"potentialAction\":[{\"@type\":\"ReadAction\",\"target\":[\"https:\/\/www.oarcanjo.net\/site\/bem-aventurado-afonso-maria-fusco\/\"]}]},{\"@type\":\"ImageObject\",\"inLanguage\":\"pt-BR\",\"@id\":\"https:\/\/www.oarcanjo.net\/site\/bem-aventurado-afonso-maria-fusco\/#primaryimage\",\"url\":\"http:\/\/alexandrinabalasar.free.fr\/afonso_maria_fusco_01.jpg\",\"contentUrl\":\"http:\/\/alexandrinabalasar.free.fr\/afonso_maria_fusco_01.jpg\"},{\"@type\":\"BreadcrumbList\",\"@id\":\"https:\/\/www.oarcanjo.net\/site\/bem-aventurado-afonso-maria-fusco\/#breadcrumb\",\"itemListElement\":[{\"@type\":\"ListItem\",\"position\":1,\"name\":\"In\u00edcio\",\"item\":\"https:\/\/www.oarcanjo.net\/site\/\"},{\"@type\":\"ListItem\",\"position\":2,\"name\":\"Bem Aventurado Afonso Maria Fusco\"}]},{\"@type\":\"WebSite\",\"@id\":\"https:\/\/www.oarcanjo.net\/site\/#website\",\"url\":\"https:\/\/www.oarcanjo.net\/site\/\",\"name\":\"O Arcanjo no ar\",\"description\":\"Site da Par\u00f3quia S\u00e3o Miguel Arcanjo (Arquidiocese de SP)\",\"publisher\":{\"@id\":\"https:\/\/www.oarcanjo.net\/site\/#organization\"},\"potentialAction\":[{\"@type\":\"SearchAction\",\"target\":{\"@type\":\"EntryPoint\",\"urlTemplate\":\"https:\/\/www.oarcanjo.net\/site\/?s={search_term_string}\"},\"query-input\":{\"@type\":\"PropertyValueSpecification\",\"valueRequired\":true,\"valueName\":\"search_term_string\"}}],\"inLanguage\":\"pt-BR\"},{\"@type\":\"Organization\",\"@id\":\"https:\/\/www.oarcanjo.net\/site\/#organization\",\"name\":\"Par\u00f3quia S\u00e3o Miguel Arcanjo\",\"url\":\"https:\/\/www.oarcanjo.net\/site\/\",\"logo\":{\"@type\":\"ImageObject\",\"inLanguage\":\"pt-BR\",\"@id\":\"https:\/\/www.oarcanjo.net\/site\/#\/schema\/logo\/image\/\",\"url\":\"https:\/\/www.oarcanjo.net\/site\/wp-content\/uploads\/LogoOArcanjo.png\",\"contentUrl\":\"https:\/\/www.oarcanjo.net\/site\/wp-content\/uploads\/LogoOArcanjo.png\",\"width\":319,\"height\":99,\"caption\":\"Par\u00f3quia S\u00e3o Miguel Arcanjo\"},\"image\":{\"@id\":\"https:\/\/www.oarcanjo.net\/site\/#\/schema\/logo\/image\/\"},\"sameAs\":[\"https:\/\/www.facebook.com\/OArcanjoNoAr\/\"]},{\"@type\":\"Person\",\"@id\":\"https:\/\/www.oarcanjo.net\/site\/#\/schema\/person\/5eb9480bedd2f3c97e430ce128c29c6c\",\"name\":\"danilo\"}]}<\/script>\n<!-- \/ Yoast SEO plugin. -->","yoast_head_json":{"title":"Bem Aventurado Afonso Maria Fusco - O Arcanjo no ar","robots":{"index":"index","follow":"follow","max-snippet":"max-snippet:-1","max-image-preview":"max-image-preview:large","max-video-preview":"max-video-preview:-1"},"canonical":"https:\/\/www.oarcanjo.net\/site\/bem-aventurado-afonso-maria-fusco\/","og_locale":"pt_BR","og_type":"article","og_title":"Bem Aventurado Afonso Maria Fusco - O Arcanjo no ar","og_description":"6 de Fevereiro Fundador da Congrega\u00e7\u00e3o das Irm\u00e3s Batistinas do Nazareno Alfonso Maria Fusco nasceu no dia 23 de mar\u00e7o de 1839, na cidade italiana de Angri, em Salerno. A fam\u00edlia era de origem camponesa e com profundas ra\u00edzes crist\u00e3s. Ainda pequeno, revelou seu car\u00e1ter manso, humilde, sens\u00edvel \u00e0 ora\u00e7\u00e3o e aos pobres. Aos onze [&hellip;]","og_url":"https:\/\/www.oarcanjo.net\/site\/bem-aventurado-afonso-maria-fusco\/","og_site_name":"O Arcanjo no ar","article_publisher":"https:\/\/www.facebook.com\/OArcanjoNoAr\/","article_published_time":"2017-02-06T02:46:38+00:00","article_modified_time":"2016-12-27T08:31:11+00:00","og_image":[{"url":"http:\/\/alexandrinabalasar.free.fr\/afonso_maria_fusco_01.jpg"}],"author":"danilo","twitter_card":"summary_large_image","twitter_misc":{"Escrito por":"danilo","Est. tempo de leitura":"3 minutos"},"schema":{"@context":"https:\/\/schema.org","@graph":[{"@type":"Article","@id":"https:\/\/www.oarcanjo.net\/site\/bem-aventurado-afonso-maria-fusco\/#article","isPartOf":{"@id":"https:\/\/www.oarcanjo.net\/site\/bem-aventurado-afonso-maria-fusco\/"},"author":{"name":"danilo","@id":"https:\/\/www.oarcanjo.net\/site\/#\/schema\/person\/5eb9480bedd2f3c97e430ce128c29c6c"},"headline":"Bem Aventurado Afonso Maria Fusco","datePublished":"2017-02-06T02:46:38+00:00","dateModified":"2016-12-27T08:31:11+00:00","mainEntityOfPage":{"@id":"https:\/\/www.oarcanjo.net\/site\/bem-aventurado-afonso-maria-fusco\/"},"wordCount":575,"commentCount":0,"publisher":{"@id":"https:\/\/www.oarcanjo.net\/site\/#organization"},"image":{"@id":"https:\/\/www.oarcanjo.net\/site\/bem-aventurado-afonso-maria-fusco\/#primaryimage"},"thumbnailUrl":"http:\/\/alexandrinabalasar.free.fr\/afonso_maria_fusco_01.jpg","keywords":["Bem Aventurado Afonso Maria Fusco"],"articleSection":["Testemunhos"],"inLanguage":"pt-BR","potentialAction":[{"@type":"CommentAction","name":"Comment","target":["https:\/\/www.oarcanjo.net\/site\/bem-aventurado-afonso-maria-fusco\/#respond"]}]},{"@type":"WebPage","@id":"https:\/\/www.oarcanjo.net\/site\/bem-aventurado-afonso-maria-fusco\/","url":"https:\/\/www.oarcanjo.net\/site\/bem-aventurado-afonso-maria-fusco\/","name":"Bem Aventurado Afonso Maria Fusco - O Arcanjo no ar","isPartOf":{"@id":"https:\/\/www.oarcanjo.net\/site\/#website"},"primaryImageOfPage":{"@id":"https:\/\/www.oarcanjo.net\/site\/bem-aventurado-afonso-maria-fusco\/#primaryimage"},"image":{"@id":"https:\/\/www.oarcanjo.net\/site\/bem-aventurado-afonso-maria-fusco\/#primaryimage"},"thumbnailUrl":"http:\/\/alexandrinabalasar.free.fr\/afonso_maria_fusco_01.jpg","datePublished":"2017-02-06T02:46:38+00:00","dateModified":"2016-12-27T08:31:11+00:00","breadcrumb":{"@id":"https:\/\/www.oarcanjo.net\/site\/bem-aventurado-afonso-maria-fusco\/#breadcrumb"},"inLanguage":"pt-BR","potentialAction":[{"@type":"ReadAction","target":["https:\/\/www.oarcanjo.net\/site\/bem-aventurado-afonso-maria-fusco\/"]}]},{"@type":"ImageObject","inLanguage":"pt-BR","@id":"https:\/\/www.oarcanjo.net\/site\/bem-aventurado-afonso-maria-fusco\/#primaryimage","url":"http:\/\/alexandrinabalasar.free.fr\/afonso_maria_fusco_01.jpg","contentUrl":"http:\/\/alexandrinabalasar.free.fr\/afonso_maria_fusco_01.jpg"},{"@type":"BreadcrumbList","@id":"https:\/\/www.oarcanjo.net\/site\/bem-aventurado-afonso-maria-fusco\/#breadcrumb","itemListElement":[{"@type":"ListItem","position":1,"name":"In\u00edcio","item":"https:\/\/www.oarcanjo.net\/site\/"},{"@type":"ListItem","position":2,"name":"Bem Aventurado Afonso Maria Fusco"}]},{"@type":"WebSite","@id":"https:\/\/www.oarcanjo.net\/site\/#website","url":"https:\/\/www.oarcanjo.net\/site\/","name":"O Arcanjo no ar","description":"Site da Par\u00f3quia S\u00e3o Miguel Arcanjo (Arquidiocese de SP)","publisher":{"@id":"https:\/\/www.oarcanjo.net\/site\/#organization"},"potentialAction":[{"@type":"SearchAction","target":{"@type":"EntryPoint","urlTemplate":"https:\/\/www.oarcanjo.net\/site\/?s={search_term_string}"},"query-input":{"@type":"PropertyValueSpecification","valueRequired":true,"valueName":"search_term_string"}}],"inLanguage":"pt-BR"},{"@type":"Organization","@id":"https:\/\/www.oarcanjo.net\/site\/#organization","name":"Par\u00f3quia S\u00e3o Miguel Arcanjo","url":"https:\/\/www.oarcanjo.net\/site\/","logo":{"@type":"ImageObject","inLanguage":"pt-BR","@id":"https:\/\/www.oarcanjo.net\/site\/#\/schema\/logo\/image\/","url":"https:\/\/www.oarcanjo.net\/site\/wp-content\/uploads\/LogoOArcanjo.png","contentUrl":"https:\/\/www.oarcanjo.net\/site\/wp-content\/uploads\/LogoOArcanjo.png","width":319,"height":99,"caption":"Par\u00f3quia S\u00e3o Miguel Arcanjo"},"image":{"@id":"https:\/\/www.oarcanjo.net\/site\/#\/schema\/logo\/image\/"},"sameAs":["https:\/\/www.facebook.com\/OArcanjoNoAr\/"]},{"@type":"Person","@id":"https:\/\/www.oarcanjo.net\/site\/#\/schema\/person\/5eb9480bedd2f3c97e430ce128c29c6c","name":"danilo"}]}},"publishpress_future_action":{"enabled":false,"date":"2026-05-09 03:59:15","action":"category","newStatus":"draft","terms":[],"taxonomy":"category"},"publishpress_future_workflow_manual_trigger":{"enabledWorkflows":[]},"_links":{"self":[{"href":"https:\/\/www.oarcanjo.net\/site\/wp-json\/wp\/v2\/posts\/7612"}],"collection":[{"href":"https:\/\/www.oarcanjo.net\/site\/wp-json\/wp\/v2\/posts"}],"about":[{"href":"https:\/\/www.oarcanjo.net\/site\/wp-json\/wp\/v2\/types\/post"}],"author":[{"embeddable":true,"href":"https:\/\/www.oarcanjo.net\/site\/wp-json\/wp\/v2\/users\/14"}],"replies":[{"embeddable":true,"href":"https:\/\/www.oarcanjo.net\/site\/wp-json\/wp\/v2\/comments?post=7612"}],"version-history":[{"count":0,"href":"https:\/\/www.oarcanjo.net\/site\/wp-json\/wp\/v2\/posts\/7612\/revisions"}],"wp:attachment":[{"href":"https:\/\/www.oarcanjo.net\/site\/wp-json\/wp\/v2\/media?parent=7612"}],"wp:term":[{"taxonomy":"category","embeddable":true,"href":"https:\/\/www.oarcanjo.net\/site\/wp-json\/wp\/v2\/categories?post=7612"},{"taxonomy":"post_tag","embeddable":true,"href":"https:\/\/www.oarcanjo.net\/site\/wp-json\/wp\/v2\/tags?post=7612"}],"curies":[{"name":"wp","href":"https:\/\/api.w.org\/{rel}","templated":true}]}}