
{"id":7614,"date":"2017-02-06T00:01:22","date_gmt":"2017-02-06T02:01:22","guid":{"rendered":"http:\/\/www.oarcanjo.net\/site\/?p=7614"},"modified":"2016-12-27T06:27:02","modified_gmt":"2016-12-27T08:27:02","slug":"santo-gastao","status":"publish","type":"post","link":"https:\/\/www.oarcanjo.net\/site\/santo-gastao\/","title":{"rendered":"Santo Gast\u00e3o"},"content":{"rendered":"<p><img decoding=\"async\" src=\"http:\/\/3.bp.blogspot.com\/_5kAa5W5YTf4\/SYu50LrpC7I\/AAAAAAAADA4\/MdlDP98hcOM\/s400\/06-Santo+Gast%C3%A3o.gif\" alt=\"\" \/><\/p>\n<p>6 de Fevereiro<\/p>\n<p>Gast\u00e3o, ou Vedastus, como se diz em latim, pertencia \u00e0 uma fam\u00edlia de nobres e era nascido em Limoges, na antiga G\u00e1lia, atual Fran\u00e7a. Segundo consta dos registros antigos, ele preferia viver solit\u00e1rio na regi\u00e3o de Lorena, onde se dedicava \u00e0 penitencia, \u00e0 ora\u00e7\u00e3o e \u00e0 contempla\u00e7\u00e3o, at\u00e9 que seu amigo e diretor espiritual o bispo Rem\u00edgio, de Toul, o ordenou sacerdote e o colocou no trabalho de catequiza\u00e7\u00e3o na diocese local.<\/p>\n<p>Mas essa aproxima\u00e7\u00e3o entre os dois s\u00f3 ocorreu porque Gast\u00e3o fora recomendado ao bispo, pelo pr\u00f3prio rei Cl\u00f3vis, que ficara impressionado com sua vida no caminho da santidade e com seus dons da palavra, do conselho e da cura, que havia adquirido. O rei Cl\u00f3vis era casado com a rainha Clotilde, mas eram pag\u00e3os. Depois ambos foram catequizados e batizados, o que aconteceu gra\u00e7as a Gast\u00e3o e ao bispo Rem\u00edgio, que se tornaram conselheiros dos soberanos. Com isso ambos foram tamb\u00e9m os precursores da convers\u00e3o do povo franc\u00eas.<\/p>\n<p>Gast\u00e3o, mais tarde foi sagrado bispo de Arras, ficando encarregado da instru\u00e7\u00e3o dos fi\u00e9is e da assist\u00eancia aos pobres, quando ent\u00e3o se tornou muito popular. Diz a tradi\u00e7\u00e3o que tinha n\u00e3o s\u00f3 o dom da palavra, para evangelizar e catequizar, mas tamb\u00e9m o dom da cura, que teriam sido presenciadas pelos fi\u00e9is e peregrinos, e do conselho, que empregava aos que o procuravam desorientados.<\/p>\n<p>Seu bispado durou quarenta anos e, quanto \u00e0 sua morte, foi logo conhecida por toda a popula\u00e7\u00e3o, pois no exato instante em que faleceu uma estranha luz cobriu sua casa. Suas rel\u00edquias foram conservadas apesar das invas\u00f5es dos b\u00e1rbaros normandos e dos saques resultantes da Revolu\u00e7\u00e3o Francesa. Hoje s\u00e3o veneradas na capela da Catedral de Arras, no dia 6 de fevereiro, que corresponde ao de sua morte, no ano 540.<\/p>\n<div id=\"themify_builder_content-7614\" data-postid=\"7614\" class=\"themify_builder_content themify_builder_content-7614 themify_builder themify_builder_front\">\n\t<\/div>\n<!-- \/themify_builder_content -->","protected":false},"excerpt":{"rendered":"<p>6 de Fevereiro Gast\u00e3o, ou Vedastus, como se diz em latim, pertencia \u00e0 uma fam\u00edlia de nobres e era nascido em Limoges, na antiga G\u00e1lia, atual Fran\u00e7a. Segundo consta dos registros antigos, ele preferia viver solit\u00e1rio na regi\u00e3o de Lorena, onde se dedicava \u00e0 penitencia, \u00e0 ora\u00e7\u00e3o e \u00e0 contempla\u00e7\u00e3o, at\u00e9 que seu amigo e [&hellip;]<\/p>\n","protected":false},"author":14,"featured_media":0,"comment_status":"open","ping_status":"open","sticky":false,"template":"","format":"standard","meta":{"ngg_post_thumbnail":0,"footnotes":""},"categories":[186],"tags":[],"yoast_head":"<!-- This site is optimized with the Yoast SEO plugin v23.5 - https:\/\/yoast.com\/wordpress\/plugins\/seo\/ -->\n<title>Santo Gast\u00e3o - O Arcanjo no ar<\/title>\n<meta name=\"robots\" content=\"index, follow, max-snippet:-1, max-image-preview:large, max-video-preview:-1\" \/>\n<link rel=\"canonical\" href=\"https:\/\/www.oarcanjo.net\/site\/santo-gastao\/\" \/>\n<meta property=\"og:locale\" content=\"pt_BR\" \/>\n<meta property=\"og:type\" content=\"article\" \/>\n<meta property=\"og:title\" content=\"Santo Gast\u00e3o - O Arcanjo no ar\" \/>\n<meta property=\"og:description\" content=\"6 de Fevereiro Gast\u00e3o, ou Vedastus, como se diz em latim, pertencia \u00e0 uma fam\u00edlia de nobres e era nascido em Limoges, na antiga G\u00e1lia, atual Fran\u00e7a. Segundo consta dos registros antigos, ele preferia viver solit\u00e1rio na regi\u00e3o de Lorena, onde se dedicava \u00e0 penitencia, \u00e0 ora\u00e7\u00e3o e \u00e0 contempla\u00e7\u00e3o, at\u00e9 que seu amigo e [&hellip;]\" \/>\n<meta property=\"og:url\" content=\"https:\/\/www.oarcanjo.net\/site\/santo-gastao\/\" \/>\n<meta property=\"og:site_name\" content=\"O Arcanjo no ar\" \/>\n<meta property=\"article:publisher\" content=\"https:\/\/www.facebook.com\/OArcanjoNoAr\/\" \/>\n<meta property=\"article:published_time\" content=\"2017-02-06T02:01:22+00:00\" \/>\n<meta property=\"article:modified_time\" content=\"2016-12-27T08:27:02+00:00\" \/>\n<meta property=\"og:image\" content=\"http:\/\/3.bp.blogspot.com\/_5kAa5W5YTf4\/SYu50LrpC7I\/AAAAAAAADA4\/MdlDP98hcOM\/s400\/06-Santo+Gast%C3%A3o.gif\" \/>\n<meta name=\"author\" content=\"danilo\" \/>\n<meta name=\"twitter:card\" content=\"summary_large_image\" \/>\n<meta name=\"twitter:label1\" content=\"Escrito por\" \/>\n\t<meta name=\"twitter:data1\" content=\"danilo\" \/>\n\t<meta name=\"twitter:label2\" content=\"Est. tempo de leitura\" \/>\n\t<meta name=\"twitter:data2\" content=\"2 minutos\" \/>\n<script type=\"application\/ld+json\" class=\"yoast-schema-graph\">{\"@context\":\"https:\/\/schema.org\",\"@graph\":[{\"@type\":\"Article\",\"@id\":\"https:\/\/www.oarcanjo.net\/site\/santo-gastao\/#article\",\"isPartOf\":{\"@id\":\"https:\/\/www.oarcanjo.net\/site\/santo-gastao\/\"},\"author\":{\"name\":\"danilo\",\"@id\":\"https:\/\/www.oarcanjo.net\/site\/#\/schema\/person\/5eb9480bedd2f3c97e430ce128c29c6c\"},\"headline\":\"Santo Gast\u00e3o\",\"datePublished\":\"2017-02-06T02:01:22+00:00\",\"dateModified\":\"2016-12-27T08:27:02+00:00\",\"mainEntityOfPage\":{\"@id\":\"https:\/\/www.oarcanjo.net\/site\/santo-gastao\/\"},\"wordCount\":329,\"commentCount\":0,\"publisher\":{\"@id\":\"https:\/\/www.oarcanjo.net\/site\/#organization\"},\"image\":{\"@id\":\"https:\/\/www.oarcanjo.net\/site\/santo-gastao\/#primaryimage\"},\"thumbnailUrl\":\"http:\/\/3.bp.blogspot.com\/_5kAa5W5YTf4\/SYu50LrpC7I\/AAAAAAAADA4\/MdlDP98hcOM\/s400\/06-Santo+Gast%C3%A3o.gif\",\"articleSection\":[\"Testemunhos\"],\"inLanguage\":\"pt-BR\",\"potentialAction\":[{\"@type\":\"CommentAction\",\"name\":\"Comment\",\"target\":[\"https:\/\/www.oarcanjo.net\/site\/santo-gastao\/#respond\"]}]},{\"@type\":\"WebPage\",\"@id\":\"https:\/\/www.oarcanjo.net\/site\/santo-gastao\/\",\"url\":\"https:\/\/www.oarcanjo.net\/site\/santo-gastao\/\",\"name\":\"Santo Gast\u00e3o - O Arcanjo no ar\",\"isPartOf\":{\"@id\":\"https:\/\/www.oarcanjo.net\/site\/#website\"},\"primaryImageOfPage\":{\"@id\":\"https:\/\/www.oarcanjo.net\/site\/santo-gastao\/#primaryimage\"},\"image\":{\"@id\":\"https:\/\/www.oarcanjo.net\/site\/santo-gastao\/#primaryimage\"},\"thumbnailUrl\":\"http:\/\/3.bp.blogspot.com\/_5kAa5W5YTf4\/SYu50LrpC7I\/AAAAAAAADA4\/MdlDP98hcOM\/s400\/06-Santo+Gast%C3%A3o.gif\",\"datePublished\":\"2017-02-06T02:01:22+00:00\",\"dateModified\":\"2016-12-27T08:27:02+00:00\",\"breadcrumb\":{\"@id\":\"https:\/\/www.oarcanjo.net\/site\/santo-gastao\/#breadcrumb\"},\"inLanguage\":\"pt-BR\",\"potentialAction\":[{\"@type\":\"ReadAction\",\"target\":[\"https:\/\/www.oarcanjo.net\/site\/santo-gastao\/\"]}]},{\"@type\":\"ImageObject\",\"inLanguage\":\"pt-BR\",\"@id\":\"https:\/\/www.oarcanjo.net\/site\/santo-gastao\/#primaryimage\",\"url\":\"http:\/\/3.bp.blogspot.com\/_5kAa5W5YTf4\/SYu50LrpC7I\/AAAAAAAADA4\/MdlDP98hcOM\/s400\/06-Santo+Gast%C3%A3o.gif\",\"contentUrl\":\"http:\/\/3.bp.blogspot.com\/_5kAa5W5YTf4\/SYu50LrpC7I\/AAAAAAAADA4\/MdlDP98hcOM\/s400\/06-Santo+Gast%C3%A3o.gif\"},{\"@type\":\"BreadcrumbList\",\"@id\":\"https:\/\/www.oarcanjo.net\/site\/santo-gastao\/#breadcrumb\",\"itemListElement\":[{\"@type\":\"ListItem\",\"position\":1,\"name\":\"In\u00edcio\",\"item\":\"https:\/\/www.oarcanjo.net\/site\/\"},{\"@type\":\"ListItem\",\"position\":2,\"name\":\"Santo Gast\u00e3o\"}]},{\"@type\":\"WebSite\",\"@id\":\"https:\/\/www.oarcanjo.net\/site\/#website\",\"url\":\"https:\/\/www.oarcanjo.net\/site\/\",\"name\":\"O Arcanjo no ar\",\"description\":\"Site da Par\u00f3quia S\u00e3o Miguel Arcanjo (Arquidiocese de SP)\",\"publisher\":{\"@id\":\"https:\/\/www.oarcanjo.net\/site\/#organization\"},\"potentialAction\":[{\"@type\":\"SearchAction\",\"target\":{\"@type\":\"EntryPoint\",\"urlTemplate\":\"https:\/\/www.oarcanjo.net\/site\/?s={search_term_string}\"},\"query-input\":{\"@type\":\"PropertyValueSpecification\",\"valueRequired\":true,\"valueName\":\"search_term_string\"}}],\"inLanguage\":\"pt-BR\"},{\"@type\":\"Organization\",\"@id\":\"https:\/\/www.oarcanjo.net\/site\/#organization\",\"name\":\"Par\u00f3quia S\u00e3o Miguel Arcanjo\",\"url\":\"https:\/\/www.oarcanjo.net\/site\/\",\"logo\":{\"@type\":\"ImageObject\",\"inLanguage\":\"pt-BR\",\"@id\":\"https:\/\/www.oarcanjo.net\/site\/#\/schema\/logo\/image\/\",\"url\":\"https:\/\/www.oarcanjo.net\/site\/wp-content\/uploads\/LogoOArcanjo.png\",\"contentUrl\":\"https:\/\/www.oarcanjo.net\/site\/wp-content\/uploads\/LogoOArcanjo.png\",\"width\":319,\"height\":99,\"caption\":\"Par\u00f3quia S\u00e3o Miguel Arcanjo\"},\"image\":{\"@id\":\"https:\/\/www.oarcanjo.net\/site\/#\/schema\/logo\/image\/\"},\"sameAs\":[\"https:\/\/www.facebook.com\/OArcanjoNoAr\/\"]},{\"@type\":\"Person\",\"@id\":\"https:\/\/www.oarcanjo.net\/site\/#\/schema\/person\/5eb9480bedd2f3c97e430ce128c29c6c\",\"name\":\"danilo\"}]}<\/script>\n<!-- \/ Yoast SEO plugin. -->","yoast_head_json":{"title":"Santo Gast\u00e3o - O Arcanjo no ar","robots":{"index":"index","follow":"follow","max-snippet":"max-snippet:-1","max-image-preview":"max-image-preview:large","max-video-preview":"max-video-preview:-1"},"canonical":"https:\/\/www.oarcanjo.net\/site\/santo-gastao\/","og_locale":"pt_BR","og_type":"article","og_title":"Santo Gast\u00e3o - O Arcanjo no ar","og_description":"6 de Fevereiro Gast\u00e3o, ou Vedastus, como se diz em latim, pertencia \u00e0 uma fam\u00edlia de nobres e era nascido em Limoges, na antiga G\u00e1lia, atual Fran\u00e7a. Segundo consta dos registros antigos, ele preferia viver solit\u00e1rio na regi\u00e3o de Lorena, onde se dedicava \u00e0 penitencia, \u00e0 ora\u00e7\u00e3o e \u00e0 contempla\u00e7\u00e3o, at\u00e9 que seu amigo e [&hellip;]","og_url":"https:\/\/www.oarcanjo.net\/site\/santo-gastao\/","og_site_name":"O Arcanjo no ar","article_publisher":"https:\/\/www.facebook.com\/OArcanjoNoAr\/","article_published_time":"2017-02-06T02:01:22+00:00","article_modified_time":"2016-12-27T08:27:02+00:00","og_image":[{"url":"http:\/\/3.bp.blogspot.com\/_5kAa5W5YTf4\/SYu50LrpC7I\/AAAAAAAADA4\/MdlDP98hcOM\/s400\/06-Santo+Gast%C3%A3o.gif"}],"author":"danilo","twitter_card":"summary_large_image","twitter_misc":{"Escrito por":"danilo","Est. tempo de leitura":"2 minutos"},"schema":{"@context":"https:\/\/schema.org","@graph":[{"@type":"Article","@id":"https:\/\/www.oarcanjo.net\/site\/santo-gastao\/#article","isPartOf":{"@id":"https:\/\/www.oarcanjo.net\/site\/santo-gastao\/"},"author":{"name":"danilo","@id":"https:\/\/www.oarcanjo.net\/site\/#\/schema\/person\/5eb9480bedd2f3c97e430ce128c29c6c"},"headline":"Santo Gast\u00e3o","datePublished":"2017-02-06T02:01:22+00:00","dateModified":"2016-12-27T08:27:02+00:00","mainEntityOfPage":{"@id":"https:\/\/www.oarcanjo.net\/site\/santo-gastao\/"},"wordCount":329,"commentCount":0,"publisher":{"@id":"https:\/\/www.oarcanjo.net\/site\/#organization"},"image":{"@id":"https:\/\/www.oarcanjo.net\/site\/santo-gastao\/#primaryimage"},"thumbnailUrl":"http:\/\/3.bp.blogspot.com\/_5kAa5W5YTf4\/SYu50LrpC7I\/AAAAAAAADA4\/MdlDP98hcOM\/s400\/06-Santo+Gast%C3%A3o.gif","articleSection":["Testemunhos"],"inLanguage":"pt-BR","potentialAction":[{"@type":"CommentAction","name":"Comment","target":["https:\/\/www.oarcanjo.net\/site\/santo-gastao\/#respond"]}]},{"@type":"WebPage","@id":"https:\/\/www.oarcanjo.net\/site\/santo-gastao\/","url":"https:\/\/www.oarcanjo.net\/site\/santo-gastao\/","name":"Santo Gast\u00e3o - O Arcanjo no ar","isPartOf":{"@id":"https:\/\/www.oarcanjo.net\/site\/#website"},"primaryImageOfPage":{"@id":"https:\/\/www.oarcanjo.net\/site\/santo-gastao\/#primaryimage"},"image":{"@id":"https:\/\/www.oarcanjo.net\/site\/santo-gastao\/#primaryimage"},"thumbnailUrl":"http:\/\/3.bp.blogspot.com\/_5kAa5W5YTf4\/SYu50LrpC7I\/AAAAAAAADA4\/MdlDP98hcOM\/s400\/06-Santo+Gast%C3%A3o.gif","datePublished":"2017-02-06T02:01:22+00:00","dateModified":"2016-12-27T08:27:02+00:00","breadcrumb":{"@id":"https:\/\/www.oarcanjo.net\/site\/santo-gastao\/#breadcrumb"},"inLanguage":"pt-BR","potentialAction":[{"@type":"ReadAction","target":["https:\/\/www.oarcanjo.net\/site\/santo-gastao\/"]}]},{"@type":"ImageObject","inLanguage":"pt-BR","@id":"https:\/\/www.oarcanjo.net\/site\/santo-gastao\/#primaryimage","url":"http:\/\/3.bp.blogspot.com\/_5kAa5W5YTf4\/SYu50LrpC7I\/AAAAAAAADA4\/MdlDP98hcOM\/s400\/06-Santo+Gast%C3%A3o.gif","contentUrl":"http:\/\/3.bp.blogspot.com\/_5kAa5W5YTf4\/SYu50LrpC7I\/AAAAAAAADA4\/MdlDP98hcOM\/s400\/06-Santo+Gast%C3%A3o.gif"},{"@type":"BreadcrumbList","@id":"https:\/\/www.oarcanjo.net\/site\/santo-gastao\/#breadcrumb","itemListElement":[{"@type":"ListItem","position":1,"name":"In\u00edcio","item":"https:\/\/www.oarcanjo.net\/site\/"},{"@type":"ListItem","position":2,"name":"Santo Gast\u00e3o"}]},{"@type":"WebSite","@id":"https:\/\/www.oarcanjo.net\/site\/#website","url":"https:\/\/www.oarcanjo.net\/site\/","name":"O Arcanjo no ar","description":"Site da Par\u00f3quia S\u00e3o Miguel Arcanjo (Arquidiocese de SP)","publisher":{"@id":"https:\/\/www.oarcanjo.net\/site\/#organization"},"potentialAction":[{"@type":"SearchAction","target":{"@type":"EntryPoint","urlTemplate":"https:\/\/www.oarcanjo.net\/site\/?s={search_term_string}"},"query-input":{"@type":"PropertyValueSpecification","valueRequired":true,"valueName":"search_term_string"}}],"inLanguage":"pt-BR"},{"@type":"Organization","@id":"https:\/\/www.oarcanjo.net\/site\/#organization","name":"Par\u00f3quia S\u00e3o Miguel Arcanjo","url":"https:\/\/www.oarcanjo.net\/site\/","logo":{"@type":"ImageObject","inLanguage":"pt-BR","@id":"https:\/\/www.oarcanjo.net\/site\/#\/schema\/logo\/image\/","url":"https:\/\/www.oarcanjo.net\/site\/wp-content\/uploads\/LogoOArcanjo.png","contentUrl":"https:\/\/www.oarcanjo.net\/site\/wp-content\/uploads\/LogoOArcanjo.png","width":319,"height":99,"caption":"Par\u00f3quia S\u00e3o Miguel Arcanjo"},"image":{"@id":"https:\/\/www.oarcanjo.net\/site\/#\/schema\/logo\/image\/"},"sameAs":["https:\/\/www.facebook.com\/OArcanjoNoAr\/"]},{"@type":"Person","@id":"https:\/\/www.oarcanjo.net\/site\/#\/schema\/person\/5eb9480bedd2f3c97e430ce128c29c6c","name":"danilo"}]}},"publishpress_future_action":{"enabled":false,"date":"2026-05-09 03:58:38","action":"category","newStatus":"draft","terms":[],"taxonomy":"category"},"publishpress_future_workflow_manual_trigger":{"enabledWorkflows":[]},"_links":{"self":[{"href":"https:\/\/www.oarcanjo.net\/site\/wp-json\/wp\/v2\/posts\/7614"}],"collection":[{"href":"https:\/\/www.oarcanjo.net\/site\/wp-json\/wp\/v2\/posts"}],"about":[{"href":"https:\/\/www.oarcanjo.net\/site\/wp-json\/wp\/v2\/types\/post"}],"author":[{"embeddable":true,"href":"https:\/\/www.oarcanjo.net\/site\/wp-json\/wp\/v2\/users\/14"}],"replies":[{"embeddable":true,"href":"https:\/\/www.oarcanjo.net\/site\/wp-json\/wp\/v2\/comments?post=7614"}],"version-history":[{"count":0,"href":"https:\/\/www.oarcanjo.net\/site\/wp-json\/wp\/v2\/posts\/7614\/revisions"}],"wp:attachment":[{"href":"https:\/\/www.oarcanjo.net\/site\/wp-json\/wp\/v2\/media?parent=7614"}],"wp:term":[{"taxonomy":"category","embeddable":true,"href":"https:\/\/www.oarcanjo.net\/site\/wp-json\/wp\/v2\/categories?post=7614"},{"taxonomy":"post_tag","embeddable":true,"href":"https:\/\/www.oarcanjo.net\/site\/wp-json\/wp\/v2\/tags?post=7614"}],"curies":[{"name":"wp","href":"https:\/\/api.w.org\/{rel}","templated":true}]}}