
{"id":7619,"date":"2017-02-06T00:58:34","date_gmt":"2017-02-06T02:58:34","guid":{"rendered":"http:\/\/www.oarcanjo.net\/site\/?p=7619"},"modified":"2016-12-27T06:31:17","modified_gmt":"2016-12-27T08:31:17","slug":"santo-paulo-miki-e-companheiros","status":"publish","type":"post","link":"https:\/\/www.oarcanjo.net\/site\/santo-paulo-miki-e-companheiros\/","title":{"rendered":"Santo Paulo Miki e companheiros"},"content":{"rendered":"<p><img loading=\"lazy\" decoding=\"async\" src=\"http:\/\/www.derradeirasgracas.com\/images\/1.%20O%20Santo%20do%20Dia%20-%20Fotos\/Santos%20de%20Fevereiro%20-%20Fotos\/Santos%20Paulo%20Miki%20e%20companheiros%20M%C3%A1rires%20.gif\" alt=\"\" width=\"190\" height=\"248\" \/>\u00a0\u00a0\u00a0\u00a0\u00a0\u00a0\u00a0\u00a0\u00a0\u00a0\u00a0\u00a0\u00a0\u00a0\u00a0\u00a0\u00a0\u00a0\u00a0\u00a0\u00a0\u00a0\u00a0 <img loading=\"lazy\" decoding=\"async\" src=\"http:\/\/3.bp.blogspot.com\/_VsL8VkjSZWw\/SYsWR2imENI\/AAAAAAAAAzo\/HXpNbhJ-Ukw\/s400\/saintp48.jpg\" alt=\"\" width=\"181\" height=\"250\" \/><\/p>\n<p>6 de Fevereiro<\/p>\n<p><strong><em>S\u00e3o Paulo Miki era jesu\u00edta e se dedicava ao ensino do catecismo com muito zelo, obtendo nesse apostolado convers\u00f5es espantosas. Foi crucificado em Nagazaki, por ordem do imperador pag\u00e3o, juntamente com outros dois jesu\u00edtas, seis franciscanos e dezessete leigos.<\/em><\/strong><\/p>\n<p><strong><em>Aconteceu atrav\u00e9s do trabalho evangelizador de S\u00e3o Francisco Xavier, que o Jap\u00e3o tomou conhecimento do cristianismo<\/em><\/strong><em>,<\/em> entre 1549 e 1551. A semente deu seus frutos e, apenas algumas d\u00e9cadas depois, j\u00e1 havia pelo menos trezentos mil crist\u00e3os no Imp\u00e9rio do sol nascente. <strong><em>Mas se a catequese obteve \u00eaxito n\u00e3o foi somente pelo \u00e1rduo, s\u00e9rio e respeitoso trabalho dos jesu\u00edtas em solo japon\u00eas. Foi tamb\u00e9m gra\u00e7as \u00e0 coragem dos catequistas locais, como Paulo Miki e seus jovens companheiros. <\/em><\/strong><\/p>\n<p><strong><em>\u00a0<\/em><\/strong><\/p>\n<p>Miki nasceu em 1564, era filho de pais nobres e foi educado no col\u00e9gio jesu\u00edta em Anziquiama, no Jap\u00e3o. A conviv\u00eancia do col\u00e9gio logo despertou em Paulo o desejo de se juntar \u00e0 Companhia de Jesus e assim o fez, tornando-se um pregador eloq\u00fcente. Ele por\u00e9m, n\u00e3o p\u00f4de ser ordenado sacerdote no tempo correto porque n\u00e3o havia um bispo na regi\u00e3o de Fusai.<\/p>\n<p>Mas isso n\u00e3o impediu que Paulo Miki continuasse sua prega\u00e7\u00e3o. Posteriormente tornou-se o primeiro sacerdote jesu\u00edta em sua p\u00e1tria, conquistando in\u00fameras convers\u00f5es com humildade e paci\u00eancia.<\/p>\n<p>Paci\u00eancia, essa que n\u00e3o era virtude do imperador Toyotomi Hideyoshi. Ele era simpatizante do catolicismo mas, de uma hora para outra, se tornou seu feroz opositor. <em>Por causa da conquista da Cor\u00e9ia, o Jap\u00e3o rompeu com a Espanha em particular e com o Ocidente em geral, motivando uma persegui\u00e7\u00e3o contra todos os crist\u00e3os.<\/em> Inclusive alguns mission\u00e1rios franciscanos espanh\u00f3is que tinham chegado ao Jap\u00e3o atrav\u00e9s das Filipinas e sido bem recebidos pelo Imperador.<\/p>\n<p><strong><em>Os cat\u00f3licos foram expulsos do pa\u00eds, mas muitos resistiram e ficaram. S\u00f3 que a repress\u00e3o n\u00e3o demorou. Primeiro foram presos seis franciscanos, logo depois Paulo Miki com outros dois jesu\u00edtas e dezessete leigos terci\u00e1rios.<\/em><\/strong><\/p>\n<p><strong><em>\u00a0<\/em><\/strong><\/p>\n<p><strong><em>Os vinte e seis crist\u00e3os sofreram terr\u00edveis humilha\u00e7\u00f5es e torturas p\u00fablicas. Levados em cortejo de Meaco a Nagasaki foram alvo de viol\u00eancia e zombaria pelas ruas e estradas, enquanto seguiam para o local onde seria executada a pena de morte por crucifica\u00e7\u00e3o<\/em><\/strong>.<\/p>\n<p>Alguns dos companheiros de Paulo Miki eram muito jovens, adolescentes ainda, mas enfrentaram a pena de morte com a mesma coragem do l\u00edder. Tom\u00e1s Cozaki tinha, por exemplo, catorze anos; Ant\u00f4nio, treze anos e Luis Ibaraki tinha s\u00f3 onze anos de idade.<\/p>\n<p><strong><em>A eleva\u00e7\u00e3o sobre a qual os vinte e seis her\u00f3is de Jesus Cristo receberam o mart\u00edrio pela crucifica\u00e7\u00e3o em fevereiro de 1597 ficou conhecida como Monte dos M\u00e1rtires.<\/em><\/strong><\/p>\n<p>Foram canonizados pelo Papa Pio IX, em 1862.<\/p>\n<p>Os crist\u00e3os remanescentes se dispersaram para fugir dos massacres e um bom n\u00famero deles se estabeleceu ao longo do rio Urakami, nas proximidades de Nagasaki. L\u00e1 eles continuaram a viver sua f\u00e9, apesar da aus\u00eancia de padres.<\/p>\n<p>A partir do momento em que o Jap\u00e3o se abriu novamente aos europeus, os mission\u00e1rios voltaram e as igrejas voltaram a ser constru\u00eddas, inclusive em Nagasaki, a poucos quil\u00f4metros da comunidade crist\u00e3 clandestina.<\/p>\n<p>Ela havia perdido todo contato com a Igreja Cat\u00f3lica, mas guardava preciosamente tr\u00eas crit\u00e9rios de reconhecimento recebidos dos ancestrais:<\/p>\n<p><strong><em>&#8220;Quando a Igreja voltar ao Jap\u00e3o, voc\u00eas a reconhecer\u00e3o por tr\u00eas sinais: os padres n\u00e3o s\u00e3o casados, haver\u00e1 uma imagem de Maria e esta Igreja obedecer\u00e1 ao papa-sama, isto \u00e9, ao Bispo de Roma&#8221;.<\/em><\/strong><\/p>\n<p>Assim aconteceu aproximadamente dois s\u00e9culos e meio depois, quando os crist\u00e3os do Imp\u00e9rio do sol nascente puderam se reencontrar com sua Santa M\u00e3e, a Igreja.<\/p>\n<p><img loading=\"lazy\" decoding=\"async\" src=\"http:\/\/www.nossasenhoradocarmo.com.br\/Site\/SantosdoDia\/fev\/6.gif\" border=\"0\" alt=\"\" width=\"240\" height=\"238\" \/><\/p>\n<div id=\"themify_builder_content-7619\" data-postid=\"7619\" class=\"themify_builder_content themify_builder_content-7619 themify_builder themify_builder_front\">\n\t<\/div>\n<!-- \/themify_builder_content -->","protected":false},"excerpt":{"rendered":"<p>\u00a0\u00a0\u00a0\u00a0\u00a0\u00a0\u00a0\u00a0\u00a0\u00a0\u00a0\u00a0\u00a0\u00a0\u00a0\u00a0\u00a0\u00a0\u00a0\u00a0\u00a0\u00a0\u00a0 6 de Fevereiro S\u00e3o Paulo Miki era jesu\u00edta e se dedicava ao ensino do catecismo com muito zelo, obtendo nesse apostolado convers\u00f5es espantosas. Foi crucificado em Nagazaki, por ordem do imperador pag\u00e3o, juntamente com outros dois jesu\u00edtas, seis franciscanos e dezessete leigos. Aconteceu atrav\u00e9s do trabalho evangelizador de S\u00e3o Francisco Xavier, que o Jap\u00e3o [&hellip;]<\/p>\n","protected":false},"author":14,"featured_media":0,"comment_status":"open","ping_status":"open","sticky":false,"template":"","format":"standard","meta":{"ngg_post_thumbnail":0,"footnotes":""},"categories":[186],"tags":[],"yoast_head":"<!-- This site is optimized with the Yoast SEO plugin v23.5 - https:\/\/yoast.com\/wordpress\/plugins\/seo\/ -->\n<title>Santo Paulo Miki e companheiros - O Arcanjo no ar<\/title>\n<meta name=\"robots\" content=\"index, follow, max-snippet:-1, max-image-preview:large, max-video-preview:-1\" \/>\n<link rel=\"canonical\" href=\"https:\/\/www.oarcanjo.net\/site\/santo-paulo-miki-e-companheiros\/\" \/>\n<meta property=\"og:locale\" content=\"pt_BR\" \/>\n<meta property=\"og:type\" content=\"article\" \/>\n<meta property=\"og:title\" content=\"Santo Paulo Miki e companheiros - O Arcanjo no ar\" \/>\n<meta property=\"og:description\" content=\"\u00a0\u00a0\u00a0\u00a0\u00a0\u00a0\u00a0\u00a0\u00a0\u00a0\u00a0\u00a0\u00a0\u00a0\u00a0\u00a0\u00a0\u00a0\u00a0\u00a0\u00a0\u00a0\u00a0 6 de Fevereiro S\u00e3o Paulo Miki era jesu\u00edta e se dedicava ao ensino do catecismo com muito zelo, obtendo nesse apostolado convers\u00f5es espantosas. Foi crucificado em Nagazaki, por ordem do imperador pag\u00e3o, juntamente com outros dois jesu\u00edtas, seis franciscanos e dezessete leigos. Aconteceu atrav\u00e9s do trabalho evangelizador de S\u00e3o Francisco Xavier, que o Jap\u00e3o [&hellip;]\" \/>\n<meta property=\"og:url\" content=\"https:\/\/www.oarcanjo.net\/site\/santo-paulo-miki-e-companheiros\/\" \/>\n<meta property=\"og:site_name\" content=\"O Arcanjo no ar\" \/>\n<meta property=\"article:publisher\" content=\"https:\/\/www.facebook.com\/OArcanjoNoAr\/\" \/>\n<meta property=\"article:published_time\" content=\"2017-02-06T02:58:34+00:00\" \/>\n<meta property=\"article:modified_time\" content=\"2016-12-27T08:31:17+00:00\" \/>\n<meta property=\"og:image\" content=\"http:\/\/www.derradeirasgracas.com\/images\/1.%20O%20Santo%20do%20Dia%20-%20Fotos\/Santos%20de%20Fevereiro%20-%20Fotos\/Santos%20Paulo%20Miki%20e%20companheiros%20M%C3%A1rires%20.gif\" \/>\n<meta name=\"author\" content=\"danilo\" \/>\n<meta name=\"twitter:card\" content=\"summary_large_image\" \/>\n<meta name=\"twitter:label1\" content=\"Escrito por\" \/>\n\t<meta name=\"twitter:data1\" content=\"danilo\" \/>\n\t<meta name=\"twitter:label2\" content=\"Est. tempo de leitura\" \/>\n\t<meta name=\"twitter:data2\" content=\"3 minutos\" \/>\n<script type=\"application\/ld+json\" class=\"yoast-schema-graph\">{\"@context\":\"https:\/\/schema.org\",\"@graph\":[{\"@type\":\"Article\",\"@id\":\"https:\/\/www.oarcanjo.net\/site\/santo-paulo-miki-e-companheiros\/#article\",\"isPartOf\":{\"@id\":\"https:\/\/www.oarcanjo.net\/site\/santo-paulo-miki-e-companheiros\/\"},\"author\":{\"name\":\"danilo\",\"@id\":\"https:\/\/www.oarcanjo.net\/site\/#\/schema\/person\/5eb9480bedd2f3c97e430ce128c29c6c\"},\"headline\":\"Santo Paulo Miki e companheiros\",\"datePublished\":\"2017-02-06T02:58:34+00:00\",\"dateModified\":\"2016-12-27T08:31:17+00:00\",\"mainEntityOfPage\":{\"@id\":\"https:\/\/www.oarcanjo.net\/site\/santo-paulo-miki-e-companheiros\/\"},\"wordCount\":663,\"commentCount\":0,\"publisher\":{\"@id\":\"https:\/\/www.oarcanjo.net\/site\/#organization\"},\"image\":{\"@id\":\"https:\/\/www.oarcanjo.net\/site\/santo-paulo-miki-e-companheiros\/#primaryimage\"},\"thumbnailUrl\":\"http:\/\/www.derradeirasgracas.com\/images\/1.%20O%20Santo%20do%20Dia%20-%20Fotos\/Santos%20de%20Fevereiro%20-%20Fotos\/Santos%20Paulo%20Miki%20e%20companheiros%20M%C3%A1rires%20.gif\",\"articleSection\":[\"Testemunhos\"],\"inLanguage\":\"pt-BR\",\"potentialAction\":[{\"@type\":\"CommentAction\",\"name\":\"Comment\",\"target\":[\"https:\/\/www.oarcanjo.net\/site\/santo-paulo-miki-e-companheiros\/#respond\"]}]},{\"@type\":\"WebPage\",\"@id\":\"https:\/\/www.oarcanjo.net\/site\/santo-paulo-miki-e-companheiros\/\",\"url\":\"https:\/\/www.oarcanjo.net\/site\/santo-paulo-miki-e-companheiros\/\",\"name\":\"Santo Paulo Miki e companheiros - O Arcanjo no ar\",\"isPartOf\":{\"@id\":\"https:\/\/www.oarcanjo.net\/site\/#website\"},\"primaryImageOfPage\":{\"@id\":\"https:\/\/www.oarcanjo.net\/site\/santo-paulo-miki-e-companheiros\/#primaryimage\"},\"image\":{\"@id\":\"https:\/\/www.oarcanjo.net\/site\/santo-paulo-miki-e-companheiros\/#primaryimage\"},\"thumbnailUrl\":\"http:\/\/www.derradeirasgracas.com\/images\/1.%20O%20Santo%20do%20Dia%20-%20Fotos\/Santos%20de%20Fevereiro%20-%20Fotos\/Santos%20Paulo%20Miki%20e%20companheiros%20M%C3%A1rires%20.gif\",\"datePublished\":\"2017-02-06T02:58:34+00:00\",\"dateModified\":\"2016-12-27T08:31:17+00:00\",\"breadcrumb\":{\"@id\":\"https:\/\/www.oarcanjo.net\/site\/santo-paulo-miki-e-companheiros\/#breadcrumb\"},\"inLanguage\":\"pt-BR\",\"potentialAction\":[{\"@type\":\"ReadAction\",\"target\":[\"https:\/\/www.oarcanjo.net\/site\/santo-paulo-miki-e-companheiros\/\"]}]},{\"@type\":\"ImageObject\",\"inLanguage\":\"pt-BR\",\"@id\":\"https:\/\/www.oarcanjo.net\/site\/santo-paulo-miki-e-companheiros\/#primaryimage\",\"url\":\"http:\/\/www.derradeirasgracas.com\/images\/1.%20O%20Santo%20do%20Dia%20-%20Fotos\/Santos%20de%20Fevereiro%20-%20Fotos\/Santos%20Paulo%20Miki%20e%20companheiros%20M%C3%A1rires%20.gif\",\"contentUrl\":\"http:\/\/www.derradeirasgracas.com\/images\/1.%20O%20Santo%20do%20Dia%20-%20Fotos\/Santos%20de%20Fevereiro%20-%20Fotos\/Santos%20Paulo%20Miki%20e%20companheiros%20M%C3%A1rires%20.gif\"},{\"@type\":\"BreadcrumbList\",\"@id\":\"https:\/\/www.oarcanjo.net\/site\/santo-paulo-miki-e-companheiros\/#breadcrumb\",\"itemListElement\":[{\"@type\":\"ListItem\",\"position\":1,\"name\":\"In\u00edcio\",\"item\":\"https:\/\/www.oarcanjo.net\/site\/\"},{\"@type\":\"ListItem\",\"position\":2,\"name\":\"Santo Paulo Miki e companheiros\"}]},{\"@type\":\"WebSite\",\"@id\":\"https:\/\/www.oarcanjo.net\/site\/#website\",\"url\":\"https:\/\/www.oarcanjo.net\/site\/\",\"name\":\"O Arcanjo no ar\",\"description\":\"Site da Par\u00f3quia S\u00e3o Miguel Arcanjo (Arquidiocese de SP)\",\"publisher\":{\"@id\":\"https:\/\/www.oarcanjo.net\/site\/#organization\"},\"potentialAction\":[{\"@type\":\"SearchAction\",\"target\":{\"@type\":\"EntryPoint\",\"urlTemplate\":\"https:\/\/www.oarcanjo.net\/site\/?s={search_term_string}\"},\"query-input\":{\"@type\":\"PropertyValueSpecification\",\"valueRequired\":true,\"valueName\":\"search_term_string\"}}],\"inLanguage\":\"pt-BR\"},{\"@type\":\"Organization\",\"@id\":\"https:\/\/www.oarcanjo.net\/site\/#organization\",\"name\":\"Par\u00f3quia S\u00e3o Miguel Arcanjo\",\"url\":\"https:\/\/www.oarcanjo.net\/site\/\",\"logo\":{\"@type\":\"ImageObject\",\"inLanguage\":\"pt-BR\",\"@id\":\"https:\/\/www.oarcanjo.net\/site\/#\/schema\/logo\/image\/\",\"url\":\"https:\/\/www.oarcanjo.net\/site\/wp-content\/uploads\/LogoOArcanjo.png\",\"contentUrl\":\"https:\/\/www.oarcanjo.net\/site\/wp-content\/uploads\/LogoOArcanjo.png\",\"width\":319,\"height\":99,\"caption\":\"Par\u00f3quia S\u00e3o Miguel Arcanjo\"},\"image\":{\"@id\":\"https:\/\/www.oarcanjo.net\/site\/#\/schema\/logo\/image\/\"},\"sameAs\":[\"https:\/\/www.facebook.com\/OArcanjoNoAr\/\"]},{\"@type\":\"Person\",\"@id\":\"https:\/\/www.oarcanjo.net\/site\/#\/schema\/person\/5eb9480bedd2f3c97e430ce128c29c6c\",\"name\":\"danilo\"}]}<\/script>\n<!-- \/ Yoast SEO plugin. -->","yoast_head_json":{"title":"Santo Paulo Miki e companheiros - O Arcanjo no ar","robots":{"index":"index","follow":"follow","max-snippet":"max-snippet:-1","max-image-preview":"max-image-preview:large","max-video-preview":"max-video-preview:-1"},"canonical":"https:\/\/www.oarcanjo.net\/site\/santo-paulo-miki-e-companheiros\/","og_locale":"pt_BR","og_type":"article","og_title":"Santo Paulo Miki e companheiros - O Arcanjo no ar","og_description":"\u00a0\u00a0\u00a0\u00a0\u00a0\u00a0\u00a0\u00a0\u00a0\u00a0\u00a0\u00a0\u00a0\u00a0\u00a0\u00a0\u00a0\u00a0\u00a0\u00a0\u00a0\u00a0\u00a0 6 de Fevereiro S\u00e3o Paulo Miki era jesu\u00edta e se dedicava ao ensino do catecismo com muito zelo, obtendo nesse apostolado convers\u00f5es espantosas. Foi crucificado em Nagazaki, por ordem do imperador pag\u00e3o, juntamente com outros dois jesu\u00edtas, seis franciscanos e dezessete leigos. Aconteceu atrav\u00e9s do trabalho evangelizador de S\u00e3o Francisco Xavier, que o Jap\u00e3o [&hellip;]","og_url":"https:\/\/www.oarcanjo.net\/site\/santo-paulo-miki-e-companheiros\/","og_site_name":"O Arcanjo no ar","article_publisher":"https:\/\/www.facebook.com\/OArcanjoNoAr\/","article_published_time":"2017-02-06T02:58:34+00:00","article_modified_time":"2016-12-27T08:31:17+00:00","og_image":[{"url":"http:\/\/www.derradeirasgracas.com\/images\/1.%20O%20Santo%20do%20Dia%20-%20Fotos\/Santos%20de%20Fevereiro%20-%20Fotos\/Santos%20Paulo%20Miki%20e%20companheiros%20M%C3%A1rires%20.gif"}],"author":"danilo","twitter_card":"summary_large_image","twitter_misc":{"Escrito por":"danilo","Est. tempo de leitura":"3 minutos"},"schema":{"@context":"https:\/\/schema.org","@graph":[{"@type":"Article","@id":"https:\/\/www.oarcanjo.net\/site\/santo-paulo-miki-e-companheiros\/#article","isPartOf":{"@id":"https:\/\/www.oarcanjo.net\/site\/santo-paulo-miki-e-companheiros\/"},"author":{"name":"danilo","@id":"https:\/\/www.oarcanjo.net\/site\/#\/schema\/person\/5eb9480bedd2f3c97e430ce128c29c6c"},"headline":"Santo Paulo Miki e companheiros","datePublished":"2017-02-06T02:58:34+00:00","dateModified":"2016-12-27T08:31:17+00:00","mainEntityOfPage":{"@id":"https:\/\/www.oarcanjo.net\/site\/santo-paulo-miki-e-companheiros\/"},"wordCount":663,"commentCount":0,"publisher":{"@id":"https:\/\/www.oarcanjo.net\/site\/#organization"},"image":{"@id":"https:\/\/www.oarcanjo.net\/site\/santo-paulo-miki-e-companheiros\/#primaryimage"},"thumbnailUrl":"http:\/\/www.derradeirasgracas.com\/images\/1.%20O%20Santo%20do%20Dia%20-%20Fotos\/Santos%20de%20Fevereiro%20-%20Fotos\/Santos%20Paulo%20Miki%20e%20companheiros%20M%C3%A1rires%20.gif","articleSection":["Testemunhos"],"inLanguage":"pt-BR","potentialAction":[{"@type":"CommentAction","name":"Comment","target":["https:\/\/www.oarcanjo.net\/site\/santo-paulo-miki-e-companheiros\/#respond"]}]},{"@type":"WebPage","@id":"https:\/\/www.oarcanjo.net\/site\/santo-paulo-miki-e-companheiros\/","url":"https:\/\/www.oarcanjo.net\/site\/santo-paulo-miki-e-companheiros\/","name":"Santo Paulo Miki e companheiros - O Arcanjo no ar","isPartOf":{"@id":"https:\/\/www.oarcanjo.net\/site\/#website"},"primaryImageOfPage":{"@id":"https:\/\/www.oarcanjo.net\/site\/santo-paulo-miki-e-companheiros\/#primaryimage"},"image":{"@id":"https:\/\/www.oarcanjo.net\/site\/santo-paulo-miki-e-companheiros\/#primaryimage"},"thumbnailUrl":"http:\/\/www.derradeirasgracas.com\/images\/1.%20O%20Santo%20do%20Dia%20-%20Fotos\/Santos%20de%20Fevereiro%20-%20Fotos\/Santos%20Paulo%20Miki%20e%20companheiros%20M%C3%A1rires%20.gif","datePublished":"2017-02-06T02:58:34+00:00","dateModified":"2016-12-27T08:31:17+00:00","breadcrumb":{"@id":"https:\/\/www.oarcanjo.net\/site\/santo-paulo-miki-e-companheiros\/#breadcrumb"},"inLanguage":"pt-BR","potentialAction":[{"@type":"ReadAction","target":["https:\/\/www.oarcanjo.net\/site\/santo-paulo-miki-e-companheiros\/"]}]},{"@type":"ImageObject","inLanguage":"pt-BR","@id":"https:\/\/www.oarcanjo.net\/site\/santo-paulo-miki-e-companheiros\/#primaryimage","url":"http:\/\/www.derradeirasgracas.com\/images\/1.%20O%20Santo%20do%20Dia%20-%20Fotos\/Santos%20de%20Fevereiro%20-%20Fotos\/Santos%20Paulo%20Miki%20e%20companheiros%20M%C3%A1rires%20.gif","contentUrl":"http:\/\/www.derradeirasgracas.com\/images\/1.%20O%20Santo%20do%20Dia%20-%20Fotos\/Santos%20de%20Fevereiro%20-%20Fotos\/Santos%20Paulo%20Miki%20e%20companheiros%20M%C3%A1rires%20.gif"},{"@type":"BreadcrumbList","@id":"https:\/\/www.oarcanjo.net\/site\/santo-paulo-miki-e-companheiros\/#breadcrumb","itemListElement":[{"@type":"ListItem","position":1,"name":"In\u00edcio","item":"https:\/\/www.oarcanjo.net\/site\/"},{"@type":"ListItem","position":2,"name":"Santo Paulo Miki e companheiros"}]},{"@type":"WebSite","@id":"https:\/\/www.oarcanjo.net\/site\/#website","url":"https:\/\/www.oarcanjo.net\/site\/","name":"O Arcanjo no ar","description":"Site da Par\u00f3quia S\u00e3o Miguel Arcanjo (Arquidiocese de SP)","publisher":{"@id":"https:\/\/www.oarcanjo.net\/site\/#organization"},"potentialAction":[{"@type":"SearchAction","target":{"@type":"EntryPoint","urlTemplate":"https:\/\/www.oarcanjo.net\/site\/?s={search_term_string}"},"query-input":{"@type":"PropertyValueSpecification","valueRequired":true,"valueName":"search_term_string"}}],"inLanguage":"pt-BR"},{"@type":"Organization","@id":"https:\/\/www.oarcanjo.net\/site\/#organization","name":"Par\u00f3quia S\u00e3o Miguel Arcanjo","url":"https:\/\/www.oarcanjo.net\/site\/","logo":{"@type":"ImageObject","inLanguage":"pt-BR","@id":"https:\/\/www.oarcanjo.net\/site\/#\/schema\/logo\/image\/","url":"https:\/\/www.oarcanjo.net\/site\/wp-content\/uploads\/LogoOArcanjo.png","contentUrl":"https:\/\/www.oarcanjo.net\/site\/wp-content\/uploads\/LogoOArcanjo.png","width":319,"height":99,"caption":"Par\u00f3quia S\u00e3o Miguel Arcanjo"},"image":{"@id":"https:\/\/www.oarcanjo.net\/site\/#\/schema\/logo\/image\/"},"sameAs":["https:\/\/www.facebook.com\/OArcanjoNoAr\/"]},{"@type":"Person","@id":"https:\/\/www.oarcanjo.net\/site\/#\/schema\/person\/5eb9480bedd2f3c97e430ce128c29c6c","name":"danilo"}]}},"publishpress_future_action":{"enabled":false,"date":"2026-05-09 03:59:16","action":"category","newStatus":"draft","terms":[],"taxonomy":"category"},"publishpress_future_workflow_manual_trigger":{"enabledWorkflows":[]},"_links":{"self":[{"href":"https:\/\/www.oarcanjo.net\/site\/wp-json\/wp\/v2\/posts\/7619"}],"collection":[{"href":"https:\/\/www.oarcanjo.net\/site\/wp-json\/wp\/v2\/posts"}],"about":[{"href":"https:\/\/www.oarcanjo.net\/site\/wp-json\/wp\/v2\/types\/post"}],"author":[{"embeddable":true,"href":"https:\/\/www.oarcanjo.net\/site\/wp-json\/wp\/v2\/users\/14"}],"replies":[{"embeddable":true,"href":"https:\/\/www.oarcanjo.net\/site\/wp-json\/wp\/v2\/comments?post=7619"}],"version-history":[{"count":0,"href":"https:\/\/www.oarcanjo.net\/site\/wp-json\/wp\/v2\/posts\/7619\/revisions"}],"wp:attachment":[{"href":"https:\/\/www.oarcanjo.net\/site\/wp-json\/wp\/v2\/media?parent=7619"}],"wp:term":[{"taxonomy":"category","embeddable":true,"href":"https:\/\/www.oarcanjo.net\/site\/wp-json\/wp\/v2\/categories?post=7619"},{"taxonomy":"post_tag","embeddable":true,"href":"https:\/\/www.oarcanjo.net\/site\/wp-json\/wp\/v2\/tags?post=7619"}],"curies":[{"name":"wp","href":"https:\/\/api.w.org\/{rel}","templated":true}]}}