
{"id":7621,"date":"2017-02-07T00:05:05","date_gmt":"2017-02-07T02:05:05","guid":{"rendered":"http:\/\/www.oarcanjo.net\/site\/?p=7621"},"modified":"2016-12-27T06:31:21","modified_gmt":"2016-12-27T08:31:21","slug":"bem-aventurada-eugenia-smet-madre-maria-da-providencia","status":"publish","type":"post","link":"https:\/\/www.oarcanjo.net\/site\/bem-aventurada-eugenia-smet-madre-maria-da-providencia\/","title":{"rendered":"Bem Aventurada Eug\u00eania Smet -Madre Maria da Provid\u00eancia"},"content":{"rendered":"<p><img decoding=\"async\" src=\"http:\/\/www.domund.org\/Imagenes\/Secciones\/carismas\/hermanasauxiliadoras02.jpg\" alt=\"\" \/><\/p>\n<p>Fundou a Congrega\u00e7\u00e3o das irm\u00e3s Auxiliadoras das Almas do Purgat\u00f3rio<\/p>\n<p>7 de Fevereiro<\/p>\n<p>Eug\u00eania Maria Josefina Smet, nasceu na cidade de Loos Lez Lille, na Fran\u00e7a, no dia 25 de mar\u00e7o de 1825. Sua inf\u00e2ncia foi tranq\u00fcila, no seio de uma fam\u00edlia burguesa de origem flamenga, recebendo uma educa\u00e7\u00e3o com s\u00e9rios princ\u00edpios morais e crist\u00e3os.<\/p>\n<p>Aos dezessete anos, terminou os estudos e queria seguir a vida religiosa como as irm\u00e3s do col\u00e9gio do Sagrado Cora\u00e7\u00e3o, onde ficou interna por dez anos. Mas, regressou para a fam\u00edlia. Pela inclina\u00e7\u00e3o religiosa e com sua s\u00f3lida forma\u00e7\u00e3o, caracterizada pela total confian\u00e7a na Provid\u00eancia Divina, pelo amor dedicado as almas benditas do Purgat\u00f3rio, ela ingressou no apostolado leigo da par\u00f3quia. Primeiro comunicou ao seu confessor que havia feito o voto privado de castidade e depois come\u00e7ou a trabalhar nas obras de caridade.<\/p>\n<p>Nestas obras, ningu\u00e9m da par\u00f3quia, tinha tanta dedica\u00e7\u00e3o quanto Eug\u00eania. Distribu\u00eda diariamente alimentos aos carentes e para os enfermos. Sua participa\u00e7\u00e3o ativa e objetiva aumentava cada vez mais os donativos para as obras Mission\u00e1rias, deixando os padres admirados com seu senso de organiza\u00e7\u00e3o e carisma. &#8220;\u00c9 necess\u00e1rio ajudar bem a Provid\u00eancia&#8221;, dizia ela, justificando os crescentes donativos e pacotes de alimentos que conseguia.<\/p>\n<p>Eugenia, aos vinte e oito anos resolveu criar uma associa\u00e7\u00e3o leiga de fi\u00e9is para interceder com ora\u00e7\u00f5es, pelas almas do Purgat\u00f3rio. Apesar das ades\u00f5es, tantas foram as dificuldades que decidiu fundar uma congrega\u00e7\u00e3o de religiosa. Durante tr\u00eas anos, Eug\u00eania pediu conselhos a muitas pessoas influentes da Igreja, inclusive ao papa Pio IX e ao padre Cura d&#8217;Arns, que a apoiaram. Mais tarde ambos foram canonizados.<\/p>\n<p>Em 1856, Eug\u00eania foi para Paris, onde com a orienta\u00e7\u00e3o espiritual de um padre jesu\u00edta e com mais cinco religiosas, iniciou a congrega\u00e7\u00e3o das madres Auxiliadoras das Almas do Purgat\u00f3rio. Mas, como ela conheceu o dur\u00edssimo &#8220;purgat\u00f3rio&#8221; que muitos passavam ainda em vida, concluiu que deveriam interceder nas duas frentes: as almas receberiam as ora\u00e7\u00f5es e os vivos carentes, alimenta\u00e7\u00e3o, alfabetiza\u00e7\u00e3o e tratamento quando enfermos. Assim, sempre confiante na Provid\u00eancia, seguiu avante serena e decidida.<\/p>\n<p>Em 1859, o padre jesu\u00edta elaborou o Regulamento da congrega\u00e7\u00e3o, submetido \u00e0s Regras da Companhia de Jesus, que foi aceito e adotado. No mesmo ano, as religiosas fizeram o juramento de cumprir as Regras. A fundadora recebeu o nome de madre Maria da Provid\u00eancia. Depois ela fundou novas casas na Fran\u00e7a e enviou religiosas para a China.<\/p>\n<p>Madre Maria da Provid\u00eancia, faleceu em paz no dia 7 de fevereiro de 1871 consumida por um c\u00e2ncer. Ap\u00f3s a morte seu rosto, crispado pelas dores, voltou a ficar sereno e tranq\u00fcilo. O papa Pio XII declarou Eug\u00eania Smet, madre Maria da Provid\u00eancia, Beata, em 1957, com sua celebra\u00e7\u00e3o lit\u00fargica no dia 7 de fevereiro.<\/p>\n<p><a href=\"http:\/\/www.santiebeati.it\/immagini\/?mode=view&amp;album=39900&amp;pic=39900A.JPG&amp;dispsize=Original&amp;start=0\"><img loading=\"lazy\" decoding=\"async\" src=\"http:\/\/www.santiebeati.it\/immagini\/Thumbs\/39900\/39900A.JPG\" border=\"0\" alt=\"\" hspace=\"3\" vspace=\"3\" width=\"111\" height=\"150\" \/><\/a><\/p>\n<div id=\"themify_builder_content-7621\" data-postid=\"7621\" class=\"themify_builder_content themify_builder_content-7621 themify_builder themify_builder_front\">\n\t<\/div>\n<!-- \/themify_builder_content -->","protected":false},"excerpt":{"rendered":"<p>Fundou a Congrega\u00e7\u00e3o das irm\u00e3s Auxiliadoras das Almas do Purgat\u00f3rio 7 de Fevereiro Eug\u00eania Maria Josefina Smet, nasceu na cidade de Loos Lez Lille, na Fran\u00e7a, no dia 25 de mar\u00e7o de 1825. Sua inf\u00e2ncia foi tranq\u00fcila, no seio de uma fam\u00edlia burguesa de origem flamenga, recebendo uma educa\u00e7\u00e3o com s\u00e9rios princ\u00edpios morais e crist\u00e3os. [&hellip;]<\/p>\n","protected":false},"author":14,"featured_media":0,"comment_status":"open","ping_status":"open","sticky":false,"template":"","format":"standard","meta":{"ngg_post_thumbnail":0,"footnotes":""},"categories":[186],"tags":[],"yoast_head":"<!-- This site is optimized with the Yoast SEO plugin v23.5 - https:\/\/yoast.com\/wordpress\/plugins\/seo\/ -->\n<title>Bem Aventurada Eug\u00eania Smet -Madre Maria da Provid\u00eancia - O Arcanjo no ar<\/title>\n<meta name=\"robots\" content=\"index, follow, max-snippet:-1, max-image-preview:large, max-video-preview:-1\" \/>\n<link rel=\"canonical\" href=\"https:\/\/www.oarcanjo.net\/site\/bem-aventurada-eugenia-smet-madre-maria-da-providencia\/\" \/>\n<meta property=\"og:locale\" content=\"pt_BR\" \/>\n<meta property=\"og:type\" content=\"article\" \/>\n<meta property=\"og:title\" content=\"Bem Aventurada Eug\u00eania Smet -Madre Maria da Provid\u00eancia - O Arcanjo no ar\" \/>\n<meta property=\"og:description\" content=\"Fundou a Congrega\u00e7\u00e3o das irm\u00e3s Auxiliadoras das Almas do Purgat\u00f3rio 7 de Fevereiro Eug\u00eania Maria Josefina Smet, nasceu na cidade de Loos Lez Lille, na Fran\u00e7a, no dia 25 de mar\u00e7o de 1825. Sua inf\u00e2ncia foi tranq\u00fcila, no seio de uma fam\u00edlia burguesa de origem flamenga, recebendo uma educa\u00e7\u00e3o com s\u00e9rios princ\u00edpios morais e crist\u00e3os. [&hellip;]\" \/>\n<meta property=\"og:url\" content=\"https:\/\/www.oarcanjo.net\/site\/bem-aventurada-eugenia-smet-madre-maria-da-providencia\/\" \/>\n<meta property=\"og:site_name\" content=\"O Arcanjo no ar\" \/>\n<meta property=\"article:publisher\" content=\"https:\/\/www.facebook.com\/OArcanjoNoAr\/\" \/>\n<meta property=\"article:published_time\" content=\"2017-02-07T02:05:05+00:00\" \/>\n<meta property=\"article:modified_time\" content=\"2016-12-27T08:31:21+00:00\" \/>\n<meta property=\"og:image\" content=\"http:\/\/www.domund.org\/Imagenes\/Secciones\/carismas\/hermanasauxiliadoras02.jpg\" \/>\n<meta name=\"author\" content=\"danilo\" \/>\n<meta name=\"twitter:card\" content=\"summary_large_image\" \/>\n<meta name=\"twitter:label1\" content=\"Escrito por\" \/>\n\t<meta name=\"twitter:data1\" content=\"danilo\" \/>\n\t<meta name=\"twitter:label2\" content=\"Est. tempo de leitura\" \/>\n\t<meta name=\"twitter:data2\" content=\"3 minutos\" \/>\n<script type=\"application\/ld+json\" class=\"yoast-schema-graph\">{\"@context\":\"https:\/\/schema.org\",\"@graph\":[{\"@type\":\"Article\",\"@id\":\"https:\/\/www.oarcanjo.net\/site\/bem-aventurada-eugenia-smet-madre-maria-da-providencia\/#article\",\"isPartOf\":{\"@id\":\"https:\/\/www.oarcanjo.net\/site\/bem-aventurada-eugenia-smet-madre-maria-da-providencia\/\"},\"author\":{\"name\":\"danilo\",\"@id\":\"https:\/\/www.oarcanjo.net\/site\/#\/schema\/person\/5eb9480bedd2f3c97e430ce128c29c6c\"},\"headline\":\"Bem Aventurada Eug\u00eania Smet -Madre Maria da Provid\u00eancia\",\"datePublished\":\"2017-02-07T02:05:05+00:00\",\"dateModified\":\"2016-12-27T08:31:21+00:00\",\"mainEntityOfPage\":{\"@id\":\"https:\/\/www.oarcanjo.net\/site\/bem-aventurada-eugenia-smet-madre-maria-da-providencia\/\"},\"wordCount\":519,\"commentCount\":0,\"publisher\":{\"@id\":\"https:\/\/www.oarcanjo.net\/site\/#organization\"},\"image\":{\"@id\":\"https:\/\/www.oarcanjo.net\/site\/bem-aventurada-eugenia-smet-madre-maria-da-providencia\/#primaryimage\"},\"thumbnailUrl\":\"http:\/\/www.domund.org\/Imagenes\/Secciones\/carismas\/hermanasauxiliadoras02.jpg\",\"articleSection\":[\"Testemunhos\"],\"inLanguage\":\"pt-BR\",\"potentialAction\":[{\"@type\":\"CommentAction\",\"name\":\"Comment\",\"target\":[\"https:\/\/www.oarcanjo.net\/site\/bem-aventurada-eugenia-smet-madre-maria-da-providencia\/#respond\"]}]},{\"@type\":\"WebPage\",\"@id\":\"https:\/\/www.oarcanjo.net\/site\/bem-aventurada-eugenia-smet-madre-maria-da-providencia\/\",\"url\":\"https:\/\/www.oarcanjo.net\/site\/bem-aventurada-eugenia-smet-madre-maria-da-providencia\/\",\"name\":\"Bem Aventurada Eug\u00eania Smet -Madre Maria da Provid\u00eancia - O Arcanjo no ar\",\"isPartOf\":{\"@id\":\"https:\/\/www.oarcanjo.net\/site\/#website\"},\"primaryImageOfPage\":{\"@id\":\"https:\/\/www.oarcanjo.net\/site\/bem-aventurada-eugenia-smet-madre-maria-da-providencia\/#primaryimage\"},\"image\":{\"@id\":\"https:\/\/www.oarcanjo.net\/site\/bem-aventurada-eugenia-smet-madre-maria-da-providencia\/#primaryimage\"},\"thumbnailUrl\":\"http:\/\/www.domund.org\/Imagenes\/Secciones\/carismas\/hermanasauxiliadoras02.jpg\",\"datePublished\":\"2017-02-07T02:05:05+00:00\",\"dateModified\":\"2016-12-27T08:31:21+00:00\",\"breadcrumb\":{\"@id\":\"https:\/\/www.oarcanjo.net\/site\/bem-aventurada-eugenia-smet-madre-maria-da-providencia\/#breadcrumb\"},\"inLanguage\":\"pt-BR\",\"potentialAction\":[{\"@type\":\"ReadAction\",\"target\":[\"https:\/\/www.oarcanjo.net\/site\/bem-aventurada-eugenia-smet-madre-maria-da-providencia\/\"]}]},{\"@type\":\"ImageObject\",\"inLanguage\":\"pt-BR\",\"@id\":\"https:\/\/www.oarcanjo.net\/site\/bem-aventurada-eugenia-smet-madre-maria-da-providencia\/#primaryimage\",\"url\":\"http:\/\/www.domund.org\/Imagenes\/Secciones\/carismas\/hermanasauxiliadoras02.jpg\",\"contentUrl\":\"http:\/\/www.domund.org\/Imagenes\/Secciones\/carismas\/hermanasauxiliadoras02.jpg\"},{\"@type\":\"BreadcrumbList\",\"@id\":\"https:\/\/www.oarcanjo.net\/site\/bem-aventurada-eugenia-smet-madre-maria-da-providencia\/#breadcrumb\",\"itemListElement\":[{\"@type\":\"ListItem\",\"position\":1,\"name\":\"In\u00edcio\",\"item\":\"https:\/\/www.oarcanjo.net\/site\/\"},{\"@type\":\"ListItem\",\"position\":2,\"name\":\"Bem Aventurada Eug\u00eania Smet -Madre Maria da Provid\u00eancia\"}]},{\"@type\":\"WebSite\",\"@id\":\"https:\/\/www.oarcanjo.net\/site\/#website\",\"url\":\"https:\/\/www.oarcanjo.net\/site\/\",\"name\":\"O Arcanjo no ar\",\"description\":\"Site da Par\u00f3quia S\u00e3o Miguel Arcanjo (Arquidiocese de SP)\",\"publisher\":{\"@id\":\"https:\/\/www.oarcanjo.net\/site\/#organization\"},\"potentialAction\":[{\"@type\":\"SearchAction\",\"target\":{\"@type\":\"EntryPoint\",\"urlTemplate\":\"https:\/\/www.oarcanjo.net\/site\/?s={search_term_string}\"},\"query-input\":{\"@type\":\"PropertyValueSpecification\",\"valueRequired\":true,\"valueName\":\"search_term_string\"}}],\"inLanguage\":\"pt-BR\"},{\"@type\":\"Organization\",\"@id\":\"https:\/\/www.oarcanjo.net\/site\/#organization\",\"name\":\"Par\u00f3quia S\u00e3o Miguel Arcanjo\",\"url\":\"https:\/\/www.oarcanjo.net\/site\/\",\"logo\":{\"@type\":\"ImageObject\",\"inLanguage\":\"pt-BR\",\"@id\":\"https:\/\/www.oarcanjo.net\/site\/#\/schema\/logo\/image\/\",\"url\":\"https:\/\/www.oarcanjo.net\/site\/wp-content\/uploads\/LogoOArcanjo.png\",\"contentUrl\":\"https:\/\/www.oarcanjo.net\/site\/wp-content\/uploads\/LogoOArcanjo.png\",\"width\":319,\"height\":99,\"caption\":\"Par\u00f3quia S\u00e3o Miguel Arcanjo\"},\"image\":{\"@id\":\"https:\/\/www.oarcanjo.net\/site\/#\/schema\/logo\/image\/\"},\"sameAs\":[\"https:\/\/www.facebook.com\/OArcanjoNoAr\/\"]},{\"@type\":\"Person\",\"@id\":\"https:\/\/www.oarcanjo.net\/site\/#\/schema\/person\/5eb9480bedd2f3c97e430ce128c29c6c\",\"name\":\"danilo\"}]}<\/script>\n<!-- \/ Yoast SEO plugin. -->","yoast_head_json":{"title":"Bem Aventurada Eug\u00eania Smet -Madre Maria da Provid\u00eancia - O Arcanjo no ar","robots":{"index":"index","follow":"follow","max-snippet":"max-snippet:-1","max-image-preview":"max-image-preview:large","max-video-preview":"max-video-preview:-1"},"canonical":"https:\/\/www.oarcanjo.net\/site\/bem-aventurada-eugenia-smet-madre-maria-da-providencia\/","og_locale":"pt_BR","og_type":"article","og_title":"Bem Aventurada Eug\u00eania Smet -Madre Maria da Provid\u00eancia - O Arcanjo no ar","og_description":"Fundou a Congrega\u00e7\u00e3o das irm\u00e3s Auxiliadoras das Almas do Purgat\u00f3rio 7 de Fevereiro Eug\u00eania Maria Josefina Smet, nasceu na cidade de Loos Lez Lille, na Fran\u00e7a, no dia 25 de mar\u00e7o de 1825. Sua inf\u00e2ncia foi tranq\u00fcila, no seio de uma fam\u00edlia burguesa de origem flamenga, recebendo uma educa\u00e7\u00e3o com s\u00e9rios princ\u00edpios morais e crist\u00e3os. [&hellip;]","og_url":"https:\/\/www.oarcanjo.net\/site\/bem-aventurada-eugenia-smet-madre-maria-da-providencia\/","og_site_name":"O Arcanjo no ar","article_publisher":"https:\/\/www.facebook.com\/OArcanjoNoAr\/","article_published_time":"2017-02-07T02:05:05+00:00","article_modified_time":"2016-12-27T08:31:21+00:00","og_image":[{"url":"http:\/\/www.domund.org\/Imagenes\/Secciones\/carismas\/hermanasauxiliadoras02.jpg"}],"author":"danilo","twitter_card":"summary_large_image","twitter_misc":{"Escrito por":"danilo","Est. tempo de leitura":"3 minutos"},"schema":{"@context":"https:\/\/schema.org","@graph":[{"@type":"Article","@id":"https:\/\/www.oarcanjo.net\/site\/bem-aventurada-eugenia-smet-madre-maria-da-providencia\/#article","isPartOf":{"@id":"https:\/\/www.oarcanjo.net\/site\/bem-aventurada-eugenia-smet-madre-maria-da-providencia\/"},"author":{"name":"danilo","@id":"https:\/\/www.oarcanjo.net\/site\/#\/schema\/person\/5eb9480bedd2f3c97e430ce128c29c6c"},"headline":"Bem Aventurada Eug\u00eania Smet -Madre Maria da Provid\u00eancia","datePublished":"2017-02-07T02:05:05+00:00","dateModified":"2016-12-27T08:31:21+00:00","mainEntityOfPage":{"@id":"https:\/\/www.oarcanjo.net\/site\/bem-aventurada-eugenia-smet-madre-maria-da-providencia\/"},"wordCount":519,"commentCount":0,"publisher":{"@id":"https:\/\/www.oarcanjo.net\/site\/#organization"},"image":{"@id":"https:\/\/www.oarcanjo.net\/site\/bem-aventurada-eugenia-smet-madre-maria-da-providencia\/#primaryimage"},"thumbnailUrl":"http:\/\/www.domund.org\/Imagenes\/Secciones\/carismas\/hermanasauxiliadoras02.jpg","articleSection":["Testemunhos"],"inLanguage":"pt-BR","potentialAction":[{"@type":"CommentAction","name":"Comment","target":["https:\/\/www.oarcanjo.net\/site\/bem-aventurada-eugenia-smet-madre-maria-da-providencia\/#respond"]}]},{"@type":"WebPage","@id":"https:\/\/www.oarcanjo.net\/site\/bem-aventurada-eugenia-smet-madre-maria-da-providencia\/","url":"https:\/\/www.oarcanjo.net\/site\/bem-aventurada-eugenia-smet-madre-maria-da-providencia\/","name":"Bem Aventurada Eug\u00eania Smet -Madre Maria da Provid\u00eancia - O Arcanjo no ar","isPartOf":{"@id":"https:\/\/www.oarcanjo.net\/site\/#website"},"primaryImageOfPage":{"@id":"https:\/\/www.oarcanjo.net\/site\/bem-aventurada-eugenia-smet-madre-maria-da-providencia\/#primaryimage"},"image":{"@id":"https:\/\/www.oarcanjo.net\/site\/bem-aventurada-eugenia-smet-madre-maria-da-providencia\/#primaryimage"},"thumbnailUrl":"http:\/\/www.domund.org\/Imagenes\/Secciones\/carismas\/hermanasauxiliadoras02.jpg","datePublished":"2017-02-07T02:05:05+00:00","dateModified":"2016-12-27T08:31:21+00:00","breadcrumb":{"@id":"https:\/\/www.oarcanjo.net\/site\/bem-aventurada-eugenia-smet-madre-maria-da-providencia\/#breadcrumb"},"inLanguage":"pt-BR","potentialAction":[{"@type":"ReadAction","target":["https:\/\/www.oarcanjo.net\/site\/bem-aventurada-eugenia-smet-madre-maria-da-providencia\/"]}]},{"@type":"ImageObject","inLanguage":"pt-BR","@id":"https:\/\/www.oarcanjo.net\/site\/bem-aventurada-eugenia-smet-madre-maria-da-providencia\/#primaryimage","url":"http:\/\/www.domund.org\/Imagenes\/Secciones\/carismas\/hermanasauxiliadoras02.jpg","contentUrl":"http:\/\/www.domund.org\/Imagenes\/Secciones\/carismas\/hermanasauxiliadoras02.jpg"},{"@type":"BreadcrumbList","@id":"https:\/\/www.oarcanjo.net\/site\/bem-aventurada-eugenia-smet-madre-maria-da-providencia\/#breadcrumb","itemListElement":[{"@type":"ListItem","position":1,"name":"In\u00edcio","item":"https:\/\/www.oarcanjo.net\/site\/"},{"@type":"ListItem","position":2,"name":"Bem Aventurada Eug\u00eania Smet -Madre Maria da Provid\u00eancia"}]},{"@type":"WebSite","@id":"https:\/\/www.oarcanjo.net\/site\/#website","url":"https:\/\/www.oarcanjo.net\/site\/","name":"O Arcanjo no ar","description":"Site da Par\u00f3quia S\u00e3o Miguel Arcanjo (Arquidiocese de SP)","publisher":{"@id":"https:\/\/www.oarcanjo.net\/site\/#organization"},"potentialAction":[{"@type":"SearchAction","target":{"@type":"EntryPoint","urlTemplate":"https:\/\/www.oarcanjo.net\/site\/?s={search_term_string}"},"query-input":{"@type":"PropertyValueSpecification","valueRequired":true,"valueName":"search_term_string"}}],"inLanguage":"pt-BR"},{"@type":"Organization","@id":"https:\/\/www.oarcanjo.net\/site\/#organization","name":"Par\u00f3quia S\u00e3o Miguel Arcanjo","url":"https:\/\/www.oarcanjo.net\/site\/","logo":{"@type":"ImageObject","inLanguage":"pt-BR","@id":"https:\/\/www.oarcanjo.net\/site\/#\/schema\/logo\/image\/","url":"https:\/\/www.oarcanjo.net\/site\/wp-content\/uploads\/LogoOArcanjo.png","contentUrl":"https:\/\/www.oarcanjo.net\/site\/wp-content\/uploads\/LogoOArcanjo.png","width":319,"height":99,"caption":"Par\u00f3quia S\u00e3o Miguel Arcanjo"},"image":{"@id":"https:\/\/www.oarcanjo.net\/site\/#\/schema\/logo\/image\/"},"sameAs":["https:\/\/www.facebook.com\/OArcanjoNoAr\/"]},{"@type":"Person","@id":"https:\/\/www.oarcanjo.net\/site\/#\/schema\/person\/5eb9480bedd2f3c97e430ce128c29c6c","name":"danilo"}]}},"publishpress_future_action":{"enabled":false,"date":"2026-05-09 03:58:14","action":"category","newStatus":"draft","terms":[],"taxonomy":"category"},"publishpress_future_workflow_manual_trigger":{"enabledWorkflows":[]},"_links":{"self":[{"href":"https:\/\/www.oarcanjo.net\/site\/wp-json\/wp\/v2\/posts\/7621"}],"collection":[{"href":"https:\/\/www.oarcanjo.net\/site\/wp-json\/wp\/v2\/posts"}],"about":[{"href":"https:\/\/www.oarcanjo.net\/site\/wp-json\/wp\/v2\/types\/post"}],"author":[{"embeddable":true,"href":"https:\/\/www.oarcanjo.net\/site\/wp-json\/wp\/v2\/users\/14"}],"replies":[{"embeddable":true,"href":"https:\/\/www.oarcanjo.net\/site\/wp-json\/wp\/v2\/comments?post=7621"}],"version-history":[{"count":0,"href":"https:\/\/www.oarcanjo.net\/site\/wp-json\/wp\/v2\/posts\/7621\/revisions"}],"wp:attachment":[{"href":"https:\/\/www.oarcanjo.net\/site\/wp-json\/wp\/v2\/media?parent=7621"}],"wp:term":[{"taxonomy":"category","embeddable":true,"href":"https:\/\/www.oarcanjo.net\/site\/wp-json\/wp\/v2\/categories?post=7621"},{"taxonomy":"post_tag","embeddable":true,"href":"https:\/\/www.oarcanjo.net\/site\/wp-json\/wp\/v2\/tags?post=7621"}],"curies":[{"name":"wp","href":"https:\/\/api.w.org\/{rel}","templated":true}]}}