
{"id":7623,"date":"2017-02-07T00:09:40","date_gmt":"2017-02-07T02:09:40","guid":{"rendered":"http:\/\/www.oarcanjo.net\/site\/?p=7623"},"modified":"2016-12-27T06:31:58","modified_gmt":"2016-12-27T08:31:58","slug":"bem-aventurado-pio-ix","status":"publish","type":"post","link":"https:\/\/www.oarcanjo.net\/site\/bem-aventurado-pio-ix\/","title":{"rendered":"Bem Aventurado Pio IX"},"content":{"rendered":"<p><a href=\"http:\/\/3.bp.blogspot.com\/_L-aIG-7AW7I\/SVll5AUjl4I\/AAAAAAAADTQ\/7udzSzwJ3Fg\/s1600-h\/Beato+Pio+IX.jpg\"><img decoding=\"async\" src=\"http:\/\/3.bp.blogspot.com\/_Nqtmy06QwjI\/STzbNAUYiJI\/AAAAAAAAA-4\/RCTh2L8m98Q\/s400\/Pio+IX.jpg\" alt=\"\" \/><\/a><\/p>\n<p>7 de Fevereiro<\/p>\n<p>O Papa Pio IX nasceu na It\u00e1lia aos 13 de maio de 1792. Seus pais pertenciam \u00e0 nobreza local e o batizaram com o nome de Giovanni (Jo\u00e3o) Maria Mastai Ferretti. Em 1809, transferiu-se para Roma a fim de continuar os estudos, sem ter se definido pelo sacerd\u00f3cio. Sua sa\u00fade era muito d\u00e9bil, tanto que, devido a uma enfermidade, teve de abandonar os estudos em 1812, sendo tamb\u00e9m dispensado do servi\u00e7o militar obrigat\u00f3rio.<\/p>\n<p>O jovem Mastai teve um encontro com S\u00e3o Vicente Pallotti em 1815, que lhe profetizou o pontificado. Nessa \u00e9poca, Jo\u00e3o fazia parte da Guarda nobre pontif\u00edcia, mas teve que deix\u00e1-la por motivo de sa\u00fade. A partir da\u00ed, a Virgem de Loreto o curou, gradual e definitivamente, da enfermidade.<\/p>\n<p>Mastai resolveu optar pelo estudo eclesi\u00e1stico em 1816, sendo ordenado sacerdote em 1819. Celebrou sua primeira Missa na igreja de Santa Ana dos Carpinteiros, do Instituto Tata Giovanni, para o qual fora nomeado reitor, permanecendo na fun\u00e7\u00e3o at\u00e9 1823. Acompanhou o n\u00fancio apost\u00f3lico ao Chile, onde ficou por dois anos.<\/p>\n<p>Aos trinta e seis anos de idade, o sacerdote Giovanni Maria Mastai foi nomeado Bispo e destinado \u00e0 arquidiocese da cidade de Espoleto, It\u00e1lia. Durante os anos 1831 e 1832, ocorreram revolu\u00e7\u00f5es nas cidades de Espoleto e \u00ccmola. O ent\u00e3o bispo Mastai n\u00e3o quis derramamento de sangue e reparou, os destruidores efeitos da viol\u00eancia, com a paz, concedendo o perd\u00e3o para todos os envolvidos.<\/p>\n<p>Foi nomeado Cardeal em 1840. Na tarde do dia 16 de junho de 1946, o cardeal Mastai, que fugia de todas as honrarias, foi eleito Papa escolhendo o nome Pio IX. Come\u00e7ou seu governo com um ato de generosidade: concedeu uma anistia para delitos pol\u00edticos e, j\u00e1 em 1847, promulgou um decreto de ampla e surpreendente liberdade de imprensa.<\/p>\n<p>Entre as realiza\u00e7\u00f5es do seu pontificado, podemos destacar o restabelecimento da hierarquia cat\u00f3lica na Inglaterra, Holanda e Esc\u00f3cia; a condena\u00e7\u00e3o das doutrinas galicanas; a defini\u00e7\u00e3o solene, a 08 de dezembro de 1854, do dogma da Imaculada Concei\u00e7\u00e3o; o envio de mission\u00e1rios ao P\u00f3lo Norte, \u00cdndia, Birm\u00e2nia, China e Jap\u00e3o; a cria\u00e7\u00e3o de um Dicast\u00e9rio para as quest\u00f5es relativas aos orientais; a promulga\u00e7\u00e3o do &#8220;Syllabus errorum&#8221;, no qual condenou os erros do Modernismo; a celebra\u00e7\u00e3o, com particular solenidade, do 18.o centen\u00e1rio do mart\u00edrio dos Ap\u00f3stolos Pedro e Paulo; a celebra\u00e7\u00e3o do Conc\u00edlio Ecum\u00eanico Vaticano I , \u00e1pice do seu pontificado, iniciado em 1869 e conclu\u00eddo em 1870.<\/p>\n<p>Com a queda de Roma, em 20 de setembro de 1870, e o fim do poder temporal, Pio IX encerrou-se no Vaticano, por se considerar prisioneiro. No dia 07 de fevereiro de 1878, com a sua piedosa morte, chegou ao fim o pontificado mais longo, e um dos mais dif\u00edceis da Hist\u00f3ria da Igreja. Pio IX foi um grande Papa, certamente um dos maiores, cumpriu sua miss\u00e3o de &#8220;Vig\u00e1rio de Cristo&#8221;, respons\u00e1vel dos direitos de Deus e da Igreja, foi sempre claro e direto: soube unir firmeza e compreens\u00e3o, fidelidade e abertura. Com a comprova\u00e7\u00e3o de in\u00fameras gra\u00e7as por intercess\u00e3o do Papa Pio IX, Giovanni Maria Mastai Ferretti, foi beatificado no ano 2000 pelo Papa Jo\u00e3o Paulo II, em Roma.<\/p>\n<div id=\"themify_builder_content-7623\" data-postid=\"7623\" class=\"themify_builder_content themify_builder_content-7623 themify_builder themify_builder_front\">\n\t<\/div>\n<!-- \/themify_builder_content -->","protected":false},"excerpt":{"rendered":"<p>7 de Fevereiro O Papa Pio IX nasceu na It\u00e1lia aos 13 de maio de 1792. Seus pais pertenciam \u00e0 nobreza local e o batizaram com o nome de Giovanni (Jo\u00e3o) Maria Mastai Ferretti. Em 1809, transferiu-se para Roma a fim de continuar os estudos, sem ter se definido pelo sacerd\u00f3cio. Sua sa\u00fade era muito [&hellip;]<\/p>\n","protected":false},"author":14,"featured_media":0,"comment_status":"open","ping_status":"open","sticky":false,"template":"","format":"standard","meta":{"ngg_post_thumbnail":0,"footnotes":""},"categories":[186],"tags":[],"yoast_head":"<!-- This site is optimized with the Yoast SEO plugin v23.5 - https:\/\/yoast.com\/wordpress\/plugins\/seo\/ -->\n<title>Bem Aventurado Pio IX - O Arcanjo no ar<\/title>\n<meta name=\"robots\" content=\"index, follow, max-snippet:-1, max-image-preview:large, max-video-preview:-1\" \/>\n<link rel=\"canonical\" href=\"https:\/\/www.oarcanjo.net\/site\/bem-aventurado-pio-ix\/\" \/>\n<meta property=\"og:locale\" content=\"pt_BR\" \/>\n<meta property=\"og:type\" content=\"article\" \/>\n<meta property=\"og:title\" content=\"Bem Aventurado Pio IX - O Arcanjo no ar\" \/>\n<meta property=\"og:description\" content=\"7 de Fevereiro O Papa Pio IX nasceu na It\u00e1lia aos 13 de maio de 1792. Seus pais pertenciam \u00e0 nobreza local e o batizaram com o nome de Giovanni (Jo\u00e3o) Maria Mastai Ferretti. Em 1809, transferiu-se para Roma a fim de continuar os estudos, sem ter se definido pelo sacerd\u00f3cio. Sua sa\u00fade era muito [&hellip;]\" \/>\n<meta property=\"og:url\" content=\"https:\/\/www.oarcanjo.net\/site\/bem-aventurado-pio-ix\/\" \/>\n<meta property=\"og:site_name\" content=\"O Arcanjo no ar\" \/>\n<meta property=\"article:publisher\" content=\"https:\/\/www.facebook.com\/OArcanjoNoAr\/\" \/>\n<meta property=\"article:published_time\" content=\"2017-02-07T02:09:40+00:00\" \/>\n<meta property=\"article:modified_time\" content=\"2016-12-27T08:31:58+00:00\" \/>\n<meta property=\"og:image\" content=\"http:\/\/3.bp.blogspot.com\/_Nqtmy06QwjI\/STzbNAUYiJI\/AAAAAAAAA-4\/RCTh2L8m98Q\/s400\/Pio+IX.jpg\" \/>\n<meta name=\"author\" content=\"danilo\" \/>\n<meta name=\"twitter:card\" content=\"summary_large_image\" \/>\n<meta name=\"twitter:label1\" content=\"Escrito por\" \/>\n\t<meta name=\"twitter:data1\" content=\"danilo\" \/>\n\t<meta name=\"twitter:label2\" content=\"Est. tempo de leitura\" \/>\n\t<meta name=\"twitter:data2\" content=\"3 minutos\" \/>\n<script type=\"application\/ld+json\" class=\"yoast-schema-graph\">{\"@context\":\"https:\/\/schema.org\",\"@graph\":[{\"@type\":\"Article\",\"@id\":\"https:\/\/www.oarcanjo.net\/site\/bem-aventurado-pio-ix\/#article\",\"isPartOf\":{\"@id\":\"https:\/\/www.oarcanjo.net\/site\/bem-aventurado-pio-ix\/\"},\"author\":{\"name\":\"danilo\",\"@id\":\"https:\/\/www.oarcanjo.net\/site\/#\/schema\/person\/5eb9480bedd2f3c97e430ce128c29c6c\"},\"headline\":\"Bem Aventurado Pio IX\",\"datePublished\":\"2017-02-07T02:09:40+00:00\",\"dateModified\":\"2016-12-27T08:31:58+00:00\",\"mainEntityOfPage\":{\"@id\":\"https:\/\/www.oarcanjo.net\/site\/bem-aventurado-pio-ix\/\"},\"wordCount\":558,\"commentCount\":0,\"publisher\":{\"@id\":\"https:\/\/www.oarcanjo.net\/site\/#organization\"},\"image\":{\"@id\":\"https:\/\/www.oarcanjo.net\/site\/bem-aventurado-pio-ix\/#primaryimage\"},\"thumbnailUrl\":\"http:\/\/3.bp.blogspot.com\/_Nqtmy06QwjI\/STzbNAUYiJI\/AAAAAAAAA-4\/RCTh2L8m98Q\/s400\/Pio+IX.jpg\",\"articleSection\":[\"Testemunhos\"],\"inLanguage\":\"pt-BR\",\"potentialAction\":[{\"@type\":\"CommentAction\",\"name\":\"Comment\",\"target\":[\"https:\/\/www.oarcanjo.net\/site\/bem-aventurado-pio-ix\/#respond\"]}]},{\"@type\":\"WebPage\",\"@id\":\"https:\/\/www.oarcanjo.net\/site\/bem-aventurado-pio-ix\/\",\"url\":\"https:\/\/www.oarcanjo.net\/site\/bem-aventurado-pio-ix\/\",\"name\":\"Bem Aventurado Pio IX - O Arcanjo no ar\",\"isPartOf\":{\"@id\":\"https:\/\/www.oarcanjo.net\/site\/#website\"},\"primaryImageOfPage\":{\"@id\":\"https:\/\/www.oarcanjo.net\/site\/bem-aventurado-pio-ix\/#primaryimage\"},\"image\":{\"@id\":\"https:\/\/www.oarcanjo.net\/site\/bem-aventurado-pio-ix\/#primaryimage\"},\"thumbnailUrl\":\"http:\/\/3.bp.blogspot.com\/_Nqtmy06QwjI\/STzbNAUYiJI\/AAAAAAAAA-4\/RCTh2L8m98Q\/s400\/Pio+IX.jpg\",\"datePublished\":\"2017-02-07T02:09:40+00:00\",\"dateModified\":\"2016-12-27T08:31:58+00:00\",\"breadcrumb\":{\"@id\":\"https:\/\/www.oarcanjo.net\/site\/bem-aventurado-pio-ix\/#breadcrumb\"},\"inLanguage\":\"pt-BR\",\"potentialAction\":[{\"@type\":\"ReadAction\",\"target\":[\"https:\/\/www.oarcanjo.net\/site\/bem-aventurado-pio-ix\/\"]}]},{\"@type\":\"ImageObject\",\"inLanguage\":\"pt-BR\",\"@id\":\"https:\/\/www.oarcanjo.net\/site\/bem-aventurado-pio-ix\/#primaryimage\",\"url\":\"http:\/\/3.bp.blogspot.com\/_Nqtmy06QwjI\/STzbNAUYiJI\/AAAAAAAAA-4\/RCTh2L8m98Q\/s400\/Pio+IX.jpg\",\"contentUrl\":\"http:\/\/3.bp.blogspot.com\/_Nqtmy06QwjI\/STzbNAUYiJI\/AAAAAAAAA-4\/RCTh2L8m98Q\/s400\/Pio+IX.jpg\"},{\"@type\":\"BreadcrumbList\",\"@id\":\"https:\/\/www.oarcanjo.net\/site\/bem-aventurado-pio-ix\/#breadcrumb\",\"itemListElement\":[{\"@type\":\"ListItem\",\"position\":1,\"name\":\"In\u00edcio\",\"item\":\"https:\/\/www.oarcanjo.net\/site\/\"},{\"@type\":\"ListItem\",\"position\":2,\"name\":\"Bem Aventurado Pio IX\"}]},{\"@type\":\"WebSite\",\"@id\":\"https:\/\/www.oarcanjo.net\/site\/#website\",\"url\":\"https:\/\/www.oarcanjo.net\/site\/\",\"name\":\"O Arcanjo no ar\",\"description\":\"Site da Par\u00f3quia S\u00e3o Miguel Arcanjo (Arquidiocese de SP)\",\"publisher\":{\"@id\":\"https:\/\/www.oarcanjo.net\/site\/#organization\"},\"potentialAction\":[{\"@type\":\"SearchAction\",\"target\":{\"@type\":\"EntryPoint\",\"urlTemplate\":\"https:\/\/www.oarcanjo.net\/site\/?s={search_term_string}\"},\"query-input\":{\"@type\":\"PropertyValueSpecification\",\"valueRequired\":true,\"valueName\":\"search_term_string\"}}],\"inLanguage\":\"pt-BR\"},{\"@type\":\"Organization\",\"@id\":\"https:\/\/www.oarcanjo.net\/site\/#organization\",\"name\":\"Par\u00f3quia S\u00e3o Miguel Arcanjo\",\"url\":\"https:\/\/www.oarcanjo.net\/site\/\",\"logo\":{\"@type\":\"ImageObject\",\"inLanguage\":\"pt-BR\",\"@id\":\"https:\/\/www.oarcanjo.net\/site\/#\/schema\/logo\/image\/\",\"url\":\"https:\/\/www.oarcanjo.net\/site\/wp-content\/uploads\/LogoOArcanjo.png\",\"contentUrl\":\"https:\/\/www.oarcanjo.net\/site\/wp-content\/uploads\/LogoOArcanjo.png\",\"width\":319,\"height\":99,\"caption\":\"Par\u00f3quia S\u00e3o Miguel Arcanjo\"},\"image\":{\"@id\":\"https:\/\/www.oarcanjo.net\/site\/#\/schema\/logo\/image\/\"},\"sameAs\":[\"https:\/\/www.facebook.com\/OArcanjoNoAr\/\"]},{\"@type\":\"Person\",\"@id\":\"https:\/\/www.oarcanjo.net\/site\/#\/schema\/person\/5eb9480bedd2f3c97e430ce128c29c6c\",\"name\":\"danilo\"}]}<\/script>\n<!-- \/ Yoast SEO plugin. -->","yoast_head_json":{"title":"Bem Aventurado Pio IX - O Arcanjo no ar","robots":{"index":"index","follow":"follow","max-snippet":"max-snippet:-1","max-image-preview":"max-image-preview:large","max-video-preview":"max-video-preview:-1"},"canonical":"https:\/\/www.oarcanjo.net\/site\/bem-aventurado-pio-ix\/","og_locale":"pt_BR","og_type":"article","og_title":"Bem Aventurado Pio IX - O Arcanjo no ar","og_description":"7 de Fevereiro O Papa Pio IX nasceu na It\u00e1lia aos 13 de maio de 1792. Seus pais pertenciam \u00e0 nobreza local e o batizaram com o nome de Giovanni (Jo\u00e3o) Maria Mastai Ferretti. Em 1809, transferiu-se para Roma a fim de continuar os estudos, sem ter se definido pelo sacerd\u00f3cio. Sua sa\u00fade era muito [&hellip;]","og_url":"https:\/\/www.oarcanjo.net\/site\/bem-aventurado-pio-ix\/","og_site_name":"O Arcanjo no ar","article_publisher":"https:\/\/www.facebook.com\/OArcanjoNoAr\/","article_published_time":"2017-02-07T02:09:40+00:00","article_modified_time":"2016-12-27T08:31:58+00:00","og_image":[{"url":"http:\/\/3.bp.blogspot.com\/_Nqtmy06QwjI\/STzbNAUYiJI\/AAAAAAAAA-4\/RCTh2L8m98Q\/s400\/Pio+IX.jpg"}],"author":"danilo","twitter_card":"summary_large_image","twitter_misc":{"Escrito por":"danilo","Est. tempo de leitura":"3 minutos"},"schema":{"@context":"https:\/\/schema.org","@graph":[{"@type":"Article","@id":"https:\/\/www.oarcanjo.net\/site\/bem-aventurado-pio-ix\/#article","isPartOf":{"@id":"https:\/\/www.oarcanjo.net\/site\/bem-aventurado-pio-ix\/"},"author":{"name":"danilo","@id":"https:\/\/www.oarcanjo.net\/site\/#\/schema\/person\/5eb9480bedd2f3c97e430ce128c29c6c"},"headline":"Bem Aventurado Pio IX","datePublished":"2017-02-07T02:09:40+00:00","dateModified":"2016-12-27T08:31:58+00:00","mainEntityOfPage":{"@id":"https:\/\/www.oarcanjo.net\/site\/bem-aventurado-pio-ix\/"},"wordCount":558,"commentCount":0,"publisher":{"@id":"https:\/\/www.oarcanjo.net\/site\/#organization"},"image":{"@id":"https:\/\/www.oarcanjo.net\/site\/bem-aventurado-pio-ix\/#primaryimage"},"thumbnailUrl":"http:\/\/3.bp.blogspot.com\/_Nqtmy06QwjI\/STzbNAUYiJI\/AAAAAAAAA-4\/RCTh2L8m98Q\/s400\/Pio+IX.jpg","articleSection":["Testemunhos"],"inLanguage":"pt-BR","potentialAction":[{"@type":"CommentAction","name":"Comment","target":["https:\/\/www.oarcanjo.net\/site\/bem-aventurado-pio-ix\/#respond"]}]},{"@type":"WebPage","@id":"https:\/\/www.oarcanjo.net\/site\/bem-aventurado-pio-ix\/","url":"https:\/\/www.oarcanjo.net\/site\/bem-aventurado-pio-ix\/","name":"Bem Aventurado Pio IX - O Arcanjo no ar","isPartOf":{"@id":"https:\/\/www.oarcanjo.net\/site\/#website"},"primaryImageOfPage":{"@id":"https:\/\/www.oarcanjo.net\/site\/bem-aventurado-pio-ix\/#primaryimage"},"image":{"@id":"https:\/\/www.oarcanjo.net\/site\/bem-aventurado-pio-ix\/#primaryimage"},"thumbnailUrl":"http:\/\/3.bp.blogspot.com\/_Nqtmy06QwjI\/STzbNAUYiJI\/AAAAAAAAA-4\/RCTh2L8m98Q\/s400\/Pio+IX.jpg","datePublished":"2017-02-07T02:09:40+00:00","dateModified":"2016-12-27T08:31:58+00:00","breadcrumb":{"@id":"https:\/\/www.oarcanjo.net\/site\/bem-aventurado-pio-ix\/#breadcrumb"},"inLanguage":"pt-BR","potentialAction":[{"@type":"ReadAction","target":["https:\/\/www.oarcanjo.net\/site\/bem-aventurado-pio-ix\/"]}]},{"@type":"ImageObject","inLanguage":"pt-BR","@id":"https:\/\/www.oarcanjo.net\/site\/bem-aventurado-pio-ix\/#primaryimage","url":"http:\/\/3.bp.blogspot.com\/_Nqtmy06QwjI\/STzbNAUYiJI\/AAAAAAAAA-4\/RCTh2L8m98Q\/s400\/Pio+IX.jpg","contentUrl":"http:\/\/3.bp.blogspot.com\/_Nqtmy06QwjI\/STzbNAUYiJI\/AAAAAAAAA-4\/RCTh2L8m98Q\/s400\/Pio+IX.jpg"},{"@type":"BreadcrumbList","@id":"https:\/\/www.oarcanjo.net\/site\/bem-aventurado-pio-ix\/#breadcrumb","itemListElement":[{"@type":"ListItem","position":1,"name":"In\u00edcio","item":"https:\/\/www.oarcanjo.net\/site\/"},{"@type":"ListItem","position":2,"name":"Bem Aventurado Pio IX"}]},{"@type":"WebSite","@id":"https:\/\/www.oarcanjo.net\/site\/#website","url":"https:\/\/www.oarcanjo.net\/site\/","name":"O Arcanjo no ar","description":"Site da Par\u00f3quia S\u00e3o Miguel Arcanjo (Arquidiocese de SP)","publisher":{"@id":"https:\/\/www.oarcanjo.net\/site\/#organization"},"potentialAction":[{"@type":"SearchAction","target":{"@type":"EntryPoint","urlTemplate":"https:\/\/www.oarcanjo.net\/site\/?s={search_term_string}"},"query-input":{"@type":"PropertyValueSpecification","valueRequired":true,"valueName":"search_term_string"}}],"inLanguage":"pt-BR"},{"@type":"Organization","@id":"https:\/\/www.oarcanjo.net\/site\/#organization","name":"Par\u00f3quia S\u00e3o Miguel Arcanjo","url":"https:\/\/www.oarcanjo.net\/site\/","logo":{"@type":"ImageObject","inLanguage":"pt-BR","@id":"https:\/\/www.oarcanjo.net\/site\/#\/schema\/logo\/image\/","url":"https:\/\/www.oarcanjo.net\/site\/wp-content\/uploads\/LogoOArcanjo.png","contentUrl":"https:\/\/www.oarcanjo.net\/site\/wp-content\/uploads\/LogoOArcanjo.png","width":319,"height":99,"caption":"Par\u00f3quia S\u00e3o Miguel Arcanjo"},"image":{"@id":"https:\/\/www.oarcanjo.net\/site\/#\/schema\/logo\/image\/"},"sameAs":["https:\/\/www.facebook.com\/OArcanjoNoAr\/"]},{"@type":"Person","@id":"https:\/\/www.oarcanjo.net\/site\/#\/schema\/person\/5eb9480bedd2f3c97e430ce128c29c6c","name":"danilo"}]}},"publishpress_future_action":{"enabled":false,"date":"2026-05-09 05:20:21","action":"category","newStatus":"draft","terms":[],"taxonomy":"category"},"publishpress_future_workflow_manual_trigger":{"enabledWorkflows":[]},"_links":{"self":[{"href":"https:\/\/www.oarcanjo.net\/site\/wp-json\/wp\/v2\/posts\/7623"}],"collection":[{"href":"https:\/\/www.oarcanjo.net\/site\/wp-json\/wp\/v2\/posts"}],"about":[{"href":"https:\/\/www.oarcanjo.net\/site\/wp-json\/wp\/v2\/types\/post"}],"author":[{"embeddable":true,"href":"https:\/\/www.oarcanjo.net\/site\/wp-json\/wp\/v2\/users\/14"}],"replies":[{"embeddable":true,"href":"https:\/\/www.oarcanjo.net\/site\/wp-json\/wp\/v2\/comments?post=7623"}],"version-history":[{"count":0,"href":"https:\/\/www.oarcanjo.net\/site\/wp-json\/wp\/v2\/posts\/7623\/revisions"}],"wp:attachment":[{"href":"https:\/\/www.oarcanjo.net\/site\/wp-json\/wp\/v2\/media?parent=7623"}],"wp:term":[{"taxonomy":"category","embeddable":true,"href":"https:\/\/www.oarcanjo.net\/site\/wp-json\/wp\/v2\/categories?post=7623"},{"taxonomy":"post_tag","embeddable":true,"href":"https:\/\/www.oarcanjo.net\/site\/wp-json\/wp\/v2\/tags?post=7623"}],"curies":[{"name":"wp","href":"https:\/\/api.w.org\/{rel}","templated":true}]}}