
{"id":7626,"date":"2017-02-07T00:12:32","date_gmt":"2017-02-07T02:12:32","guid":{"rendered":"http:\/\/www.oarcanjo.net\/site\/?p=7626"},"modified":"2016-12-27T06:32:03","modified_gmt":"2016-12-27T08:32:03","slug":"sao-ricardo","status":"publish","type":"post","link":"https:\/\/www.oarcanjo.net\/site\/sao-ricardo\/","title":{"rendered":"S\u00e3o Ricardo"},"content":{"rendered":"<p><img loading=\"lazy\" decoding=\"async\" class=\"alignnone size-full wp-image-69076\" src=\"http:\/\/www.oarcanjo.net\/site\/wp-content\/uploads\/Sao-Ricardo.jpg\" alt=\"S\u00e3o Ricardo\" width=\"250\" height=\"368\" srcset=\"https:\/\/www.oarcanjo.net\/site\/wp-content\/uploads\/Sao-Ricardo.jpg 250w, https:\/\/www.oarcanjo.net\/site\/wp-content\/uploads\/Sao-Ricardo-204x300.jpg 204w\" sizes=\"(max-width: 250px) 100vw, 250px\" \/><\/p>\n<p>7 de Fevereiro<\/p>\n<p>No s\u00e9culo V, a rainha da Inglaterra meridional era Sexburga, que mais tarde se tornou abadessa e uma santa da Igreja Cat\u00f3lica. Ela teve tr\u00eas filhos e duas filhas, estas, a seu exemplo, fundaram mosteiros dedicando-se aos pobres e a Cristo. Tamb\u00e9m o ca\u00e7ula Winfrido, ou Bonif\u00e1cio, deixou a vida da corte para ser monge beneditino, hoje venerado como o grande &#8220;Ap\u00f3stolo da Alemanha&#8221;.<\/p>\n<p>O primog\u00eanito Egberto I, assumiu o trono em 664, mas onze anos depois morreu, deixando o sucessor ainda muito pequeno. Foi assim que, o filho do meio, Hlother ou Ricardo I, se tornou rei da Inglaterra e guardi\u00e3o da coroa do sobrinho. Em 685, empossou o jovem rei Eadric I, que era o leg\u00edtimo herdeiro da casa real dos Kents.<\/p>\n<p>Ricardo deixou o pal\u00e1cio com os filhos Vilibaldo, Vunibaldo e Valburga, indo morar no mosteiro de Waltham, onde viveram sob as regras dos beneditinos. A partir da\u00ed os dados de suas vidas s\u00e3o descritos pelos registros da Santa S\u00e9.<\/p>\n<p>No ano de 720,conforme uma narra\u00e7\u00e3o de um monge alem\u00e3o, Ricardo e os dois filhos, ent\u00e3o j\u00e1 monges, sa\u00edram da Inglaterra meridional, para empreenderem uma peregrina\u00e7\u00e3o de penitencia e devo\u00e7\u00e3o. A filha Valburga ficou no mosteiro, onde seguia a vida de religiosa. A meta, como sempre, era Roma, onde pretendiam venerar as rel\u00edquias dos ap\u00f3stolos Pedro e Paulo. De l\u00e1 queriam ir at\u00e9 a Terra Santa.<\/p>\n<p>Atravessaram toda a Fran\u00e7a, mas quando chegaram na cidade de Luca, a viagem teve de ser interrompida porque Ricardo ficou doente e acabou falecendo. Foi sepultado na igreja de s\u00e3o Frediano em 722. Os milagres foram acontecendo em seu t\u00famulo e o local se tornou uma rota de devo\u00e7\u00e3o para os crist\u00e3os, que o chamavam de &#8220;rei, santo&#8221;. S\u00f3 Vilibaldo p\u00f4de completar o programa, porque Vunibaldo ficou estudando em Roma at\u00e9 739. Depois os dois foram recrutados pelo tio Bonif\u00e1cio, que acabara de ser elevado \u00e0 condi\u00e7\u00e3o de bispo, para a miss\u00e3o evangelizadora dos povos germ\u00e2nicos. Por fim, \u00e0 eles se juntou a irm\u00e3 Valburga, tamb\u00e9m a pedido do tio.<\/p>\n<p>Sobre Ricardo, lemos no Martirol\u00f3gio Romano: &#8220;Em Luca, na Toscana, a deposi\u00e7\u00e3o de s\u00e3o Ricardo, rei da Inglaterra e pai de s\u00e3o Vilibaldo, bispo de Eichstat , de s\u00e3o Vunibaldo abade de Heidenheim e da santa Valburga, abadessa virgem.&#8221; Seu culto se propagou gra\u00e7as as colabora\u00e7\u00f5es eficazes na obra de evangeliza\u00e7\u00e3o dos seus filhos e do irm\u00e3o.<\/p>\n<p>Em Luca, uma das mais belas cidades medievais de Floren\u00e7a, ele costuma ser festejado com grande venera\u00e7\u00e3o pela legi\u00e3o de devotos que procuraram por sua intercess\u00e3o e foram atendidos por este &#8220;santo, rei dos ingleses&#8221;.<\/p>\n<div id=\"themify_builder_content-7626\" data-postid=\"7626\" class=\"themify_builder_content themify_builder_content-7626 themify_builder themify_builder_front\">\n\t<\/div>\n<!-- \/themify_builder_content -->","protected":false},"excerpt":{"rendered":"<p>7 de Fevereiro No s\u00e9culo V, a rainha da Inglaterra meridional era Sexburga, que mais tarde se tornou abadessa e uma santa da Igreja Cat\u00f3lica. Ela teve tr\u00eas filhos e duas filhas, estas, a seu exemplo, fundaram mosteiros dedicando-se aos pobres e a Cristo. Tamb\u00e9m o ca\u00e7ula Winfrido, ou Bonif\u00e1cio, deixou a vida da corte [&hellip;]<\/p>\n","protected":false},"author":14,"featured_media":0,"comment_status":"open","ping_status":"open","sticky":false,"template":"","format":"standard","meta":{"ngg_post_thumbnail":0,"footnotes":""},"categories":[186],"tags":[],"yoast_head":"<!-- This site is optimized with the Yoast SEO plugin v23.5 - https:\/\/yoast.com\/wordpress\/plugins\/seo\/ -->\n<title>S\u00e3o Ricardo - O Arcanjo no ar<\/title>\n<meta name=\"robots\" content=\"index, follow, max-snippet:-1, max-image-preview:large, max-video-preview:-1\" \/>\n<link rel=\"canonical\" href=\"https:\/\/www.oarcanjo.net\/site\/sao-ricardo\/\" \/>\n<meta property=\"og:locale\" content=\"pt_BR\" \/>\n<meta property=\"og:type\" content=\"article\" \/>\n<meta property=\"og:title\" content=\"S\u00e3o Ricardo - O Arcanjo no ar\" \/>\n<meta property=\"og:description\" content=\"7 de Fevereiro No s\u00e9culo V, a rainha da Inglaterra meridional era Sexburga, que mais tarde se tornou abadessa e uma santa da Igreja Cat\u00f3lica. Ela teve tr\u00eas filhos e duas filhas, estas, a seu exemplo, fundaram mosteiros dedicando-se aos pobres e a Cristo. Tamb\u00e9m o ca\u00e7ula Winfrido, ou Bonif\u00e1cio, deixou a vida da corte [&hellip;]\" \/>\n<meta property=\"og:url\" content=\"https:\/\/www.oarcanjo.net\/site\/sao-ricardo\/\" \/>\n<meta property=\"og:site_name\" content=\"O Arcanjo no ar\" \/>\n<meta property=\"article:publisher\" content=\"https:\/\/www.facebook.com\/OArcanjoNoAr\/\" \/>\n<meta property=\"article:published_time\" content=\"2017-02-07T02:12:32+00:00\" \/>\n<meta property=\"article:modified_time\" content=\"2016-12-27T08:32:03+00:00\" \/>\n<meta property=\"og:image\" content=\"http:\/\/www.oarcanjo.net\/site\/wp-content\/uploads\/Sao-Ricardo.jpg\" \/>\n<meta name=\"author\" content=\"danilo\" \/>\n<meta name=\"twitter:card\" content=\"summary_large_image\" \/>\n<meta name=\"twitter:label1\" content=\"Escrito por\" \/>\n\t<meta name=\"twitter:data1\" content=\"danilo\" \/>\n\t<meta name=\"twitter:label2\" content=\"Est. tempo de leitura\" \/>\n\t<meta name=\"twitter:data2\" content=\"2 minutos\" \/>\n<script type=\"application\/ld+json\" class=\"yoast-schema-graph\">{\"@context\":\"https:\/\/schema.org\",\"@graph\":[{\"@type\":\"Article\",\"@id\":\"https:\/\/www.oarcanjo.net\/site\/sao-ricardo\/#article\",\"isPartOf\":{\"@id\":\"https:\/\/www.oarcanjo.net\/site\/sao-ricardo\/\"},\"author\":{\"name\":\"danilo\",\"@id\":\"https:\/\/www.oarcanjo.net\/site\/#\/schema\/person\/5eb9480bedd2f3c97e430ce128c29c6c\"},\"headline\":\"S\u00e3o Ricardo\",\"datePublished\":\"2017-02-07T02:12:32+00:00\",\"dateModified\":\"2016-12-27T08:32:03+00:00\",\"mainEntityOfPage\":{\"@id\":\"https:\/\/www.oarcanjo.net\/site\/sao-ricardo\/\"},\"wordCount\":473,\"commentCount\":0,\"publisher\":{\"@id\":\"https:\/\/www.oarcanjo.net\/site\/#organization\"},\"image\":{\"@id\":\"https:\/\/www.oarcanjo.net\/site\/sao-ricardo\/#primaryimage\"},\"thumbnailUrl\":\"http:\/\/www.oarcanjo.net\/site\/wp-content\/uploads\/Sao-Ricardo.jpg\",\"articleSection\":[\"Testemunhos\"],\"inLanguage\":\"pt-BR\",\"potentialAction\":[{\"@type\":\"CommentAction\",\"name\":\"Comment\",\"target\":[\"https:\/\/www.oarcanjo.net\/site\/sao-ricardo\/#respond\"]}]},{\"@type\":\"WebPage\",\"@id\":\"https:\/\/www.oarcanjo.net\/site\/sao-ricardo\/\",\"url\":\"https:\/\/www.oarcanjo.net\/site\/sao-ricardo\/\",\"name\":\"S\u00e3o Ricardo - O Arcanjo no ar\",\"isPartOf\":{\"@id\":\"https:\/\/www.oarcanjo.net\/site\/#website\"},\"primaryImageOfPage\":{\"@id\":\"https:\/\/www.oarcanjo.net\/site\/sao-ricardo\/#primaryimage\"},\"image\":{\"@id\":\"https:\/\/www.oarcanjo.net\/site\/sao-ricardo\/#primaryimage\"},\"thumbnailUrl\":\"http:\/\/www.oarcanjo.net\/site\/wp-content\/uploads\/Sao-Ricardo.jpg\",\"datePublished\":\"2017-02-07T02:12:32+00:00\",\"dateModified\":\"2016-12-27T08:32:03+00:00\",\"breadcrumb\":{\"@id\":\"https:\/\/www.oarcanjo.net\/site\/sao-ricardo\/#breadcrumb\"},\"inLanguage\":\"pt-BR\",\"potentialAction\":[{\"@type\":\"ReadAction\",\"target\":[\"https:\/\/www.oarcanjo.net\/site\/sao-ricardo\/\"]}]},{\"@type\":\"ImageObject\",\"inLanguage\":\"pt-BR\",\"@id\":\"https:\/\/www.oarcanjo.net\/site\/sao-ricardo\/#primaryimage\",\"url\":\"https:\/\/www.oarcanjo.net\/site\/wp-content\/uploads\/Sao-Ricardo.jpg\",\"contentUrl\":\"https:\/\/www.oarcanjo.net\/site\/wp-content\/uploads\/Sao-Ricardo.jpg\",\"width\":250,\"height\":368,\"caption\":\"S\u00e3o Ricardo\"},{\"@type\":\"BreadcrumbList\",\"@id\":\"https:\/\/www.oarcanjo.net\/site\/sao-ricardo\/#breadcrumb\",\"itemListElement\":[{\"@type\":\"ListItem\",\"position\":1,\"name\":\"In\u00edcio\",\"item\":\"https:\/\/www.oarcanjo.net\/site\/\"},{\"@type\":\"ListItem\",\"position\":2,\"name\":\"S\u00e3o Ricardo\"}]},{\"@type\":\"WebSite\",\"@id\":\"https:\/\/www.oarcanjo.net\/site\/#website\",\"url\":\"https:\/\/www.oarcanjo.net\/site\/\",\"name\":\"O Arcanjo no ar\",\"description\":\"Site da Par\u00f3quia S\u00e3o Miguel Arcanjo (Arquidiocese de SP)\",\"publisher\":{\"@id\":\"https:\/\/www.oarcanjo.net\/site\/#organization\"},\"potentialAction\":[{\"@type\":\"SearchAction\",\"target\":{\"@type\":\"EntryPoint\",\"urlTemplate\":\"https:\/\/www.oarcanjo.net\/site\/?s={search_term_string}\"},\"query-input\":{\"@type\":\"PropertyValueSpecification\",\"valueRequired\":true,\"valueName\":\"search_term_string\"}}],\"inLanguage\":\"pt-BR\"},{\"@type\":\"Organization\",\"@id\":\"https:\/\/www.oarcanjo.net\/site\/#organization\",\"name\":\"Par\u00f3quia S\u00e3o Miguel Arcanjo\",\"url\":\"https:\/\/www.oarcanjo.net\/site\/\",\"logo\":{\"@type\":\"ImageObject\",\"inLanguage\":\"pt-BR\",\"@id\":\"https:\/\/www.oarcanjo.net\/site\/#\/schema\/logo\/image\/\",\"url\":\"https:\/\/www.oarcanjo.net\/site\/wp-content\/uploads\/LogoOArcanjo.png\",\"contentUrl\":\"https:\/\/www.oarcanjo.net\/site\/wp-content\/uploads\/LogoOArcanjo.png\",\"width\":319,\"height\":99,\"caption\":\"Par\u00f3quia S\u00e3o Miguel Arcanjo\"},\"image\":{\"@id\":\"https:\/\/www.oarcanjo.net\/site\/#\/schema\/logo\/image\/\"},\"sameAs\":[\"https:\/\/www.facebook.com\/OArcanjoNoAr\/\"]},{\"@type\":\"Person\",\"@id\":\"https:\/\/www.oarcanjo.net\/site\/#\/schema\/person\/5eb9480bedd2f3c97e430ce128c29c6c\",\"name\":\"danilo\"}]}<\/script>\n<!-- \/ Yoast SEO plugin. -->","yoast_head_json":{"title":"S\u00e3o Ricardo - O Arcanjo no ar","robots":{"index":"index","follow":"follow","max-snippet":"max-snippet:-1","max-image-preview":"max-image-preview:large","max-video-preview":"max-video-preview:-1"},"canonical":"https:\/\/www.oarcanjo.net\/site\/sao-ricardo\/","og_locale":"pt_BR","og_type":"article","og_title":"S\u00e3o Ricardo - O Arcanjo no ar","og_description":"7 de Fevereiro No s\u00e9culo V, a rainha da Inglaterra meridional era Sexburga, que mais tarde se tornou abadessa e uma santa da Igreja Cat\u00f3lica. Ela teve tr\u00eas filhos e duas filhas, estas, a seu exemplo, fundaram mosteiros dedicando-se aos pobres e a Cristo. Tamb\u00e9m o ca\u00e7ula Winfrido, ou Bonif\u00e1cio, deixou a vida da corte [&hellip;]","og_url":"https:\/\/www.oarcanjo.net\/site\/sao-ricardo\/","og_site_name":"O Arcanjo no ar","article_publisher":"https:\/\/www.facebook.com\/OArcanjoNoAr\/","article_published_time":"2017-02-07T02:12:32+00:00","article_modified_time":"2016-12-27T08:32:03+00:00","og_image":[{"url":"http:\/\/www.oarcanjo.net\/site\/wp-content\/uploads\/Sao-Ricardo.jpg"}],"author":"danilo","twitter_card":"summary_large_image","twitter_misc":{"Escrito por":"danilo","Est. tempo de leitura":"2 minutos"},"schema":{"@context":"https:\/\/schema.org","@graph":[{"@type":"Article","@id":"https:\/\/www.oarcanjo.net\/site\/sao-ricardo\/#article","isPartOf":{"@id":"https:\/\/www.oarcanjo.net\/site\/sao-ricardo\/"},"author":{"name":"danilo","@id":"https:\/\/www.oarcanjo.net\/site\/#\/schema\/person\/5eb9480bedd2f3c97e430ce128c29c6c"},"headline":"S\u00e3o Ricardo","datePublished":"2017-02-07T02:12:32+00:00","dateModified":"2016-12-27T08:32:03+00:00","mainEntityOfPage":{"@id":"https:\/\/www.oarcanjo.net\/site\/sao-ricardo\/"},"wordCount":473,"commentCount":0,"publisher":{"@id":"https:\/\/www.oarcanjo.net\/site\/#organization"},"image":{"@id":"https:\/\/www.oarcanjo.net\/site\/sao-ricardo\/#primaryimage"},"thumbnailUrl":"http:\/\/www.oarcanjo.net\/site\/wp-content\/uploads\/Sao-Ricardo.jpg","articleSection":["Testemunhos"],"inLanguage":"pt-BR","potentialAction":[{"@type":"CommentAction","name":"Comment","target":["https:\/\/www.oarcanjo.net\/site\/sao-ricardo\/#respond"]}]},{"@type":"WebPage","@id":"https:\/\/www.oarcanjo.net\/site\/sao-ricardo\/","url":"https:\/\/www.oarcanjo.net\/site\/sao-ricardo\/","name":"S\u00e3o Ricardo - O Arcanjo no ar","isPartOf":{"@id":"https:\/\/www.oarcanjo.net\/site\/#website"},"primaryImageOfPage":{"@id":"https:\/\/www.oarcanjo.net\/site\/sao-ricardo\/#primaryimage"},"image":{"@id":"https:\/\/www.oarcanjo.net\/site\/sao-ricardo\/#primaryimage"},"thumbnailUrl":"http:\/\/www.oarcanjo.net\/site\/wp-content\/uploads\/Sao-Ricardo.jpg","datePublished":"2017-02-07T02:12:32+00:00","dateModified":"2016-12-27T08:32:03+00:00","breadcrumb":{"@id":"https:\/\/www.oarcanjo.net\/site\/sao-ricardo\/#breadcrumb"},"inLanguage":"pt-BR","potentialAction":[{"@type":"ReadAction","target":["https:\/\/www.oarcanjo.net\/site\/sao-ricardo\/"]}]},{"@type":"ImageObject","inLanguage":"pt-BR","@id":"https:\/\/www.oarcanjo.net\/site\/sao-ricardo\/#primaryimage","url":"https:\/\/www.oarcanjo.net\/site\/wp-content\/uploads\/Sao-Ricardo.jpg","contentUrl":"https:\/\/www.oarcanjo.net\/site\/wp-content\/uploads\/Sao-Ricardo.jpg","width":250,"height":368,"caption":"S\u00e3o Ricardo"},{"@type":"BreadcrumbList","@id":"https:\/\/www.oarcanjo.net\/site\/sao-ricardo\/#breadcrumb","itemListElement":[{"@type":"ListItem","position":1,"name":"In\u00edcio","item":"https:\/\/www.oarcanjo.net\/site\/"},{"@type":"ListItem","position":2,"name":"S\u00e3o Ricardo"}]},{"@type":"WebSite","@id":"https:\/\/www.oarcanjo.net\/site\/#website","url":"https:\/\/www.oarcanjo.net\/site\/","name":"O Arcanjo no ar","description":"Site da Par\u00f3quia S\u00e3o Miguel Arcanjo (Arquidiocese de SP)","publisher":{"@id":"https:\/\/www.oarcanjo.net\/site\/#organization"},"potentialAction":[{"@type":"SearchAction","target":{"@type":"EntryPoint","urlTemplate":"https:\/\/www.oarcanjo.net\/site\/?s={search_term_string}"},"query-input":{"@type":"PropertyValueSpecification","valueRequired":true,"valueName":"search_term_string"}}],"inLanguage":"pt-BR"},{"@type":"Organization","@id":"https:\/\/www.oarcanjo.net\/site\/#organization","name":"Par\u00f3quia S\u00e3o Miguel Arcanjo","url":"https:\/\/www.oarcanjo.net\/site\/","logo":{"@type":"ImageObject","inLanguage":"pt-BR","@id":"https:\/\/www.oarcanjo.net\/site\/#\/schema\/logo\/image\/","url":"https:\/\/www.oarcanjo.net\/site\/wp-content\/uploads\/LogoOArcanjo.png","contentUrl":"https:\/\/www.oarcanjo.net\/site\/wp-content\/uploads\/LogoOArcanjo.png","width":319,"height":99,"caption":"Par\u00f3quia S\u00e3o Miguel Arcanjo"},"image":{"@id":"https:\/\/www.oarcanjo.net\/site\/#\/schema\/logo\/image\/"},"sameAs":["https:\/\/www.facebook.com\/OArcanjoNoAr\/"]},{"@type":"Person","@id":"https:\/\/www.oarcanjo.net\/site\/#\/schema\/person\/5eb9480bedd2f3c97e430ce128c29c6c","name":"danilo"}]}},"publishpress_future_action":{"enabled":false,"date":"2026-05-09 05:20:31","action":"category","newStatus":"draft","terms":[],"taxonomy":"category"},"publishpress_future_workflow_manual_trigger":{"enabledWorkflows":[]},"_links":{"self":[{"href":"https:\/\/www.oarcanjo.net\/site\/wp-json\/wp\/v2\/posts\/7626"}],"collection":[{"href":"https:\/\/www.oarcanjo.net\/site\/wp-json\/wp\/v2\/posts"}],"about":[{"href":"https:\/\/www.oarcanjo.net\/site\/wp-json\/wp\/v2\/types\/post"}],"author":[{"embeddable":true,"href":"https:\/\/www.oarcanjo.net\/site\/wp-json\/wp\/v2\/users\/14"}],"replies":[{"embeddable":true,"href":"https:\/\/www.oarcanjo.net\/site\/wp-json\/wp\/v2\/comments?post=7626"}],"version-history":[{"count":0,"href":"https:\/\/www.oarcanjo.net\/site\/wp-json\/wp\/v2\/posts\/7626\/revisions"}],"wp:attachment":[{"href":"https:\/\/www.oarcanjo.net\/site\/wp-json\/wp\/v2\/media?parent=7626"}],"wp:term":[{"taxonomy":"category","embeddable":true,"href":"https:\/\/www.oarcanjo.net\/site\/wp-json\/wp\/v2\/categories?post=7626"},{"taxonomy":"post_tag","embeddable":true,"href":"https:\/\/www.oarcanjo.net\/site\/wp-json\/wp\/v2\/tags?post=7626"}],"curies":[{"name":"wp","href":"https:\/\/api.w.org\/{rel}","templated":true}]}}