
{"id":7628,"date":"2017-02-07T00:59:46","date_gmt":"2017-02-07T02:59:46","guid":{"rendered":"http:\/\/www.oarcanjo.net\/site\/?p=7628"},"modified":"2016-12-27T06:32:10","modified_gmt":"2016-12-27T08:32:10","slug":"sao-romualdo","status":"publish","type":"post","link":"https:\/\/www.oarcanjo.net\/site\/sao-romualdo\/","title":{"rendered":"S\u00e3o Romualdo"},"content":{"rendered":"<p><img loading=\"lazy\" decoding=\"async\" class=\"alignnone size-full wp-image-69072\" src=\"http:\/\/www.oarcanjo.net\/site\/wp-content\/uploads\/Sao-Romualdo.jpg\" alt=\"S\u00e3o Romualdo\" width=\"161\" height=\"233\" \/><\/p>\n<p>Fundador do c\u00e9lebre mosteiro de Camaldoli<\/p>\n<p>7 de Fevereiro<\/p>\n<p>Neste dia celebra-se o anivers\u00e1rio do traslado de seus restos mortais em Val de Castro,nos arredores de Camaldoni, em Fabiano.<\/p>\n<p>Sua festa liturgica comemora-se em 9 de junho.<\/p>\n<div>O abade Romualdo, pai dos monges camaldulenses, desde muito jovem mostrou uma forte inclina\u00e7\u00e3o \u00e0 vida solit\u00e1ria e \u00e0 ora\u00e7\u00e3o, embora vivendo no meio de v\u00e1rias tenta\u00e7\u00f5es e exemplos de mundanismos, uma vez que era filho do duque de Ravena. Ap\u00f3s haver professado a regra cisterciense por tr\u00eas anos no mosteiro de santo Apolin\u00e1rio, n\u00e3o satisfeito com aquela vida, aos vinte e tr\u00eas anos obteve a licen\u00e7a de viver a vida erem\u00edtica, sobre as colinas do V\u00eaneto, em companhia do eremita Marino. Aqui teve not\u00edcia do cen\u00f3bio dos Pireneus de S\u00e3o Miguel de Cuix\u00e1 e quis embarcar para mais esta nova aventura espiritual, em companhia do veneziano Pedro Orseolo, que se tornou santo. A\u00ed passou dez anos, dando ao cen\u00f3bio espanhol uma clara orienta\u00e7\u00e3o erem\u00edtica.<\/div>\n<div>Por onde andava o monge de Ravena difundia o ben\u00e9fico cont\u00e1gio da vida solit\u00e1ria. Quando voltou a Ravena convenceu tamb\u00e9m seu pai a fazer-se monge, s\u00e3o Severo. Suas peregrina\u00e7\u00f5es tinham escopo bem definido: a reforma dos mosteiros e dos eremit\u00e9rios, conforme o modelo dos antigos cen\u00f3bios orientais. Nasceu assim entre as densas matas alpinas, \u00e0s costas do alto Casentino, o ermo de Camaldoli, que toma o nome de um terreno de um certo M\u00e1ldolo, que fez presente deste lugar ao homem de Deus em busca de solid\u00e3o.<\/div>\n<div>Mas este homem, t\u00e3o desejoso de separar-se dos homens, para seguir as pr\u00f3prias inclina\u00e7\u00f5es \u00e0 vida contemplativa, parecia destinado \u00e0 irrequieta peregrina\u00e7\u00e3o pelas estradas da It\u00e1lia. O imperador Oto III, que sentia pelo santo monge uma profunda admira\u00e7\u00e3o, escolheu-o como abade de santo Apolin\u00e1rio. A dignidade de abade n\u00e3o se harmonizava com o seu ideal de vida religiosa e passou um ano naquele cargo e por fim dep\u00f4s aos p\u00e9s do imperador o pastoral, arrependido de haver cedido \u00e0quilo que ele chamou de tenta\u00e7\u00e3o de prest\u00edgio. Foi morar o mais longe poss\u00edvel, na abadia de Montecassino. Tamb\u00e9m aqui imprimiu o seu vigor asc\u00e9tico, dando \u00e0 espiritualidade beneditina um tom mais contemplativo e erem\u00edtico.<\/div>\n<div>De Montecassino partiu para novas aventuras espirituais, reformando mosteiros e fundando outros novos em Verghereto, em Lemmo, Roma, Fontebuana, Vallombrosa, e em Val de Castro, perto de Fabiano, onde foi colhido pela morte a 19 de junho de 1027. At\u00e9 depois da morte Romualdo n\u00e3o teve morada fixa. A 7 de fevereiro de 1481 os seus esp\u00f3lios foram transportados para Fabiano. Aquele dia marcou tamb\u00e9m a data de sua festa lit\u00fargica, at\u00e9 a recente reforma do calend\u00e1rio que fixou a mem\u00f3ria do santo no dia de sua morte.<\/div>\n<div>\n<table border=\"0\" align=\"left\">\n<tbody>\n<tr>\n<td>Morte de S\u00e3o Romualdo\u00a0 (afresco da capela do<\/td>\n<\/tr>\n<tr>\n<td>Mosteiro de Camaldoli)<\/td>\n<\/tr>\n<\/tbody>\n<\/table>\n<\/div>\n<p><img loading=\"lazy\" decoding=\"async\" src=\"http:\/\/www.arautos.org.br\/resource\/view?&amp;image=13154&amp;size=2\" alt=\"SAO ROMUALDO_2.JPG\" width=\"274\" height=\"339\" \/><\/p>\n<p><img loading=\"lazy\" decoding=\"async\" src=\"http:\/\/www.arautos.org.br\/resource\/view?&amp;image=13155&amp;size=2\" alt=\"SAO ROMUALDO_3.JPG\" width=\"613\" height=\"224\" \/><\/p>\n<table style=\"width: 386px;height: 44px\" border=\"0\" align=\"center\">\n<tbody>\n<tr>\n<td>A certa dist\u00e2ncia do Eremit\u00e9rio, S\u00e3o Romualdo fez construir um edif\u00edcio destinado a servir<\/td>\n<\/tr>\n<tr>\n<td>de hospedagem, enfermaria e intend\u00eancia;\u00a0hoje \u00e9 um mosteiro habitado por 15 religiosos<\/td>\n<\/tr>\n<\/tbody>\n<\/table>\n<div id=\"themify_builder_content-7628\" data-postid=\"7628\" class=\"themify_builder_content themify_builder_content-7628 themify_builder themify_builder_front\">\n\t<\/div>\n<!-- \/themify_builder_content -->","protected":false},"excerpt":{"rendered":"<p>Fundador do c\u00e9lebre mosteiro de Camaldoli 7 de Fevereiro Neste dia celebra-se o anivers\u00e1rio do traslado de seus restos mortais em Val de Castro,nos arredores de Camaldoni, em Fabiano. Sua festa liturgica comemora-se em 9 de junho. O abade Romualdo, pai dos monges camaldulenses, desde muito jovem mostrou uma forte inclina\u00e7\u00e3o \u00e0 vida solit\u00e1ria e [&hellip;]<\/p>\n","protected":false},"author":14,"featured_media":0,"comment_status":"open","ping_status":"open","sticky":false,"template":"","format":"standard","meta":{"ngg_post_thumbnail":0,"footnotes":""},"categories":[186],"tags":[1458],"yoast_head":"<!-- This site is optimized with the Yoast SEO plugin v23.5 - https:\/\/yoast.com\/wordpress\/plugins\/seo\/ -->\n<title>S\u00e3o Romualdo - O Arcanjo no ar<\/title>\n<meta name=\"robots\" content=\"index, follow, max-snippet:-1, max-image-preview:large, max-video-preview:-1\" \/>\n<link rel=\"canonical\" href=\"https:\/\/www.oarcanjo.net\/site\/sao-romualdo\/\" \/>\n<meta property=\"og:locale\" content=\"pt_BR\" \/>\n<meta property=\"og:type\" content=\"article\" \/>\n<meta property=\"og:title\" content=\"S\u00e3o Romualdo - O Arcanjo no ar\" \/>\n<meta property=\"og:description\" content=\"Fundador do c\u00e9lebre mosteiro de Camaldoli 7 de Fevereiro Neste dia celebra-se o anivers\u00e1rio do traslado de seus restos mortais em Val de Castro,nos arredores de Camaldoni, em Fabiano. Sua festa liturgica comemora-se em 9 de junho. O abade Romualdo, pai dos monges camaldulenses, desde muito jovem mostrou uma forte inclina\u00e7\u00e3o \u00e0 vida solit\u00e1ria e [&hellip;]\" \/>\n<meta property=\"og:url\" content=\"https:\/\/www.oarcanjo.net\/site\/sao-romualdo\/\" \/>\n<meta property=\"og:site_name\" content=\"O Arcanjo no ar\" \/>\n<meta property=\"article:publisher\" content=\"https:\/\/www.facebook.com\/OArcanjoNoAr\/\" \/>\n<meta property=\"article:published_time\" content=\"2017-02-07T02:59:46+00:00\" \/>\n<meta property=\"article:modified_time\" content=\"2016-12-27T08:32:10+00:00\" \/>\n<meta property=\"og:image\" content=\"http:\/\/www.oarcanjo.net\/site\/wp-content\/uploads\/Sao-Romualdo.jpg\" \/>\n<meta name=\"author\" content=\"danilo\" \/>\n<meta name=\"twitter:card\" content=\"summary_large_image\" \/>\n<meta name=\"twitter:label1\" content=\"Escrito por\" \/>\n\t<meta name=\"twitter:data1\" content=\"danilo\" \/>\n\t<meta name=\"twitter:label2\" content=\"Est. tempo de leitura\" \/>\n\t<meta name=\"twitter:data2\" content=\"3 minutos\" \/>\n<script type=\"application\/ld+json\" class=\"yoast-schema-graph\">{\"@context\":\"https:\/\/schema.org\",\"@graph\":[{\"@type\":\"Article\",\"@id\":\"https:\/\/www.oarcanjo.net\/site\/sao-romualdo\/#article\",\"isPartOf\":{\"@id\":\"https:\/\/www.oarcanjo.net\/site\/sao-romualdo\/\"},\"author\":{\"name\":\"danilo\",\"@id\":\"https:\/\/www.oarcanjo.net\/site\/#\/schema\/person\/5eb9480bedd2f3c97e430ce128c29c6c\"},\"headline\":\"S\u00e3o Romualdo\",\"datePublished\":\"2017-02-07T02:59:46+00:00\",\"dateModified\":\"2016-12-27T08:32:10+00:00\",\"mainEntityOfPage\":{\"@id\":\"https:\/\/www.oarcanjo.net\/site\/sao-romualdo\/\"},\"wordCount\":538,\"commentCount\":0,\"publisher\":{\"@id\":\"https:\/\/www.oarcanjo.net\/site\/#organization\"},\"image\":{\"@id\":\"https:\/\/www.oarcanjo.net\/site\/sao-romualdo\/#primaryimage\"},\"thumbnailUrl\":\"http:\/\/www.oarcanjo.net\/site\/wp-content\/uploads\/Sao-Romualdo.jpg\",\"keywords\":[\"S\u00e3o Romualdo\"],\"articleSection\":[\"Testemunhos\"],\"inLanguage\":\"pt-BR\",\"potentialAction\":[{\"@type\":\"CommentAction\",\"name\":\"Comment\",\"target\":[\"https:\/\/www.oarcanjo.net\/site\/sao-romualdo\/#respond\"]}]},{\"@type\":\"WebPage\",\"@id\":\"https:\/\/www.oarcanjo.net\/site\/sao-romualdo\/\",\"url\":\"https:\/\/www.oarcanjo.net\/site\/sao-romualdo\/\",\"name\":\"S\u00e3o Romualdo - O Arcanjo no ar\",\"isPartOf\":{\"@id\":\"https:\/\/www.oarcanjo.net\/site\/#website\"},\"primaryImageOfPage\":{\"@id\":\"https:\/\/www.oarcanjo.net\/site\/sao-romualdo\/#primaryimage\"},\"image\":{\"@id\":\"https:\/\/www.oarcanjo.net\/site\/sao-romualdo\/#primaryimage\"},\"thumbnailUrl\":\"http:\/\/www.oarcanjo.net\/site\/wp-content\/uploads\/Sao-Romualdo.jpg\",\"datePublished\":\"2017-02-07T02:59:46+00:00\",\"dateModified\":\"2016-12-27T08:32:10+00:00\",\"breadcrumb\":{\"@id\":\"https:\/\/www.oarcanjo.net\/site\/sao-romualdo\/#breadcrumb\"},\"inLanguage\":\"pt-BR\",\"potentialAction\":[{\"@type\":\"ReadAction\",\"target\":[\"https:\/\/www.oarcanjo.net\/site\/sao-romualdo\/\"]}]},{\"@type\":\"ImageObject\",\"inLanguage\":\"pt-BR\",\"@id\":\"https:\/\/www.oarcanjo.net\/site\/sao-romualdo\/#primaryimage\",\"url\":\"https:\/\/www.oarcanjo.net\/site\/wp-content\/uploads\/Sao-Romualdo.jpg\",\"contentUrl\":\"https:\/\/www.oarcanjo.net\/site\/wp-content\/uploads\/Sao-Romualdo.jpg\",\"width\":161,\"height\":233,\"caption\":\"S\u00e3o Romualdo\"},{\"@type\":\"BreadcrumbList\",\"@id\":\"https:\/\/www.oarcanjo.net\/site\/sao-romualdo\/#breadcrumb\",\"itemListElement\":[{\"@type\":\"ListItem\",\"position\":1,\"name\":\"In\u00edcio\",\"item\":\"https:\/\/www.oarcanjo.net\/site\/\"},{\"@type\":\"ListItem\",\"position\":2,\"name\":\"S\u00e3o Romualdo\"}]},{\"@type\":\"WebSite\",\"@id\":\"https:\/\/www.oarcanjo.net\/site\/#website\",\"url\":\"https:\/\/www.oarcanjo.net\/site\/\",\"name\":\"O Arcanjo no ar\",\"description\":\"Site da Par\u00f3quia S\u00e3o Miguel Arcanjo (Arquidiocese de SP)\",\"publisher\":{\"@id\":\"https:\/\/www.oarcanjo.net\/site\/#organization\"},\"potentialAction\":[{\"@type\":\"SearchAction\",\"target\":{\"@type\":\"EntryPoint\",\"urlTemplate\":\"https:\/\/www.oarcanjo.net\/site\/?s={search_term_string}\"},\"query-input\":{\"@type\":\"PropertyValueSpecification\",\"valueRequired\":true,\"valueName\":\"search_term_string\"}}],\"inLanguage\":\"pt-BR\"},{\"@type\":\"Organization\",\"@id\":\"https:\/\/www.oarcanjo.net\/site\/#organization\",\"name\":\"Par\u00f3quia S\u00e3o Miguel Arcanjo\",\"url\":\"https:\/\/www.oarcanjo.net\/site\/\",\"logo\":{\"@type\":\"ImageObject\",\"inLanguage\":\"pt-BR\",\"@id\":\"https:\/\/www.oarcanjo.net\/site\/#\/schema\/logo\/image\/\",\"url\":\"https:\/\/www.oarcanjo.net\/site\/wp-content\/uploads\/LogoOArcanjo.png\",\"contentUrl\":\"https:\/\/www.oarcanjo.net\/site\/wp-content\/uploads\/LogoOArcanjo.png\",\"width\":319,\"height\":99,\"caption\":\"Par\u00f3quia S\u00e3o Miguel Arcanjo\"},\"image\":{\"@id\":\"https:\/\/www.oarcanjo.net\/site\/#\/schema\/logo\/image\/\"},\"sameAs\":[\"https:\/\/www.facebook.com\/OArcanjoNoAr\/\"]},{\"@type\":\"Person\",\"@id\":\"https:\/\/www.oarcanjo.net\/site\/#\/schema\/person\/5eb9480bedd2f3c97e430ce128c29c6c\",\"name\":\"danilo\"}]}<\/script>\n<!-- \/ Yoast SEO plugin. -->","yoast_head_json":{"title":"S\u00e3o Romualdo - O Arcanjo no ar","robots":{"index":"index","follow":"follow","max-snippet":"max-snippet:-1","max-image-preview":"max-image-preview:large","max-video-preview":"max-video-preview:-1"},"canonical":"https:\/\/www.oarcanjo.net\/site\/sao-romualdo\/","og_locale":"pt_BR","og_type":"article","og_title":"S\u00e3o Romualdo - O Arcanjo no ar","og_description":"Fundador do c\u00e9lebre mosteiro de Camaldoli 7 de Fevereiro Neste dia celebra-se o anivers\u00e1rio do traslado de seus restos mortais em Val de Castro,nos arredores de Camaldoni, em Fabiano. Sua festa liturgica comemora-se em 9 de junho. O abade Romualdo, pai dos monges camaldulenses, desde muito jovem mostrou uma forte inclina\u00e7\u00e3o \u00e0 vida solit\u00e1ria e [&hellip;]","og_url":"https:\/\/www.oarcanjo.net\/site\/sao-romualdo\/","og_site_name":"O Arcanjo no ar","article_publisher":"https:\/\/www.facebook.com\/OArcanjoNoAr\/","article_published_time":"2017-02-07T02:59:46+00:00","article_modified_time":"2016-12-27T08:32:10+00:00","og_image":[{"url":"http:\/\/www.oarcanjo.net\/site\/wp-content\/uploads\/Sao-Romualdo.jpg"}],"author":"danilo","twitter_card":"summary_large_image","twitter_misc":{"Escrito por":"danilo","Est. tempo de leitura":"3 minutos"},"schema":{"@context":"https:\/\/schema.org","@graph":[{"@type":"Article","@id":"https:\/\/www.oarcanjo.net\/site\/sao-romualdo\/#article","isPartOf":{"@id":"https:\/\/www.oarcanjo.net\/site\/sao-romualdo\/"},"author":{"name":"danilo","@id":"https:\/\/www.oarcanjo.net\/site\/#\/schema\/person\/5eb9480bedd2f3c97e430ce128c29c6c"},"headline":"S\u00e3o Romualdo","datePublished":"2017-02-07T02:59:46+00:00","dateModified":"2016-12-27T08:32:10+00:00","mainEntityOfPage":{"@id":"https:\/\/www.oarcanjo.net\/site\/sao-romualdo\/"},"wordCount":538,"commentCount":0,"publisher":{"@id":"https:\/\/www.oarcanjo.net\/site\/#organization"},"image":{"@id":"https:\/\/www.oarcanjo.net\/site\/sao-romualdo\/#primaryimage"},"thumbnailUrl":"http:\/\/www.oarcanjo.net\/site\/wp-content\/uploads\/Sao-Romualdo.jpg","keywords":["S\u00e3o Romualdo"],"articleSection":["Testemunhos"],"inLanguage":"pt-BR","potentialAction":[{"@type":"CommentAction","name":"Comment","target":["https:\/\/www.oarcanjo.net\/site\/sao-romualdo\/#respond"]}]},{"@type":"WebPage","@id":"https:\/\/www.oarcanjo.net\/site\/sao-romualdo\/","url":"https:\/\/www.oarcanjo.net\/site\/sao-romualdo\/","name":"S\u00e3o Romualdo - O Arcanjo no ar","isPartOf":{"@id":"https:\/\/www.oarcanjo.net\/site\/#website"},"primaryImageOfPage":{"@id":"https:\/\/www.oarcanjo.net\/site\/sao-romualdo\/#primaryimage"},"image":{"@id":"https:\/\/www.oarcanjo.net\/site\/sao-romualdo\/#primaryimage"},"thumbnailUrl":"http:\/\/www.oarcanjo.net\/site\/wp-content\/uploads\/Sao-Romualdo.jpg","datePublished":"2017-02-07T02:59:46+00:00","dateModified":"2016-12-27T08:32:10+00:00","breadcrumb":{"@id":"https:\/\/www.oarcanjo.net\/site\/sao-romualdo\/#breadcrumb"},"inLanguage":"pt-BR","potentialAction":[{"@type":"ReadAction","target":["https:\/\/www.oarcanjo.net\/site\/sao-romualdo\/"]}]},{"@type":"ImageObject","inLanguage":"pt-BR","@id":"https:\/\/www.oarcanjo.net\/site\/sao-romualdo\/#primaryimage","url":"https:\/\/www.oarcanjo.net\/site\/wp-content\/uploads\/Sao-Romualdo.jpg","contentUrl":"https:\/\/www.oarcanjo.net\/site\/wp-content\/uploads\/Sao-Romualdo.jpg","width":161,"height":233,"caption":"S\u00e3o Romualdo"},{"@type":"BreadcrumbList","@id":"https:\/\/www.oarcanjo.net\/site\/sao-romualdo\/#breadcrumb","itemListElement":[{"@type":"ListItem","position":1,"name":"In\u00edcio","item":"https:\/\/www.oarcanjo.net\/site\/"},{"@type":"ListItem","position":2,"name":"S\u00e3o Romualdo"}]},{"@type":"WebSite","@id":"https:\/\/www.oarcanjo.net\/site\/#website","url":"https:\/\/www.oarcanjo.net\/site\/","name":"O Arcanjo no ar","description":"Site da Par\u00f3quia S\u00e3o Miguel Arcanjo (Arquidiocese de SP)","publisher":{"@id":"https:\/\/www.oarcanjo.net\/site\/#organization"},"potentialAction":[{"@type":"SearchAction","target":{"@type":"EntryPoint","urlTemplate":"https:\/\/www.oarcanjo.net\/site\/?s={search_term_string}"},"query-input":{"@type":"PropertyValueSpecification","valueRequired":true,"valueName":"search_term_string"}}],"inLanguage":"pt-BR"},{"@type":"Organization","@id":"https:\/\/www.oarcanjo.net\/site\/#organization","name":"Par\u00f3quia S\u00e3o Miguel Arcanjo","url":"https:\/\/www.oarcanjo.net\/site\/","logo":{"@type":"ImageObject","inLanguage":"pt-BR","@id":"https:\/\/www.oarcanjo.net\/site\/#\/schema\/logo\/image\/","url":"https:\/\/www.oarcanjo.net\/site\/wp-content\/uploads\/LogoOArcanjo.png","contentUrl":"https:\/\/www.oarcanjo.net\/site\/wp-content\/uploads\/LogoOArcanjo.png","width":319,"height":99,"caption":"Par\u00f3quia S\u00e3o Miguel Arcanjo"},"image":{"@id":"https:\/\/www.oarcanjo.net\/site\/#\/schema\/logo\/image\/"},"sameAs":["https:\/\/www.facebook.com\/OArcanjoNoAr\/"]},{"@type":"Person","@id":"https:\/\/www.oarcanjo.net\/site\/#\/schema\/person\/5eb9480bedd2f3c97e430ce128c29c6c","name":"danilo"}]}},"publishpress_future_action":{"enabled":false,"date":"2026-05-09 03:58:39","action":"category","newStatus":"draft","terms":[],"taxonomy":"category"},"publishpress_future_workflow_manual_trigger":{"enabledWorkflows":[]},"_links":{"self":[{"href":"https:\/\/www.oarcanjo.net\/site\/wp-json\/wp\/v2\/posts\/7628"}],"collection":[{"href":"https:\/\/www.oarcanjo.net\/site\/wp-json\/wp\/v2\/posts"}],"about":[{"href":"https:\/\/www.oarcanjo.net\/site\/wp-json\/wp\/v2\/types\/post"}],"author":[{"embeddable":true,"href":"https:\/\/www.oarcanjo.net\/site\/wp-json\/wp\/v2\/users\/14"}],"replies":[{"embeddable":true,"href":"https:\/\/www.oarcanjo.net\/site\/wp-json\/wp\/v2\/comments?post=7628"}],"version-history":[{"count":0,"href":"https:\/\/www.oarcanjo.net\/site\/wp-json\/wp\/v2\/posts\/7628\/revisions"}],"wp:attachment":[{"href":"https:\/\/www.oarcanjo.net\/site\/wp-json\/wp\/v2\/media?parent=7628"}],"wp:term":[{"taxonomy":"category","embeddable":true,"href":"https:\/\/www.oarcanjo.net\/site\/wp-json\/wp\/v2\/categories?post=7628"},{"taxonomy":"post_tag","embeddable":true,"href":"https:\/\/www.oarcanjo.net\/site\/wp-json\/wp\/v2\/tags?post=7628"}],"curies":[{"name":"wp","href":"https:\/\/api.w.org\/{rel}","templated":true}]}}