
{"id":7648,"date":"2010-01-24T08:19:41","date_gmt":"2010-01-24T10:19:41","guid":{"rendered":"http:\/\/www.oarcanjo.net\/site\/?p=7648"},"modified":"2010-01-25T16:44:33","modified_gmt":"2010-01-25T18:44:33","slug":"acao-de-gracas-2","status":"publish","type":"post","link":"https:\/\/www.oarcanjo.net\/site\/acao-de-gracas-2\/","title":{"rendered":"A\u00e7\u00e3o de Gra\u00e7as"},"content":{"rendered":"<p><em>S\u00e3o Tom\u00e1s de Aquino<\/em><\/p>\n<p>Meu Deus, em Ti louvo, glorifico, bendigo<br \/>\na clem\u00eancia que h\u00e1 muito me espera,<br \/>\na do\u00e7ura que afasta o castigo,<br \/>\na piedade que chama,<br \/>\na benignidade que acolhe,<br \/>\na miseric\u00f3rdia que perdoa os pecados,<br \/>\na bondade que recompensa al\u00e9m dos m\u00e9ritos,<br \/>\na paci\u00eancia que n\u00e3o recorda a ofensa<br \/>\na condescend\u00eancia que consola,<br \/>\na longanimidade que protege,<br \/>\na eternidade que me quer imortal,<br \/>\na verdade que nutre a alma.<\/p>\n<p>O que dizer, meu Deus, de Tua inef\u00e1vel generosidade?<br \/>\nAfinal, Tu me chamas quando fujo,<br \/>\nTu me acolhes no retorno,<br \/>\nTu me ajudas na d\u00edvida,<br \/>\nTu me ensinas no desespero,<br \/>\nTu me estimulas quando sou negligente,<br \/>\nTu me armas quando combato,<br \/>\nTu me coroas quando triunfo.<\/p>\n<p>Tu n\u00e3o me desprezas, pecador como sou, depois da penit\u00eancia<br \/>\ne n\u00e3o recordas a ofensa.<br \/>\nLibertas de muitos perigos<br \/>\nabranda-nos o cora\u00e7\u00e3o e dirige-o \u00e0 penit\u00eancia.<br \/>\nExortas com a beleza da cria\u00e7\u00e3o,<br \/>\nconvidas com a clem\u00eancia da reden\u00e7\u00e3o,<br \/>\nprometes os pr\u00eamios da recompensa celeste.<br \/>\nPor todos estes bens<br \/>\nn\u00e3o sou capaz de dignamente te louvar.<\/p>\n<p><em>Fonte: Sede de Deus<br \/>\nOra\u00e7\u00f5es do Juda\u00edsmo, Cristianismo e Isl\u00e3<br \/>\nEditora Vozes<\/em><\/p>\n<div id=\"themify_builder_content-7648\" data-postid=\"7648\" class=\"themify_builder_content themify_builder_content-7648 themify_builder themify_builder_front\">\n\t<\/div>\n<!-- \/themify_builder_content -->","protected":false},"excerpt":{"rendered":"<p>S\u00e3o Tom\u00e1s de Aquino Meu Deus, em Ti louvo, glorifico, bendigo a clem\u00eancia que h\u00e1 muito me espera, a do\u00e7ura que afasta o castigo, a piedade que chama, a benignidade que acolhe, a miseric\u00f3rdia que perdoa os pecados, a bondade que recompensa al\u00e9m dos m\u00e9ritos, a paci\u00eancia que n\u00e3o recorda a ofensa a condescend\u00eancia que [&hellip;]<\/p>\n","protected":false},"author":5,"featured_media":0,"comment_status":"open","ping_status":"open","sticky":false,"template":"","format":"standard","meta":{"ngg_post_thumbnail":0,"footnotes":""},"categories":[6],"tags":[1423,3201],"yoast_head":"<!-- This site is optimized with the Yoast SEO plugin v23.5 - https:\/\/yoast.com\/wordpress\/plugins\/seo\/ -->\n<title>A\u00e7\u00e3o de Gra\u00e7as - O Arcanjo no ar<\/title>\n<meta name=\"robots\" content=\"index, follow, max-snippet:-1, max-image-preview:large, max-video-preview:-1\" \/>\n<link rel=\"canonical\" href=\"https:\/\/www.oarcanjo.net\/site\/acao-de-gracas-2\/\" \/>\n<meta property=\"og:locale\" content=\"pt_BR\" \/>\n<meta property=\"og:type\" content=\"article\" \/>\n<meta property=\"og:title\" content=\"A\u00e7\u00e3o de Gra\u00e7as - O Arcanjo no ar\" \/>\n<meta property=\"og:description\" content=\"S\u00e3o Tom\u00e1s de Aquino Meu Deus, em Ti louvo, glorifico, bendigo a clem\u00eancia que h\u00e1 muito me espera, a do\u00e7ura que afasta o castigo, a piedade que chama, a benignidade que acolhe, a miseric\u00f3rdia que perdoa os pecados, a bondade que recompensa al\u00e9m dos m\u00e9ritos, a paci\u00eancia que n\u00e3o recorda a ofensa a condescend\u00eancia que [&hellip;]\" \/>\n<meta property=\"og:url\" content=\"https:\/\/www.oarcanjo.net\/site\/acao-de-gracas-2\/\" \/>\n<meta property=\"og:site_name\" content=\"O Arcanjo no ar\" \/>\n<meta property=\"article:publisher\" content=\"https:\/\/www.facebook.com\/OArcanjoNoAr\/\" \/>\n<meta property=\"article:published_time\" content=\"2010-01-24T10:19:41+00:00\" \/>\n<meta property=\"article:modified_time\" content=\"2010-01-25T18:44:33+00:00\" \/>\n<meta property=\"og:image\" content=\"https:\/\/www.oarcanjo.net\/site\/wp-content\/uploads\/logo-o-arcanjo-no-ar-facebook.png\" \/>\n\t<meta property=\"og:image:width\" content=\"300\" \/>\n\t<meta property=\"og:image:height\" content=\"300\" \/>\n\t<meta property=\"og:image:type\" content=\"image\/png\" \/>\n<meta name=\"author\" content=\"editor\" \/>\n<meta name=\"twitter:card\" content=\"summary_large_image\" \/>\n<meta name=\"twitter:label1\" content=\"Escrito por\" \/>\n\t<meta name=\"twitter:data1\" content=\"editor\" \/>\n\t<meta name=\"twitter:label2\" content=\"Est. tempo de leitura\" \/>\n\t<meta name=\"twitter:data2\" content=\"1 minuto\" \/>\n<script type=\"application\/ld+json\" class=\"yoast-schema-graph\">{\"@context\":\"https:\/\/schema.org\",\"@graph\":[{\"@type\":\"Article\",\"@id\":\"https:\/\/www.oarcanjo.net\/site\/acao-de-gracas-2\/#article\",\"isPartOf\":{\"@id\":\"https:\/\/www.oarcanjo.net\/site\/acao-de-gracas-2\/\"},\"author\":{\"name\":\"editor\",\"@id\":\"https:\/\/www.oarcanjo.net\/site\/#\/schema\/person\/f7024d007863202483a31326673a0838\"},\"headline\":\"A\u00e7\u00e3o de Gra\u00e7as\",\"datePublished\":\"2010-01-24T10:19:41+00:00\",\"dateModified\":\"2010-01-25T18:44:33+00:00\",\"mainEntityOfPage\":{\"@id\":\"https:\/\/www.oarcanjo.net\/site\/acao-de-gracas-2\/\"},\"wordCount\":213,\"commentCount\":2,\"publisher\":{\"@id\":\"https:\/\/www.oarcanjo.net\/site\/#organization\"},\"keywords\":[\"A\u00e7\u00e3o de Gra\u00e7as\",\"Ora\u00e7\u00f5es\"],\"articleSection\":[\"Ora\u00e7\u00f5es\"],\"inLanguage\":\"pt-BR\",\"potentialAction\":[{\"@type\":\"CommentAction\",\"name\":\"Comment\",\"target\":[\"https:\/\/www.oarcanjo.net\/site\/acao-de-gracas-2\/#respond\"]}]},{\"@type\":\"WebPage\",\"@id\":\"https:\/\/www.oarcanjo.net\/site\/acao-de-gracas-2\/\",\"url\":\"https:\/\/www.oarcanjo.net\/site\/acao-de-gracas-2\/\",\"name\":\"A\u00e7\u00e3o de Gra\u00e7as - O Arcanjo no ar\",\"isPartOf\":{\"@id\":\"https:\/\/www.oarcanjo.net\/site\/#website\"},\"datePublished\":\"2010-01-24T10:19:41+00:00\",\"dateModified\":\"2010-01-25T18:44:33+00:00\",\"breadcrumb\":{\"@id\":\"https:\/\/www.oarcanjo.net\/site\/acao-de-gracas-2\/#breadcrumb\"},\"inLanguage\":\"pt-BR\",\"potentialAction\":[{\"@type\":\"ReadAction\",\"target\":[\"https:\/\/www.oarcanjo.net\/site\/acao-de-gracas-2\/\"]}]},{\"@type\":\"BreadcrumbList\",\"@id\":\"https:\/\/www.oarcanjo.net\/site\/acao-de-gracas-2\/#breadcrumb\",\"itemListElement\":[{\"@type\":\"ListItem\",\"position\":1,\"name\":\"In\u00edcio\",\"item\":\"https:\/\/www.oarcanjo.net\/site\/\"},{\"@type\":\"ListItem\",\"position\":2,\"name\":\"A\u00e7\u00e3o de Gra\u00e7as\"}]},{\"@type\":\"WebSite\",\"@id\":\"https:\/\/www.oarcanjo.net\/site\/#website\",\"url\":\"https:\/\/www.oarcanjo.net\/site\/\",\"name\":\"O Arcanjo no ar\",\"description\":\"Site da Par\u00f3quia S\u00e3o Miguel Arcanjo (Arquidiocese de SP)\",\"publisher\":{\"@id\":\"https:\/\/www.oarcanjo.net\/site\/#organization\"},\"potentialAction\":[{\"@type\":\"SearchAction\",\"target\":{\"@type\":\"EntryPoint\",\"urlTemplate\":\"https:\/\/www.oarcanjo.net\/site\/?s={search_term_string}\"},\"query-input\":{\"@type\":\"PropertyValueSpecification\",\"valueRequired\":true,\"valueName\":\"search_term_string\"}}],\"inLanguage\":\"pt-BR\"},{\"@type\":\"Organization\",\"@id\":\"https:\/\/www.oarcanjo.net\/site\/#organization\",\"name\":\"Par\u00f3quia S\u00e3o Miguel Arcanjo\",\"url\":\"https:\/\/www.oarcanjo.net\/site\/\",\"logo\":{\"@type\":\"ImageObject\",\"inLanguage\":\"pt-BR\",\"@id\":\"https:\/\/www.oarcanjo.net\/site\/#\/schema\/logo\/image\/\",\"url\":\"https:\/\/www.oarcanjo.net\/site\/wp-content\/uploads\/LogoOArcanjo.png\",\"contentUrl\":\"https:\/\/www.oarcanjo.net\/site\/wp-content\/uploads\/LogoOArcanjo.png\",\"width\":319,\"height\":99,\"caption\":\"Par\u00f3quia S\u00e3o Miguel Arcanjo\"},\"image\":{\"@id\":\"https:\/\/www.oarcanjo.net\/site\/#\/schema\/logo\/image\/\"},\"sameAs\":[\"https:\/\/www.facebook.com\/OArcanjoNoAr\/\"]},{\"@type\":\"Person\",\"@id\":\"https:\/\/www.oarcanjo.net\/site\/#\/schema\/person\/f7024d007863202483a31326673a0838\",\"name\":\"editor\",\"sameAs\":[\"http:\/\/www.oarcanjo.net\"]}]}<\/script>\n<!-- \/ Yoast SEO plugin. -->","yoast_head_json":{"title":"A\u00e7\u00e3o de Gra\u00e7as - O Arcanjo no ar","robots":{"index":"index","follow":"follow","max-snippet":"max-snippet:-1","max-image-preview":"max-image-preview:large","max-video-preview":"max-video-preview:-1"},"canonical":"https:\/\/www.oarcanjo.net\/site\/acao-de-gracas-2\/","og_locale":"pt_BR","og_type":"article","og_title":"A\u00e7\u00e3o de Gra\u00e7as - O Arcanjo no ar","og_description":"S\u00e3o Tom\u00e1s de Aquino Meu Deus, em Ti louvo, glorifico, bendigo a clem\u00eancia que h\u00e1 muito me espera, a do\u00e7ura que afasta o castigo, a piedade que chama, a benignidade que acolhe, a miseric\u00f3rdia que perdoa os pecados, a bondade que recompensa al\u00e9m dos m\u00e9ritos, a paci\u00eancia que n\u00e3o recorda a ofensa a condescend\u00eancia que [&hellip;]","og_url":"https:\/\/www.oarcanjo.net\/site\/acao-de-gracas-2\/","og_site_name":"O Arcanjo no ar","article_publisher":"https:\/\/www.facebook.com\/OArcanjoNoAr\/","article_published_time":"2010-01-24T10:19:41+00:00","article_modified_time":"2010-01-25T18:44:33+00:00","og_image":[{"width":300,"height":300,"url":"https:\/\/www.oarcanjo.net\/site\/wp-content\/uploads\/logo-o-arcanjo-no-ar-facebook.png","type":"image\/png"}],"author":"editor","twitter_card":"summary_large_image","twitter_misc":{"Escrito por":"editor","Est. tempo de leitura":"1 minuto"},"schema":{"@context":"https:\/\/schema.org","@graph":[{"@type":"Article","@id":"https:\/\/www.oarcanjo.net\/site\/acao-de-gracas-2\/#article","isPartOf":{"@id":"https:\/\/www.oarcanjo.net\/site\/acao-de-gracas-2\/"},"author":{"name":"editor","@id":"https:\/\/www.oarcanjo.net\/site\/#\/schema\/person\/f7024d007863202483a31326673a0838"},"headline":"A\u00e7\u00e3o de Gra\u00e7as","datePublished":"2010-01-24T10:19:41+00:00","dateModified":"2010-01-25T18:44:33+00:00","mainEntityOfPage":{"@id":"https:\/\/www.oarcanjo.net\/site\/acao-de-gracas-2\/"},"wordCount":213,"commentCount":2,"publisher":{"@id":"https:\/\/www.oarcanjo.net\/site\/#organization"},"keywords":["A\u00e7\u00e3o de Gra\u00e7as","Ora\u00e7\u00f5es"],"articleSection":["Ora\u00e7\u00f5es"],"inLanguage":"pt-BR","potentialAction":[{"@type":"CommentAction","name":"Comment","target":["https:\/\/www.oarcanjo.net\/site\/acao-de-gracas-2\/#respond"]}]},{"@type":"WebPage","@id":"https:\/\/www.oarcanjo.net\/site\/acao-de-gracas-2\/","url":"https:\/\/www.oarcanjo.net\/site\/acao-de-gracas-2\/","name":"A\u00e7\u00e3o de Gra\u00e7as - O Arcanjo no ar","isPartOf":{"@id":"https:\/\/www.oarcanjo.net\/site\/#website"},"datePublished":"2010-01-24T10:19:41+00:00","dateModified":"2010-01-25T18:44:33+00:00","breadcrumb":{"@id":"https:\/\/www.oarcanjo.net\/site\/acao-de-gracas-2\/#breadcrumb"},"inLanguage":"pt-BR","potentialAction":[{"@type":"ReadAction","target":["https:\/\/www.oarcanjo.net\/site\/acao-de-gracas-2\/"]}]},{"@type":"BreadcrumbList","@id":"https:\/\/www.oarcanjo.net\/site\/acao-de-gracas-2\/#breadcrumb","itemListElement":[{"@type":"ListItem","position":1,"name":"In\u00edcio","item":"https:\/\/www.oarcanjo.net\/site\/"},{"@type":"ListItem","position":2,"name":"A\u00e7\u00e3o de Gra\u00e7as"}]},{"@type":"WebSite","@id":"https:\/\/www.oarcanjo.net\/site\/#website","url":"https:\/\/www.oarcanjo.net\/site\/","name":"O Arcanjo no ar","description":"Site da Par\u00f3quia S\u00e3o Miguel Arcanjo (Arquidiocese de SP)","publisher":{"@id":"https:\/\/www.oarcanjo.net\/site\/#organization"},"potentialAction":[{"@type":"SearchAction","target":{"@type":"EntryPoint","urlTemplate":"https:\/\/www.oarcanjo.net\/site\/?s={search_term_string}"},"query-input":{"@type":"PropertyValueSpecification","valueRequired":true,"valueName":"search_term_string"}}],"inLanguage":"pt-BR"},{"@type":"Organization","@id":"https:\/\/www.oarcanjo.net\/site\/#organization","name":"Par\u00f3quia S\u00e3o Miguel Arcanjo","url":"https:\/\/www.oarcanjo.net\/site\/","logo":{"@type":"ImageObject","inLanguage":"pt-BR","@id":"https:\/\/www.oarcanjo.net\/site\/#\/schema\/logo\/image\/","url":"https:\/\/www.oarcanjo.net\/site\/wp-content\/uploads\/LogoOArcanjo.png","contentUrl":"https:\/\/www.oarcanjo.net\/site\/wp-content\/uploads\/LogoOArcanjo.png","width":319,"height":99,"caption":"Par\u00f3quia S\u00e3o Miguel Arcanjo"},"image":{"@id":"https:\/\/www.oarcanjo.net\/site\/#\/schema\/logo\/image\/"},"sameAs":["https:\/\/www.facebook.com\/OArcanjoNoAr\/"]},{"@type":"Person","@id":"https:\/\/www.oarcanjo.net\/site\/#\/schema\/person\/f7024d007863202483a31326673a0838","name":"editor","sameAs":["http:\/\/www.oarcanjo.net"]}]}},"publishpress_future_action":{"enabled":false,"date":"2026-05-07 23:06:19","action":"category","newStatus":"draft","terms":[],"taxonomy":"category"},"publishpress_future_workflow_manual_trigger":{"enabledWorkflows":[]},"_links":{"self":[{"href":"https:\/\/www.oarcanjo.net\/site\/wp-json\/wp\/v2\/posts\/7648"}],"collection":[{"href":"https:\/\/www.oarcanjo.net\/site\/wp-json\/wp\/v2\/posts"}],"about":[{"href":"https:\/\/www.oarcanjo.net\/site\/wp-json\/wp\/v2\/types\/post"}],"author":[{"embeddable":true,"href":"https:\/\/www.oarcanjo.net\/site\/wp-json\/wp\/v2\/users\/5"}],"replies":[{"embeddable":true,"href":"https:\/\/www.oarcanjo.net\/site\/wp-json\/wp\/v2\/comments?post=7648"}],"version-history":[{"count":0,"href":"https:\/\/www.oarcanjo.net\/site\/wp-json\/wp\/v2\/posts\/7648\/revisions"}],"wp:attachment":[{"href":"https:\/\/www.oarcanjo.net\/site\/wp-json\/wp\/v2\/media?parent=7648"}],"wp:term":[{"taxonomy":"category","embeddable":true,"href":"https:\/\/www.oarcanjo.net\/site\/wp-json\/wp\/v2\/categories?post=7648"},{"taxonomy":"post_tag","embeddable":true,"href":"https:\/\/www.oarcanjo.net\/site\/wp-json\/wp\/v2\/tags?post=7648"}],"curies":[{"name":"wp","href":"https:\/\/api.w.org\/{rel}","templated":true}]}}