
{"id":7666,"date":"2017-02-08T00:59:38","date_gmt":"2017-02-08T02:59:38","guid":{"rendered":"http:\/\/www.oarcanjo.net\/site\/?p=7666"},"modified":"2016-12-27T06:32:23","modified_gmt":"2016-12-27T08:32:23","slug":"sao-jeronimo-emiliano","status":"publish","type":"post","link":"https:\/\/www.oarcanjo.net\/site\/sao-jeronimo-emiliano\/","title":{"rendered":"S\u00e3o Jer\u00f4nimo Emiliano"},"content":{"rendered":"<p><img decoding=\"async\" src=\"http:\/\/1.bp.blogspot.com\/_VsL8VkjSZWw\/SZCerTUl5kI\/AAAAAAAAA04\/6CTk2wk3QMM\/s400\/2_FEVEREIRO_8_S_O_JER_NIMO_EMILIANO1.jpg\" alt=\"\" \/><img loading=\"lazy\" decoding=\"async\" src=\"http:\/\/alexandrinabalasar.free.fr\/jeronimo_emiliano_01.jpg\" border=\"0\" alt=\"\" hspace=\"10\" vspace=\"10\" width=\"405\" height=\"632\" align=\"right\" \/><\/p>\n<p>8 de Fevereiro<\/p>\n<p><em>A Provid\u00eancia serviu-se do extraordin\u00e1rio esp\u00edrito de penit\u00eancia de um pecador para fazer germinar prodigiosa obra de amparo aos pobres, \u00f3rf\u00e3os e doentes, bem como recupera\u00e7\u00e3o de mulheres de m\u00e1 vida<\/em><\/p>\n<p>*****<\/p>\n<p>Para opor-se \u00e0s nefastas influ\u00eancias do Renascimento e do protestantismo no s\u00e9culo XVI, a Provid\u00eancia suscitou uma pl\u00eaiade de grandes Santos que agiram nos mais variados campos da actividade humana. Um deles foi S\u00e3o Jer\u00f3nimo Emiliani, do patriciado de Veneza, senador da Rep\u00fablica, militar brilhante e valoroso, que tudo deixou para amparar e dar forma\u00e7\u00e3o crist\u00e3 aos \u00f3rf\u00e3os das in\u00fameras guerras e pestes do tempo. Sua festa comemora-se a 8 de fevereiro.<\/p>\n<p>Oriundo de uma fam\u00edlia nobre que havia j\u00e1 dado ilustres membros \u00e0 Igreja, ao Senado e \u00e0s armas da Seren\u00edssima Rep\u00fablica de Veneza, Jer\u00f3nimo nasceu naquela cidade mar\u00edtima em 1481. Seu pai, senador, tinha pouco tempo para dedicar \u00e0 sua educa\u00e7\u00e3o, que foi entregue \u00e0 sua m\u00e3e. Piedosa e meiga, Dona Eleonora soube incutir no cora\u00e7\u00e3o do menino profundas sementes de Religi\u00e3o, que mais tarde dariam fruto.<\/p>\n<p>Mas foi o nobre amor \u00e0s armas, herdado de seus antepassados, que teve a prefer\u00eancia do pequeno Jer\u00f3nimo, de tal sorte que j\u00e1 aos 15 anos, pouco depois de perder o pai, ele se alistava no ex\u00e9rcito da Rep\u00fablica veneziana.<\/p>\n<p>Participando de v\u00e1rias batalhas, foi sempre notado por seu valor e brio militar. Mas infelizmente sofreu a m\u00e1 influ\u00eancia da vida licenciosa, j\u00e1 ent\u00e3o comum em quart\u00e9is e acampamentos. M\u00e1s amizades ajudaram-no a deslizar insensivelmente pela rampa do v\u00edcio, e Jer\u00f3nimo entregou-se a muitos excessos. Um deles era o da ira, que chegava facilmente a verdadeiro furor. Se ele n\u00e3o caiu mais baixo, foi porque, aspirando aos mais altos cargos em Veneza, necessitava ter uma conduta honrosa.<\/p>\n<p>O cont\u00ednuo apelo \u00e0s armas n\u00e3o lhe permitiu formar um lar. Ou melhor, Deus n\u00e3o o permitiu, porque tinha des\u00edgnios sobre ele.<\/p>\n<h3>No c\u00e1rcere, ouve a\u00a0 voz de Deus<\/h3>\n<p>Contava Jer\u00f3nimo 28 anos quando, em 1508, os venezianos levantaram-se em armas contra a Liga de Cambray, formada pelo Papa e pelos Reis Lu\u00eds XII da Fran\u00e7a, Maximiliano da Alemanha e Fernando o Cat\u00f3lico, da Espanha. A ele foi confiada a dif\u00edcil defesa de Castelnuovo. Vendo a despropor\u00e7\u00e3o entre os dois ex\u00e9rcitos, o governador da cidade fugiu, deixando-o com todo o \u00f3nus da defesa. Jer\u00f3nimo negou-se a render-se, e lutou at\u00e9 que a pra\u00e7a fosse arrasada.<\/p>\n<p>Em seguida, segundo o costume do tempo, ele foi preso numa torre, carregado de correntes no pesco\u00e7o, bra\u00e7os e p\u00e9s. O pior, por\u00e9m, era a perspectiva da morte e o lento passar do tempo.<\/p>\n<p>Nas intermin\u00e1veis horas em que jazia no c\u00e1rcere, a gra\u00e7a foi produzindo seus frutos em sua alma, e ele come\u00e7ou a lembrar-se dos ensinamentos de piedade e virtude recebidos em crian\u00e7a, e do bom exemplo dos irm\u00e3os e da m\u00e3e. Considerou a vida desordenada que levava, t\u00e3o afastado de Deus, e acabou por julgar que era um merecido castigo aquele que lhe fora infligido. Pediu a Deus, pela intercess\u00e3o de Nossa Senhora de Treviso, que o aceitasse como expia\u00e7\u00e3o e lhe desse uma oportunidade de reparar condignamente a vida passada.<\/p>\n<h3>Auxiliado por Nossa Senhora, foge da pris\u00e3o<\/h3>\n<p>Apareceu-lhe ent\u00e3o Nossa Senhora, que lhe deu as chaves de suas correntes e do calabou\u00e7o. Auxiliou-o a sair da pris\u00e3o sem ser visto e a atravessar o campo inimigo, para chegar a Treviso. L\u00e1, no altar da Virgem, Jer\u00f3nimo dep\u00f4s as correntes e as chaves que lhe tinham sido milagrosamente entregues. Quis que esse ato fosse registrado por um not\u00e1rio p\u00fablico, e depois pintado por um dos famosos pintores de Veneza.<\/p>\n<p>Come\u00e7ou para Jer\u00f3nimo Emiliani uma guerra muito mais \u00e1rdua e sem quartel do que todas as outras: a luta contra seus pr\u00f3prios defeitos. Em busca de aux\u00edlio, procurou um piedoso sacerdote como director espiritual e recorreu com frequ\u00eancia aos Sacramentos. Prostrava-se diante de um Crucifixo e suplicava: \u201c<em>\u00d3 Jesus, n\u00e3o sejais um Juiz para mim, sede antes o meu Salvador<\/em>\u201d. Ou, como Santo Agostinho: \u201c<em>Senhor, sede para mim verdadeiramente Jesus! V\u00f3s s\u00f3 podeis ser meu Salvador<\/em>\u201d.<\/p>\n<p>Aos poucos foi controlando suas paix\u00f5es, sobretudo a ira, pelo exerc\u00edcio da docilidade e paci\u00eancia. Adquiriu assim a verdadeira humildade e mansid\u00e3o de cora\u00e7\u00e3o, tornando-se o homem mais af\u00e1vel e pac\u00edfico de Veneza.<\/p>\n<p>O Senado da <em>Rainha do Adri\u00e1tico\u00a0<\/em>\u2013\u00a0como era conhecida Veneza\u00a0\u2015, para recompens\u00e1-lo por seu valor na defesa de Castelnuovo, nomeou-o governador dessa cidade. Mas ele teve pouco tempo para exercer esse cargo, pois necessitou tomar sobre si a tutela dos sobrinhos, que o repentino falecimento de seu irm\u00e3o deixara \u00f3rf\u00e3os. Tendo-lhes assegurado uma boa educa\u00e7\u00e3o e um rendimento de acordo com sua alta categoria, ele ficou livre para cumprir ent\u00e3o o que havia prometido.<\/p>\n<p>Jer\u00f3nimo Emiliani j\u00e1 n\u00e3o era o mesmo. Renunciara a todos os cargos e comodidades da vida, mesmo as mais leg\u00edtimas, \u00e0s belas roupas, e afligia seu corpo com jejuns e penit\u00eancias extraordin\u00e1rios, passando longas horas em ora\u00e7\u00e3o e empregando o tempo livre em socorrer os pobres e doentes.<\/p>\n<p>Em 1528 uma grande carestia assolou a It\u00e1lia, com fome geral. Todos os dias a morte ceifava in\u00fameras v\u00edtimas. Para socorr\u00ea-las, Emiliani vendeu at\u00e9 os seus pr\u00f3prios m\u00f3veis, transformando sua casa em hospital.<\/p>\n<p>\u00c0 fome sucedeu uma mol\u00e9stia contagiosa, que fez muito mais v\u00edtimas. Jer\u00f3nimo foi atingido t\u00e3o fortemente, que chegou a receber os \u00faltimos Sacramentos. Mas pediu a Deus sa\u00fade para poder, por uma penit\u00eancia mais longa, reparar a vida passada. Foi ouvido, e redobrou de zelo no amor a Deus e ao pr\u00f3ximo.<\/p>\n<h3>Orfanato: obra precursora de uma fam\u00edlia religiosa<\/h3>\n<p>A fome e a peste haviam deixado grande n\u00famero de \u00f3rf\u00e3os, que vagavam pelas ruas reduzidos \u00e0 mendicidade e exposto aos piores v\u00edcios. O Santo come\u00e7ou a recolh\u00ea-los em uma casa que comprara para isso; procurou mestres para ensinar-lhes alguns of\u00edcios, e proveu sobretudo \u00e0 sa\u00fade de suas almas. Fazia com eles as ora\u00e7\u00f5es da manh\u00e3 e da noite. Levava-os\u00a0 a assistir \u00e0 Missa diariamente e a alternar o trabalho manual com momentos de sil\u00eancio,\u00a0 o c\u00e2ntico de ladainhas e outras ora\u00e7\u00f5es. Fazia-os confessarem-se uma vez por m\u00eas, e nos dias de festa levava-os, todos vestidos de branco, a visitar os principais santu\u00e1rios de Veneza, cantando ladainhas pelas ruas e pra\u00e7as. Toda a cidade via emocionada aquele que fora um cavaleiro t\u00e3o brilhante, agora transformado no pai dos \u00f3rf\u00e3os.<\/p>\n<p>A caridade de Jer\u00f3nimo Emiliani n\u00e3o se circunscreveu a Veneza, mas logo atingiu tamb\u00e9m B\u00e9rgamo, Br\u00e9scia, Como e Somasca. J\u00e1 nesse tempo havia recebido a ordena\u00e7\u00e3o sacerdotal, e a ele tinham se reunido mais dois santos sacerdotes, que, a seu exemplo, distribu\u00edram aos pobres tudo o que possu\u00edam, para abra\u00e7ar a pobreza volunt\u00e1ria.<\/p>\n<h3>Congrega\u00e7\u00e3o e depois Ordem de amparo \u00e0 pobreza<\/h3>\n<p>Jer\u00f3nimo pensou logo em fundar uma Congrega\u00e7\u00e3o regular para dar mais estabilidade \u00e0 sua obra. Escolheu para isso Somasca, entre Mil\u00e3o e B\u00e9rgamo, para estabelecer a casa-m\u00e3e e o semin\u00e1rio. Da\u00ed veio o nome pelo qual ficaram conhecidos, <em>Cl\u00e9rigos Regulares de Somasca<\/em>. O Santo escreveu os primeiros regulamentos para essa Congrega\u00e7\u00e3o, a base dos quais era a santa pobreza, que deveria manifestar-se em todas as coisas, desde o h\u00e1bito at\u00e9 o mobili\u00e1rio da casa. Os alimentos mais requintados foram abolidos de sua mesa, devendo eles contentar-se com a comida comum dos camponeses. Durante as refei\u00e7\u00f5es haveria leitura espiritual. Observariam o sil\u00eancio e as mortifica\u00e7\u00f5es da regra. Empregariam parte da noite em ora\u00e7\u00e3o, e durante o dia, se n\u00e3o estivessem atendendo os \u00f3rf\u00e3os ou os doentes, deveriam entreter-se com algum trabalho manual. A finalidade principal dos Cl\u00e9rigos Regulares era a instru\u00e7\u00e3o das crian\u00e7as e de jovens eclesi\u00e1sticos.<\/p>\n<p>Em B\u00e9rgamo, o Santo procurou tamb\u00e9m reconduzir para o bom caminho mulheres perdidas, que ele havia convertido. Obteve que fossem fechadas as casas que serviam para sua libertinagem. Aumentando o n\u00famero das arrependidas, reuniu-as em uma casa especial, com uma regra de vida, para que perseverassem nos bons prop\u00f3sitos.<\/p>\n<h3>Um Papa e um Santo defendem Jer\u00f3nimo Emiliani<\/h3>\n<p>Sua Congrega\u00e7\u00e3o foi aprovada como Ordem religiosa pelo Papa Paulo III, grande amigo de Jer\u00f3nimo. Esse Pont\u00edfice, juntamente com S\u00e3o Caetano de Tienne, era um de seus mais ardorosos defensores e benfeitores.<\/p>\n<p>Vendo o bem que o Santo fazia, o Senado de Veneza ofereceu-lhe a direc\u00e7\u00e3o do hospital dos incur\u00e1veis, que Jer\u00f3nimo aceitou pela oportunidade que tinha de dar assist\u00eancia a muitos doentes terminais. Quando via-se sem recursos materiais para acudir a tantas iniciativas, escolhia quatro de seus orf\u00e3ozinhos com menos de oito anos de idade, portanto mais inocentes, para fazer ao C\u00e9u viol\u00eancia com suas ora\u00e7\u00f5es.<\/p>\n<p>Entrementes, a fama de santidade de Jer\u00f3nimo atra\u00eda-lhe muitos doadores e novos membros para sua Congrega\u00e7\u00e3o.<\/p>\n<h3>Morte: \u00faltimo ato de caridade numa epidemia<\/h3>\n<p>Embora contasse pouco mais de 55 anos, Jer\u00f3nimo teve certa premoni\u00e7\u00e3o de que seu fim estava pr\u00f3ximo. Procurou ent\u00e3o consolidar sua obra, visitando todas as casas da Ordem. Ia sempre a p\u00e9 e n\u00e3o tomava outro alimento sen\u00e3o p\u00e3o e \u00e1gua.<\/p>\n<p>Uma terr\u00edvel peste afligiu B\u00e9rgamo, fazendo in\u00fameras v\u00edtimas. Para l\u00e1 acorreu Jer\u00f3nimo Emiliani com o mesmo ardor de sempre. Contraiu tamb\u00e9m a peste e viu que seus dias estavam contados. Alegre, repetia com S\u00e3o Paulo: <em>\u201cQuero a morte, para viver com Cristo\u201d<\/em>. Reuniu seus disc\u00edpulos para os \u00faltimos conselhos. Os benditos nomes de Jesus e de Maria n\u00e3o lhe sa\u00edam dos l\u00e1bios.<\/p>\n<p>Enfim, no dia 8 de fevereiro de 1537, tendo recebido os \u00faltimos Sacramentos, entregou sua alma a Deus, na idade de 56 anos.<\/p>\n<p>Pio XI o proclamou patrono universal dos meninos \u00f3rf\u00e3os e abandonados.<\/p>\n<div id=\"themify_builder_content-7666\" data-postid=\"7666\" class=\"themify_builder_content themify_builder_content-7666 themify_builder themify_builder_front\">\n\t<\/div>\n<!-- \/themify_builder_content -->","protected":false},"excerpt":{"rendered":"<p>8 de Fevereiro A Provid\u00eancia serviu-se do extraordin\u00e1rio esp\u00edrito de penit\u00eancia de um pecador para fazer germinar prodigiosa obra de amparo aos pobres, \u00f3rf\u00e3os e doentes, bem como recupera\u00e7\u00e3o de mulheres de m\u00e1 vida ***** Para opor-se \u00e0s nefastas influ\u00eancias do Renascimento e do protestantismo no s\u00e9culo XVI, a Provid\u00eancia suscitou uma pl\u00eaiade de grandes [&hellip;]<\/p>\n","protected":false},"author":14,"featured_media":0,"comment_status":"open","ping_status":"open","sticky":false,"template":"","format":"standard","meta":{"ngg_post_thumbnail":0,"footnotes":""},"categories":[186],"tags":[],"yoast_head":"<!-- This site is optimized with the Yoast SEO plugin v23.5 - https:\/\/yoast.com\/wordpress\/plugins\/seo\/ -->\n<title>S\u00e3o Jer\u00f4nimo Emiliano - O Arcanjo no ar<\/title>\n<meta name=\"robots\" content=\"index, follow, max-snippet:-1, max-image-preview:large, max-video-preview:-1\" \/>\n<link rel=\"canonical\" href=\"https:\/\/www.oarcanjo.net\/site\/sao-jeronimo-emiliano\/\" \/>\n<meta property=\"og:locale\" content=\"pt_BR\" \/>\n<meta property=\"og:type\" content=\"article\" \/>\n<meta property=\"og:title\" content=\"S\u00e3o Jer\u00f4nimo Emiliano - O Arcanjo no ar\" \/>\n<meta property=\"og:description\" content=\"8 de Fevereiro A Provid\u00eancia serviu-se do extraordin\u00e1rio esp\u00edrito de penit\u00eancia de um pecador para fazer germinar prodigiosa obra de amparo aos pobres, \u00f3rf\u00e3os e doentes, bem como recupera\u00e7\u00e3o de mulheres de m\u00e1 vida ***** Para opor-se \u00e0s nefastas influ\u00eancias do Renascimento e do protestantismo no s\u00e9culo XVI, a Provid\u00eancia suscitou uma pl\u00eaiade de grandes [&hellip;]\" \/>\n<meta property=\"og:url\" content=\"https:\/\/www.oarcanjo.net\/site\/sao-jeronimo-emiliano\/\" \/>\n<meta property=\"og:site_name\" content=\"O Arcanjo no ar\" \/>\n<meta property=\"article:publisher\" content=\"https:\/\/www.facebook.com\/OArcanjoNoAr\/\" \/>\n<meta property=\"article:published_time\" content=\"2017-02-08T02:59:38+00:00\" \/>\n<meta property=\"article:modified_time\" content=\"2016-12-27T08:32:23+00:00\" \/>\n<meta property=\"og:image\" content=\"http:\/\/1.bp.blogspot.com\/_VsL8VkjSZWw\/SZCerTUl5kI\/AAAAAAAAA04\/6CTk2wk3QMM\/s400\/2_FEVEREIRO_8_S_O_JER_NIMO_EMILIANO1.jpg\" \/>\n<meta name=\"author\" content=\"danilo\" \/>\n<meta name=\"twitter:card\" content=\"summary_large_image\" \/>\n<meta name=\"twitter:label1\" content=\"Escrito por\" \/>\n\t<meta name=\"twitter:data1\" content=\"danilo\" \/>\n\t<meta name=\"twitter:label2\" content=\"Est. tempo de leitura\" \/>\n\t<meta name=\"twitter:data2\" content=\"9 minutos\" \/>\n<script type=\"application\/ld+json\" class=\"yoast-schema-graph\">{\"@context\":\"https:\/\/schema.org\",\"@graph\":[{\"@type\":\"Article\",\"@id\":\"https:\/\/www.oarcanjo.net\/site\/sao-jeronimo-emiliano\/#article\",\"isPartOf\":{\"@id\":\"https:\/\/www.oarcanjo.net\/site\/sao-jeronimo-emiliano\/\"},\"author\":{\"name\":\"danilo\",\"@id\":\"https:\/\/www.oarcanjo.net\/site\/#\/schema\/person\/5eb9480bedd2f3c97e430ce128c29c6c\"},\"headline\":\"S\u00e3o Jer\u00f4nimo Emiliano\",\"datePublished\":\"2017-02-08T02:59:38+00:00\",\"dateModified\":\"2016-12-27T08:32:23+00:00\",\"mainEntityOfPage\":{\"@id\":\"https:\/\/www.oarcanjo.net\/site\/sao-jeronimo-emiliano\/\"},\"wordCount\":1753,\"commentCount\":2,\"publisher\":{\"@id\":\"https:\/\/www.oarcanjo.net\/site\/#organization\"},\"image\":{\"@id\":\"https:\/\/www.oarcanjo.net\/site\/sao-jeronimo-emiliano\/#primaryimage\"},\"thumbnailUrl\":\"http:\/\/1.bp.blogspot.com\/_VsL8VkjSZWw\/SZCerTUl5kI\/AAAAAAAAA04\/6CTk2wk3QMM\/s400\/2_FEVEREIRO_8_S_O_JER_NIMO_EMILIANO1.jpg\",\"articleSection\":[\"Testemunhos\"],\"inLanguage\":\"pt-BR\",\"potentialAction\":[{\"@type\":\"CommentAction\",\"name\":\"Comment\",\"target\":[\"https:\/\/www.oarcanjo.net\/site\/sao-jeronimo-emiliano\/#respond\"]}]},{\"@type\":\"WebPage\",\"@id\":\"https:\/\/www.oarcanjo.net\/site\/sao-jeronimo-emiliano\/\",\"url\":\"https:\/\/www.oarcanjo.net\/site\/sao-jeronimo-emiliano\/\",\"name\":\"S\u00e3o Jer\u00f4nimo Emiliano - O Arcanjo no ar\",\"isPartOf\":{\"@id\":\"https:\/\/www.oarcanjo.net\/site\/#website\"},\"primaryImageOfPage\":{\"@id\":\"https:\/\/www.oarcanjo.net\/site\/sao-jeronimo-emiliano\/#primaryimage\"},\"image\":{\"@id\":\"https:\/\/www.oarcanjo.net\/site\/sao-jeronimo-emiliano\/#primaryimage\"},\"thumbnailUrl\":\"http:\/\/1.bp.blogspot.com\/_VsL8VkjSZWw\/SZCerTUl5kI\/AAAAAAAAA04\/6CTk2wk3QMM\/s400\/2_FEVEREIRO_8_S_O_JER_NIMO_EMILIANO1.jpg\",\"datePublished\":\"2017-02-08T02:59:38+00:00\",\"dateModified\":\"2016-12-27T08:32:23+00:00\",\"breadcrumb\":{\"@id\":\"https:\/\/www.oarcanjo.net\/site\/sao-jeronimo-emiliano\/#breadcrumb\"},\"inLanguage\":\"pt-BR\",\"potentialAction\":[{\"@type\":\"ReadAction\",\"target\":[\"https:\/\/www.oarcanjo.net\/site\/sao-jeronimo-emiliano\/\"]}]},{\"@type\":\"ImageObject\",\"inLanguage\":\"pt-BR\",\"@id\":\"https:\/\/www.oarcanjo.net\/site\/sao-jeronimo-emiliano\/#primaryimage\",\"url\":\"http:\/\/1.bp.blogspot.com\/_VsL8VkjSZWw\/SZCerTUl5kI\/AAAAAAAAA04\/6CTk2wk3QMM\/s400\/2_FEVEREIRO_8_S_O_JER_NIMO_EMILIANO1.jpg\",\"contentUrl\":\"http:\/\/1.bp.blogspot.com\/_VsL8VkjSZWw\/SZCerTUl5kI\/AAAAAAAAA04\/6CTk2wk3QMM\/s400\/2_FEVEREIRO_8_S_O_JER_NIMO_EMILIANO1.jpg\"},{\"@type\":\"BreadcrumbList\",\"@id\":\"https:\/\/www.oarcanjo.net\/site\/sao-jeronimo-emiliano\/#breadcrumb\",\"itemListElement\":[{\"@type\":\"ListItem\",\"position\":1,\"name\":\"In\u00edcio\",\"item\":\"https:\/\/www.oarcanjo.net\/site\/\"},{\"@type\":\"ListItem\",\"position\":2,\"name\":\"S\u00e3o Jer\u00f4nimo Emiliano\"}]},{\"@type\":\"WebSite\",\"@id\":\"https:\/\/www.oarcanjo.net\/site\/#website\",\"url\":\"https:\/\/www.oarcanjo.net\/site\/\",\"name\":\"O Arcanjo no ar\",\"description\":\"Site da Par\u00f3quia S\u00e3o Miguel Arcanjo (Arquidiocese de SP)\",\"publisher\":{\"@id\":\"https:\/\/www.oarcanjo.net\/site\/#organization\"},\"potentialAction\":[{\"@type\":\"SearchAction\",\"target\":{\"@type\":\"EntryPoint\",\"urlTemplate\":\"https:\/\/www.oarcanjo.net\/site\/?s={search_term_string}\"},\"query-input\":{\"@type\":\"PropertyValueSpecification\",\"valueRequired\":true,\"valueName\":\"search_term_string\"}}],\"inLanguage\":\"pt-BR\"},{\"@type\":\"Organization\",\"@id\":\"https:\/\/www.oarcanjo.net\/site\/#organization\",\"name\":\"Par\u00f3quia S\u00e3o Miguel Arcanjo\",\"url\":\"https:\/\/www.oarcanjo.net\/site\/\",\"logo\":{\"@type\":\"ImageObject\",\"inLanguage\":\"pt-BR\",\"@id\":\"https:\/\/www.oarcanjo.net\/site\/#\/schema\/logo\/image\/\",\"url\":\"https:\/\/www.oarcanjo.net\/site\/wp-content\/uploads\/LogoOArcanjo.png\",\"contentUrl\":\"https:\/\/www.oarcanjo.net\/site\/wp-content\/uploads\/LogoOArcanjo.png\",\"width\":319,\"height\":99,\"caption\":\"Par\u00f3quia S\u00e3o Miguel Arcanjo\"},\"image\":{\"@id\":\"https:\/\/www.oarcanjo.net\/site\/#\/schema\/logo\/image\/\"},\"sameAs\":[\"https:\/\/www.facebook.com\/OArcanjoNoAr\/\"]},{\"@type\":\"Person\",\"@id\":\"https:\/\/www.oarcanjo.net\/site\/#\/schema\/person\/5eb9480bedd2f3c97e430ce128c29c6c\",\"name\":\"danilo\"}]}<\/script>\n<!-- \/ Yoast SEO plugin. -->","yoast_head_json":{"title":"S\u00e3o Jer\u00f4nimo Emiliano - O Arcanjo no ar","robots":{"index":"index","follow":"follow","max-snippet":"max-snippet:-1","max-image-preview":"max-image-preview:large","max-video-preview":"max-video-preview:-1"},"canonical":"https:\/\/www.oarcanjo.net\/site\/sao-jeronimo-emiliano\/","og_locale":"pt_BR","og_type":"article","og_title":"S\u00e3o Jer\u00f4nimo Emiliano - O Arcanjo no ar","og_description":"8 de Fevereiro A Provid\u00eancia serviu-se do extraordin\u00e1rio esp\u00edrito de penit\u00eancia de um pecador para fazer germinar prodigiosa obra de amparo aos pobres, \u00f3rf\u00e3os e doentes, bem como recupera\u00e7\u00e3o de mulheres de m\u00e1 vida ***** Para opor-se \u00e0s nefastas influ\u00eancias do Renascimento e do protestantismo no s\u00e9culo XVI, a Provid\u00eancia suscitou uma pl\u00eaiade de grandes [&hellip;]","og_url":"https:\/\/www.oarcanjo.net\/site\/sao-jeronimo-emiliano\/","og_site_name":"O Arcanjo no ar","article_publisher":"https:\/\/www.facebook.com\/OArcanjoNoAr\/","article_published_time":"2017-02-08T02:59:38+00:00","article_modified_time":"2016-12-27T08:32:23+00:00","og_image":[{"url":"http:\/\/1.bp.blogspot.com\/_VsL8VkjSZWw\/SZCerTUl5kI\/AAAAAAAAA04\/6CTk2wk3QMM\/s400\/2_FEVEREIRO_8_S_O_JER_NIMO_EMILIANO1.jpg"}],"author":"danilo","twitter_card":"summary_large_image","twitter_misc":{"Escrito por":"danilo","Est. tempo de leitura":"9 minutos"},"schema":{"@context":"https:\/\/schema.org","@graph":[{"@type":"Article","@id":"https:\/\/www.oarcanjo.net\/site\/sao-jeronimo-emiliano\/#article","isPartOf":{"@id":"https:\/\/www.oarcanjo.net\/site\/sao-jeronimo-emiliano\/"},"author":{"name":"danilo","@id":"https:\/\/www.oarcanjo.net\/site\/#\/schema\/person\/5eb9480bedd2f3c97e430ce128c29c6c"},"headline":"S\u00e3o Jer\u00f4nimo Emiliano","datePublished":"2017-02-08T02:59:38+00:00","dateModified":"2016-12-27T08:32:23+00:00","mainEntityOfPage":{"@id":"https:\/\/www.oarcanjo.net\/site\/sao-jeronimo-emiliano\/"},"wordCount":1753,"commentCount":2,"publisher":{"@id":"https:\/\/www.oarcanjo.net\/site\/#organization"},"image":{"@id":"https:\/\/www.oarcanjo.net\/site\/sao-jeronimo-emiliano\/#primaryimage"},"thumbnailUrl":"http:\/\/1.bp.blogspot.com\/_VsL8VkjSZWw\/SZCerTUl5kI\/AAAAAAAAA04\/6CTk2wk3QMM\/s400\/2_FEVEREIRO_8_S_O_JER_NIMO_EMILIANO1.jpg","articleSection":["Testemunhos"],"inLanguage":"pt-BR","potentialAction":[{"@type":"CommentAction","name":"Comment","target":["https:\/\/www.oarcanjo.net\/site\/sao-jeronimo-emiliano\/#respond"]}]},{"@type":"WebPage","@id":"https:\/\/www.oarcanjo.net\/site\/sao-jeronimo-emiliano\/","url":"https:\/\/www.oarcanjo.net\/site\/sao-jeronimo-emiliano\/","name":"S\u00e3o Jer\u00f4nimo Emiliano - O Arcanjo no ar","isPartOf":{"@id":"https:\/\/www.oarcanjo.net\/site\/#website"},"primaryImageOfPage":{"@id":"https:\/\/www.oarcanjo.net\/site\/sao-jeronimo-emiliano\/#primaryimage"},"image":{"@id":"https:\/\/www.oarcanjo.net\/site\/sao-jeronimo-emiliano\/#primaryimage"},"thumbnailUrl":"http:\/\/1.bp.blogspot.com\/_VsL8VkjSZWw\/SZCerTUl5kI\/AAAAAAAAA04\/6CTk2wk3QMM\/s400\/2_FEVEREIRO_8_S_O_JER_NIMO_EMILIANO1.jpg","datePublished":"2017-02-08T02:59:38+00:00","dateModified":"2016-12-27T08:32:23+00:00","breadcrumb":{"@id":"https:\/\/www.oarcanjo.net\/site\/sao-jeronimo-emiliano\/#breadcrumb"},"inLanguage":"pt-BR","potentialAction":[{"@type":"ReadAction","target":["https:\/\/www.oarcanjo.net\/site\/sao-jeronimo-emiliano\/"]}]},{"@type":"ImageObject","inLanguage":"pt-BR","@id":"https:\/\/www.oarcanjo.net\/site\/sao-jeronimo-emiliano\/#primaryimage","url":"http:\/\/1.bp.blogspot.com\/_VsL8VkjSZWw\/SZCerTUl5kI\/AAAAAAAAA04\/6CTk2wk3QMM\/s400\/2_FEVEREIRO_8_S_O_JER_NIMO_EMILIANO1.jpg","contentUrl":"http:\/\/1.bp.blogspot.com\/_VsL8VkjSZWw\/SZCerTUl5kI\/AAAAAAAAA04\/6CTk2wk3QMM\/s400\/2_FEVEREIRO_8_S_O_JER_NIMO_EMILIANO1.jpg"},{"@type":"BreadcrumbList","@id":"https:\/\/www.oarcanjo.net\/site\/sao-jeronimo-emiliano\/#breadcrumb","itemListElement":[{"@type":"ListItem","position":1,"name":"In\u00edcio","item":"https:\/\/www.oarcanjo.net\/site\/"},{"@type":"ListItem","position":2,"name":"S\u00e3o Jer\u00f4nimo Emiliano"}]},{"@type":"WebSite","@id":"https:\/\/www.oarcanjo.net\/site\/#website","url":"https:\/\/www.oarcanjo.net\/site\/","name":"O Arcanjo no ar","description":"Site da Par\u00f3quia S\u00e3o Miguel Arcanjo (Arquidiocese de SP)","publisher":{"@id":"https:\/\/www.oarcanjo.net\/site\/#organization"},"potentialAction":[{"@type":"SearchAction","target":{"@type":"EntryPoint","urlTemplate":"https:\/\/www.oarcanjo.net\/site\/?s={search_term_string}"},"query-input":{"@type":"PropertyValueSpecification","valueRequired":true,"valueName":"search_term_string"}}],"inLanguage":"pt-BR"},{"@type":"Organization","@id":"https:\/\/www.oarcanjo.net\/site\/#organization","name":"Par\u00f3quia S\u00e3o Miguel Arcanjo","url":"https:\/\/www.oarcanjo.net\/site\/","logo":{"@type":"ImageObject","inLanguage":"pt-BR","@id":"https:\/\/www.oarcanjo.net\/site\/#\/schema\/logo\/image\/","url":"https:\/\/www.oarcanjo.net\/site\/wp-content\/uploads\/LogoOArcanjo.png","contentUrl":"https:\/\/www.oarcanjo.net\/site\/wp-content\/uploads\/LogoOArcanjo.png","width":319,"height":99,"caption":"Par\u00f3quia S\u00e3o Miguel Arcanjo"},"image":{"@id":"https:\/\/www.oarcanjo.net\/site\/#\/schema\/logo\/image\/"},"sameAs":["https:\/\/www.facebook.com\/OArcanjoNoAr\/"]},{"@type":"Person","@id":"https:\/\/www.oarcanjo.net\/site\/#\/schema\/person\/5eb9480bedd2f3c97e430ce128c29c6c","name":"danilo"}]}},"publishpress_future_action":{"enabled":false,"date":"2026-05-09 03:59:21","action":"category","newStatus":"draft","terms":[],"taxonomy":"category"},"publishpress_future_workflow_manual_trigger":{"enabledWorkflows":[]},"_links":{"self":[{"href":"https:\/\/www.oarcanjo.net\/site\/wp-json\/wp\/v2\/posts\/7666"}],"collection":[{"href":"https:\/\/www.oarcanjo.net\/site\/wp-json\/wp\/v2\/posts"}],"about":[{"href":"https:\/\/www.oarcanjo.net\/site\/wp-json\/wp\/v2\/types\/post"}],"author":[{"embeddable":true,"href":"https:\/\/www.oarcanjo.net\/site\/wp-json\/wp\/v2\/users\/14"}],"replies":[{"embeddable":true,"href":"https:\/\/www.oarcanjo.net\/site\/wp-json\/wp\/v2\/comments?post=7666"}],"version-history":[{"count":0,"href":"https:\/\/www.oarcanjo.net\/site\/wp-json\/wp\/v2\/posts\/7666\/revisions"}],"wp:attachment":[{"href":"https:\/\/www.oarcanjo.net\/site\/wp-json\/wp\/v2\/media?parent=7666"}],"wp:term":[{"taxonomy":"category","embeddable":true,"href":"https:\/\/www.oarcanjo.net\/site\/wp-json\/wp\/v2\/categories?post=7666"},{"taxonomy":"post_tag","embeddable":true,"href":"https:\/\/www.oarcanjo.net\/site\/wp-json\/wp\/v2\/tags?post=7666"}],"curies":[{"name":"wp","href":"https:\/\/api.w.org\/{rel}","templated":true}]}}