
{"id":7673,"date":"2017-02-08T00:58:15","date_gmt":"2017-02-08T02:58:15","guid":{"rendered":"http:\/\/www.oarcanjo.net\/site\/?p=7673"},"modified":"2017-02-05T19:00:43","modified_gmt":"2017-02-05T21:00:43","slug":"santa-josefina-bakhita","status":"publish","type":"post","link":"https:\/\/www.oarcanjo.net\/site\/santa-josefina-bakhita\/","title":{"rendered":"Santa Josefina Bakhita"},"content":{"rendered":"<p><iframe loading=\"lazy\" src=\"https:\/\/www.youtube.com\/embed\/qvi2TSqOqAE?rel=0\" allowfullscreen=\"allowfullscreen\" height=\"394\" frameborder=\"0\" width=\"700\"><\/iframe><\/p>\n<p><img decoding=\"async\" src=\"http:\/\/cantodapaz.com.br\/images\/bakhita.jpg\" alt=\"Santa Bakhita\"><\/p>\n<p>8 de Fevereiro<\/p>\n<p><strong>Josephine Bakhita, Instituto das Filhas da Caridade de Canossa<\/strong><br \/>\nNascida em 1869, Olgossa, Darfur, Sudan<br \/>\nFalecida em 8 de fevereiro de 1947, It\u00e1lia<br \/>\nVenerada na Igreja Cat\u00f3lica Apost\u00f3lica<br \/>\nBeatificada 17 de maio de 1992 pelo Papa Jo\u00e3o Paulo II<br \/>\nCanonizada 1o outubro 2000, Bas\u00edlica de S\u00e3o Pedro, Roma, pelo Papa Jo\u00e3o Paulo II<br \/>\nFesta 8 de fevereiro<br \/>\nPadroeira Sud\u00e3o<\/p>\n<p>Josephine Bakhita (1869 &#8211; 8 de fevereiro de 1947) foi uma freira cat\u00f3lica de origem africana, que viveu e exerceu o minist\u00e9rio religioso na It\u00e1lia durante 45 anos.&nbsp; Em outubro de 2000 foi declarada santa pela Igreja Cat\u00f3lica.<\/p>\n<p><strong>Inf\u00e2ncia<\/strong><\/p>\n<p>Bakhita nasceu em uma importante fam\u00edlia de Olgossa, aldeia situada na regi\u00e3o de Darfur, oeste do Sud\u00e3o.&nbsp; Seu pai era irm\u00e3o de um chefe tribal.&nbsp; Aos nove anos foi raptada por traficantes \u00e1rabes de escravos e durante os pr\u00f3ximos oito anos foi vendida e revendida cinco vezes nos mercados de El Obeid e Khartoum.&nbsp; O trauma provocado pelo rapto levou-a a esquecer seu pr\u00f3prio nome e o nome pelo qual a conhecemos \u00e9 composto pelo nome a ela dado pelos traficantes de escravos (bakhita, termo \u00e1rabe que significa sorte) e o nome crist\u00e3o que ela adotou na vida adulta.&nbsp; Foi tamb\u00e9m obrigada a converter-se ao Islam.<\/p>\n<p><strong>Sua vida como escrava<\/strong><\/p>\n<p>Bakhita sofreu muitas brutalidades durante o cativeiro.&nbsp; Certa ocasi\u00e3o o filho de seu senhor espancou-a tanto que ela passou um m\u00eas incapacitada de levantar-se de seu colch\u00e3o de palha.&nbsp; Recordou mais tarde que a mais aterrorizante lembran\u00e7a foi a de seu quarto senhor, um oficial do ex\u00e9rcito otomano, que mandou marc\u00e1-la e aos demais escravos como sua propriedade, por meio de um procedimento que se assemelhava \u00e0 escarifica\u00e7\u00e3o e \u00e0 tatuagem.&nbsp; Em suas mem\u00f3rias, escritas em italiano muito anos mais tarde, ela evoca o momento em que um prato com farinha, um prato com sal e uma navalha foram trazidos por uma mulher, que desenhou padr\u00f5es em sua pele e ent\u00e3o fez cortes profundos, seguindo as linhas tra\u00e7adas, aplicando nas feridas sal e farinha para garantir cicatrizes permanentes.&nbsp; Mais de sessenta padr\u00f5es foram cortados em seu peito, barriga e bra\u00e7os.<\/p>\n<p><strong>Convers\u00e3o<\/strong><\/p>\n<p>Seu \u00faltimo senhor foi um diplomata italiano, Callisto Legnani.&nbsp; Ele e seu amigo, Augusto Michieli, compraram-na e a levaram para a It\u00e1lia.&nbsp; Ela tornou-se bab\u00e1 da filha de Michieli, Mimmina.&nbsp; Em 1888 ou 1889 Bakhita foi deixada sob os cuidados das Irm\u00e3s de Canossa, em Veneza, enquanto a fam\u00edlia Michieli se mudou, a neg\u00f3cios, para o Mar Vermelho.&nbsp; Ela foi batizada em 1890.<\/p>\n<p><strong>Liberdade<\/strong><\/p>\n<p>Quando os Michieli voltaram para buscar a filha deles e Bakhita, esta \u00faltima n\u00e3o quis acompanh\u00e1-los.&nbsp; A sra. Michieli tentou for\u00e7ar a situa\u00e7\u00e3o, mas a diretora da escola que Bakhita e Mimmina haviam frequentado em Veneza queixou-se \u00e0s autoridades.&nbsp; Um tribunal italiano decidiu que, como o Sud\u00e3o havia tornado ilegal a escravid\u00e3o antes do nascimento de Bakhita, e como a lei italiana de modo algum reconhecia a escravid\u00e3o, ela, na verdade, jamais havia sido escrava.&nbsp; Agora Bakhita atingia a maioridade e achava-se, pela primeira vez na vida, controlando de seu pr\u00f3prio destino.&nbsp; Escolheu permanecer com as Irm\u00e3s de Canossa.<\/p>\n<p>&nbsp;<img loading=\"lazy\" decoding=\"async\" src=\"http:\/\/www.cantodapaz.com.br\/images\/bakhita_2.jpg\" alt=\"\" height=\"242\" width=\"290\"><\/p>\n<p><strong>Freira<\/strong><\/p>\n<p>Em 1896 Bakhita juntou-se permanentemente \u00e0s irm\u00e3s e, em 1902, foi designada para um estabelecimento religioso em Schio [3], na prov\u00edncia de Vicenza, norte da It\u00e1lia, onde passou o resto da vida.&nbsp; O \u00fanico per\u00edodo prolongado que passou longe de Schio foi entre 1935 e 1938, quando ajudou a preparar jovens freiras para trabalhar na \u00c1frica.<\/p>\n<p>Durante os 45 anos de perman\u00eancia em Schio, Josephine foi habitualmente designada para exercer a fun\u00e7\u00e3o de porteira e, assim, estava em frequente contato com a comunidade local.&nbsp; Sua gentileza, a voz calma, o constante sorriso se tornaram muito conhecidos e os moradores de Vicenza at\u00e9 hoje a ela se referem como <em>la nostra madre moretta <\/em>(a nossa freira moreninha).&nbsp; Seu carisma especial e sua reputa\u00e7\u00e3o de santidade foram notados por sua ordem religiosa e ela foi instru\u00edda a publicar suas mem\u00f3rias e a fazer palestras sobre suas experi\u00eancias, o que a tornou famosa em toda a It\u00e1lia.&nbsp; Seus \u00faltimos anos foram marcados pela dor e pela doen\u00e7a, mas ela conservou suas boas disposi\u00e7\u00f5es e, sempre que lhe perguntavam como estava, Bakhita sorria e respondia &#8220;como o Senhor deseja&#8221;.<\/p>\n<p><strong>Doen\u00e7a e morte<\/strong><\/p>\n<p>Em seus derradeiros dias suas recorda\u00e7\u00f5es se voltaram para os anos de escravid\u00e3o e, em del\u00edrio, ela gritava: &#8220;Por favor, afrouxem os grilh\u00f5es&#8230; eles s\u00e3o t\u00e3o pesados&#8221;.&nbsp; Josephine morreu no dia 8 de fevereiro de 1947.&nbsp; Durante tr\u00eas dias seu corpo ficou exposto e milhares de pessoas foram prestar-lhe a \u00faltima homenagem.<\/p>\n<p><strong>Legado e canoniza\u00e7\u00e3o<\/strong><\/p>\n<p>Os pedidos de canoniza\u00e7\u00e3o come\u00e7aram imediatamente e o processo se iniciou em 1959, apenas doze anos ap\u00f3s suas morte.&nbsp; Em 1<sup>o<\/sup> de dezembro de 1978 o Papa Jo\u00e3o Paulo II declarou Josephine <em>Venerabilis<\/em>, o primeiro passo da canoniza\u00e7\u00e3o.&nbsp; Em 17 de maio de 1992 foi declarada <em>Beata<\/em> e o dia 8 de fevereiro foi designado como o dia de sua festa.&nbsp; Em 1<sup>o<\/sup> de outubro de 2000 foi canonizada e tornou-se Santa Josephine Bakhita.&nbsp; \u00c9 venerada como uma santa africana moderna e como santa de especial relev\u00e2ncia para a escravid\u00e3o e a opress\u00e3o.&nbsp; Foi proclamada santa padroeira do Sud\u00e3o.<\/p>\n<p><a href=\"http:\/\/www.escuelacima.com\/santajosefinabahita.html\"><img loading=\"lazy\" decoding=\"async\" src=\"http:\/\/www.escuelacima.com\/josefinabakhita.jpg\" alt=\"\" height=\"415\" width=\"720\" border=\"0\"><\/a><\/p>\n<div id=\"themify_builder_content-7673\" data-postid=\"7673\" class=\"themify_builder_content themify_builder_content-7673 themify_builder themify_builder_front\">\n\t<\/div>\n<!-- \/themify_builder_content -->","protected":false},"excerpt":{"rendered":"<p>8 de Fevereiro Josephine Bakhita, Instituto das Filhas da Caridade de Canossa Nascida em 1869, Olgossa, Darfur, Sudan Falecida em 8 de fevereiro de 1947, It\u00e1lia Venerada na Igreja Cat\u00f3lica Apost\u00f3lica Beatificada 17 de maio de 1992 pelo Papa Jo\u00e3o Paulo II Canonizada 1o outubro 2000, Bas\u00edlica de S\u00e3o Pedro, Roma, pelo Papa Jo\u00e3o Paulo [&hellip;]<\/p>\n","protected":false},"author":14,"featured_media":0,"comment_status":"open","ping_status":"open","sticky":false,"template":"","format":"standard","meta":{"ngg_post_thumbnail":0,"footnotes":""},"categories":[186,280],"tags":[237],"yoast_head":"<!-- This site is optimized with the Yoast SEO plugin v23.5 - https:\/\/yoast.com\/wordpress\/plugins\/seo\/ -->\n<title>Santa Josefina Bakhita - O Arcanjo no ar<\/title>\n<meta name=\"robots\" content=\"index, follow, max-snippet:-1, max-image-preview:large, max-video-preview:-1\" \/>\n<link rel=\"canonical\" href=\"https:\/\/www.oarcanjo.net\/site\/santa-josefina-bakhita\/\" \/>\n<meta property=\"og:locale\" content=\"pt_BR\" \/>\n<meta property=\"og:type\" content=\"article\" \/>\n<meta property=\"og:title\" content=\"Santa Josefina Bakhita - O Arcanjo no ar\" \/>\n<meta property=\"og:description\" content=\"8 de Fevereiro Josephine Bakhita, Instituto das Filhas da Caridade de Canossa Nascida em 1869, Olgossa, Darfur, Sudan Falecida em 8 de fevereiro de 1947, It\u00e1lia Venerada na Igreja Cat\u00f3lica Apost\u00f3lica Beatificada 17 de maio de 1992 pelo Papa Jo\u00e3o Paulo II Canonizada 1o outubro 2000, Bas\u00edlica de S\u00e3o Pedro, Roma, pelo Papa Jo\u00e3o Paulo [&hellip;]\" \/>\n<meta property=\"og:url\" content=\"https:\/\/www.oarcanjo.net\/site\/santa-josefina-bakhita\/\" \/>\n<meta property=\"og:site_name\" content=\"O Arcanjo no ar\" \/>\n<meta property=\"article:publisher\" content=\"https:\/\/www.facebook.com\/OArcanjoNoAr\/\" \/>\n<meta property=\"article:published_time\" content=\"2017-02-08T02:58:15+00:00\" \/>\n<meta property=\"article:modified_time\" content=\"2017-02-05T21:00:43+00:00\" \/>\n<meta property=\"og:image\" content=\"http:\/\/cantodapaz.com.br\/images\/bakhita.jpg\" \/>\n<meta name=\"author\" content=\"danilo\" \/>\n<meta name=\"twitter:card\" content=\"summary_large_image\" \/>\n<meta name=\"twitter:label1\" content=\"Escrito por\" \/>\n\t<meta name=\"twitter:data1\" content=\"danilo\" \/>\n\t<meta name=\"twitter:label2\" content=\"Est. tempo de leitura\" \/>\n\t<meta name=\"twitter:data2\" content=\"5 minutos\" \/>\n<script type=\"application\/ld+json\" class=\"yoast-schema-graph\">{\"@context\":\"https:\/\/schema.org\",\"@graph\":[{\"@type\":\"Article\",\"@id\":\"https:\/\/www.oarcanjo.net\/site\/santa-josefina-bakhita\/#article\",\"isPartOf\":{\"@id\":\"https:\/\/www.oarcanjo.net\/site\/santa-josefina-bakhita\/\"},\"author\":{\"name\":\"danilo\",\"@id\":\"https:\/\/www.oarcanjo.net\/site\/#\/schema\/person\/5eb9480bedd2f3c97e430ce128c29c6c\"},\"headline\":\"Santa Josefina Bakhita\",\"datePublished\":\"2017-02-08T02:58:15+00:00\",\"dateModified\":\"2017-02-05T21:00:43+00:00\",\"mainEntityOfPage\":{\"@id\":\"https:\/\/www.oarcanjo.net\/site\/santa-josefina-bakhita\/\"},\"wordCount\":935,\"commentCount\":52,\"publisher\":{\"@id\":\"https:\/\/www.oarcanjo.net\/site\/#organization\"},\"image\":{\"@id\":\"https:\/\/www.oarcanjo.net\/site\/santa-josefina-bakhita\/#primaryimage\"},\"thumbnailUrl\":\"http:\/\/cantodapaz.com.br\/images\/bakhita.jpg\",\"keywords\":[\"Santa Josefina Bakhita\"],\"articleSection\":[\"Testemunhos\",\"V\u00eddeos\"],\"inLanguage\":\"pt-BR\",\"potentialAction\":[{\"@type\":\"CommentAction\",\"name\":\"Comment\",\"target\":[\"https:\/\/www.oarcanjo.net\/site\/santa-josefina-bakhita\/#respond\"]}]},{\"@type\":\"WebPage\",\"@id\":\"https:\/\/www.oarcanjo.net\/site\/santa-josefina-bakhita\/\",\"url\":\"https:\/\/www.oarcanjo.net\/site\/santa-josefina-bakhita\/\",\"name\":\"Santa Josefina Bakhita - O Arcanjo no ar\",\"isPartOf\":{\"@id\":\"https:\/\/www.oarcanjo.net\/site\/#website\"},\"primaryImageOfPage\":{\"@id\":\"https:\/\/www.oarcanjo.net\/site\/santa-josefina-bakhita\/#primaryimage\"},\"image\":{\"@id\":\"https:\/\/www.oarcanjo.net\/site\/santa-josefina-bakhita\/#primaryimage\"},\"thumbnailUrl\":\"http:\/\/cantodapaz.com.br\/images\/bakhita.jpg\",\"datePublished\":\"2017-02-08T02:58:15+00:00\",\"dateModified\":\"2017-02-05T21:00:43+00:00\",\"breadcrumb\":{\"@id\":\"https:\/\/www.oarcanjo.net\/site\/santa-josefina-bakhita\/#breadcrumb\"},\"inLanguage\":\"pt-BR\",\"potentialAction\":[{\"@type\":\"ReadAction\",\"target\":[\"https:\/\/www.oarcanjo.net\/site\/santa-josefina-bakhita\/\"]}]},{\"@type\":\"ImageObject\",\"inLanguage\":\"pt-BR\",\"@id\":\"https:\/\/www.oarcanjo.net\/site\/santa-josefina-bakhita\/#primaryimage\",\"url\":\"http:\/\/cantodapaz.com.br\/images\/bakhita.jpg\",\"contentUrl\":\"http:\/\/cantodapaz.com.br\/images\/bakhita.jpg\"},{\"@type\":\"BreadcrumbList\",\"@id\":\"https:\/\/www.oarcanjo.net\/site\/santa-josefina-bakhita\/#breadcrumb\",\"itemListElement\":[{\"@type\":\"ListItem\",\"position\":1,\"name\":\"In\u00edcio\",\"item\":\"https:\/\/www.oarcanjo.net\/site\/\"},{\"@type\":\"ListItem\",\"position\":2,\"name\":\"Santa Josefina Bakhita\"}]},{\"@type\":\"WebSite\",\"@id\":\"https:\/\/www.oarcanjo.net\/site\/#website\",\"url\":\"https:\/\/www.oarcanjo.net\/site\/\",\"name\":\"O Arcanjo no ar\",\"description\":\"Site da Par\u00f3quia S\u00e3o Miguel Arcanjo (Arquidiocese de SP)\",\"publisher\":{\"@id\":\"https:\/\/www.oarcanjo.net\/site\/#organization\"},\"potentialAction\":[{\"@type\":\"SearchAction\",\"target\":{\"@type\":\"EntryPoint\",\"urlTemplate\":\"https:\/\/www.oarcanjo.net\/site\/?s={search_term_string}\"},\"query-input\":{\"@type\":\"PropertyValueSpecification\",\"valueRequired\":true,\"valueName\":\"search_term_string\"}}],\"inLanguage\":\"pt-BR\"},{\"@type\":\"Organization\",\"@id\":\"https:\/\/www.oarcanjo.net\/site\/#organization\",\"name\":\"Par\u00f3quia S\u00e3o Miguel Arcanjo\",\"url\":\"https:\/\/www.oarcanjo.net\/site\/\",\"logo\":{\"@type\":\"ImageObject\",\"inLanguage\":\"pt-BR\",\"@id\":\"https:\/\/www.oarcanjo.net\/site\/#\/schema\/logo\/image\/\",\"url\":\"https:\/\/www.oarcanjo.net\/site\/wp-content\/uploads\/LogoOArcanjo.png\",\"contentUrl\":\"https:\/\/www.oarcanjo.net\/site\/wp-content\/uploads\/LogoOArcanjo.png\",\"width\":319,\"height\":99,\"caption\":\"Par\u00f3quia S\u00e3o Miguel Arcanjo\"},\"image\":{\"@id\":\"https:\/\/www.oarcanjo.net\/site\/#\/schema\/logo\/image\/\"},\"sameAs\":[\"https:\/\/www.facebook.com\/OArcanjoNoAr\/\"]},{\"@type\":\"Person\",\"@id\":\"https:\/\/www.oarcanjo.net\/site\/#\/schema\/person\/5eb9480bedd2f3c97e430ce128c29c6c\",\"name\":\"danilo\"}]}<\/script>\n<!-- \/ Yoast SEO plugin. -->","yoast_head_json":{"title":"Santa Josefina Bakhita - O Arcanjo no ar","robots":{"index":"index","follow":"follow","max-snippet":"max-snippet:-1","max-image-preview":"max-image-preview:large","max-video-preview":"max-video-preview:-1"},"canonical":"https:\/\/www.oarcanjo.net\/site\/santa-josefina-bakhita\/","og_locale":"pt_BR","og_type":"article","og_title":"Santa Josefina Bakhita - O Arcanjo no ar","og_description":"8 de Fevereiro Josephine Bakhita, Instituto das Filhas da Caridade de Canossa Nascida em 1869, Olgossa, Darfur, Sudan Falecida em 8 de fevereiro de 1947, It\u00e1lia Venerada na Igreja Cat\u00f3lica Apost\u00f3lica Beatificada 17 de maio de 1992 pelo Papa Jo\u00e3o Paulo II Canonizada 1o outubro 2000, Bas\u00edlica de S\u00e3o Pedro, Roma, pelo Papa Jo\u00e3o Paulo [&hellip;]","og_url":"https:\/\/www.oarcanjo.net\/site\/santa-josefina-bakhita\/","og_site_name":"O Arcanjo no ar","article_publisher":"https:\/\/www.facebook.com\/OArcanjoNoAr\/","article_published_time":"2017-02-08T02:58:15+00:00","article_modified_time":"2017-02-05T21:00:43+00:00","og_image":[{"url":"http:\/\/cantodapaz.com.br\/images\/bakhita.jpg"}],"author":"danilo","twitter_card":"summary_large_image","twitter_misc":{"Escrito por":"danilo","Est. tempo de leitura":"5 minutos"},"schema":{"@context":"https:\/\/schema.org","@graph":[{"@type":"Article","@id":"https:\/\/www.oarcanjo.net\/site\/santa-josefina-bakhita\/#article","isPartOf":{"@id":"https:\/\/www.oarcanjo.net\/site\/santa-josefina-bakhita\/"},"author":{"name":"danilo","@id":"https:\/\/www.oarcanjo.net\/site\/#\/schema\/person\/5eb9480bedd2f3c97e430ce128c29c6c"},"headline":"Santa Josefina Bakhita","datePublished":"2017-02-08T02:58:15+00:00","dateModified":"2017-02-05T21:00:43+00:00","mainEntityOfPage":{"@id":"https:\/\/www.oarcanjo.net\/site\/santa-josefina-bakhita\/"},"wordCount":935,"commentCount":52,"publisher":{"@id":"https:\/\/www.oarcanjo.net\/site\/#organization"},"image":{"@id":"https:\/\/www.oarcanjo.net\/site\/santa-josefina-bakhita\/#primaryimage"},"thumbnailUrl":"http:\/\/cantodapaz.com.br\/images\/bakhita.jpg","keywords":["Santa Josefina Bakhita"],"articleSection":["Testemunhos","V\u00eddeos"],"inLanguage":"pt-BR","potentialAction":[{"@type":"CommentAction","name":"Comment","target":["https:\/\/www.oarcanjo.net\/site\/santa-josefina-bakhita\/#respond"]}]},{"@type":"WebPage","@id":"https:\/\/www.oarcanjo.net\/site\/santa-josefina-bakhita\/","url":"https:\/\/www.oarcanjo.net\/site\/santa-josefina-bakhita\/","name":"Santa Josefina Bakhita - O Arcanjo no ar","isPartOf":{"@id":"https:\/\/www.oarcanjo.net\/site\/#website"},"primaryImageOfPage":{"@id":"https:\/\/www.oarcanjo.net\/site\/santa-josefina-bakhita\/#primaryimage"},"image":{"@id":"https:\/\/www.oarcanjo.net\/site\/santa-josefina-bakhita\/#primaryimage"},"thumbnailUrl":"http:\/\/cantodapaz.com.br\/images\/bakhita.jpg","datePublished":"2017-02-08T02:58:15+00:00","dateModified":"2017-02-05T21:00:43+00:00","breadcrumb":{"@id":"https:\/\/www.oarcanjo.net\/site\/santa-josefina-bakhita\/#breadcrumb"},"inLanguage":"pt-BR","potentialAction":[{"@type":"ReadAction","target":["https:\/\/www.oarcanjo.net\/site\/santa-josefina-bakhita\/"]}]},{"@type":"ImageObject","inLanguage":"pt-BR","@id":"https:\/\/www.oarcanjo.net\/site\/santa-josefina-bakhita\/#primaryimage","url":"http:\/\/cantodapaz.com.br\/images\/bakhita.jpg","contentUrl":"http:\/\/cantodapaz.com.br\/images\/bakhita.jpg"},{"@type":"BreadcrumbList","@id":"https:\/\/www.oarcanjo.net\/site\/santa-josefina-bakhita\/#breadcrumb","itemListElement":[{"@type":"ListItem","position":1,"name":"In\u00edcio","item":"https:\/\/www.oarcanjo.net\/site\/"},{"@type":"ListItem","position":2,"name":"Santa Josefina Bakhita"}]},{"@type":"WebSite","@id":"https:\/\/www.oarcanjo.net\/site\/#website","url":"https:\/\/www.oarcanjo.net\/site\/","name":"O Arcanjo no ar","description":"Site da Par\u00f3quia S\u00e3o Miguel Arcanjo (Arquidiocese de SP)","publisher":{"@id":"https:\/\/www.oarcanjo.net\/site\/#organization"},"potentialAction":[{"@type":"SearchAction","target":{"@type":"EntryPoint","urlTemplate":"https:\/\/www.oarcanjo.net\/site\/?s={search_term_string}"},"query-input":{"@type":"PropertyValueSpecification","valueRequired":true,"valueName":"search_term_string"}}],"inLanguage":"pt-BR"},{"@type":"Organization","@id":"https:\/\/www.oarcanjo.net\/site\/#organization","name":"Par\u00f3quia S\u00e3o Miguel Arcanjo","url":"https:\/\/www.oarcanjo.net\/site\/","logo":{"@type":"ImageObject","inLanguage":"pt-BR","@id":"https:\/\/www.oarcanjo.net\/site\/#\/schema\/logo\/image\/","url":"https:\/\/www.oarcanjo.net\/site\/wp-content\/uploads\/LogoOArcanjo.png","contentUrl":"https:\/\/www.oarcanjo.net\/site\/wp-content\/uploads\/LogoOArcanjo.png","width":319,"height":99,"caption":"Par\u00f3quia S\u00e3o Miguel Arcanjo"},"image":{"@id":"https:\/\/www.oarcanjo.net\/site\/#\/schema\/logo\/image\/"},"sameAs":["https:\/\/www.facebook.com\/OArcanjoNoAr\/"]},{"@type":"Person","@id":"https:\/\/www.oarcanjo.net\/site\/#\/schema\/person\/5eb9480bedd2f3c97e430ce128c29c6c","name":"danilo"}]}},"publishpress_future_action":{"enabled":false,"date":"2026-05-09 03:58:13","action":"category","newStatus":"draft","terms":[],"taxonomy":"category"},"publishpress_future_workflow_manual_trigger":{"enabledWorkflows":[]},"_links":{"self":[{"href":"https:\/\/www.oarcanjo.net\/site\/wp-json\/wp\/v2\/posts\/7673"}],"collection":[{"href":"https:\/\/www.oarcanjo.net\/site\/wp-json\/wp\/v2\/posts"}],"about":[{"href":"https:\/\/www.oarcanjo.net\/site\/wp-json\/wp\/v2\/types\/post"}],"author":[{"embeddable":true,"href":"https:\/\/www.oarcanjo.net\/site\/wp-json\/wp\/v2\/users\/14"}],"replies":[{"embeddable":true,"href":"https:\/\/www.oarcanjo.net\/site\/wp-json\/wp\/v2\/comments?post=7673"}],"version-history":[{"count":0,"href":"https:\/\/www.oarcanjo.net\/site\/wp-json\/wp\/v2\/posts\/7673\/revisions"}],"wp:attachment":[{"href":"https:\/\/www.oarcanjo.net\/site\/wp-json\/wp\/v2\/media?parent=7673"}],"wp:term":[{"taxonomy":"category","embeddable":true,"href":"https:\/\/www.oarcanjo.net\/site\/wp-json\/wp\/v2\/categories?post=7673"},{"taxonomy":"post_tag","embeddable":true,"href":"https:\/\/www.oarcanjo.net\/site\/wp-json\/wp\/v2\/tags?post=7673"}],"curies":[{"name":"wp","href":"https:\/\/api.w.org\/{rel}","templated":true}]}}