
{"id":7680,"date":"2017-02-09T00:36:47","date_gmt":"2017-02-09T02:36:47","guid":{"rendered":"http:\/\/www.oarcanjo.net\/site\/?p=7680"},"modified":"2016-12-27T06:34:47","modified_gmt":"2016-12-27T08:34:47","slug":"sao-miguel-febres-cordero-munhoz","status":"publish","type":"post","link":"https:\/\/www.oarcanjo.net\/site\/sao-miguel-febres-cordero-munhoz\/","title":{"rendered":"S\u00e3o Miguel Febres Cordero Munhoz"},"content":{"rendered":"<p><img loading=\"lazy\" decoding=\"async\" class=\"alignnone  wp-image-58924\" src=\"http:\/\/www.oarcanjo.net\/site\/wp-content\/uploads\/Sao-Miguel-Febres-Cordero-Munhoz.jpg\" alt=\"Sao-Miguel-Febres-Cordero-Munhoz\" width=\"258\" height=\"383\" srcset=\"https:\/\/www.oarcanjo.net\/site\/wp-content\/uploads\/Sao-Miguel-Febres-Cordero-Munhoz.jpg 360w, https:\/\/www.oarcanjo.net\/site\/wp-content\/uploads\/Sao-Miguel-Febres-Cordero-Munhoz-202x300.jpg 202w\" sizes=\"(max-width: 258px) 100vw, 258px\" \/><\/p>\n<p>9 de Fevereiro<\/p>\n<p>Miguel Febres Cordero Munhoz nasceu em Cuenca, Equador, em 7 de novembro de 1854, foi filho de um professor universit\u00e1rio e seu av\u00f4 foi um general do ex\u00e9rcito, venerado como her\u00f3i nacional. Aos cinco anos de idade, Nossa Senhora lhe apareceu durante um sonho e desde ent\u00e3o decidiu que seria um sacerdote. Tr\u00eas anos depois, sentiu novamente a presen\u00e7a da Virgem Maria quando foi protegido milagrosamente de ser morto por um touro selvagem.<\/p>\n<p>Aos nove anos ingressou no col\u00e9gio da congrega\u00e7\u00e3o dos Irm\u00e3os da Escola Crist\u00e3s de la Sale, que chegara recentemente ao Equador. Quatro anos mais tarde, se juntou aos irm\u00e3os iniciando seu noviciado, com a ben\u00e7\u00e3o dos seus pais, que de imediato fizeram oposi\u00e7\u00e3o. Tornou-se um sacerdote educador famoso, dotado de not\u00e1vel intelig\u00eancia. Aos dezessete anos publicou seu primeiro livro pedag\u00f3gico, que acabou sendo adotado pelo governo. Esta fun\u00e7\u00e3o considerada a mais nobre e rendosa miss\u00e3o para a Igreja e para a p\u00e1tria, ele exerceu durante trinta e dois anos, na cidade de Quito.<\/p>\n<p>Padre Miguel se firmou no meio intelectual como fil\u00f3sofo, pedagogo, te\u00f3logo e escritor de v\u00e1rios livros de gram\u00e1tica, manuais de geografia, hist\u00f3ria, religi\u00e3o e literatura. Foi eleito em 1892, membro da Academia Equatoriana da L\u00edngua, em seguida foi agraciado tamb\u00e9m pelas Academias da Espanha, Fran\u00e7a e Venezuela, chegando a trabalhar em Paris, B\u00e9lgica e Espanha.<\/p>\n<p>Entre 1901 e 1904 foi diretor dos novi\u00e7os de sua congrega\u00e7\u00e3o, quando foi transferido para a Europa, onde trabalhou como tradutor para os Lassaristas em Paris e B\u00e9lgica. A partir de 1908, j\u00e1 com a sa\u00fade fragilizada por uma persistente pneumonia, foi enviado para uma escola perto de Barcelona, na Espanha. Continuou trabalhando, mas lentamente e cada vez mais debilitado acabou falecendo no dia 9 de fevereiro de 1910, na cidade Superior Del Estragar onde foi sepultado.<\/p>\n<p>A fama de eminente santidade o acompanhou durante toda a vida e perdurou depois da sua morte. Vinte anos depois, durante a Revolu\u00e7\u00e3o Espanhola, seus restos mortais foram transladados para o Equador, onde seu corpo incorrupto foi recebido com honras de her\u00f3i nacional . Amado pelo povo, como tal, mas principalmente como modelo de religioso a ser seguido, foi enterrado em Quito, cidade em que passou maior parte de sua vida.<\/p>\n<p>O seu culto se espalhou rapidamente e seu t\u00famulo se tornou meta de peregrina\u00e7\u00e3o. Ele foi beatificado em 1977 e, mais tarde, canonizado pelo papa Jo\u00e3o Paulo II em 1984. O padre Miguel Febres Cordero Munhoz se tornou o primeiro Santo equatoriano.<\/p>\n<div id=\"themify_builder_content-7680\" data-postid=\"7680\" class=\"themify_builder_content themify_builder_content-7680 themify_builder themify_builder_front\">\n\t<\/div>\n<!-- \/themify_builder_content -->","protected":false},"excerpt":{"rendered":"<p>9 de Fevereiro Miguel Febres Cordero Munhoz nasceu em Cuenca, Equador, em 7 de novembro de 1854, foi filho de um professor universit\u00e1rio e seu av\u00f4 foi um general do ex\u00e9rcito, venerado como her\u00f3i nacional. Aos cinco anos de idade, Nossa Senhora lhe apareceu durante um sonho e desde ent\u00e3o decidiu que seria um sacerdote. [&hellip;]<\/p>\n","protected":false},"author":14,"featured_media":0,"comment_status":"open","ping_status":"open","sticky":false,"template":"","format":"standard","meta":{"ngg_post_thumbnail":0,"footnotes":""},"categories":[186],"tags":[],"yoast_head":"<!-- This site is optimized with the Yoast SEO plugin v23.5 - https:\/\/yoast.com\/wordpress\/plugins\/seo\/ -->\n<title>S\u00e3o Miguel Febres Cordero Munhoz - O Arcanjo no ar<\/title>\n<meta name=\"robots\" content=\"index, follow, max-snippet:-1, max-image-preview:large, max-video-preview:-1\" \/>\n<link rel=\"canonical\" href=\"https:\/\/www.oarcanjo.net\/site\/sao-miguel-febres-cordero-munhoz\/\" \/>\n<meta property=\"og:locale\" content=\"pt_BR\" \/>\n<meta property=\"og:type\" content=\"article\" \/>\n<meta property=\"og:title\" content=\"S\u00e3o Miguel Febres Cordero Munhoz - O Arcanjo no ar\" \/>\n<meta property=\"og:description\" content=\"9 de Fevereiro Miguel Febres Cordero Munhoz nasceu em Cuenca, Equador, em 7 de novembro de 1854, foi filho de um professor universit\u00e1rio e seu av\u00f4 foi um general do ex\u00e9rcito, venerado como her\u00f3i nacional. Aos cinco anos de idade, Nossa Senhora lhe apareceu durante um sonho e desde ent\u00e3o decidiu que seria um sacerdote. [&hellip;]\" \/>\n<meta property=\"og:url\" content=\"https:\/\/www.oarcanjo.net\/site\/sao-miguel-febres-cordero-munhoz\/\" \/>\n<meta property=\"og:site_name\" content=\"O Arcanjo no ar\" \/>\n<meta property=\"article:publisher\" content=\"https:\/\/www.facebook.com\/OArcanjoNoAr\/\" \/>\n<meta property=\"article:published_time\" content=\"2017-02-09T02:36:47+00:00\" \/>\n<meta property=\"article:modified_time\" content=\"2016-12-27T08:34:47+00:00\" \/>\n<meta property=\"og:image\" content=\"http:\/\/www.oarcanjo.net\/site\/wp-content\/uploads\/Sao-Miguel-Febres-Cordero-Munhoz.jpg\" \/>\n<meta name=\"author\" content=\"danilo\" \/>\n<meta name=\"twitter:card\" content=\"summary_large_image\" \/>\n<meta name=\"twitter:label1\" content=\"Escrito por\" \/>\n\t<meta name=\"twitter:data1\" content=\"danilo\" \/>\n\t<meta name=\"twitter:label2\" content=\"Est. tempo de leitura\" \/>\n\t<meta name=\"twitter:data2\" content=\"2 minutos\" \/>\n<script type=\"application\/ld+json\" class=\"yoast-schema-graph\">{\"@context\":\"https:\/\/schema.org\",\"@graph\":[{\"@type\":\"Article\",\"@id\":\"https:\/\/www.oarcanjo.net\/site\/sao-miguel-febres-cordero-munhoz\/#article\",\"isPartOf\":{\"@id\":\"https:\/\/www.oarcanjo.net\/site\/sao-miguel-febres-cordero-munhoz\/\"},\"author\":{\"name\":\"danilo\",\"@id\":\"https:\/\/www.oarcanjo.net\/site\/#\/schema\/person\/5eb9480bedd2f3c97e430ce128c29c6c\"},\"headline\":\"S\u00e3o Miguel Febres Cordero Munhoz\",\"datePublished\":\"2017-02-09T02:36:47+00:00\",\"dateModified\":\"2016-12-27T08:34:47+00:00\",\"mainEntityOfPage\":{\"@id\":\"https:\/\/www.oarcanjo.net\/site\/sao-miguel-febres-cordero-munhoz\/\"},\"wordCount\":446,\"commentCount\":0,\"publisher\":{\"@id\":\"https:\/\/www.oarcanjo.net\/site\/#organization\"},\"image\":{\"@id\":\"https:\/\/www.oarcanjo.net\/site\/sao-miguel-febres-cordero-munhoz\/#primaryimage\"},\"thumbnailUrl\":\"http:\/\/www.oarcanjo.net\/site\/wp-content\/uploads\/Sao-Miguel-Febres-Cordero-Munhoz.jpg\",\"articleSection\":[\"Testemunhos\"],\"inLanguage\":\"pt-BR\",\"potentialAction\":[{\"@type\":\"CommentAction\",\"name\":\"Comment\",\"target\":[\"https:\/\/www.oarcanjo.net\/site\/sao-miguel-febres-cordero-munhoz\/#respond\"]}]},{\"@type\":\"WebPage\",\"@id\":\"https:\/\/www.oarcanjo.net\/site\/sao-miguel-febres-cordero-munhoz\/\",\"url\":\"https:\/\/www.oarcanjo.net\/site\/sao-miguel-febres-cordero-munhoz\/\",\"name\":\"S\u00e3o Miguel Febres Cordero Munhoz - O Arcanjo no ar\",\"isPartOf\":{\"@id\":\"https:\/\/www.oarcanjo.net\/site\/#website\"},\"primaryImageOfPage\":{\"@id\":\"https:\/\/www.oarcanjo.net\/site\/sao-miguel-febres-cordero-munhoz\/#primaryimage\"},\"image\":{\"@id\":\"https:\/\/www.oarcanjo.net\/site\/sao-miguel-febres-cordero-munhoz\/#primaryimage\"},\"thumbnailUrl\":\"http:\/\/www.oarcanjo.net\/site\/wp-content\/uploads\/Sao-Miguel-Febres-Cordero-Munhoz.jpg\",\"datePublished\":\"2017-02-09T02:36:47+00:00\",\"dateModified\":\"2016-12-27T08:34:47+00:00\",\"breadcrumb\":{\"@id\":\"https:\/\/www.oarcanjo.net\/site\/sao-miguel-febres-cordero-munhoz\/#breadcrumb\"},\"inLanguage\":\"pt-BR\",\"potentialAction\":[{\"@type\":\"ReadAction\",\"target\":[\"https:\/\/www.oarcanjo.net\/site\/sao-miguel-febres-cordero-munhoz\/\"]}]},{\"@type\":\"ImageObject\",\"inLanguage\":\"pt-BR\",\"@id\":\"https:\/\/www.oarcanjo.net\/site\/sao-miguel-febres-cordero-munhoz\/#primaryimage\",\"url\":\"https:\/\/www.oarcanjo.net\/site\/wp-content\/uploads\/Sao-Miguel-Febres-Cordero-Munhoz.jpg\",\"contentUrl\":\"https:\/\/www.oarcanjo.net\/site\/wp-content\/uploads\/Sao-Miguel-Febres-Cordero-Munhoz.jpg\",\"width\":360,\"height\":535},{\"@type\":\"BreadcrumbList\",\"@id\":\"https:\/\/www.oarcanjo.net\/site\/sao-miguel-febres-cordero-munhoz\/#breadcrumb\",\"itemListElement\":[{\"@type\":\"ListItem\",\"position\":1,\"name\":\"In\u00edcio\",\"item\":\"https:\/\/www.oarcanjo.net\/site\/\"},{\"@type\":\"ListItem\",\"position\":2,\"name\":\"S\u00e3o Miguel Febres Cordero Munhoz\"}]},{\"@type\":\"WebSite\",\"@id\":\"https:\/\/www.oarcanjo.net\/site\/#website\",\"url\":\"https:\/\/www.oarcanjo.net\/site\/\",\"name\":\"O Arcanjo no ar\",\"description\":\"Site da Par\u00f3quia S\u00e3o Miguel Arcanjo (Arquidiocese de SP)\",\"publisher\":{\"@id\":\"https:\/\/www.oarcanjo.net\/site\/#organization\"},\"potentialAction\":[{\"@type\":\"SearchAction\",\"target\":{\"@type\":\"EntryPoint\",\"urlTemplate\":\"https:\/\/www.oarcanjo.net\/site\/?s={search_term_string}\"},\"query-input\":{\"@type\":\"PropertyValueSpecification\",\"valueRequired\":true,\"valueName\":\"search_term_string\"}}],\"inLanguage\":\"pt-BR\"},{\"@type\":\"Organization\",\"@id\":\"https:\/\/www.oarcanjo.net\/site\/#organization\",\"name\":\"Par\u00f3quia S\u00e3o Miguel Arcanjo\",\"url\":\"https:\/\/www.oarcanjo.net\/site\/\",\"logo\":{\"@type\":\"ImageObject\",\"inLanguage\":\"pt-BR\",\"@id\":\"https:\/\/www.oarcanjo.net\/site\/#\/schema\/logo\/image\/\",\"url\":\"https:\/\/www.oarcanjo.net\/site\/wp-content\/uploads\/LogoOArcanjo.png\",\"contentUrl\":\"https:\/\/www.oarcanjo.net\/site\/wp-content\/uploads\/LogoOArcanjo.png\",\"width\":319,\"height\":99,\"caption\":\"Par\u00f3quia S\u00e3o Miguel Arcanjo\"},\"image\":{\"@id\":\"https:\/\/www.oarcanjo.net\/site\/#\/schema\/logo\/image\/\"},\"sameAs\":[\"https:\/\/www.facebook.com\/OArcanjoNoAr\/\"]},{\"@type\":\"Person\",\"@id\":\"https:\/\/www.oarcanjo.net\/site\/#\/schema\/person\/5eb9480bedd2f3c97e430ce128c29c6c\",\"name\":\"danilo\"}]}<\/script>\n<!-- \/ Yoast SEO plugin. -->","yoast_head_json":{"title":"S\u00e3o Miguel Febres Cordero Munhoz - O Arcanjo no ar","robots":{"index":"index","follow":"follow","max-snippet":"max-snippet:-1","max-image-preview":"max-image-preview:large","max-video-preview":"max-video-preview:-1"},"canonical":"https:\/\/www.oarcanjo.net\/site\/sao-miguel-febres-cordero-munhoz\/","og_locale":"pt_BR","og_type":"article","og_title":"S\u00e3o Miguel Febres Cordero Munhoz - O Arcanjo no ar","og_description":"9 de Fevereiro Miguel Febres Cordero Munhoz nasceu em Cuenca, Equador, em 7 de novembro de 1854, foi filho de um professor universit\u00e1rio e seu av\u00f4 foi um general do ex\u00e9rcito, venerado como her\u00f3i nacional. Aos cinco anos de idade, Nossa Senhora lhe apareceu durante um sonho e desde ent\u00e3o decidiu que seria um sacerdote. [&hellip;]","og_url":"https:\/\/www.oarcanjo.net\/site\/sao-miguel-febres-cordero-munhoz\/","og_site_name":"O Arcanjo no ar","article_publisher":"https:\/\/www.facebook.com\/OArcanjoNoAr\/","article_published_time":"2017-02-09T02:36:47+00:00","article_modified_time":"2016-12-27T08:34:47+00:00","og_image":[{"url":"http:\/\/www.oarcanjo.net\/site\/wp-content\/uploads\/Sao-Miguel-Febres-Cordero-Munhoz.jpg"}],"author":"danilo","twitter_card":"summary_large_image","twitter_misc":{"Escrito por":"danilo","Est. tempo de leitura":"2 minutos"},"schema":{"@context":"https:\/\/schema.org","@graph":[{"@type":"Article","@id":"https:\/\/www.oarcanjo.net\/site\/sao-miguel-febres-cordero-munhoz\/#article","isPartOf":{"@id":"https:\/\/www.oarcanjo.net\/site\/sao-miguel-febres-cordero-munhoz\/"},"author":{"name":"danilo","@id":"https:\/\/www.oarcanjo.net\/site\/#\/schema\/person\/5eb9480bedd2f3c97e430ce128c29c6c"},"headline":"S\u00e3o Miguel Febres Cordero Munhoz","datePublished":"2017-02-09T02:36:47+00:00","dateModified":"2016-12-27T08:34:47+00:00","mainEntityOfPage":{"@id":"https:\/\/www.oarcanjo.net\/site\/sao-miguel-febres-cordero-munhoz\/"},"wordCount":446,"commentCount":0,"publisher":{"@id":"https:\/\/www.oarcanjo.net\/site\/#organization"},"image":{"@id":"https:\/\/www.oarcanjo.net\/site\/sao-miguel-febres-cordero-munhoz\/#primaryimage"},"thumbnailUrl":"http:\/\/www.oarcanjo.net\/site\/wp-content\/uploads\/Sao-Miguel-Febres-Cordero-Munhoz.jpg","articleSection":["Testemunhos"],"inLanguage":"pt-BR","potentialAction":[{"@type":"CommentAction","name":"Comment","target":["https:\/\/www.oarcanjo.net\/site\/sao-miguel-febres-cordero-munhoz\/#respond"]}]},{"@type":"WebPage","@id":"https:\/\/www.oarcanjo.net\/site\/sao-miguel-febres-cordero-munhoz\/","url":"https:\/\/www.oarcanjo.net\/site\/sao-miguel-febres-cordero-munhoz\/","name":"S\u00e3o Miguel Febres Cordero Munhoz - O Arcanjo no ar","isPartOf":{"@id":"https:\/\/www.oarcanjo.net\/site\/#website"},"primaryImageOfPage":{"@id":"https:\/\/www.oarcanjo.net\/site\/sao-miguel-febres-cordero-munhoz\/#primaryimage"},"image":{"@id":"https:\/\/www.oarcanjo.net\/site\/sao-miguel-febres-cordero-munhoz\/#primaryimage"},"thumbnailUrl":"http:\/\/www.oarcanjo.net\/site\/wp-content\/uploads\/Sao-Miguel-Febres-Cordero-Munhoz.jpg","datePublished":"2017-02-09T02:36:47+00:00","dateModified":"2016-12-27T08:34:47+00:00","breadcrumb":{"@id":"https:\/\/www.oarcanjo.net\/site\/sao-miguel-febres-cordero-munhoz\/#breadcrumb"},"inLanguage":"pt-BR","potentialAction":[{"@type":"ReadAction","target":["https:\/\/www.oarcanjo.net\/site\/sao-miguel-febres-cordero-munhoz\/"]}]},{"@type":"ImageObject","inLanguage":"pt-BR","@id":"https:\/\/www.oarcanjo.net\/site\/sao-miguel-febres-cordero-munhoz\/#primaryimage","url":"https:\/\/www.oarcanjo.net\/site\/wp-content\/uploads\/Sao-Miguel-Febres-Cordero-Munhoz.jpg","contentUrl":"https:\/\/www.oarcanjo.net\/site\/wp-content\/uploads\/Sao-Miguel-Febres-Cordero-Munhoz.jpg","width":360,"height":535},{"@type":"BreadcrumbList","@id":"https:\/\/www.oarcanjo.net\/site\/sao-miguel-febres-cordero-munhoz\/#breadcrumb","itemListElement":[{"@type":"ListItem","position":1,"name":"In\u00edcio","item":"https:\/\/www.oarcanjo.net\/site\/"},{"@type":"ListItem","position":2,"name":"S\u00e3o Miguel Febres Cordero Munhoz"}]},{"@type":"WebSite","@id":"https:\/\/www.oarcanjo.net\/site\/#website","url":"https:\/\/www.oarcanjo.net\/site\/","name":"O Arcanjo no ar","description":"Site da Par\u00f3quia S\u00e3o Miguel Arcanjo (Arquidiocese de SP)","publisher":{"@id":"https:\/\/www.oarcanjo.net\/site\/#organization"},"potentialAction":[{"@type":"SearchAction","target":{"@type":"EntryPoint","urlTemplate":"https:\/\/www.oarcanjo.net\/site\/?s={search_term_string}"},"query-input":{"@type":"PropertyValueSpecification","valueRequired":true,"valueName":"search_term_string"}}],"inLanguage":"pt-BR"},{"@type":"Organization","@id":"https:\/\/www.oarcanjo.net\/site\/#organization","name":"Par\u00f3quia S\u00e3o Miguel Arcanjo","url":"https:\/\/www.oarcanjo.net\/site\/","logo":{"@type":"ImageObject","inLanguage":"pt-BR","@id":"https:\/\/www.oarcanjo.net\/site\/#\/schema\/logo\/image\/","url":"https:\/\/www.oarcanjo.net\/site\/wp-content\/uploads\/LogoOArcanjo.png","contentUrl":"https:\/\/www.oarcanjo.net\/site\/wp-content\/uploads\/LogoOArcanjo.png","width":319,"height":99,"caption":"Par\u00f3quia S\u00e3o Miguel Arcanjo"},"image":{"@id":"https:\/\/www.oarcanjo.net\/site\/#\/schema\/logo\/image\/"},"sameAs":["https:\/\/www.facebook.com\/OArcanjoNoAr\/"]},{"@type":"Person","@id":"https:\/\/www.oarcanjo.net\/site\/#\/schema\/person\/5eb9480bedd2f3c97e430ce128c29c6c","name":"danilo"}]}},"publishpress_future_action":{"enabled":false,"date":"2026-05-09 03:59:15","action":"category","newStatus":"draft","terms":[],"taxonomy":"category"},"publishpress_future_workflow_manual_trigger":{"enabledWorkflows":[]},"_links":{"self":[{"href":"https:\/\/www.oarcanjo.net\/site\/wp-json\/wp\/v2\/posts\/7680"}],"collection":[{"href":"https:\/\/www.oarcanjo.net\/site\/wp-json\/wp\/v2\/posts"}],"about":[{"href":"https:\/\/www.oarcanjo.net\/site\/wp-json\/wp\/v2\/types\/post"}],"author":[{"embeddable":true,"href":"https:\/\/www.oarcanjo.net\/site\/wp-json\/wp\/v2\/users\/14"}],"replies":[{"embeddable":true,"href":"https:\/\/www.oarcanjo.net\/site\/wp-json\/wp\/v2\/comments?post=7680"}],"version-history":[{"count":0,"href":"https:\/\/www.oarcanjo.net\/site\/wp-json\/wp\/v2\/posts\/7680\/revisions"}],"wp:attachment":[{"href":"https:\/\/www.oarcanjo.net\/site\/wp-json\/wp\/v2\/media?parent=7680"}],"wp:term":[{"taxonomy":"category","embeddable":true,"href":"https:\/\/www.oarcanjo.net\/site\/wp-json\/wp\/v2\/categories?post=7680"},{"taxonomy":"post_tag","embeddable":true,"href":"https:\/\/www.oarcanjo.net\/site\/wp-json\/wp\/v2\/tags?post=7680"}],"curies":[{"name":"wp","href":"https:\/\/api.w.org\/{rel}","templated":true}]}}