
{"id":7682,"date":"2017-02-09T00:09:10","date_gmt":"2017-02-09T02:09:10","guid":{"rendered":"http:\/\/www.oarcanjo.net\/site\/?p=7682"},"modified":"2016-12-27T06:32:28","modified_gmt":"2016-12-27T08:32:28","slug":"santa-apolonia","status":"publish","type":"post","link":"https:\/\/www.oarcanjo.net\/site\/santa-apolonia\/","title":{"rendered":"Santa Apol\u00f4nia"},"content":{"rendered":"<div><img loading=\"lazy\" decoding=\"async\" src=\"http:\/\/hamiltonrodrigues.com.br\/hamilton\/img\/oracoes\/santa-apolonia.gif\" border=\"0\" alt=\"santa-apolonia\" width=\"252\" height=\"349\" \/><\/div>\n<div>9 de Fevereiro<\/div>\n<div>Os seis anos de 243 a 249, durante os quais o rumo do Imp\u00e9rio Romano ficou sob a dire\u00e7\u00e3o de Felipe o \u00c1rabe, foram considerados: um intervalo de tr\u00e9gua do regime do anticristianismo. No \u00faltimo ano, por\u00e9m, houve um epis\u00f3dio que comprovou que a avers\u00e3o aos crist\u00e3os, pelo menos na prov\u00edncia africana, n\u00e3o havia desaparecido.<\/p>\n<p>O ocorrido era narrado por Dion\u00edsio, o bispo da Alexandria no Egito, em uma carta que enviou ao bispo Fabio da diocese de Antioquia, em 249. Na carta ele escreveu que: &#8220;No dia 9 de fevereiro, um charlat\u00e3o alexandrino, &#8220;maligno adivinho e falso profeta&#8221;, que insuflava a popula\u00e7\u00e3o pag\u00e3, sempre pronta a se agitar, provocou uma terr\u00edvel revolta. As casas dos crist\u00e3os foram invadidas. Os pag\u00e3os saquearam os vizinhos cat\u00f3licos ou aqueles que estivessem mais pr\u00f3ximos, levando as j\u00f3ias e objetos preciosos. Os m\u00f3veis e as roupas foram levados para uma pra\u00e7a, onde ergueram uma grande fogueira. Os crist\u00e3os, mesmo os velhos e as crian\u00e7as, foram arrastados pelas ruas, espancados, escorra\u00e7ados e, condenados a morte, caso n\u00e3o renegassem a f\u00e9 em voz alta. A cidade parecia que tinha sido tomada por uma multid\u00e3o de dem\u00f4nios enfurecidos&#8221;.<\/p>\n<p>&#8220;Os pag\u00e3os prenderam tamb\u00e9m a bondosa virgem Apol\u00f4nia, que tinha idade avan\u00e7ada. Foi espancada violentamente no rosto porque se recusava a repetir as blasf\u00eamias contra a Igreja, por isto teve os dentes arrancados. Al\u00e9m disso, foi arrastada at\u00e9 a grande fogueira, que ardia no centro da cidade. No meio da multid\u00e3o enlouquecida, disseram que seria queimada viva se n\u00e3o repetisse, em voz alta, uma declara\u00e7\u00e3o pag\u00e3 renunciando a f\u00e9 em Cristo. Neste instante, ela pediu para ser solta por um momento, sendo atendida ela saltou rapidamente na fogueira, sendo consumida pelo fogo.&#8221;<\/p>\n<p>O mart\u00edrio da virgem Apol\u00f4nia, que terminou aparentemente em suic\u00eddio, causou, exatamente por isto, um grande questionamento dentro da Igreja, que passou a avaliar se era correto e l\u00edcito, se entregar voluntariamente \u00e0 morte para n\u00e3o renegar a f\u00e9. Esta d\u00favida encontrou eco tamb\u00e9m no livro &#8221; A cidade de Deus&#8221; de Santo Agostinho, que tamb\u00e9m n\u00e3o apresentou uma posi\u00e7\u00e3o definida.<\/p>\n<p>Contudo, o gesto da m\u00e1rtir Apol\u00f4nia, a sua vida reclusa dedicada \u00e0 caridade crist\u00e3, provocou grande emo\u00e7\u00e3o e devo\u00e7\u00e3o na prov\u00edncia africana inteira, onde ela consumou o seu sacrif\u00edcio. Passou a ser venerada, porque foi justamente o seu apostolado desenvolvido entre os pobres da comunidade que a colocou na mira do \u00f3dio e da persegui\u00e7\u00e3o dos pag\u00e3os, e o seu culto se difundiu pelas dioceses no Oriente e no Ocidente.<\/p>\n<p>Em v\u00e1rias cidades europ\u00e9ias surgiram igrejas dedicadas a ela. Em Roma foi erguida uma igreja, hoje desaparecida, pr\u00f3xima de Santa Maria em Trasteve, It\u00e1lia.<\/p>\n<p>Sobre a sua vida n\u00e3o se teve outro registro, sen\u00e3o que seus devotos a elegeram, no decorrer dos tempos, como protetora contra as doen\u00e7as da boca e das dores dos dentes. Mas restou seu exemplo de generosa e incondicional oferta a Cristo. A Igreja a canonizou e oficializou seu culto conforme a data citada na carta do bispo Dion\u00edsio.<\/p><\/div>\n<div>\n<p><img loading=\"lazy\" decoding=\"async\" src=\"http:\/\/www.eliasrosenthal.med.br\/imagens\/apolonia.jpg\" alt=\"\" width=\"361\" height=\"389\" \/><\/p>\n<p>Padroeira dos dentistas e das pessoas que sofrem com problemas dent\u00e1rios, Santa Apol\u00f4nia faz parte das virgens m\u00e1rtires que padeceram na Alexandria, no Egito.<\/p>\n<p>De acordo com a lenda, durante sua tortura teve todos os seus dentes violentamente arrancados.<\/p>\n<p>Por esta raz\u00e3o, sua associa\u00e7\u00e3o com os dentistas e pessoas que sofrem de dor-de-dente.<\/p>\n<p>Se voc\u00ea for surpreendido de madrugada com dor-de-dente, procure fazer a ora\u00e7\u00e3o abaixo com f\u00e9 e determina\u00e7\u00e3o que Santa Apol\u00f4nia ir\u00e1 intervir a seu favor at\u00e9 voc\u00ea poder ir ao dentista.<br \/>\nOra\u00e7\u00e3o a Santa Apol\u00f4nia<br \/>\nBendita Santa Apol\u00f4nia que por virgindade e mart\u00edrio mereceste do Senhor ser institu\u00edda advogada contra dor de dente e gengiva.<\/p>\n<p>Suplicamos-te fervorosos que intercedas com Deus das miseric\u00f3rdias para que esta criatura [falar o nome da pessoa que est\u00e1 com dor] fique completamente curada.<\/p>\n<p>Senhor, seja benigno \u00e0 s\u00faplica que a V\u00f3s dirigimos por interm\u00e9dio de Santa Apol\u00f4nia.<\/p>\n<p>Am\u00e9m!<\/p>\n<\/div>\n<div id=\"themify_builder_content-7682\" data-postid=\"7682\" class=\"themify_builder_content themify_builder_content-7682 themify_builder themify_builder_front\">\n\t<\/div>\n<!-- \/themify_builder_content -->","protected":false},"excerpt":{"rendered":"<p>9 de Fevereiro Os seis anos de 243 a 249, durante os quais o rumo do Imp\u00e9rio Romano ficou sob a dire\u00e7\u00e3o de Felipe o \u00c1rabe, foram considerados: um intervalo de tr\u00e9gua do regime do anticristianismo. No \u00faltimo ano, por\u00e9m, houve um epis\u00f3dio que comprovou que a avers\u00e3o aos crist\u00e3os, pelo menos na prov\u00edncia africana, [&hellip;]<\/p>\n","protected":false},"author":14,"featured_media":0,"comment_status":"open","ping_status":"open","sticky":false,"template":"","format":"standard","meta":{"ngg_post_thumbnail":0,"footnotes":""},"categories":[186],"tags":[],"yoast_head":"<!-- This site is optimized with the Yoast SEO plugin v23.5 - https:\/\/yoast.com\/wordpress\/plugins\/seo\/ -->\n<title>Santa Apol\u00f4nia - O Arcanjo no ar<\/title>\n<meta name=\"robots\" content=\"index, follow, max-snippet:-1, max-image-preview:large, max-video-preview:-1\" \/>\n<link rel=\"canonical\" href=\"https:\/\/www.oarcanjo.net\/site\/santa-apolonia\/\" \/>\n<meta property=\"og:locale\" content=\"pt_BR\" \/>\n<meta property=\"og:type\" content=\"article\" \/>\n<meta property=\"og:title\" content=\"Santa Apol\u00f4nia - O Arcanjo no ar\" \/>\n<meta property=\"og:description\" content=\"9 de Fevereiro Os seis anos de 243 a 249, durante os quais o rumo do Imp\u00e9rio Romano ficou sob a dire\u00e7\u00e3o de Felipe o \u00c1rabe, foram considerados: um intervalo de tr\u00e9gua do regime do anticristianismo. No \u00faltimo ano, por\u00e9m, houve um epis\u00f3dio que comprovou que a avers\u00e3o aos crist\u00e3os, pelo menos na prov\u00edncia africana, [&hellip;]\" \/>\n<meta property=\"og:url\" content=\"https:\/\/www.oarcanjo.net\/site\/santa-apolonia\/\" \/>\n<meta property=\"og:site_name\" content=\"O Arcanjo no ar\" \/>\n<meta property=\"article:publisher\" content=\"https:\/\/www.facebook.com\/OArcanjoNoAr\/\" \/>\n<meta property=\"article:published_time\" content=\"2017-02-09T02:09:10+00:00\" \/>\n<meta property=\"article:modified_time\" content=\"2016-12-27T08:32:28+00:00\" \/>\n<meta property=\"og:image\" content=\"http:\/\/hamiltonrodrigues.com.br\/hamilton\/img\/oracoes\/santa-apolonia.gif\" \/>\n<meta name=\"author\" content=\"danilo\" \/>\n<meta name=\"twitter:card\" content=\"summary_large_image\" \/>\n<meta name=\"twitter:label1\" content=\"Escrito por\" \/>\n\t<meta name=\"twitter:data1\" content=\"danilo\" \/>\n\t<meta name=\"twitter:label2\" content=\"Est. tempo de leitura\" \/>\n\t<meta name=\"twitter:data2\" content=\"4 minutos\" \/>\n<script type=\"application\/ld+json\" class=\"yoast-schema-graph\">{\"@context\":\"https:\/\/schema.org\",\"@graph\":[{\"@type\":\"Article\",\"@id\":\"https:\/\/www.oarcanjo.net\/site\/santa-apolonia\/#article\",\"isPartOf\":{\"@id\":\"https:\/\/www.oarcanjo.net\/site\/santa-apolonia\/\"},\"author\":{\"name\":\"danilo\",\"@id\":\"https:\/\/www.oarcanjo.net\/site\/#\/schema\/person\/5eb9480bedd2f3c97e430ce128c29c6c\"},\"headline\":\"Santa Apol\u00f4nia\",\"datePublished\":\"2017-02-09T02:09:10+00:00\",\"dateModified\":\"2016-12-27T08:32:28+00:00\",\"mainEntityOfPage\":{\"@id\":\"https:\/\/www.oarcanjo.net\/site\/santa-apolonia\/\"},\"wordCount\":721,\"commentCount\":0,\"publisher\":{\"@id\":\"https:\/\/www.oarcanjo.net\/site\/#organization\"},\"image\":{\"@id\":\"https:\/\/www.oarcanjo.net\/site\/santa-apolonia\/#primaryimage\"},\"thumbnailUrl\":\"http:\/\/hamiltonrodrigues.com.br\/hamilton\/img\/oracoes\/santa-apolonia.gif\",\"articleSection\":[\"Testemunhos\"],\"inLanguage\":\"pt-BR\",\"potentialAction\":[{\"@type\":\"CommentAction\",\"name\":\"Comment\",\"target\":[\"https:\/\/www.oarcanjo.net\/site\/santa-apolonia\/#respond\"]}]},{\"@type\":\"WebPage\",\"@id\":\"https:\/\/www.oarcanjo.net\/site\/santa-apolonia\/\",\"url\":\"https:\/\/www.oarcanjo.net\/site\/santa-apolonia\/\",\"name\":\"Santa Apol\u00f4nia - O Arcanjo no ar\",\"isPartOf\":{\"@id\":\"https:\/\/www.oarcanjo.net\/site\/#website\"},\"primaryImageOfPage\":{\"@id\":\"https:\/\/www.oarcanjo.net\/site\/santa-apolonia\/#primaryimage\"},\"image\":{\"@id\":\"https:\/\/www.oarcanjo.net\/site\/santa-apolonia\/#primaryimage\"},\"thumbnailUrl\":\"http:\/\/hamiltonrodrigues.com.br\/hamilton\/img\/oracoes\/santa-apolonia.gif\",\"datePublished\":\"2017-02-09T02:09:10+00:00\",\"dateModified\":\"2016-12-27T08:32:28+00:00\",\"breadcrumb\":{\"@id\":\"https:\/\/www.oarcanjo.net\/site\/santa-apolonia\/#breadcrumb\"},\"inLanguage\":\"pt-BR\",\"potentialAction\":[{\"@type\":\"ReadAction\",\"target\":[\"https:\/\/www.oarcanjo.net\/site\/santa-apolonia\/\"]}]},{\"@type\":\"ImageObject\",\"inLanguage\":\"pt-BR\",\"@id\":\"https:\/\/www.oarcanjo.net\/site\/santa-apolonia\/#primaryimage\",\"url\":\"http:\/\/hamiltonrodrigues.com.br\/hamilton\/img\/oracoes\/santa-apolonia.gif\",\"contentUrl\":\"http:\/\/hamiltonrodrigues.com.br\/hamilton\/img\/oracoes\/santa-apolonia.gif\"},{\"@type\":\"BreadcrumbList\",\"@id\":\"https:\/\/www.oarcanjo.net\/site\/santa-apolonia\/#breadcrumb\",\"itemListElement\":[{\"@type\":\"ListItem\",\"position\":1,\"name\":\"In\u00edcio\",\"item\":\"https:\/\/www.oarcanjo.net\/site\/\"},{\"@type\":\"ListItem\",\"position\":2,\"name\":\"Santa Apol\u00f4nia\"}]},{\"@type\":\"WebSite\",\"@id\":\"https:\/\/www.oarcanjo.net\/site\/#website\",\"url\":\"https:\/\/www.oarcanjo.net\/site\/\",\"name\":\"O Arcanjo no ar\",\"description\":\"Site da Par\u00f3quia S\u00e3o Miguel Arcanjo (Arquidiocese de SP)\",\"publisher\":{\"@id\":\"https:\/\/www.oarcanjo.net\/site\/#organization\"},\"potentialAction\":[{\"@type\":\"SearchAction\",\"target\":{\"@type\":\"EntryPoint\",\"urlTemplate\":\"https:\/\/www.oarcanjo.net\/site\/?s={search_term_string}\"},\"query-input\":{\"@type\":\"PropertyValueSpecification\",\"valueRequired\":true,\"valueName\":\"search_term_string\"}}],\"inLanguage\":\"pt-BR\"},{\"@type\":\"Organization\",\"@id\":\"https:\/\/www.oarcanjo.net\/site\/#organization\",\"name\":\"Par\u00f3quia S\u00e3o Miguel Arcanjo\",\"url\":\"https:\/\/www.oarcanjo.net\/site\/\",\"logo\":{\"@type\":\"ImageObject\",\"inLanguage\":\"pt-BR\",\"@id\":\"https:\/\/www.oarcanjo.net\/site\/#\/schema\/logo\/image\/\",\"url\":\"https:\/\/www.oarcanjo.net\/site\/wp-content\/uploads\/LogoOArcanjo.png\",\"contentUrl\":\"https:\/\/www.oarcanjo.net\/site\/wp-content\/uploads\/LogoOArcanjo.png\",\"width\":319,\"height\":99,\"caption\":\"Par\u00f3quia S\u00e3o Miguel Arcanjo\"},\"image\":{\"@id\":\"https:\/\/www.oarcanjo.net\/site\/#\/schema\/logo\/image\/\"},\"sameAs\":[\"https:\/\/www.facebook.com\/OArcanjoNoAr\/\"]},{\"@type\":\"Person\",\"@id\":\"https:\/\/www.oarcanjo.net\/site\/#\/schema\/person\/5eb9480bedd2f3c97e430ce128c29c6c\",\"name\":\"danilo\"}]}<\/script>\n<!-- \/ Yoast SEO plugin. -->","yoast_head_json":{"title":"Santa Apol\u00f4nia - O Arcanjo no ar","robots":{"index":"index","follow":"follow","max-snippet":"max-snippet:-1","max-image-preview":"max-image-preview:large","max-video-preview":"max-video-preview:-1"},"canonical":"https:\/\/www.oarcanjo.net\/site\/santa-apolonia\/","og_locale":"pt_BR","og_type":"article","og_title":"Santa Apol\u00f4nia - O Arcanjo no ar","og_description":"9 de Fevereiro Os seis anos de 243 a 249, durante os quais o rumo do Imp\u00e9rio Romano ficou sob a dire\u00e7\u00e3o de Felipe o \u00c1rabe, foram considerados: um intervalo de tr\u00e9gua do regime do anticristianismo. No \u00faltimo ano, por\u00e9m, houve um epis\u00f3dio que comprovou que a avers\u00e3o aos crist\u00e3os, pelo menos na prov\u00edncia africana, [&hellip;]","og_url":"https:\/\/www.oarcanjo.net\/site\/santa-apolonia\/","og_site_name":"O Arcanjo no ar","article_publisher":"https:\/\/www.facebook.com\/OArcanjoNoAr\/","article_published_time":"2017-02-09T02:09:10+00:00","article_modified_time":"2016-12-27T08:32:28+00:00","og_image":[{"url":"http:\/\/hamiltonrodrigues.com.br\/hamilton\/img\/oracoes\/santa-apolonia.gif"}],"author":"danilo","twitter_card":"summary_large_image","twitter_misc":{"Escrito por":"danilo","Est. tempo de leitura":"4 minutos"},"schema":{"@context":"https:\/\/schema.org","@graph":[{"@type":"Article","@id":"https:\/\/www.oarcanjo.net\/site\/santa-apolonia\/#article","isPartOf":{"@id":"https:\/\/www.oarcanjo.net\/site\/santa-apolonia\/"},"author":{"name":"danilo","@id":"https:\/\/www.oarcanjo.net\/site\/#\/schema\/person\/5eb9480bedd2f3c97e430ce128c29c6c"},"headline":"Santa Apol\u00f4nia","datePublished":"2017-02-09T02:09:10+00:00","dateModified":"2016-12-27T08:32:28+00:00","mainEntityOfPage":{"@id":"https:\/\/www.oarcanjo.net\/site\/santa-apolonia\/"},"wordCount":721,"commentCount":0,"publisher":{"@id":"https:\/\/www.oarcanjo.net\/site\/#organization"},"image":{"@id":"https:\/\/www.oarcanjo.net\/site\/santa-apolonia\/#primaryimage"},"thumbnailUrl":"http:\/\/hamiltonrodrigues.com.br\/hamilton\/img\/oracoes\/santa-apolonia.gif","articleSection":["Testemunhos"],"inLanguage":"pt-BR","potentialAction":[{"@type":"CommentAction","name":"Comment","target":["https:\/\/www.oarcanjo.net\/site\/santa-apolonia\/#respond"]}]},{"@type":"WebPage","@id":"https:\/\/www.oarcanjo.net\/site\/santa-apolonia\/","url":"https:\/\/www.oarcanjo.net\/site\/santa-apolonia\/","name":"Santa Apol\u00f4nia - O Arcanjo no ar","isPartOf":{"@id":"https:\/\/www.oarcanjo.net\/site\/#website"},"primaryImageOfPage":{"@id":"https:\/\/www.oarcanjo.net\/site\/santa-apolonia\/#primaryimage"},"image":{"@id":"https:\/\/www.oarcanjo.net\/site\/santa-apolonia\/#primaryimage"},"thumbnailUrl":"http:\/\/hamiltonrodrigues.com.br\/hamilton\/img\/oracoes\/santa-apolonia.gif","datePublished":"2017-02-09T02:09:10+00:00","dateModified":"2016-12-27T08:32:28+00:00","breadcrumb":{"@id":"https:\/\/www.oarcanjo.net\/site\/santa-apolonia\/#breadcrumb"},"inLanguage":"pt-BR","potentialAction":[{"@type":"ReadAction","target":["https:\/\/www.oarcanjo.net\/site\/santa-apolonia\/"]}]},{"@type":"ImageObject","inLanguage":"pt-BR","@id":"https:\/\/www.oarcanjo.net\/site\/santa-apolonia\/#primaryimage","url":"http:\/\/hamiltonrodrigues.com.br\/hamilton\/img\/oracoes\/santa-apolonia.gif","contentUrl":"http:\/\/hamiltonrodrigues.com.br\/hamilton\/img\/oracoes\/santa-apolonia.gif"},{"@type":"BreadcrumbList","@id":"https:\/\/www.oarcanjo.net\/site\/santa-apolonia\/#breadcrumb","itemListElement":[{"@type":"ListItem","position":1,"name":"In\u00edcio","item":"https:\/\/www.oarcanjo.net\/site\/"},{"@type":"ListItem","position":2,"name":"Santa Apol\u00f4nia"}]},{"@type":"WebSite","@id":"https:\/\/www.oarcanjo.net\/site\/#website","url":"https:\/\/www.oarcanjo.net\/site\/","name":"O Arcanjo no ar","description":"Site da Par\u00f3quia S\u00e3o Miguel Arcanjo (Arquidiocese de SP)","publisher":{"@id":"https:\/\/www.oarcanjo.net\/site\/#organization"},"potentialAction":[{"@type":"SearchAction","target":{"@type":"EntryPoint","urlTemplate":"https:\/\/www.oarcanjo.net\/site\/?s={search_term_string}"},"query-input":{"@type":"PropertyValueSpecification","valueRequired":true,"valueName":"search_term_string"}}],"inLanguage":"pt-BR"},{"@type":"Organization","@id":"https:\/\/www.oarcanjo.net\/site\/#organization","name":"Par\u00f3quia S\u00e3o Miguel Arcanjo","url":"https:\/\/www.oarcanjo.net\/site\/","logo":{"@type":"ImageObject","inLanguage":"pt-BR","@id":"https:\/\/www.oarcanjo.net\/site\/#\/schema\/logo\/image\/","url":"https:\/\/www.oarcanjo.net\/site\/wp-content\/uploads\/LogoOArcanjo.png","contentUrl":"https:\/\/www.oarcanjo.net\/site\/wp-content\/uploads\/LogoOArcanjo.png","width":319,"height":99,"caption":"Par\u00f3quia S\u00e3o Miguel Arcanjo"},"image":{"@id":"https:\/\/www.oarcanjo.net\/site\/#\/schema\/logo\/image\/"},"sameAs":["https:\/\/www.facebook.com\/OArcanjoNoAr\/"]},{"@type":"Person","@id":"https:\/\/www.oarcanjo.net\/site\/#\/schema\/person\/5eb9480bedd2f3c97e430ce128c29c6c","name":"danilo"}]}},"publishpress_future_action":{"enabled":false,"date":"2026-05-09 03:58:15","action":"category","newStatus":"draft","terms":[],"taxonomy":"category"},"publishpress_future_workflow_manual_trigger":{"enabledWorkflows":[]},"_links":{"self":[{"href":"https:\/\/www.oarcanjo.net\/site\/wp-json\/wp\/v2\/posts\/7682"}],"collection":[{"href":"https:\/\/www.oarcanjo.net\/site\/wp-json\/wp\/v2\/posts"}],"about":[{"href":"https:\/\/www.oarcanjo.net\/site\/wp-json\/wp\/v2\/types\/post"}],"author":[{"embeddable":true,"href":"https:\/\/www.oarcanjo.net\/site\/wp-json\/wp\/v2\/users\/14"}],"replies":[{"embeddable":true,"href":"https:\/\/www.oarcanjo.net\/site\/wp-json\/wp\/v2\/comments?post=7682"}],"version-history":[{"count":0,"href":"https:\/\/www.oarcanjo.net\/site\/wp-json\/wp\/v2\/posts\/7682\/revisions"}],"wp:attachment":[{"href":"https:\/\/www.oarcanjo.net\/site\/wp-json\/wp\/v2\/media?parent=7682"}],"wp:term":[{"taxonomy":"category","embeddable":true,"href":"https:\/\/www.oarcanjo.net\/site\/wp-json\/wp\/v2\/categories?post=7682"},{"taxonomy":"post_tag","embeddable":true,"href":"https:\/\/www.oarcanjo.net\/site\/wp-json\/wp\/v2\/tags?post=7682"}],"curies":[{"name":"wp","href":"https:\/\/api.w.org\/{rel}","templated":true}]}}