
{"id":7713,"date":"2019-02-10T00:10:28","date_gmt":"2019-02-10T02:10:28","guid":{"rendered":"http:\/\/www.oarcanjo.net\/site\/?p=7713"},"modified":"2019-02-09T10:30:01","modified_gmt":"2019-02-09T12:30:01","slug":"sao-guilherme-de-malavale","status":"publish","type":"post","link":"https:\/\/www.oarcanjo.net\/site\/sao-guilherme-de-malavale\/","title":{"rendered":"S\u00e3o Guilherme de Malavale"},"content":{"rendered":"<p><img decoding=\"async\" src=\"http:\/\/2.bp.blogspot.com\/_5kAa5W5YTf4\/SZD_TPqP03I\/AAAAAAAADIs\/He71xcEIpjo\/s400\/10-Santo+Guilherme+de+Malavale.gif\" alt=\"\" \/><\/p>\n<p>10 de Fevereiro<\/p>\n<p>Guilherme era de origem nobre, nasceu em 1071, na Fran\u00e7a. Era um duque da Aquit\u00e2nia, que se dedicou at\u00e9 o final da juventude \u00e0s artes militares e mundanas, afastado do cristianismo. A sua convers\u00e3o foi atribu\u00edda a s\u00e3o Bernardo, que o inspirou a desejar viver a experi\u00eancia do retiro espiritual, num bosque afastado. Quando saiu do isolamento, alguns meses depois, procurou o papa Urbano II para pedir perd\u00e3o dos pecados. Ap\u00f3s receber sua ben\u00e7\u00e3o, seguiu em peregrina\u00e7\u00e3o para Jerusal\u00e9m.<\/p>\n<p>Guilherme ficou nove anos na Terra Santa, praticando obras de penit\u00eancia e piedade e, quando voltou, se juntou a uma comunidade de ermit\u00e3os, pr\u00f3ximo de Pisa, na It\u00e1lia. Dois anos depois foi para a Toscana, onde, na floresta de Malavale construiu o seu derradeiro retiro. E deste momento em diante come\u00e7ou a fama de sua santidade.<\/p>\n<p>Em Malavale, tinha como \u00fanica companhia \u00e0s feras selvagens, dormia no ch\u00e3o duro e se alimentava de plantas e ra\u00edzes. Os habitantes aprenderam a estima-lo. N\u00e3o raro, as crian\u00e7as eram socorridas por ele, quando se perdiam no bosque. A tradi\u00e7\u00e3o conta que, certa vez, um grande drag\u00e3o tentou atacar um menino, quando o ermit\u00e3o apareceu e com o seu bast\u00e3o ordenou que a fera se afastasse. Por\u00e9m o animal ficou em p\u00e9 sobre as patas traseiras e, soltando fuma\u00e7a pelas ventas, se voltou contra ele. Prodigiosamente, Guilherme foi se elevando, at\u00e9 chegar na altura da cabe\u00e7a da fera, a\u00ed o golpeou com o bast\u00e3o e o drag\u00e3o caiu morto. Por isto, passou a ser chamado de Guilherme, &#8220;o grande&#8221;.<\/p>\n<p>J\u00e1 idoso, acolheu dois disc\u00edpulos, Alberto e Reinaldo, que o acompanharam at\u00e9 a morte. Nos \u00faltimos meses Alberto escreveu sua biografia, onde registrou sua disciplina de vida reclusa e espiritual. Aos 10 de fevereiro de 1157, Guilherme morreu, mas antes, fez algumas profecias e v\u00e1rios prod\u00edgios testemunhados que foram registrados.<\/p>\n<p>A sua heran\u00e7a , como ocorreu com outros grandes ermit\u00e3os e padres do deserto, foi apenas a modesta cela de Malavale, como exemplo de uma vida espiritual contemplativa, de afastamento e austeridade, e n\u00e3o um compromisso de dar vida a uma nova congrega\u00e7\u00e3o. Entretanto, ela floreceu ao redor de sua sepultura, s\u00f3 com o legado do seu exemplo de severa renuncia ao mundo, que continuou ainda atraindo ao local jovens desejosos de seguir suas pegadas. Os dois disc\u00edpulos Alberto e Reinaldo fundaram a Ordem dos Guilhermitas e escreveram as Regras, seguindo a biografia, aprovada pela Santa S\u00e9. Tempos depois, a nova congrega\u00e7\u00e3o j\u00e1 alcan\u00e7ava a Fran\u00e7a, It\u00e1lia, Alemanha e Holanda.<\/p>\n<p>Em 1202, o papa Inoc\u00eancio III declarou Guilherme de Malavale, Santo e manteve a festa no dia 10 de fevereiro. Seus restos mortais foram guardados na catedral de Buriano, onde foi colocada a est\u00e1tua de s\u00e3o Guilherme com drag\u00e3o a seus p\u00e9s. Desde 1255, os Guilhermitas fazem parte da Ordem dos agostinianos, que assimilou o pensamento deste santo. O dia de S\u00e3o Guilherme o Grande ou de Malavale, como tamb\u00e9m \u00e9 chamado, integra o calend\u00e1rio dos santos agostinianos desde o s\u00e9culo XIII, sendo reverenciado como exemplo de vida de santidade a ser seguido.<\/p>\n<div id=\"themify_builder_content-7713\" data-postid=\"7713\" class=\"themify_builder_content themify_builder_content-7713 themify_builder themify_builder_front\">\n\t<\/div>\n<!-- \/themify_builder_content -->","protected":false},"excerpt":{"rendered":"<p>10 de Fevereiro Guilherme era de origem nobre, nasceu em 1071, na Fran\u00e7a. Era um duque da Aquit\u00e2nia, que se dedicou at\u00e9 o final da juventude \u00e0s artes militares e mundanas, afastado do cristianismo. A sua convers\u00e3o foi atribu\u00edda a s\u00e3o Bernardo, que o inspirou a desejar viver a experi\u00eancia do retiro espiritual, num bosque [&hellip;]<\/p>\n","protected":false},"author":14,"featured_media":0,"comment_status":"open","ping_status":"open","sticky":false,"template":"","format":"standard","meta":{"ngg_post_thumbnail":0,"footnotes":""},"categories":[186],"tags":[],"yoast_head":"<!-- This site is optimized with the Yoast SEO plugin v23.5 - https:\/\/yoast.com\/wordpress\/plugins\/seo\/ -->\n<title>S\u00e3o Guilherme de Malavale - O Arcanjo no ar<\/title>\n<meta name=\"robots\" content=\"index, follow, max-snippet:-1, max-image-preview:large, max-video-preview:-1\" \/>\n<link rel=\"canonical\" href=\"https:\/\/www.oarcanjo.net\/site\/sao-guilherme-de-malavale\/\" \/>\n<meta property=\"og:locale\" content=\"pt_BR\" \/>\n<meta property=\"og:type\" content=\"article\" \/>\n<meta property=\"og:title\" content=\"S\u00e3o Guilherme de Malavale - O Arcanjo no ar\" \/>\n<meta property=\"og:description\" content=\"10 de Fevereiro Guilherme era de origem nobre, nasceu em 1071, na Fran\u00e7a. Era um duque da Aquit\u00e2nia, que se dedicou at\u00e9 o final da juventude \u00e0s artes militares e mundanas, afastado do cristianismo. A sua convers\u00e3o foi atribu\u00edda a s\u00e3o Bernardo, que o inspirou a desejar viver a experi\u00eancia do retiro espiritual, num bosque [&hellip;]\" \/>\n<meta property=\"og:url\" content=\"https:\/\/www.oarcanjo.net\/site\/sao-guilherme-de-malavale\/\" \/>\n<meta property=\"og:site_name\" content=\"O Arcanjo no ar\" \/>\n<meta property=\"article:publisher\" content=\"https:\/\/www.facebook.com\/OArcanjoNoAr\/\" \/>\n<meta property=\"article:published_time\" content=\"2019-02-10T02:10:28+00:00\" \/>\n<meta property=\"article:modified_time\" content=\"2019-02-09T12:30:01+00:00\" \/>\n<meta property=\"og:image\" content=\"http:\/\/2.bp.blogspot.com\/_5kAa5W5YTf4\/SZD_TPqP03I\/AAAAAAAADIs\/He71xcEIpjo\/s400\/10-Santo+Guilherme+de+Malavale.gif\" \/>\n<meta name=\"author\" content=\"danilo\" \/>\n<meta name=\"twitter:card\" content=\"summary_large_image\" \/>\n<meta name=\"twitter:label1\" content=\"Escrito por\" \/>\n\t<meta name=\"twitter:data1\" content=\"danilo\" \/>\n\t<meta name=\"twitter:label2\" content=\"Est. tempo de leitura\" \/>\n\t<meta name=\"twitter:data2\" content=\"3 minutos\" \/>\n<script type=\"application\/ld+json\" class=\"yoast-schema-graph\">{\"@context\":\"https:\/\/schema.org\",\"@graph\":[{\"@type\":\"Article\",\"@id\":\"https:\/\/www.oarcanjo.net\/site\/sao-guilherme-de-malavale\/#article\",\"isPartOf\":{\"@id\":\"https:\/\/www.oarcanjo.net\/site\/sao-guilherme-de-malavale\/\"},\"author\":{\"name\":\"danilo\",\"@id\":\"https:\/\/www.oarcanjo.net\/site\/#\/schema\/person\/5eb9480bedd2f3c97e430ce128c29c6c\"},\"headline\":\"S\u00e3o Guilherme de Malavale\",\"datePublished\":\"2019-02-10T02:10:28+00:00\",\"dateModified\":\"2019-02-09T12:30:01+00:00\",\"mainEntityOfPage\":{\"@id\":\"https:\/\/www.oarcanjo.net\/site\/sao-guilherme-de-malavale\/\"},\"wordCount\":556,\"commentCount\":0,\"publisher\":{\"@id\":\"https:\/\/www.oarcanjo.net\/site\/#organization\"},\"image\":{\"@id\":\"https:\/\/www.oarcanjo.net\/site\/sao-guilherme-de-malavale\/#primaryimage\"},\"thumbnailUrl\":\"http:\/\/2.bp.blogspot.com\/_5kAa5W5YTf4\/SZD_TPqP03I\/AAAAAAAADIs\/He71xcEIpjo\/s400\/10-Santo+Guilherme+de+Malavale.gif\",\"articleSection\":[\"Testemunhos\"],\"inLanguage\":\"pt-BR\",\"potentialAction\":[{\"@type\":\"CommentAction\",\"name\":\"Comment\",\"target\":[\"https:\/\/www.oarcanjo.net\/site\/sao-guilherme-de-malavale\/#respond\"]}]},{\"@type\":\"WebPage\",\"@id\":\"https:\/\/www.oarcanjo.net\/site\/sao-guilherme-de-malavale\/\",\"url\":\"https:\/\/www.oarcanjo.net\/site\/sao-guilherme-de-malavale\/\",\"name\":\"S\u00e3o Guilherme de Malavale - O Arcanjo no ar\",\"isPartOf\":{\"@id\":\"https:\/\/www.oarcanjo.net\/site\/#website\"},\"primaryImageOfPage\":{\"@id\":\"https:\/\/www.oarcanjo.net\/site\/sao-guilherme-de-malavale\/#primaryimage\"},\"image\":{\"@id\":\"https:\/\/www.oarcanjo.net\/site\/sao-guilherme-de-malavale\/#primaryimage\"},\"thumbnailUrl\":\"http:\/\/2.bp.blogspot.com\/_5kAa5W5YTf4\/SZD_TPqP03I\/AAAAAAAADIs\/He71xcEIpjo\/s400\/10-Santo+Guilherme+de+Malavale.gif\",\"datePublished\":\"2019-02-10T02:10:28+00:00\",\"dateModified\":\"2019-02-09T12:30:01+00:00\",\"breadcrumb\":{\"@id\":\"https:\/\/www.oarcanjo.net\/site\/sao-guilherme-de-malavale\/#breadcrumb\"},\"inLanguage\":\"pt-BR\",\"potentialAction\":[{\"@type\":\"ReadAction\",\"target\":[\"https:\/\/www.oarcanjo.net\/site\/sao-guilherme-de-malavale\/\"]}]},{\"@type\":\"ImageObject\",\"inLanguage\":\"pt-BR\",\"@id\":\"https:\/\/www.oarcanjo.net\/site\/sao-guilherme-de-malavale\/#primaryimage\",\"url\":\"http:\/\/2.bp.blogspot.com\/_5kAa5W5YTf4\/SZD_TPqP03I\/AAAAAAAADIs\/He71xcEIpjo\/s400\/10-Santo+Guilherme+de+Malavale.gif\",\"contentUrl\":\"http:\/\/2.bp.blogspot.com\/_5kAa5W5YTf4\/SZD_TPqP03I\/AAAAAAAADIs\/He71xcEIpjo\/s400\/10-Santo+Guilherme+de+Malavale.gif\"},{\"@type\":\"BreadcrumbList\",\"@id\":\"https:\/\/www.oarcanjo.net\/site\/sao-guilherme-de-malavale\/#breadcrumb\",\"itemListElement\":[{\"@type\":\"ListItem\",\"position\":1,\"name\":\"In\u00edcio\",\"item\":\"https:\/\/www.oarcanjo.net\/site\/\"},{\"@type\":\"ListItem\",\"position\":2,\"name\":\"S\u00e3o Guilherme de Malavale\"}]},{\"@type\":\"WebSite\",\"@id\":\"https:\/\/www.oarcanjo.net\/site\/#website\",\"url\":\"https:\/\/www.oarcanjo.net\/site\/\",\"name\":\"O Arcanjo no ar\",\"description\":\"Site da Par\u00f3quia S\u00e3o Miguel Arcanjo (Arquidiocese de SP)\",\"publisher\":{\"@id\":\"https:\/\/www.oarcanjo.net\/site\/#organization\"},\"potentialAction\":[{\"@type\":\"SearchAction\",\"target\":{\"@type\":\"EntryPoint\",\"urlTemplate\":\"https:\/\/www.oarcanjo.net\/site\/?s={search_term_string}\"},\"query-input\":{\"@type\":\"PropertyValueSpecification\",\"valueRequired\":true,\"valueName\":\"search_term_string\"}}],\"inLanguage\":\"pt-BR\"},{\"@type\":\"Organization\",\"@id\":\"https:\/\/www.oarcanjo.net\/site\/#organization\",\"name\":\"Par\u00f3quia S\u00e3o Miguel Arcanjo\",\"url\":\"https:\/\/www.oarcanjo.net\/site\/\",\"logo\":{\"@type\":\"ImageObject\",\"inLanguage\":\"pt-BR\",\"@id\":\"https:\/\/www.oarcanjo.net\/site\/#\/schema\/logo\/image\/\",\"url\":\"https:\/\/www.oarcanjo.net\/site\/wp-content\/uploads\/LogoOArcanjo.png\",\"contentUrl\":\"https:\/\/www.oarcanjo.net\/site\/wp-content\/uploads\/LogoOArcanjo.png\",\"width\":319,\"height\":99,\"caption\":\"Par\u00f3quia S\u00e3o Miguel Arcanjo\"},\"image\":{\"@id\":\"https:\/\/www.oarcanjo.net\/site\/#\/schema\/logo\/image\/\"},\"sameAs\":[\"https:\/\/www.facebook.com\/OArcanjoNoAr\/\"]},{\"@type\":\"Person\",\"@id\":\"https:\/\/www.oarcanjo.net\/site\/#\/schema\/person\/5eb9480bedd2f3c97e430ce128c29c6c\",\"name\":\"danilo\"}]}<\/script>\n<!-- \/ Yoast SEO plugin. -->","yoast_head_json":{"title":"S\u00e3o Guilherme de Malavale - O Arcanjo no ar","robots":{"index":"index","follow":"follow","max-snippet":"max-snippet:-1","max-image-preview":"max-image-preview:large","max-video-preview":"max-video-preview:-1"},"canonical":"https:\/\/www.oarcanjo.net\/site\/sao-guilherme-de-malavale\/","og_locale":"pt_BR","og_type":"article","og_title":"S\u00e3o Guilherme de Malavale - O Arcanjo no ar","og_description":"10 de Fevereiro Guilherme era de origem nobre, nasceu em 1071, na Fran\u00e7a. Era um duque da Aquit\u00e2nia, que se dedicou at\u00e9 o final da juventude \u00e0s artes militares e mundanas, afastado do cristianismo. A sua convers\u00e3o foi atribu\u00edda a s\u00e3o Bernardo, que o inspirou a desejar viver a experi\u00eancia do retiro espiritual, num bosque [&hellip;]","og_url":"https:\/\/www.oarcanjo.net\/site\/sao-guilherme-de-malavale\/","og_site_name":"O Arcanjo no ar","article_publisher":"https:\/\/www.facebook.com\/OArcanjoNoAr\/","article_published_time":"2019-02-10T02:10:28+00:00","article_modified_time":"2019-02-09T12:30:01+00:00","og_image":[{"url":"http:\/\/2.bp.blogspot.com\/_5kAa5W5YTf4\/SZD_TPqP03I\/AAAAAAAADIs\/He71xcEIpjo\/s400\/10-Santo+Guilherme+de+Malavale.gif"}],"author":"danilo","twitter_card":"summary_large_image","twitter_misc":{"Escrito por":"danilo","Est. tempo de leitura":"3 minutos"},"schema":{"@context":"https:\/\/schema.org","@graph":[{"@type":"Article","@id":"https:\/\/www.oarcanjo.net\/site\/sao-guilherme-de-malavale\/#article","isPartOf":{"@id":"https:\/\/www.oarcanjo.net\/site\/sao-guilherme-de-malavale\/"},"author":{"name":"danilo","@id":"https:\/\/www.oarcanjo.net\/site\/#\/schema\/person\/5eb9480bedd2f3c97e430ce128c29c6c"},"headline":"S\u00e3o Guilherme de Malavale","datePublished":"2019-02-10T02:10:28+00:00","dateModified":"2019-02-09T12:30:01+00:00","mainEntityOfPage":{"@id":"https:\/\/www.oarcanjo.net\/site\/sao-guilherme-de-malavale\/"},"wordCount":556,"commentCount":0,"publisher":{"@id":"https:\/\/www.oarcanjo.net\/site\/#organization"},"image":{"@id":"https:\/\/www.oarcanjo.net\/site\/sao-guilherme-de-malavale\/#primaryimage"},"thumbnailUrl":"http:\/\/2.bp.blogspot.com\/_5kAa5W5YTf4\/SZD_TPqP03I\/AAAAAAAADIs\/He71xcEIpjo\/s400\/10-Santo+Guilherme+de+Malavale.gif","articleSection":["Testemunhos"],"inLanguage":"pt-BR","potentialAction":[{"@type":"CommentAction","name":"Comment","target":["https:\/\/www.oarcanjo.net\/site\/sao-guilherme-de-malavale\/#respond"]}]},{"@type":"WebPage","@id":"https:\/\/www.oarcanjo.net\/site\/sao-guilherme-de-malavale\/","url":"https:\/\/www.oarcanjo.net\/site\/sao-guilherme-de-malavale\/","name":"S\u00e3o Guilherme de Malavale - O Arcanjo no ar","isPartOf":{"@id":"https:\/\/www.oarcanjo.net\/site\/#website"},"primaryImageOfPage":{"@id":"https:\/\/www.oarcanjo.net\/site\/sao-guilherme-de-malavale\/#primaryimage"},"image":{"@id":"https:\/\/www.oarcanjo.net\/site\/sao-guilherme-de-malavale\/#primaryimage"},"thumbnailUrl":"http:\/\/2.bp.blogspot.com\/_5kAa5W5YTf4\/SZD_TPqP03I\/AAAAAAAADIs\/He71xcEIpjo\/s400\/10-Santo+Guilherme+de+Malavale.gif","datePublished":"2019-02-10T02:10:28+00:00","dateModified":"2019-02-09T12:30:01+00:00","breadcrumb":{"@id":"https:\/\/www.oarcanjo.net\/site\/sao-guilherme-de-malavale\/#breadcrumb"},"inLanguage":"pt-BR","potentialAction":[{"@type":"ReadAction","target":["https:\/\/www.oarcanjo.net\/site\/sao-guilherme-de-malavale\/"]}]},{"@type":"ImageObject","inLanguage":"pt-BR","@id":"https:\/\/www.oarcanjo.net\/site\/sao-guilherme-de-malavale\/#primaryimage","url":"http:\/\/2.bp.blogspot.com\/_5kAa5W5YTf4\/SZD_TPqP03I\/AAAAAAAADIs\/He71xcEIpjo\/s400\/10-Santo+Guilherme+de+Malavale.gif","contentUrl":"http:\/\/2.bp.blogspot.com\/_5kAa5W5YTf4\/SZD_TPqP03I\/AAAAAAAADIs\/He71xcEIpjo\/s400\/10-Santo+Guilherme+de+Malavale.gif"},{"@type":"BreadcrumbList","@id":"https:\/\/www.oarcanjo.net\/site\/sao-guilherme-de-malavale\/#breadcrumb","itemListElement":[{"@type":"ListItem","position":1,"name":"In\u00edcio","item":"https:\/\/www.oarcanjo.net\/site\/"},{"@type":"ListItem","position":2,"name":"S\u00e3o Guilherme de Malavale"}]},{"@type":"WebSite","@id":"https:\/\/www.oarcanjo.net\/site\/#website","url":"https:\/\/www.oarcanjo.net\/site\/","name":"O Arcanjo no ar","description":"Site da Par\u00f3quia S\u00e3o Miguel Arcanjo (Arquidiocese de SP)","publisher":{"@id":"https:\/\/www.oarcanjo.net\/site\/#organization"},"potentialAction":[{"@type":"SearchAction","target":{"@type":"EntryPoint","urlTemplate":"https:\/\/www.oarcanjo.net\/site\/?s={search_term_string}"},"query-input":{"@type":"PropertyValueSpecification","valueRequired":true,"valueName":"search_term_string"}}],"inLanguage":"pt-BR"},{"@type":"Organization","@id":"https:\/\/www.oarcanjo.net\/site\/#organization","name":"Par\u00f3quia S\u00e3o Miguel Arcanjo","url":"https:\/\/www.oarcanjo.net\/site\/","logo":{"@type":"ImageObject","inLanguage":"pt-BR","@id":"https:\/\/www.oarcanjo.net\/site\/#\/schema\/logo\/image\/","url":"https:\/\/www.oarcanjo.net\/site\/wp-content\/uploads\/LogoOArcanjo.png","contentUrl":"https:\/\/www.oarcanjo.net\/site\/wp-content\/uploads\/LogoOArcanjo.png","width":319,"height":99,"caption":"Par\u00f3quia S\u00e3o Miguel Arcanjo"},"image":{"@id":"https:\/\/www.oarcanjo.net\/site\/#\/schema\/logo\/image\/"},"sameAs":["https:\/\/www.facebook.com\/OArcanjoNoAr\/"]},{"@type":"Person","@id":"https:\/\/www.oarcanjo.net\/site\/#\/schema\/person\/5eb9480bedd2f3c97e430ce128c29c6c","name":"danilo"}]}},"publishpress_future_action":{"enabled":false,"date":"2026-05-08 03:39:11","action":"category","newStatus":"draft","terms":[],"taxonomy":"category"},"publishpress_future_workflow_manual_trigger":{"enabledWorkflows":[]},"_links":{"self":[{"href":"https:\/\/www.oarcanjo.net\/site\/wp-json\/wp\/v2\/posts\/7713"}],"collection":[{"href":"https:\/\/www.oarcanjo.net\/site\/wp-json\/wp\/v2\/posts"}],"about":[{"href":"https:\/\/www.oarcanjo.net\/site\/wp-json\/wp\/v2\/types\/post"}],"author":[{"embeddable":true,"href":"https:\/\/www.oarcanjo.net\/site\/wp-json\/wp\/v2\/users\/14"}],"replies":[{"embeddable":true,"href":"https:\/\/www.oarcanjo.net\/site\/wp-json\/wp\/v2\/comments?post=7713"}],"version-history":[{"count":1,"href":"https:\/\/www.oarcanjo.net\/site\/wp-json\/wp\/v2\/posts\/7713\/revisions"}],"predecessor-version":[{"id":92771,"href":"https:\/\/www.oarcanjo.net\/site\/wp-json\/wp\/v2\/posts\/7713\/revisions\/92771"}],"wp:attachment":[{"href":"https:\/\/www.oarcanjo.net\/site\/wp-json\/wp\/v2\/media?parent=7713"}],"wp:term":[{"taxonomy":"category","embeddable":true,"href":"https:\/\/www.oarcanjo.net\/site\/wp-json\/wp\/v2\/categories?post=7713"},{"taxonomy":"post_tag","embeddable":true,"href":"https:\/\/www.oarcanjo.net\/site\/wp-json\/wp\/v2\/tags?post=7713"}],"curies":[{"name":"wp","href":"https:\/\/api.w.org\/{rel}","templated":true}]}}