
{"id":7715,"date":"2019-02-10T00:15:35","date_gmt":"2019-02-10T02:15:35","guid":{"rendered":"http:\/\/www.oarcanjo.net\/site\/?p=7715"},"modified":"2019-02-09T10:30:07","modified_gmt":"2019-02-09T12:30:07","slug":"santa-escolastica","status":"publish","type":"post","link":"https:\/\/www.oarcanjo.net\/site\/santa-escolastica\/","title":{"rendered":"Santa Escol\u00e1stica"},"content":{"rendered":"<p><img loading=\"lazy\" decoding=\"async\" class=\"alignnone size-full wp-image-58921\" src=\"http:\/\/www.oarcanjo.net\/site\/wp-content\/uploads\/santa-escolastica.jpg\" alt=\"santa-escolastica\" width=\"250\" height=\"350\" srcset=\"https:\/\/www.oarcanjo.net\/site\/wp-content\/uploads\/santa-escolastica.jpg 250w, https:\/\/www.oarcanjo.net\/site\/wp-content\/uploads\/santa-escolastica-214x300.jpg 214w\" sizes=\"(max-width: 250px) 100vw, 250px\" \/><\/p>\n<p>10 de Fevereiro<\/p>\n<p>Fundou a Ordem das Irm\u00e3s Beneditinas<\/p>\n<p>O nome de Santa Escol\u00e1stica, irm\u00e3 de S\u00e3o Bento, nos leva para o s\u00e9culo V, para o primeiro mosteiro feminino ocidental, fundamentado na vida em comum, conceito introduzido na vida dos monges por ele. Foi o primeiro a orientar para servir a Deus n\u00e3o &#8220;fugindo do mundo&#8221; atrav\u00e9s da solid\u00e3o ou da penit\u00eancia itinerante, como os monges orientais, mas vivendo em comunidade duradoura e organizada, e dividindo rigorosamente o pr\u00f3prio tempo entre a ora\u00e7\u00e3o, trabalho ou estudo e repouso.<\/p>\n<p>Escol\u00e1stica e Bento, irm\u00e3os g\u00eameos, nasceram em N\u00f3rcia, regi\u00e3o central da It\u00e1lia, em 480. Eram filhos de nobres, o pai Eupr\u00f3prio ficou vi\u00favo quando eles nasceram, pois a esposa morreu durante o parto. Ainda jovem Escol\u00e1stica se consagrou a Deus com o voto de castidade, antes mesmo do irm\u00e3o, que estudava ret\u00f3rica em Roma. Mais tarde, Bento fundou o mosteiro de Monte Cassino criando a Ordem dos monges beneditinos. Escol\u00e1stica, inspirada por ele, fundou um mosteiro, de irm\u00e3s, com um pequeno grupo de jovens consagradas. Estava criada a Ordem das beneditinas, que recebeu este nome em homenagem ao irm\u00e3o, seu grande incentivador e que elaborou as Regras da comunidade.<\/p>\n<p>S\u00e3o muito poucos os dados da vida de Escol\u00e1stica, e foram escritos quarenta anos depois de sua morte, pelo o santo papa Greg\u00f3rio Magno, que era um beneditino. Ele recolheu alguns depoimentos de testemunhas vivas para o seu livro &#8220;Di\u00e1logos&#8221; e escreveu sobre ela apenas como uma refer\u00eancia na vida de Bento, mais como uma sombra do grande irm\u00e3o, pai dos monges ocidentais.<\/p>\n<p>Nesta p\u00e1gina expressiva contou que, mesmo vivendo em mosteiros pr\u00f3ximos, os dois irm\u00e3os s\u00f3 se encontravam uma vez por ano, para manterem o esp\u00edrito de mortifica\u00e7\u00e3o e eleva\u00e7\u00e3o da experi\u00eancia espiritual. Isto ocorria na P\u00e1scoa e numa propriedade do mosteiro do irm\u00e3o. Certa vez, Escol\u00e1stica foi ao seu encontro acompanhada por um pequeno grupo de irm\u00e3s, quando Bento chegou tamb\u00e9m acompanhado por alguns disc\u00edpulos. Passaram todo o dia conversando sobre assuntos espirituais e sobre as atividades da Igreja.<\/p>\n<p>Quando anoiteceu, Bento, muito rigoroso \u00e0s Regras disse \u00e0 irm\u00e3 que era hora de se despedirem. Mas Escol\u00e1stica pediu que ficasse para passarem a noite, todos juntos, conversando e rezando. Bento se manteve intransigente dizendo que deveria ir para suas obriga\u00e7\u00f5es. Neste momento ela se p\u00f4s a rezar com tal fervor que uma grande tempestade se formou com raios e uma chuva forte caiu a noite toda, e ele teve de ficar. Os dois irm\u00e3os puderam conversar a noite inteira. No dia seguinte o sol apareceu, eles se despediram e cada grupo voltou para o seu mosteiro. Essa seria a \u00faltima vez que os dois se veriam.<\/p>\n<p>Tr\u00eas dias depois, em seu mosteiro Bento recebeu a not\u00edcia da morte de Escol\u00e1stica, enquanto rezava olhando para o c\u00e9u, viu a alma de sua irm\u00e3, penetrar no para\u00edso em forma de pomba. Bento mandou buscar o seu corpo e o colocou na sepultura que havia preparado para si. Ela morreu em 10 de fevereiro de 547, quarenta dias antes que seu venerado irm\u00e3o Bento. Escol\u00e1stica foi considerada a primeira monja beneditina e Santa, pela Igreja que escolheu o dia de sua morte para as homenagens lit\u00fargicas<\/p>\n<p><a href=\"http:\/\/3.bp.blogspot.com\/_La47gQsh3iA\/R63VfERPlXI\/AAAAAAAAAEM\/vGZ02lFw9hc\/s1600-h\/s%C3%A3o+bento+e+santa+escolastica.bmp\"><img decoding=\"async\" src=\"http:\/\/3.bp.blogspot.com\/_La47gQsh3iA\/R63VfERPlXI\/AAAAAAAAAEM\/vGZ02lFw9hc\/s320\/s%C3%A3o+bento+e+santa+escolastica.bmp\" alt=\"\" border=\"0\" \/><\/a><\/p>\n<p>Vendo o irm\u00e3o zangado, Santa Escol\u00e1stica esclareceu: \u201cPedi-te a ti e tu n\u00e3o me ouviste; pedi ao Senhor e ele me ouviu. Vai-te embora, se puderes, volta para o teu mosteiro\u201d. Depois daquela providencial partilha de gra\u00e7a e ora\u00e7\u00e3o, S\u00e3o Bento regresou ao mosteiro e passados tr\u00eas dias percebeu numa vis\u00e3o a morte de sua irm\u00e3 que o antecedeu 40 dias no c\u00e9u.<\/p>\n<div id=\"themify_builder_content-7715\" data-postid=\"7715\" class=\"themify_builder_content themify_builder_content-7715 themify_builder themify_builder_front\">\n\t<\/div>\n<!-- \/themify_builder_content -->","protected":false},"excerpt":{"rendered":"<p>10 de Fevereiro Fundou a Ordem das Irm\u00e3s Beneditinas O nome de Santa Escol\u00e1stica, irm\u00e3 de S\u00e3o Bento, nos leva para o s\u00e9culo V, para o primeiro mosteiro feminino ocidental, fundamentado na vida em comum, conceito introduzido na vida dos monges por ele. Foi o primeiro a orientar para servir a Deus n\u00e3o &#8220;fugindo do [&hellip;]<\/p>\n","protected":false},"author":14,"featured_media":0,"comment_status":"open","ping_status":"open","sticky":false,"template":"","format":"standard","meta":{"ngg_post_thumbnail":0,"footnotes":""},"categories":[186],"tags":[1462],"yoast_head":"<!-- This site is optimized with the Yoast SEO plugin v23.5 - https:\/\/yoast.com\/wordpress\/plugins\/seo\/ -->\n<title>Santa Escol\u00e1stica - O Arcanjo no ar<\/title>\n<meta name=\"robots\" content=\"index, follow, max-snippet:-1, max-image-preview:large, max-video-preview:-1\" \/>\n<link rel=\"canonical\" href=\"https:\/\/www.oarcanjo.net\/site\/santa-escolastica\/\" \/>\n<meta property=\"og:locale\" content=\"pt_BR\" \/>\n<meta property=\"og:type\" content=\"article\" \/>\n<meta property=\"og:title\" content=\"Santa Escol\u00e1stica - O Arcanjo no ar\" \/>\n<meta property=\"og:description\" content=\"10 de Fevereiro Fundou a Ordem das Irm\u00e3s Beneditinas O nome de Santa Escol\u00e1stica, irm\u00e3 de S\u00e3o Bento, nos leva para o s\u00e9culo V, para o primeiro mosteiro feminino ocidental, fundamentado na vida em comum, conceito introduzido na vida dos monges por ele. Foi o primeiro a orientar para servir a Deus n\u00e3o &#8220;fugindo do [&hellip;]\" \/>\n<meta property=\"og:url\" content=\"https:\/\/www.oarcanjo.net\/site\/santa-escolastica\/\" \/>\n<meta property=\"og:site_name\" content=\"O Arcanjo no ar\" \/>\n<meta property=\"article:publisher\" content=\"https:\/\/www.facebook.com\/OArcanjoNoAr\/\" \/>\n<meta property=\"article:published_time\" content=\"2019-02-10T02:15:35+00:00\" \/>\n<meta property=\"article:modified_time\" content=\"2019-02-09T12:30:07+00:00\" \/>\n<meta property=\"og:image\" content=\"http:\/\/www.oarcanjo.net\/site\/wp-content\/uploads\/santa-escolastica.jpg\" \/>\n<meta name=\"author\" content=\"danilo\" \/>\n<meta name=\"twitter:card\" content=\"summary_large_image\" \/>\n<meta name=\"twitter:label1\" content=\"Escrito por\" \/>\n\t<meta name=\"twitter:data1\" content=\"danilo\" \/>\n\t<meta name=\"twitter:label2\" content=\"Est. tempo de leitura\" \/>\n\t<meta name=\"twitter:data2\" content=\"3 minutos\" \/>\n<script type=\"application\/ld+json\" class=\"yoast-schema-graph\">{\"@context\":\"https:\/\/schema.org\",\"@graph\":[{\"@type\":\"Article\",\"@id\":\"https:\/\/www.oarcanjo.net\/site\/santa-escolastica\/#article\",\"isPartOf\":{\"@id\":\"https:\/\/www.oarcanjo.net\/site\/santa-escolastica\/\"},\"author\":{\"name\":\"danilo\",\"@id\":\"https:\/\/www.oarcanjo.net\/site\/#\/schema\/person\/5eb9480bedd2f3c97e430ce128c29c6c\"},\"headline\":\"Santa Escol\u00e1stica\",\"datePublished\":\"2019-02-10T02:15:35+00:00\",\"dateModified\":\"2019-02-09T12:30:07+00:00\",\"mainEntityOfPage\":{\"@id\":\"https:\/\/www.oarcanjo.net\/site\/santa-escolastica\/\"},\"wordCount\":656,\"commentCount\":1,\"publisher\":{\"@id\":\"https:\/\/www.oarcanjo.net\/site\/#organization\"},\"image\":{\"@id\":\"https:\/\/www.oarcanjo.net\/site\/santa-escolastica\/#primaryimage\"},\"thumbnailUrl\":\"http:\/\/www.oarcanjo.net\/site\/wp-content\/uploads\/santa-escolastica.jpg\",\"keywords\":[\"Santa Escol\u00e1stica\"],\"articleSection\":[\"Testemunhos\"],\"inLanguage\":\"pt-BR\",\"potentialAction\":[{\"@type\":\"CommentAction\",\"name\":\"Comment\",\"target\":[\"https:\/\/www.oarcanjo.net\/site\/santa-escolastica\/#respond\"]}]},{\"@type\":\"WebPage\",\"@id\":\"https:\/\/www.oarcanjo.net\/site\/santa-escolastica\/\",\"url\":\"https:\/\/www.oarcanjo.net\/site\/santa-escolastica\/\",\"name\":\"Santa Escol\u00e1stica - O Arcanjo no ar\",\"isPartOf\":{\"@id\":\"https:\/\/www.oarcanjo.net\/site\/#website\"},\"primaryImageOfPage\":{\"@id\":\"https:\/\/www.oarcanjo.net\/site\/santa-escolastica\/#primaryimage\"},\"image\":{\"@id\":\"https:\/\/www.oarcanjo.net\/site\/santa-escolastica\/#primaryimage\"},\"thumbnailUrl\":\"http:\/\/www.oarcanjo.net\/site\/wp-content\/uploads\/santa-escolastica.jpg\",\"datePublished\":\"2019-02-10T02:15:35+00:00\",\"dateModified\":\"2019-02-09T12:30:07+00:00\",\"breadcrumb\":{\"@id\":\"https:\/\/www.oarcanjo.net\/site\/santa-escolastica\/#breadcrumb\"},\"inLanguage\":\"pt-BR\",\"potentialAction\":[{\"@type\":\"ReadAction\",\"target\":[\"https:\/\/www.oarcanjo.net\/site\/santa-escolastica\/\"]}]},{\"@type\":\"ImageObject\",\"inLanguage\":\"pt-BR\",\"@id\":\"https:\/\/www.oarcanjo.net\/site\/santa-escolastica\/#primaryimage\",\"url\":\"https:\/\/www.oarcanjo.net\/site\/wp-content\/uploads\/santa-escolastica.jpg\",\"contentUrl\":\"https:\/\/www.oarcanjo.net\/site\/wp-content\/uploads\/santa-escolastica.jpg\",\"width\":250,\"height\":350},{\"@type\":\"BreadcrumbList\",\"@id\":\"https:\/\/www.oarcanjo.net\/site\/santa-escolastica\/#breadcrumb\",\"itemListElement\":[{\"@type\":\"ListItem\",\"position\":1,\"name\":\"In\u00edcio\",\"item\":\"https:\/\/www.oarcanjo.net\/site\/\"},{\"@type\":\"ListItem\",\"position\":2,\"name\":\"Santa Escol\u00e1stica\"}]},{\"@type\":\"WebSite\",\"@id\":\"https:\/\/www.oarcanjo.net\/site\/#website\",\"url\":\"https:\/\/www.oarcanjo.net\/site\/\",\"name\":\"O Arcanjo no ar\",\"description\":\"Site da Par\u00f3quia S\u00e3o Miguel Arcanjo (Arquidiocese de SP)\",\"publisher\":{\"@id\":\"https:\/\/www.oarcanjo.net\/site\/#organization\"},\"potentialAction\":[{\"@type\":\"SearchAction\",\"target\":{\"@type\":\"EntryPoint\",\"urlTemplate\":\"https:\/\/www.oarcanjo.net\/site\/?s={search_term_string}\"},\"query-input\":{\"@type\":\"PropertyValueSpecification\",\"valueRequired\":true,\"valueName\":\"search_term_string\"}}],\"inLanguage\":\"pt-BR\"},{\"@type\":\"Organization\",\"@id\":\"https:\/\/www.oarcanjo.net\/site\/#organization\",\"name\":\"Par\u00f3quia S\u00e3o Miguel Arcanjo\",\"url\":\"https:\/\/www.oarcanjo.net\/site\/\",\"logo\":{\"@type\":\"ImageObject\",\"inLanguage\":\"pt-BR\",\"@id\":\"https:\/\/www.oarcanjo.net\/site\/#\/schema\/logo\/image\/\",\"url\":\"https:\/\/www.oarcanjo.net\/site\/wp-content\/uploads\/LogoOArcanjo.png\",\"contentUrl\":\"https:\/\/www.oarcanjo.net\/site\/wp-content\/uploads\/LogoOArcanjo.png\",\"width\":319,\"height\":99,\"caption\":\"Par\u00f3quia S\u00e3o Miguel Arcanjo\"},\"image\":{\"@id\":\"https:\/\/www.oarcanjo.net\/site\/#\/schema\/logo\/image\/\"},\"sameAs\":[\"https:\/\/www.facebook.com\/OArcanjoNoAr\/\"]},{\"@type\":\"Person\",\"@id\":\"https:\/\/www.oarcanjo.net\/site\/#\/schema\/person\/5eb9480bedd2f3c97e430ce128c29c6c\",\"name\":\"danilo\"}]}<\/script>\n<!-- \/ Yoast SEO plugin. -->","yoast_head_json":{"title":"Santa Escol\u00e1stica - O Arcanjo no ar","robots":{"index":"index","follow":"follow","max-snippet":"max-snippet:-1","max-image-preview":"max-image-preview:large","max-video-preview":"max-video-preview:-1"},"canonical":"https:\/\/www.oarcanjo.net\/site\/santa-escolastica\/","og_locale":"pt_BR","og_type":"article","og_title":"Santa Escol\u00e1stica - O Arcanjo no ar","og_description":"10 de Fevereiro Fundou a Ordem das Irm\u00e3s Beneditinas O nome de Santa Escol\u00e1stica, irm\u00e3 de S\u00e3o Bento, nos leva para o s\u00e9culo V, para o primeiro mosteiro feminino ocidental, fundamentado na vida em comum, conceito introduzido na vida dos monges por ele. Foi o primeiro a orientar para servir a Deus n\u00e3o &#8220;fugindo do [&hellip;]","og_url":"https:\/\/www.oarcanjo.net\/site\/santa-escolastica\/","og_site_name":"O Arcanjo no ar","article_publisher":"https:\/\/www.facebook.com\/OArcanjoNoAr\/","article_published_time":"2019-02-10T02:15:35+00:00","article_modified_time":"2019-02-09T12:30:07+00:00","og_image":[{"url":"http:\/\/www.oarcanjo.net\/site\/wp-content\/uploads\/santa-escolastica.jpg"}],"author":"danilo","twitter_card":"summary_large_image","twitter_misc":{"Escrito por":"danilo","Est. tempo de leitura":"3 minutos"},"schema":{"@context":"https:\/\/schema.org","@graph":[{"@type":"Article","@id":"https:\/\/www.oarcanjo.net\/site\/santa-escolastica\/#article","isPartOf":{"@id":"https:\/\/www.oarcanjo.net\/site\/santa-escolastica\/"},"author":{"name":"danilo","@id":"https:\/\/www.oarcanjo.net\/site\/#\/schema\/person\/5eb9480bedd2f3c97e430ce128c29c6c"},"headline":"Santa Escol\u00e1stica","datePublished":"2019-02-10T02:15:35+00:00","dateModified":"2019-02-09T12:30:07+00:00","mainEntityOfPage":{"@id":"https:\/\/www.oarcanjo.net\/site\/santa-escolastica\/"},"wordCount":656,"commentCount":1,"publisher":{"@id":"https:\/\/www.oarcanjo.net\/site\/#organization"},"image":{"@id":"https:\/\/www.oarcanjo.net\/site\/santa-escolastica\/#primaryimage"},"thumbnailUrl":"http:\/\/www.oarcanjo.net\/site\/wp-content\/uploads\/santa-escolastica.jpg","keywords":["Santa Escol\u00e1stica"],"articleSection":["Testemunhos"],"inLanguage":"pt-BR","potentialAction":[{"@type":"CommentAction","name":"Comment","target":["https:\/\/www.oarcanjo.net\/site\/santa-escolastica\/#respond"]}]},{"@type":"WebPage","@id":"https:\/\/www.oarcanjo.net\/site\/santa-escolastica\/","url":"https:\/\/www.oarcanjo.net\/site\/santa-escolastica\/","name":"Santa Escol\u00e1stica - O Arcanjo no ar","isPartOf":{"@id":"https:\/\/www.oarcanjo.net\/site\/#website"},"primaryImageOfPage":{"@id":"https:\/\/www.oarcanjo.net\/site\/santa-escolastica\/#primaryimage"},"image":{"@id":"https:\/\/www.oarcanjo.net\/site\/santa-escolastica\/#primaryimage"},"thumbnailUrl":"http:\/\/www.oarcanjo.net\/site\/wp-content\/uploads\/santa-escolastica.jpg","datePublished":"2019-02-10T02:15:35+00:00","dateModified":"2019-02-09T12:30:07+00:00","breadcrumb":{"@id":"https:\/\/www.oarcanjo.net\/site\/santa-escolastica\/#breadcrumb"},"inLanguage":"pt-BR","potentialAction":[{"@type":"ReadAction","target":["https:\/\/www.oarcanjo.net\/site\/santa-escolastica\/"]}]},{"@type":"ImageObject","inLanguage":"pt-BR","@id":"https:\/\/www.oarcanjo.net\/site\/santa-escolastica\/#primaryimage","url":"https:\/\/www.oarcanjo.net\/site\/wp-content\/uploads\/santa-escolastica.jpg","contentUrl":"https:\/\/www.oarcanjo.net\/site\/wp-content\/uploads\/santa-escolastica.jpg","width":250,"height":350},{"@type":"BreadcrumbList","@id":"https:\/\/www.oarcanjo.net\/site\/santa-escolastica\/#breadcrumb","itemListElement":[{"@type":"ListItem","position":1,"name":"In\u00edcio","item":"https:\/\/www.oarcanjo.net\/site\/"},{"@type":"ListItem","position":2,"name":"Santa Escol\u00e1stica"}]},{"@type":"WebSite","@id":"https:\/\/www.oarcanjo.net\/site\/#website","url":"https:\/\/www.oarcanjo.net\/site\/","name":"O Arcanjo no ar","description":"Site da Par\u00f3quia S\u00e3o Miguel Arcanjo (Arquidiocese de SP)","publisher":{"@id":"https:\/\/www.oarcanjo.net\/site\/#organization"},"potentialAction":[{"@type":"SearchAction","target":{"@type":"EntryPoint","urlTemplate":"https:\/\/www.oarcanjo.net\/site\/?s={search_term_string}"},"query-input":{"@type":"PropertyValueSpecification","valueRequired":true,"valueName":"search_term_string"}}],"inLanguage":"pt-BR"},{"@type":"Organization","@id":"https:\/\/www.oarcanjo.net\/site\/#organization","name":"Par\u00f3quia S\u00e3o Miguel Arcanjo","url":"https:\/\/www.oarcanjo.net\/site\/","logo":{"@type":"ImageObject","inLanguage":"pt-BR","@id":"https:\/\/www.oarcanjo.net\/site\/#\/schema\/logo\/image\/","url":"https:\/\/www.oarcanjo.net\/site\/wp-content\/uploads\/LogoOArcanjo.png","contentUrl":"https:\/\/www.oarcanjo.net\/site\/wp-content\/uploads\/LogoOArcanjo.png","width":319,"height":99,"caption":"Par\u00f3quia S\u00e3o Miguel Arcanjo"},"image":{"@id":"https:\/\/www.oarcanjo.net\/site\/#\/schema\/logo\/image\/"},"sameAs":["https:\/\/www.facebook.com\/OArcanjoNoAr\/"]},{"@type":"Person","@id":"https:\/\/www.oarcanjo.net\/site\/#\/schema\/person\/5eb9480bedd2f3c97e430ce128c29c6c","name":"danilo"}]}},"publishpress_future_action":{"enabled":false,"date":"2026-05-08 03:39:10","action":"category","newStatus":"draft","terms":[],"taxonomy":"category"},"publishpress_future_workflow_manual_trigger":{"enabledWorkflows":[]},"_links":{"self":[{"href":"https:\/\/www.oarcanjo.net\/site\/wp-json\/wp\/v2\/posts\/7715"}],"collection":[{"href":"https:\/\/www.oarcanjo.net\/site\/wp-json\/wp\/v2\/posts"}],"about":[{"href":"https:\/\/www.oarcanjo.net\/site\/wp-json\/wp\/v2\/types\/post"}],"author":[{"embeddable":true,"href":"https:\/\/www.oarcanjo.net\/site\/wp-json\/wp\/v2\/users\/14"}],"replies":[{"embeddable":true,"href":"https:\/\/www.oarcanjo.net\/site\/wp-json\/wp\/v2\/comments?post=7715"}],"version-history":[{"count":1,"href":"https:\/\/www.oarcanjo.net\/site\/wp-json\/wp\/v2\/posts\/7715\/revisions"}],"predecessor-version":[{"id":92772,"href":"https:\/\/www.oarcanjo.net\/site\/wp-json\/wp\/v2\/posts\/7715\/revisions\/92772"}],"wp:attachment":[{"href":"https:\/\/www.oarcanjo.net\/site\/wp-json\/wp\/v2\/media?parent=7715"}],"wp:term":[{"taxonomy":"category","embeddable":true,"href":"https:\/\/www.oarcanjo.net\/site\/wp-json\/wp\/v2\/categories?post=7715"},{"taxonomy":"post_tag","embeddable":true,"href":"https:\/\/www.oarcanjo.net\/site\/wp-json\/wp\/v2\/tags?post=7715"}],"curies":[{"name":"wp","href":"https:\/\/api.w.org\/{rel}","templated":true}]}}