
{"id":7717,"date":"2019-02-11T00:22:54","date_gmt":"2019-02-11T02:22:54","guid":{"rendered":"http:\/\/www.oarcanjo.net\/site\/?p=7717"},"modified":"2019-02-09T10:30:21","modified_gmt":"2019-02-09T12:30:21","slug":"santo-castrense","status":"publish","type":"post","link":"https:\/\/www.oarcanjo.net\/site\/santo-castrense\/","title":{"rendered":"Santo Castrense"},"content":{"rendered":"<p><img decoding=\"async\" src=\"http:\/\/2.bp.blogspot.com\/_5kAa5W5YTf4\/SZJMkq0Hv1I\/AAAAAAAADKs\/RpLwR2SfKcs\/s400\/11-Santo+Castrense.gif\" alt=\"\" \/><\/p>\n<p>11 de Fevereiro<\/p>\n<p>Castrense viveu no s\u00e9culo V, era crist\u00e3o e bispo de Cartagine, atual Tun\u00edsia, \u00c1frica. Durante a invas\u00e3o dos V\u00e2ndalos, comandados pelo rei Genserico, ele foi lan\u00e7ado ao mar, junto com outros sacerdotes e fi\u00e9is, dentro de um velho navio desprovido de velas, remos e leme. Com certeza, o intuito era que morressem afogados, mas milagrosamente ele sobreviveu, desembarcando na costa italiana, pr\u00f3xima a N\u00e1polis.<\/p>\n<p>Pelos registros, ele retomou sua miss\u00e3o apost\u00f3lica e logo se tornou bispo de Castel Volturno. Depois, de acordo com o antiq\u00fc\u00edssimo &#8220;Calend\u00e1rio Marm\u00f3reo&#8221; de N\u00e1polis, ele tamb\u00e9m foi eleito bispo de Sessa, aceitando a dif\u00edcil tarefa de conduzir os dois rebanhos, os quais guiou com amor e zelo paternal. Castrense era humilde e carism\u00e1tico, penitente e caridoso, durante a sua vida patrocinou dois epis\u00f3dios prodigiosos, registrados nos arquivos da Igreja: libertou um homem possesso pelo dem\u00f4nio e salvou um navio cheio de passageiros de uma grande tempestade.<\/p>\n<p>Assim, a fama de santidade j\u00e1 o acompanhava, quando morreu como m\u00e1rtir de Jesus Cristo, em 11 de fevereiro de 450, em Sessa, N\u00e1polis. Logo passou a ser venerado pela popula\u00e7\u00e3o em toda Camp\u00e2nia e em muitas outras cidades, inclusive na \u00c1frica.<\/p>\n<p>As rel\u00edquias do Santo, foram transferidas, antes do s\u00e9culo XII, de Sessa para C\u00e1pua e depois por determina\u00e7\u00e3o de Guilherme II o Bom, \u00faltimo rei normando da Sic\u00edlia, foram enviadas para Monreale. Em 1637, foram transladadas para a Capela anexa \u00e0 Catedral de Monreale, em uma urna de prata com uma placa onde se pode ler &#8220;S\u00e3o Castrense, eterno baluarte da cidade de Monreale&#8221;.<\/p>\n<p>As mais recentes informa\u00e7\u00f5es sobre este Santo de origem africana, datam de 1881, e foram encontradas durante as escava\u00e7\u00f5es arqueol\u00f3gicas na gruta de Calvi, pr\u00f3ximas de Monreale. S\u00e3o pinturas do s\u00e9culo VII que retratam o bispo Castrense, nas duas dioceses e ao lado de outros m\u00e1rtires da mesma \u00e9poca e regi\u00e3o.<\/p>\n<p>Mas ainda hoje encontramos o efeito da sua presen\u00e7a na Cat\u00e2nia, seja na pequena regi\u00e3o que leva o nome de S\u00e3o Castrense, seja nas diversas igrejas e no convento feminino beneditino erguido ao lado da Catedral, sendo tudo dedicado \u00e0 sua mem\u00f3ria. Inclusive nas manifesta\u00e7\u00f5es de sua devo\u00e7\u00e3o quando da comemora\u00e7\u00e3o de sua passagem no dia 11 de fevereiro. Data oficializada pela Igreja, quando reconheceu o seu mart\u00edrio e declarou o bispo Castrense, Santo e padroeiro da cidade de Monreale. Neste dia a sua est\u00e1tua segue em prociss\u00e3o da Catedral de Monreale, indo para a de Sessa e retornando ap\u00f3s o culto lit\u00fargico. Dizem os devotos que durante este trajeto muito gra\u00e7as s\u00e3o alcan\u00e7adas por sua intercess\u00e3o.<\/p>\n<div id=\"themify_builder_content-7717\" data-postid=\"7717\" class=\"themify_builder_content themify_builder_content-7717 themify_builder themify_builder_front\">\n\t<\/div>\n<!-- \/themify_builder_content -->","protected":false},"excerpt":{"rendered":"<p>11 de Fevereiro Castrense viveu no s\u00e9culo V, era crist\u00e3o e bispo de Cartagine, atual Tun\u00edsia, \u00c1frica. Durante a invas\u00e3o dos V\u00e2ndalos, comandados pelo rei Genserico, ele foi lan\u00e7ado ao mar, junto com outros sacerdotes e fi\u00e9is, dentro de um velho navio desprovido de velas, remos e leme. Com certeza, o intuito era que morressem [&hellip;]<\/p>\n","protected":false},"author":14,"featured_media":0,"comment_status":"open","ping_status":"open","sticky":false,"template":"","format":"standard","meta":{"ngg_post_thumbnail":0,"footnotes":""},"categories":[186],"tags":[1463],"yoast_head":"<!-- This site is optimized with the Yoast SEO plugin v23.5 - https:\/\/yoast.com\/wordpress\/plugins\/seo\/ -->\n<title>Santo Castrense - O Arcanjo no ar<\/title>\n<meta name=\"robots\" content=\"index, follow, max-snippet:-1, max-image-preview:large, max-video-preview:-1\" \/>\n<link rel=\"canonical\" href=\"https:\/\/www.oarcanjo.net\/site\/santo-castrense\/\" \/>\n<meta property=\"og:locale\" content=\"pt_BR\" \/>\n<meta property=\"og:type\" content=\"article\" \/>\n<meta property=\"og:title\" content=\"Santo Castrense - O Arcanjo no ar\" \/>\n<meta property=\"og:description\" content=\"11 de Fevereiro Castrense viveu no s\u00e9culo V, era crist\u00e3o e bispo de Cartagine, atual Tun\u00edsia, \u00c1frica. Durante a invas\u00e3o dos V\u00e2ndalos, comandados pelo rei Genserico, ele foi lan\u00e7ado ao mar, junto com outros sacerdotes e fi\u00e9is, dentro de um velho navio desprovido de velas, remos e leme. Com certeza, o intuito era que morressem [&hellip;]\" \/>\n<meta property=\"og:url\" content=\"https:\/\/www.oarcanjo.net\/site\/santo-castrense\/\" \/>\n<meta property=\"og:site_name\" content=\"O Arcanjo no ar\" \/>\n<meta property=\"article:publisher\" content=\"https:\/\/www.facebook.com\/OArcanjoNoAr\/\" \/>\n<meta property=\"article:published_time\" content=\"2019-02-11T02:22:54+00:00\" \/>\n<meta property=\"article:modified_time\" content=\"2019-02-09T12:30:21+00:00\" \/>\n<meta property=\"og:image\" content=\"http:\/\/2.bp.blogspot.com\/_5kAa5W5YTf4\/SZJMkq0Hv1I\/AAAAAAAADKs\/RpLwR2SfKcs\/s400\/11-Santo+Castrense.gif\" \/>\n<meta name=\"author\" content=\"danilo\" \/>\n<meta name=\"twitter:card\" content=\"summary_large_image\" \/>\n<meta name=\"twitter:label1\" content=\"Escrito por\" \/>\n\t<meta name=\"twitter:data1\" content=\"danilo\" \/>\n\t<meta name=\"twitter:label2\" content=\"Est. tempo de leitura\" \/>\n\t<meta name=\"twitter:data2\" content=\"2 minutos\" \/>\n<script type=\"application\/ld+json\" class=\"yoast-schema-graph\">{\"@context\":\"https:\/\/schema.org\",\"@graph\":[{\"@type\":\"Article\",\"@id\":\"https:\/\/www.oarcanjo.net\/site\/santo-castrense\/#article\",\"isPartOf\":{\"@id\":\"https:\/\/www.oarcanjo.net\/site\/santo-castrense\/\"},\"author\":{\"name\":\"danilo\",\"@id\":\"https:\/\/www.oarcanjo.net\/site\/#\/schema\/person\/5eb9480bedd2f3c97e430ce128c29c6c\"},\"headline\":\"Santo Castrense\",\"datePublished\":\"2019-02-11T02:22:54+00:00\",\"dateModified\":\"2019-02-09T12:30:21+00:00\",\"mainEntityOfPage\":{\"@id\":\"https:\/\/www.oarcanjo.net\/site\/santo-castrense\/\"},\"wordCount\":477,\"commentCount\":0,\"publisher\":{\"@id\":\"https:\/\/www.oarcanjo.net\/site\/#organization\"},\"image\":{\"@id\":\"https:\/\/www.oarcanjo.net\/site\/santo-castrense\/#primaryimage\"},\"thumbnailUrl\":\"http:\/\/2.bp.blogspot.com\/_5kAa5W5YTf4\/SZJMkq0Hv1I\/AAAAAAAADKs\/RpLwR2SfKcs\/s400\/11-Santo+Castrense.gif\",\"keywords\":[\"Santo Castrense\"],\"articleSection\":[\"Testemunhos\"],\"inLanguage\":\"pt-BR\",\"potentialAction\":[{\"@type\":\"CommentAction\",\"name\":\"Comment\",\"target\":[\"https:\/\/www.oarcanjo.net\/site\/santo-castrense\/#respond\"]}]},{\"@type\":\"WebPage\",\"@id\":\"https:\/\/www.oarcanjo.net\/site\/santo-castrense\/\",\"url\":\"https:\/\/www.oarcanjo.net\/site\/santo-castrense\/\",\"name\":\"Santo Castrense - O Arcanjo no ar\",\"isPartOf\":{\"@id\":\"https:\/\/www.oarcanjo.net\/site\/#website\"},\"primaryImageOfPage\":{\"@id\":\"https:\/\/www.oarcanjo.net\/site\/santo-castrense\/#primaryimage\"},\"image\":{\"@id\":\"https:\/\/www.oarcanjo.net\/site\/santo-castrense\/#primaryimage\"},\"thumbnailUrl\":\"http:\/\/2.bp.blogspot.com\/_5kAa5W5YTf4\/SZJMkq0Hv1I\/AAAAAAAADKs\/RpLwR2SfKcs\/s400\/11-Santo+Castrense.gif\",\"datePublished\":\"2019-02-11T02:22:54+00:00\",\"dateModified\":\"2019-02-09T12:30:21+00:00\",\"breadcrumb\":{\"@id\":\"https:\/\/www.oarcanjo.net\/site\/santo-castrense\/#breadcrumb\"},\"inLanguage\":\"pt-BR\",\"potentialAction\":[{\"@type\":\"ReadAction\",\"target\":[\"https:\/\/www.oarcanjo.net\/site\/santo-castrense\/\"]}]},{\"@type\":\"ImageObject\",\"inLanguage\":\"pt-BR\",\"@id\":\"https:\/\/www.oarcanjo.net\/site\/santo-castrense\/#primaryimage\",\"url\":\"http:\/\/2.bp.blogspot.com\/_5kAa5W5YTf4\/SZJMkq0Hv1I\/AAAAAAAADKs\/RpLwR2SfKcs\/s400\/11-Santo+Castrense.gif\",\"contentUrl\":\"http:\/\/2.bp.blogspot.com\/_5kAa5W5YTf4\/SZJMkq0Hv1I\/AAAAAAAADKs\/RpLwR2SfKcs\/s400\/11-Santo+Castrense.gif\"},{\"@type\":\"BreadcrumbList\",\"@id\":\"https:\/\/www.oarcanjo.net\/site\/santo-castrense\/#breadcrumb\",\"itemListElement\":[{\"@type\":\"ListItem\",\"position\":1,\"name\":\"In\u00edcio\",\"item\":\"https:\/\/www.oarcanjo.net\/site\/\"},{\"@type\":\"ListItem\",\"position\":2,\"name\":\"Santo Castrense\"}]},{\"@type\":\"WebSite\",\"@id\":\"https:\/\/www.oarcanjo.net\/site\/#website\",\"url\":\"https:\/\/www.oarcanjo.net\/site\/\",\"name\":\"O Arcanjo no ar\",\"description\":\"Site da Par\u00f3quia S\u00e3o Miguel Arcanjo (Arquidiocese de SP)\",\"publisher\":{\"@id\":\"https:\/\/www.oarcanjo.net\/site\/#organization\"},\"potentialAction\":[{\"@type\":\"SearchAction\",\"target\":{\"@type\":\"EntryPoint\",\"urlTemplate\":\"https:\/\/www.oarcanjo.net\/site\/?s={search_term_string}\"},\"query-input\":{\"@type\":\"PropertyValueSpecification\",\"valueRequired\":true,\"valueName\":\"search_term_string\"}}],\"inLanguage\":\"pt-BR\"},{\"@type\":\"Organization\",\"@id\":\"https:\/\/www.oarcanjo.net\/site\/#organization\",\"name\":\"Par\u00f3quia S\u00e3o Miguel Arcanjo\",\"url\":\"https:\/\/www.oarcanjo.net\/site\/\",\"logo\":{\"@type\":\"ImageObject\",\"inLanguage\":\"pt-BR\",\"@id\":\"https:\/\/www.oarcanjo.net\/site\/#\/schema\/logo\/image\/\",\"url\":\"https:\/\/www.oarcanjo.net\/site\/wp-content\/uploads\/LogoOArcanjo.png\",\"contentUrl\":\"https:\/\/www.oarcanjo.net\/site\/wp-content\/uploads\/LogoOArcanjo.png\",\"width\":319,\"height\":99,\"caption\":\"Par\u00f3quia S\u00e3o Miguel Arcanjo\"},\"image\":{\"@id\":\"https:\/\/www.oarcanjo.net\/site\/#\/schema\/logo\/image\/\"},\"sameAs\":[\"https:\/\/www.facebook.com\/OArcanjoNoAr\/\"]},{\"@type\":\"Person\",\"@id\":\"https:\/\/www.oarcanjo.net\/site\/#\/schema\/person\/5eb9480bedd2f3c97e430ce128c29c6c\",\"name\":\"danilo\"}]}<\/script>\n<!-- \/ Yoast SEO plugin. -->","yoast_head_json":{"title":"Santo Castrense - O Arcanjo no ar","robots":{"index":"index","follow":"follow","max-snippet":"max-snippet:-1","max-image-preview":"max-image-preview:large","max-video-preview":"max-video-preview:-1"},"canonical":"https:\/\/www.oarcanjo.net\/site\/santo-castrense\/","og_locale":"pt_BR","og_type":"article","og_title":"Santo Castrense - O Arcanjo no ar","og_description":"11 de Fevereiro Castrense viveu no s\u00e9culo V, era crist\u00e3o e bispo de Cartagine, atual Tun\u00edsia, \u00c1frica. Durante a invas\u00e3o dos V\u00e2ndalos, comandados pelo rei Genserico, ele foi lan\u00e7ado ao mar, junto com outros sacerdotes e fi\u00e9is, dentro de um velho navio desprovido de velas, remos e leme. Com certeza, o intuito era que morressem [&hellip;]","og_url":"https:\/\/www.oarcanjo.net\/site\/santo-castrense\/","og_site_name":"O Arcanjo no ar","article_publisher":"https:\/\/www.facebook.com\/OArcanjoNoAr\/","article_published_time":"2019-02-11T02:22:54+00:00","article_modified_time":"2019-02-09T12:30:21+00:00","og_image":[{"url":"http:\/\/2.bp.blogspot.com\/_5kAa5W5YTf4\/SZJMkq0Hv1I\/AAAAAAAADKs\/RpLwR2SfKcs\/s400\/11-Santo+Castrense.gif"}],"author":"danilo","twitter_card":"summary_large_image","twitter_misc":{"Escrito por":"danilo","Est. tempo de leitura":"2 minutos"},"schema":{"@context":"https:\/\/schema.org","@graph":[{"@type":"Article","@id":"https:\/\/www.oarcanjo.net\/site\/santo-castrense\/#article","isPartOf":{"@id":"https:\/\/www.oarcanjo.net\/site\/santo-castrense\/"},"author":{"name":"danilo","@id":"https:\/\/www.oarcanjo.net\/site\/#\/schema\/person\/5eb9480bedd2f3c97e430ce128c29c6c"},"headline":"Santo Castrense","datePublished":"2019-02-11T02:22:54+00:00","dateModified":"2019-02-09T12:30:21+00:00","mainEntityOfPage":{"@id":"https:\/\/www.oarcanjo.net\/site\/santo-castrense\/"},"wordCount":477,"commentCount":0,"publisher":{"@id":"https:\/\/www.oarcanjo.net\/site\/#organization"},"image":{"@id":"https:\/\/www.oarcanjo.net\/site\/santo-castrense\/#primaryimage"},"thumbnailUrl":"http:\/\/2.bp.blogspot.com\/_5kAa5W5YTf4\/SZJMkq0Hv1I\/AAAAAAAADKs\/RpLwR2SfKcs\/s400\/11-Santo+Castrense.gif","keywords":["Santo Castrense"],"articleSection":["Testemunhos"],"inLanguage":"pt-BR","potentialAction":[{"@type":"CommentAction","name":"Comment","target":["https:\/\/www.oarcanjo.net\/site\/santo-castrense\/#respond"]}]},{"@type":"WebPage","@id":"https:\/\/www.oarcanjo.net\/site\/santo-castrense\/","url":"https:\/\/www.oarcanjo.net\/site\/santo-castrense\/","name":"Santo Castrense - O Arcanjo no ar","isPartOf":{"@id":"https:\/\/www.oarcanjo.net\/site\/#website"},"primaryImageOfPage":{"@id":"https:\/\/www.oarcanjo.net\/site\/santo-castrense\/#primaryimage"},"image":{"@id":"https:\/\/www.oarcanjo.net\/site\/santo-castrense\/#primaryimage"},"thumbnailUrl":"http:\/\/2.bp.blogspot.com\/_5kAa5W5YTf4\/SZJMkq0Hv1I\/AAAAAAAADKs\/RpLwR2SfKcs\/s400\/11-Santo+Castrense.gif","datePublished":"2019-02-11T02:22:54+00:00","dateModified":"2019-02-09T12:30:21+00:00","breadcrumb":{"@id":"https:\/\/www.oarcanjo.net\/site\/santo-castrense\/#breadcrumb"},"inLanguage":"pt-BR","potentialAction":[{"@type":"ReadAction","target":["https:\/\/www.oarcanjo.net\/site\/santo-castrense\/"]}]},{"@type":"ImageObject","inLanguage":"pt-BR","@id":"https:\/\/www.oarcanjo.net\/site\/santo-castrense\/#primaryimage","url":"http:\/\/2.bp.blogspot.com\/_5kAa5W5YTf4\/SZJMkq0Hv1I\/AAAAAAAADKs\/RpLwR2SfKcs\/s400\/11-Santo+Castrense.gif","contentUrl":"http:\/\/2.bp.blogspot.com\/_5kAa5W5YTf4\/SZJMkq0Hv1I\/AAAAAAAADKs\/RpLwR2SfKcs\/s400\/11-Santo+Castrense.gif"},{"@type":"BreadcrumbList","@id":"https:\/\/www.oarcanjo.net\/site\/santo-castrense\/#breadcrumb","itemListElement":[{"@type":"ListItem","position":1,"name":"In\u00edcio","item":"https:\/\/www.oarcanjo.net\/site\/"},{"@type":"ListItem","position":2,"name":"Santo Castrense"}]},{"@type":"WebSite","@id":"https:\/\/www.oarcanjo.net\/site\/#website","url":"https:\/\/www.oarcanjo.net\/site\/","name":"O Arcanjo no ar","description":"Site da Par\u00f3quia S\u00e3o Miguel Arcanjo (Arquidiocese de SP)","publisher":{"@id":"https:\/\/www.oarcanjo.net\/site\/#organization"},"potentialAction":[{"@type":"SearchAction","target":{"@type":"EntryPoint","urlTemplate":"https:\/\/www.oarcanjo.net\/site\/?s={search_term_string}"},"query-input":{"@type":"PropertyValueSpecification","valueRequired":true,"valueName":"search_term_string"}}],"inLanguage":"pt-BR"},{"@type":"Organization","@id":"https:\/\/www.oarcanjo.net\/site\/#organization","name":"Par\u00f3quia S\u00e3o Miguel Arcanjo","url":"https:\/\/www.oarcanjo.net\/site\/","logo":{"@type":"ImageObject","inLanguage":"pt-BR","@id":"https:\/\/www.oarcanjo.net\/site\/#\/schema\/logo\/image\/","url":"https:\/\/www.oarcanjo.net\/site\/wp-content\/uploads\/LogoOArcanjo.png","contentUrl":"https:\/\/www.oarcanjo.net\/site\/wp-content\/uploads\/LogoOArcanjo.png","width":319,"height":99,"caption":"Par\u00f3quia S\u00e3o Miguel Arcanjo"},"image":{"@id":"https:\/\/www.oarcanjo.net\/site\/#\/schema\/logo\/image\/"},"sameAs":["https:\/\/www.facebook.com\/OArcanjoNoAr\/"]},{"@type":"Person","@id":"https:\/\/www.oarcanjo.net\/site\/#\/schema\/person\/5eb9480bedd2f3c97e430ce128c29c6c","name":"danilo"}]}},"publishpress_future_action":{"enabled":false,"date":"2026-05-08 03:39:04","action":"category","newStatus":"draft","terms":[],"taxonomy":"category"},"publishpress_future_workflow_manual_trigger":{"enabledWorkflows":[]},"_links":{"self":[{"href":"https:\/\/www.oarcanjo.net\/site\/wp-json\/wp\/v2\/posts\/7717"}],"collection":[{"href":"https:\/\/www.oarcanjo.net\/site\/wp-json\/wp\/v2\/posts"}],"about":[{"href":"https:\/\/www.oarcanjo.net\/site\/wp-json\/wp\/v2\/types\/post"}],"author":[{"embeddable":true,"href":"https:\/\/www.oarcanjo.net\/site\/wp-json\/wp\/v2\/users\/14"}],"replies":[{"embeddable":true,"href":"https:\/\/www.oarcanjo.net\/site\/wp-json\/wp\/v2\/comments?post=7717"}],"version-history":[{"count":1,"href":"https:\/\/www.oarcanjo.net\/site\/wp-json\/wp\/v2\/posts\/7717\/revisions"}],"predecessor-version":[{"id":92773,"href":"https:\/\/www.oarcanjo.net\/site\/wp-json\/wp\/v2\/posts\/7717\/revisions\/92773"}],"wp:attachment":[{"href":"https:\/\/www.oarcanjo.net\/site\/wp-json\/wp\/v2\/media?parent=7717"}],"wp:term":[{"taxonomy":"category","embeddable":true,"href":"https:\/\/www.oarcanjo.net\/site\/wp-json\/wp\/v2\/categories?post=7717"},{"taxonomy":"post_tag","embeddable":true,"href":"https:\/\/www.oarcanjo.net\/site\/wp-json\/wp\/v2\/tags?post=7717"}],"curies":[{"name":"wp","href":"https:\/\/api.w.org\/{rel}","templated":true}]}}