
{"id":77210,"date":"2016-10-01T20:14:06","date_gmt":"2016-10-01T23:14:06","guid":{"rendered":"http:\/\/www.oarcanjo.net\/site\/?p=77210"},"modified":"2016-10-01T20:14:06","modified_gmt":"2016-10-01T23:14:06","slug":"festa-de-sao-miguel-d-luiz-carlos-dias-preside-missa-das-20h","status":"publish","type":"post","link":"https:\/\/www.oarcanjo.net\/site\/festa-de-sao-miguel-d-luiz-carlos-dias-preside-missa-das-20h\/","title":{"rendered":"Festa de S\u00e3o Miguel: D. Luiz Carlos Dias preside missa das 20h"},"content":{"rendered":"<p>O bispo auxiliar de S\u00e3o Paulo e Vig\u00e1rio Episcopal da Regi\u00e3o Bel\u00e9m, Dom Luiz Carlos Dias, presidiu a missa das 20h na festa de S\u00e3o Miguel Arcanjo, celebrada dia 29\/09\/2016.<\/p>\n<p>Na acolhida, o Pe. Julio agradeceu a presen\u00e7a de Dom Luiz:<\/p>\n<p><iframe loading=\"lazy\" width=\"640\" height=\"360\" src=\"https:\/\/www.youtube.com\/embed\/iGxzpRx7qt0?rel=0\" frameborder=\"0\" allowfullscreen><\/iframe><\/p>\n<p>Na homilia, Dom Luiz Carlos se apresentou \u00e0 comunidade, lembrando que seu lema \u00e9 &#8220;Vim para servir&#8221;. Ele refor\u00e7ou que o crist\u00e3o deve se colocar no lugar do outro, especialmente dos mais pobres, e enfrentar a indiferen\u00e7a para que o Reino de Deus se fa\u00e7a presente:<\/p>\n<p><iframe loading=\"lazy\" width=\"640\" height=\"360\" src=\"https:\/\/www.youtube.com\/embed\/JxcUqziLO8E?rel=0\" frameborder=\"0\" allowfullscreen><\/iframe><\/p>\n<p>No final da missa , a comunidade agradeceu a presen\u00e7a do novo bispo e entregou a ele um presente simb\u00f3lico. O Pe. Julio falou das atividades de forma\u00e7\u00e3o realizadas na par\u00f3quia:<\/p>\n<p><iframe loading=\"lazy\" width=\"640\" height=\"360\" src=\"https:\/\/www.youtube.com\/embed\/LFALB69evxQ?rel=0\" frameborder=\"0\" allowfullscreen><\/iframe><\/p>\n<div id=\"themify_builder_content-77210\" data-postid=\"77210\" class=\"themify_builder_content themify_builder_content-77210 themify_builder themify_builder_front\">\n\t<\/div>\n<!-- \/themify_builder_content -->","protected":false},"excerpt":{"rendered":"<p>O bispo auxiliar de S\u00e3o Paulo e Vig\u00e1rio Episcopal da Regi\u00e3o Bel\u00e9m se apresentou \u00e0 comunidade no dia da festa do padroeiro<\/p>\n","protected":false},"author":5,"featured_media":77216,"comment_status":"open","ping_status":"open","sticky":false,"template":"","format":"standard","meta":{"ngg_post_thumbnail":0,"footnotes":""},"categories":[4,3,477,475],"tags":[],"yoast_head":"<!-- This site is optimized with the Yoast SEO plugin v23.5 - https:\/\/yoast.com\/wordpress\/plugins\/seo\/ -->\n<title>Festa de S\u00e3o Miguel: D. Luiz Carlos Dias preside missa das 20h - O Arcanjo no ar<\/title>\n<meta name=\"robots\" content=\"index, follow, max-snippet:-1, max-image-preview:large, max-video-preview:-1\" \/>\n<link rel=\"canonical\" href=\"https:\/\/www.oarcanjo.net\/site\/festa-de-sao-miguel-d-luiz-carlos-dias-preside-missa-das-20h\/\" \/>\n<meta property=\"og:locale\" content=\"pt_BR\" \/>\n<meta property=\"og:type\" content=\"article\" \/>\n<meta property=\"og:title\" content=\"Festa de S\u00e3o Miguel: D. Luiz Carlos Dias preside missa das 20h - O Arcanjo no ar\" \/>\n<meta property=\"og:description\" content=\"O bispo auxiliar de S\u00e3o Paulo e Vig\u00e1rio Episcopal da Regi\u00e3o Bel\u00e9m se apresentou \u00e0 comunidade no dia da festa do padroeiro\" \/>\n<meta property=\"og:url\" content=\"https:\/\/www.oarcanjo.net\/site\/festa-de-sao-miguel-d-luiz-carlos-dias-preside-missa-das-20h\/\" \/>\n<meta property=\"og:site_name\" content=\"O Arcanjo no ar\" \/>\n<meta property=\"article:publisher\" content=\"https:\/\/www.facebook.com\/OArcanjoNoAr\/\" \/>\n<meta property=\"article:published_time\" content=\"2016-10-01T23:14:06+00:00\" \/>\n<meta property=\"og:image\" content=\"https:\/\/www.oarcanjo.net\/site\/wp-content\/uploads\/20160929Acolhida.png\" \/>\n\t<meta property=\"og:image:width\" content=\"910\" \/>\n\t<meta property=\"og:image:height\" content=\"520\" \/>\n\t<meta property=\"og:image:type\" content=\"image\/png\" \/>\n<meta name=\"author\" content=\"editor\" \/>\n<meta name=\"twitter:card\" content=\"summary_large_image\" \/>\n<meta name=\"twitter:label1\" content=\"Escrito por\" \/>\n\t<meta name=\"twitter:data1\" content=\"editor\" \/>\n\t<meta name=\"twitter:label2\" content=\"Est. tempo de leitura\" \/>\n\t<meta name=\"twitter:data2\" content=\"1 minuto\" \/>\n<script type=\"application\/ld+json\" class=\"yoast-schema-graph\">{\"@context\":\"https:\/\/schema.org\",\"@graph\":[{\"@type\":\"Article\",\"@id\":\"https:\/\/www.oarcanjo.net\/site\/festa-de-sao-miguel-d-luiz-carlos-dias-preside-missa-das-20h\/#article\",\"isPartOf\":{\"@id\":\"https:\/\/www.oarcanjo.net\/site\/festa-de-sao-miguel-d-luiz-carlos-dias-preside-missa-das-20h\/\"},\"author\":{\"name\":\"editor\",\"@id\":\"https:\/\/www.oarcanjo.net\/site\/#\/schema\/person\/f7024d007863202483a31326673a0838\"},\"headline\":\"Festa de S\u00e3o Miguel: D. Luiz Carlos Dias preside missa das 20h\",\"datePublished\":\"2016-10-01T23:14:06+00:00\",\"dateModified\":\"2016-10-01T23:14:06+00:00\",\"mainEntityOfPage\":{\"@id\":\"https:\/\/www.oarcanjo.net\/site\/festa-de-sao-miguel-d-luiz-carlos-dias-preside-missa-das-20h\/\"},\"wordCount\":141,\"commentCount\":0,\"publisher\":{\"@id\":\"https:\/\/www.oarcanjo.net\/site\/#organization\"},\"image\":{\"@id\":\"https:\/\/www.oarcanjo.net\/site\/festa-de-sao-miguel-d-luiz-carlos-dias-preside-missa-das-20h\/#primaryimage\"},\"thumbnailUrl\":\"https:\/\/www.oarcanjo.net\/site\/wp-content\/uploads\/20160929Acolhida.png\",\"articleSection\":[\"Blog\",\"Destaques\",\"Eventos\",\"Homilias\"],\"inLanguage\":\"pt-BR\",\"potentialAction\":[{\"@type\":\"CommentAction\",\"name\":\"Comment\",\"target\":[\"https:\/\/www.oarcanjo.net\/site\/festa-de-sao-miguel-d-luiz-carlos-dias-preside-missa-das-20h\/#respond\"]}]},{\"@type\":\"WebPage\",\"@id\":\"https:\/\/www.oarcanjo.net\/site\/festa-de-sao-miguel-d-luiz-carlos-dias-preside-missa-das-20h\/\",\"url\":\"https:\/\/www.oarcanjo.net\/site\/festa-de-sao-miguel-d-luiz-carlos-dias-preside-missa-das-20h\/\",\"name\":\"Festa de S\u00e3o Miguel: D. Luiz Carlos Dias preside missa das 20h - O Arcanjo no ar\",\"isPartOf\":{\"@id\":\"https:\/\/www.oarcanjo.net\/site\/#website\"},\"primaryImageOfPage\":{\"@id\":\"https:\/\/www.oarcanjo.net\/site\/festa-de-sao-miguel-d-luiz-carlos-dias-preside-missa-das-20h\/#primaryimage\"},\"image\":{\"@id\":\"https:\/\/www.oarcanjo.net\/site\/festa-de-sao-miguel-d-luiz-carlos-dias-preside-missa-das-20h\/#primaryimage\"},\"thumbnailUrl\":\"https:\/\/www.oarcanjo.net\/site\/wp-content\/uploads\/20160929Acolhida.png\",\"datePublished\":\"2016-10-01T23:14:06+00:00\",\"dateModified\":\"2016-10-01T23:14:06+00:00\",\"breadcrumb\":{\"@id\":\"https:\/\/www.oarcanjo.net\/site\/festa-de-sao-miguel-d-luiz-carlos-dias-preside-missa-das-20h\/#breadcrumb\"},\"inLanguage\":\"pt-BR\",\"potentialAction\":[{\"@type\":\"ReadAction\",\"target\":[\"https:\/\/www.oarcanjo.net\/site\/festa-de-sao-miguel-d-luiz-carlos-dias-preside-missa-das-20h\/\"]}]},{\"@type\":\"ImageObject\",\"inLanguage\":\"pt-BR\",\"@id\":\"https:\/\/www.oarcanjo.net\/site\/festa-de-sao-miguel-d-luiz-carlos-dias-preside-missa-das-20h\/#primaryimage\",\"url\":\"https:\/\/www.oarcanjo.net\/site\/wp-content\/uploads\/20160929Acolhida.png\",\"contentUrl\":\"https:\/\/www.oarcanjo.net\/site\/wp-content\/uploads\/20160929Acolhida.png\",\"width\":910,\"height\":520},{\"@type\":\"BreadcrumbList\",\"@id\":\"https:\/\/www.oarcanjo.net\/site\/festa-de-sao-miguel-d-luiz-carlos-dias-preside-missa-das-20h\/#breadcrumb\",\"itemListElement\":[{\"@type\":\"ListItem\",\"position\":1,\"name\":\"In\u00edcio\",\"item\":\"https:\/\/www.oarcanjo.net\/site\/\"},{\"@type\":\"ListItem\",\"position\":2,\"name\":\"Festa de S\u00e3o Miguel: D. Luiz Carlos Dias preside missa das 20h\"}]},{\"@type\":\"WebSite\",\"@id\":\"https:\/\/www.oarcanjo.net\/site\/#website\",\"url\":\"https:\/\/www.oarcanjo.net\/site\/\",\"name\":\"O Arcanjo no ar\",\"description\":\"Site da Par\u00f3quia S\u00e3o Miguel Arcanjo (Arquidiocese de SP)\",\"publisher\":{\"@id\":\"https:\/\/www.oarcanjo.net\/site\/#organization\"},\"potentialAction\":[{\"@type\":\"SearchAction\",\"target\":{\"@type\":\"EntryPoint\",\"urlTemplate\":\"https:\/\/www.oarcanjo.net\/site\/?s={search_term_string}\"},\"query-input\":{\"@type\":\"PropertyValueSpecification\",\"valueRequired\":true,\"valueName\":\"search_term_string\"}}],\"inLanguage\":\"pt-BR\"},{\"@type\":\"Organization\",\"@id\":\"https:\/\/www.oarcanjo.net\/site\/#organization\",\"name\":\"Par\u00f3quia S\u00e3o Miguel Arcanjo\",\"url\":\"https:\/\/www.oarcanjo.net\/site\/\",\"logo\":{\"@type\":\"ImageObject\",\"inLanguage\":\"pt-BR\",\"@id\":\"https:\/\/www.oarcanjo.net\/site\/#\/schema\/logo\/image\/\",\"url\":\"https:\/\/www.oarcanjo.net\/site\/wp-content\/uploads\/LogoOArcanjo.png\",\"contentUrl\":\"https:\/\/www.oarcanjo.net\/site\/wp-content\/uploads\/LogoOArcanjo.png\",\"width\":319,\"height\":99,\"caption\":\"Par\u00f3quia S\u00e3o Miguel Arcanjo\"},\"image\":{\"@id\":\"https:\/\/www.oarcanjo.net\/site\/#\/schema\/logo\/image\/\"},\"sameAs\":[\"https:\/\/www.facebook.com\/OArcanjoNoAr\/\"]},{\"@type\":\"Person\",\"@id\":\"https:\/\/www.oarcanjo.net\/site\/#\/schema\/person\/f7024d007863202483a31326673a0838\",\"name\":\"editor\",\"sameAs\":[\"http:\/\/www.oarcanjo.net\"]}]}<\/script>\n<!-- \/ Yoast SEO plugin. -->","yoast_head_json":{"title":"Festa de S\u00e3o Miguel: D. Luiz Carlos Dias preside missa das 20h - O Arcanjo no ar","robots":{"index":"index","follow":"follow","max-snippet":"max-snippet:-1","max-image-preview":"max-image-preview:large","max-video-preview":"max-video-preview:-1"},"canonical":"https:\/\/www.oarcanjo.net\/site\/festa-de-sao-miguel-d-luiz-carlos-dias-preside-missa-das-20h\/","og_locale":"pt_BR","og_type":"article","og_title":"Festa de S\u00e3o Miguel: D. Luiz Carlos Dias preside missa das 20h - O Arcanjo no ar","og_description":"O bispo auxiliar de S\u00e3o Paulo e Vig\u00e1rio Episcopal da Regi\u00e3o Bel\u00e9m se apresentou \u00e0 comunidade no dia da festa do padroeiro","og_url":"https:\/\/www.oarcanjo.net\/site\/festa-de-sao-miguel-d-luiz-carlos-dias-preside-missa-das-20h\/","og_site_name":"O Arcanjo no ar","article_publisher":"https:\/\/www.facebook.com\/OArcanjoNoAr\/","article_published_time":"2016-10-01T23:14:06+00:00","og_image":[{"width":910,"height":520,"url":"https:\/\/www.oarcanjo.net\/site\/wp-content\/uploads\/20160929Acolhida.png","type":"image\/png"}],"author":"editor","twitter_card":"summary_large_image","twitter_misc":{"Escrito por":"editor","Est. tempo de leitura":"1 minuto"},"schema":{"@context":"https:\/\/schema.org","@graph":[{"@type":"Article","@id":"https:\/\/www.oarcanjo.net\/site\/festa-de-sao-miguel-d-luiz-carlos-dias-preside-missa-das-20h\/#article","isPartOf":{"@id":"https:\/\/www.oarcanjo.net\/site\/festa-de-sao-miguel-d-luiz-carlos-dias-preside-missa-das-20h\/"},"author":{"name":"editor","@id":"https:\/\/www.oarcanjo.net\/site\/#\/schema\/person\/f7024d007863202483a31326673a0838"},"headline":"Festa de S\u00e3o Miguel: D. Luiz Carlos Dias preside missa das 20h","datePublished":"2016-10-01T23:14:06+00:00","dateModified":"2016-10-01T23:14:06+00:00","mainEntityOfPage":{"@id":"https:\/\/www.oarcanjo.net\/site\/festa-de-sao-miguel-d-luiz-carlos-dias-preside-missa-das-20h\/"},"wordCount":141,"commentCount":0,"publisher":{"@id":"https:\/\/www.oarcanjo.net\/site\/#organization"},"image":{"@id":"https:\/\/www.oarcanjo.net\/site\/festa-de-sao-miguel-d-luiz-carlos-dias-preside-missa-das-20h\/#primaryimage"},"thumbnailUrl":"https:\/\/www.oarcanjo.net\/site\/wp-content\/uploads\/20160929Acolhida.png","articleSection":["Blog","Destaques","Eventos","Homilias"],"inLanguage":"pt-BR","potentialAction":[{"@type":"CommentAction","name":"Comment","target":["https:\/\/www.oarcanjo.net\/site\/festa-de-sao-miguel-d-luiz-carlos-dias-preside-missa-das-20h\/#respond"]}]},{"@type":"WebPage","@id":"https:\/\/www.oarcanjo.net\/site\/festa-de-sao-miguel-d-luiz-carlos-dias-preside-missa-das-20h\/","url":"https:\/\/www.oarcanjo.net\/site\/festa-de-sao-miguel-d-luiz-carlos-dias-preside-missa-das-20h\/","name":"Festa de S\u00e3o Miguel: D. Luiz Carlos Dias preside missa das 20h - O Arcanjo no ar","isPartOf":{"@id":"https:\/\/www.oarcanjo.net\/site\/#website"},"primaryImageOfPage":{"@id":"https:\/\/www.oarcanjo.net\/site\/festa-de-sao-miguel-d-luiz-carlos-dias-preside-missa-das-20h\/#primaryimage"},"image":{"@id":"https:\/\/www.oarcanjo.net\/site\/festa-de-sao-miguel-d-luiz-carlos-dias-preside-missa-das-20h\/#primaryimage"},"thumbnailUrl":"https:\/\/www.oarcanjo.net\/site\/wp-content\/uploads\/20160929Acolhida.png","datePublished":"2016-10-01T23:14:06+00:00","dateModified":"2016-10-01T23:14:06+00:00","breadcrumb":{"@id":"https:\/\/www.oarcanjo.net\/site\/festa-de-sao-miguel-d-luiz-carlos-dias-preside-missa-das-20h\/#breadcrumb"},"inLanguage":"pt-BR","potentialAction":[{"@type":"ReadAction","target":["https:\/\/www.oarcanjo.net\/site\/festa-de-sao-miguel-d-luiz-carlos-dias-preside-missa-das-20h\/"]}]},{"@type":"ImageObject","inLanguage":"pt-BR","@id":"https:\/\/www.oarcanjo.net\/site\/festa-de-sao-miguel-d-luiz-carlos-dias-preside-missa-das-20h\/#primaryimage","url":"https:\/\/www.oarcanjo.net\/site\/wp-content\/uploads\/20160929Acolhida.png","contentUrl":"https:\/\/www.oarcanjo.net\/site\/wp-content\/uploads\/20160929Acolhida.png","width":910,"height":520},{"@type":"BreadcrumbList","@id":"https:\/\/www.oarcanjo.net\/site\/festa-de-sao-miguel-d-luiz-carlos-dias-preside-missa-das-20h\/#breadcrumb","itemListElement":[{"@type":"ListItem","position":1,"name":"In\u00edcio","item":"https:\/\/www.oarcanjo.net\/site\/"},{"@type":"ListItem","position":2,"name":"Festa de S\u00e3o Miguel: D. Luiz Carlos Dias preside missa das 20h"}]},{"@type":"WebSite","@id":"https:\/\/www.oarcanjo.net\/site\/#website","url":"https:\/\/www.oarcanjo.net\/site\/","name":"O Arcanjo no ar","description":"Site da Par\u00f3quia S\u00e3o Miguel Arcanjo (Arquidiocese de SP)","publisher":{"@id":"https:\/\/www.oarcanjo.net\/site\/#organization"},"potentialAction":[{"@type":"SearchAction","target":{"@type":"EntryPoint","urlTemplate":"https:\/\/www.oarcanjo.net\/site\/?s={search_term_string}"},"query-input":{"@type":"PropertyValueSpecification","valueRequired":true,"valueName":"search_term_string"}}],"inLanguage":"pt-BR"},{"@type":"Organization","@id":"https:\/\/www.oarcanjo.net\/site\/#organization","name":"Par\u00f3quia S\u00e3o Miguel Arcanjo","url":"https:\/\/www.oarcanjo.net\/site\/","logo":{"@type":"ImageObject","inLanguage":"pt-BR","@id":"https:\/\/www.oarcanjo.net\/site\/#\/schema\/logo\/image\/","url":"https:\/\/www.oarcanjo.net\/site\/wp-content\/uploads\/LogoOArcanjo.png","contentUrl":"https:\/\/www.oarcanjo.net\/site\/wp-content\/uploads\/LogoOArcanjo.png","width":319,"height":99,"caption":"Par\u00f3quia S\u00e3o Miguel Arcanjo"},"image":{"@id":"https:\/\/www.oarcanjo.net\/site\/#\/schema\/logo\/image\/"},"sameAs":["https:\/\/www.facebook.com\/OArcanjoNoAr\/"]},{"@type":"Person","@id":"https:\/\/www.oarcanjo.net\/site\/#\/schema\/person\/f7024d007863202483a31326673a0838","name":"editor","sameAs":["http:\/\/www.oarcanjo.net"]}]}},"publishpress_future_action":{"enabled":false,"date":"2026-05-06 19:40:37","action":"category","newStatus":"draft","terms":[],"taxonomy":"category"},"publishpress_future_workflow_manual_trigger":{"enabledWorkflows":[]},"_links":{"self":[{"href":"https:\/\/www.oarcanjo.net\/site\/wp-json\/wp\/v2\/posts\/77210"}],"collection":[{"href":"https:\/\/www.oarcanjo.net\/site\/wp-json\/wp\/v2\/posts"}],"about":[{"href":"https:\/\/www.oarcanjo.net\/site\/wp-json\/wp\/v2\/types\/post"}],"author":[{"embeddable":true,"href":"https:\/\/www.oarcanjo.net\/site\/wp-json\/wp\/v2\/users\/5"}],"replies":[{"embeddable":true,"href":"https:\/\/www.oarcanjo.net\/site\/wp-json\/wp\/v2\/comments?post=77210"}],"version-history":[{"count":0,"href":"https:\/\/www.oarcanjo.net\/site\/wp-json\/wp\/v2\/posts\/77210\/revisions"}],"wp:featuredmedia":[{"embeddable":true,"href":"https:\/\/www.oarcanjo.net\/site\/wp-json\/wp\/v2\/media\/77216"}],"wp:attachment":[{"href":"https:\/\/www.oarcanjo.net\/site\/wp-json\/wp\/v2\/media?parent=77210"}],"wp:term":[{"taxonomy":"category","embeddable":true,"href":"https:\/\/www.oarcanjo.net\/site\/wp-json\/wp\/v2\/categories?post=77210"},{"taxonomy":"post_tag","embeddable":true,"href":"https:\/\/www.oarcanjo.net\/site\/wp-json\/wp\/v2\/tags?post=77210"}],"curies":[{"name":"wp","href":"https:\/\/api.w.org\/{rel}","templated":true}]}}