
{"id":7725,"date":"2019-02-12T00:38:02","date_gmt":"2019-02-12T02:38:02","guid":{"rendered":"http:\/\/www.oarcanjo.net\/site\/?p=7725"},"modified":"2019-02-09T10:30:30","modified_gmt":"2019-02-09T12:30:30","slug":"sao-juliao-hospitaleiro","status":"publish","type":"post","link":"https:\/\/www.oarcanjo.net\/site\/sao-juliao-hospitaleiro\/","title":{"rendered":"S\u00e3o Juli\u00e3o Hospitaleiro"},"content":{"rendered":"<p><img decoding=\"async\" src=\"http:\/\/3.bp.blogspot.com\/_z-c0Sh5Zlrs\/SImSbfdWPGI\/AAAAAAAAA3g\/0OCMCGMhTlo\/s400\/Santo+Juli%C3%A3o+Hospitaleiro.jpg\" alt=\"\" \/><\/p>\n<p>12 de Fevereiro<\/p>\n<p>Conta a tradi\u00e7\u00e3o que os pais de Juli\u00e3o eram nobres e viviam num castelo. No dia do seu batizado, seus pais tiveram um sonho id\u00eantico. Nele, um ermit\u00e3o lhes dizia que o menino seria um santo. O menino foi educado como um nobre, apreciando a ca\u00e7a como esporte, e apesar do car\u00e1ter violento, era caridoso com os pobres.<\/p>\n<p>Na adolesc\u00eancia, foi a vez de Juli\u00e3o. Ele sonhou com um grande veado negro que lhe disse: &#8220;Voc\u00ea ser\u00e1 o assassino de seus pais&#8221;. Impressionado, fugiu para nunca mais voltar. Ficou famoso como soldado mercen\u00e1rio. Casou-se com uma princesa e foi morar num castelo. Certa noite, saiu para ca\u00e7ar, avisando que voltaria s\u00f3 ao nascer do sol. Algumas horas depois, seus pais, j\u00e1 idosos, chegaram para rev\u00ea-lo. Foram bem acolhidos pela nora que lhes cedeu o seu quarto para aguardarem o filho, repousando.<\/p>\n<p>Juli\u00e3o regressou irritado porque n\u00e3o conseguira nenhuma ca\u00e7a. Mas a lembran\u00e7a da esposa a sua espera acalmou seu cora\u00e7\u00e3o. Na penumbra do quarto, percebeu que na cama havia duas pessoas. Possu\u00eddo pela c\u00f3lera matou os dois com seu punhal. Ao tentar sair, viu o vulto de sua mulher na porta do quarto. Ent\u00e3o, ele compreendeu tudo. Desesperado abriu as janelas e viu que tinha assassinado os pais. Ap\u00f3s os funerais, colocou a esposa num mosteiro, doou os bens aos pobres e partiu para cuidar da alma.<\/p>\n<p>Tornou-se outro homem, calmo, humilde e pac\u00edfico. Andou pelos caminhos do mundo, esmolando. Por esp\u00edrito de sacrif\u00edcio contava a sua hist\u00f3ria e, ent\u00e3o, todos se afastavam fazendo o sinal da cruz. Foi renegado por homens e animais. Vivia afastado, remoendo sua culpa, rezando em penit\u00eancia, amargando suas vis\u00f5es f\u00fanebres e os solu\u00e7os da alma. Mas, Juli\u00e3o sentia necessidade de salvar vidas, ajudar os velhos e as crian\u00e7as doentes e pobres. Decidiu ent\u00e3o ajudar os leprosos na travessia de um rio, que pela viol\u00eancia da correnteza fazia muitas v\u00edtimas.<\/p>\n<p>Juli\u00e3o, construiu sozinho um caminho para descer at\u00e9 ao rio. Em seguida reparou um velho barco e ergueu uma grande cabana. A travessia passou a ser conhecida por todos os leprosos, pois al\u00e9m de conduzi-los de gra\u00e7a, eram tratados por ele, na cabana. Ficou conhecido por &#8220;Juli\u00e3o Hospitaleiro&#8221;. Costumava ir esmolar para distribuir o que ganhava com os que j\u00e1 n\u00e3o podiam caminhar.A cabana se tornou um verdadeiro hospital para leprosos. A fama de sua santidade come\u00e7ou a se espalhar, mas Juli\u00e3o continuava a sentir o tormento de sua alma, que s\u00f3 era aplacado quando cuidava dos seus leprosos. At\u00e9 que uma noite, ap\u00f3s um leproso morrer nos seus bra\u00e7os, Juli\u00e3o sentiu sua alma inundada por uma alegria infinita e caminhou para se encontrar face a face com Nosso Senhor Jesus Cristo, que o chamou para a gl\u00f3ria do c\u00e9u.<\/p>\n<p>Esta \u00e9 a hist\u00f3ria de Juli\u00e3o Hospitaleiro, e se encontra descrita, num dos vitrais da Catedral de Notre Dame, na Fran\u00e7a, que guarda suas rel\u00edquias. A diocese de Macerata, na It\u00e1lia, onde dizem que ele permaceu durante anos mendigando e ajudando as pessoas com seus prod\u00edgios de santidade, tamb\u00e9m recebeu algumas delas. A Igreja o comemora no dia 12 de fevereiro, data que a tradi\u00e7\u00e3o indicou como sendo a de sua morte.<\/p>\n<div id=\"themify_builder_content-7725\" data-postid=\"7725\" class=\"themify_builder_content themify_builder_content-7725 themify_builder themify_builder_front\">\n\t<\/div>\n<!-- \/themify_builder_content -->","protected":false},"excerpt":{"rendered":"<p>12 de Fevereiro Conta a tradi\u00e7\u00e3o que os pais de Juli\u00e3o eram nobres e viviam num castelo. No dia do seu batizado, seus pais tiveram um sonho id\u00eantico. Nele, um ermit\u00e3o lhes dizia que o menino seria um santo. O menino foi educado como um nobre, apreciando a ca\u00e7a como esporte, e apesar do car\u00e1ter [&hellip;]<\/p>\n","protected":false},"author":14,"featured_media":0,"comment_status":"open","ping_status":"open","sticky":false,"template":"","format":"standard","meta":{"ngg_post_thumbnail":0,"footnotes":""},"categories":[186],"tags":[],"yoast_head":"<!-- This site is optimized with the Yoast SEO plugin v23.5 - https:\/\/yoast.com\/wordpress\/plugins\/seo\/ -->\n<title>S\u00e3o Juli\u00e3o Hospitaleiro - O Arcanjo no ar<\/title>\n<meta name=\"robots\" content=\"index, follow, max-snippet:-1, max-image-preview:large, max-video-preview:-1\" \/>\n<link rel=\"canonical\" href=\"https:\/\/www.oarcanjo.net\/site\/sao-juliao-hospitaleiro\/\" \/>\n<meta property=\"og:locale\" content=\"pt_BR\" \/>\n<meta property=\"og:type\" content=\"article\" \/>\n<meta property=\"og:title\" content=\"S\u00e3o Juli\u00e3o Hospitaleiro - O Arcanjo no ar\" \/>\n<meta property=\"og:description\" content=\"12 de Fevereiro Conta a tradi\u00e7\u00e3o que os pais de Juli\u00e3o eram nobres e viviam num castelo. No dia do seu batizado, seus pais tiveram um sonho id\u00eantico. Nele, um ermit\u00e3o lhes dizia que o menino seria um santo. O menino foi educado como um nobre, apreciando a ca\u00e7a como esporte, e apesar do car\u00e1ter [&hellip;]\" \/>\n<meta property=\"og:url\" content=\"https:\/\/www.oarcanjo.net\/site\/sao-juliao-hospitaleiro\/\" \/>\n<meta property=\"og:site_name\" content=\"O Arcanjo no ar\" \/>\n<meta property=\"article:publisher\" content=\"https:\/\/www.facebook.com\/OArcanjoNoAr\/\" \/>\n<meta property=\"article:published_time\" content=\"2019-02-12T02:38:02+00:00\" \/>\n<meta property=\"article:modified_time\" content=\"2019-02-09T12:30:30+00:00\" \/>\n<meta property=\"og:image\" content=\"http:\/\/3.bp.blogspot.com\/_z-c0Sh5Zlrs\/SImSbfdWPGI\/AAAAAAAAA3g\/0OCMCGMhTlo\/s400\/Santo+Juli%C3%A3o+Hospitaleiro.jpg\" \/>\n<meta name=\"author\" content=\"danilo\" \/>\n<meta name=\"twitter:card\" content=\"summary_large_image\" \/>\n<meta name=\"twitter:label1\" content=\"Escrito por\" \/>\n\t<meta name=\"twitter:data1\" content=\"danilo\" \/>\n\t<meta name=\"twitter:label2\" content=\"Est. tempo de leitura\" \/>\n\t<meta name=\"twitter:data2\" content=\"3 minutos\" \/>\n<script type=\"application\/ld+json\" class=\"yoast-schema-graph\">{\"@context\":\"https:\/\/schema.org\",\"@graph\":[{\"@type\":\"Article\",\"@id\":\"https:\/\/www.oarcanjo.net\/site\/sao-juliao-hospitaleiro\/#article\",\"isPartOf\":{\"@id\":\"https:\/\/www.oarcanjo.net\/site\/sao-juliao-hospitaleiro\/\"},\"author\":{\"name\":\"danilo\",\"@id\":\"https:\/\/www.oarcanjo.net\/site\/#\/schema\/person\/5eb9480bedd2f3c97e430ce128c29c6c\"},\"headline\":\"S\u00e3o Juli\u00e3o Hospitaleiro\",\"datePublished\":\"2019-02-12T02:38:02+00:00\",\"dateModified\":\"2019-02-09T12:30:30+00:00\",\"mainEntityOfPage\":{\"@id\":\"https:\/\/www.oarcanjo.net\/site\/sao-juliao-hospitaleiro\/\"},\"wordCount\":587,\"commentCount\":0,\"publisher\":{\"@id\":\"https:\/\/www.oarcanjo.net\/site\/#organization\"},\"image\":{\"@id\":\"https:\/\/www.oarcanjo.net\/site\/sao-juliao-hospitaleiro\/#primaryimage\"},\"thumbnailUrl\":\"http:\/\/3.bp.blogspot.com\/_z-c0Sh5Zlrs\/SImSbfdWPGI\/AAAAAAAAA3g\/0OCMCGMhTlo\/s400\/Santo+Juli%C3%A3o+Hospitaleiro.jpg\",\"articleSection\":[\"Testemunhos\"],\"inLanguage\":\"pt-BR\",\"potentialAction\":[{\"@type\":\"CommentAction\",\"name\":\"Comment\",\"target\":[\"https:\/\/www.oarcanjo.net\/site\/sao-juliao-hospitaleiro\/#respond\"]}]},{\"@type\":\"WebPage\",\"@id\":\"https:\/\/www.oarcanjo.net\/site\/sao-juliao-hospitaleiro\/\",\"url\":\"https:\/\/www.oarcanjo.net\/site\/sao-juliao-hospitaleiro\/\",\"name\":\"S\u00e3o Juli\u00e3o Hospitaleiro - O Arcanjo no ar\",\"isPartOf\":{\"@id\":\"https:\/\/www.oarcanjo.net\/site\/#website\"},\"primaryImageOfPage\":{\"@id\":\"https:\/\/www.oarcanjo.net\/site\/sao-juliao-hospitaleiro\/#primaryimage\"},\"image\":{\"@id\":\"https:\/\/www.oarcanjo.net\/site\/sao-juliao-hospitaleiro\/#primaryimage\"},\"thumbnailUrl\":\"http:\/\/3.bp.blogspot.com\/_z-c0Sh5Zlrs\/SImSbfdWPGI\/AAAAAAAAA3g\/0OCMCGMhTlo\/s400\/Santo+Juli%C3%A3o+Hospitaleiro.jpg\",\"datePublished\":\"2019-02-12T02:38:02+00:00\",\"dateModified\":\"2019-02-09T12:30:30+00:00\",\"breadcrumb\":{\"@id\":\"https:\/\/www.oarcanjo.net\/site\/sao-juliao-hospitaleiro\/#breadcrumb\"},\"inLanguage\":\"pt-BR\",\"potentialAction\":[{\"@type\":\"ReadAction\",\"target\":[\"https:\/\/www.oarcanjo.net\/site\/sao-juliao-hospitaleiro\/\"]}]},{\"@type\":\"ImageObject\",\"inLanguage\":\"pt-BR\",\"@id\":\"https:\/\/www.oarcanjo.net\/site\/sao-juliao-hospitaleiro\/#primaryimage\",\"url\":\"http:\/\/3.bp.blogspot.com\/_z-c0Sh5Zlrs\/SImSbfdWPGI\/AAAAAAAAA3g\/0OCMCGMhTlo\/s400\/Santo+Juli%C3%A3o+Hospitaleiro.jpg\",\"contentUrl\":\"http:\/\/3.bp.blogspot.com\/_z-c0Sh5Zlrs\/SImSbfdWPGI\/AAAAAAAAA3g\/0OCMCGMhTlo\/s400\/Santo+Juli%C3%A3o+Hospitaleiro.jpg\"},{\"@type\":\"BreadcrumbList\",\"@id\":\"https:\/\/www.oarcanjo.net\/site\/sao-juliao-hospitaleiro\/#breadcrumb\",\"itemListElement\":[{\"@type\":\"ListItem\",\"position\":1,\"name\":\"In\u00edcio\",\"item\":\"https:\/\/www.oarcanjo.net\/site\/\"},{\"@type\":\"ListItem\",\"position\":2,\"name\":\"S\u00e3o Juli\u00e3o Hospitaleiro\"}]},{\"@type\":\"WebSite\",\"@id\":\"https:\/\/www.oarcanjo.net\/site\/#website\",\"url\":\"https:\/\/www.oarcanjo.net\/site\/\",\"name\":\"O Arcanjo no ar\",\"description\":\"Site da Par\u00f3quia S\u00e3o Miguel Arcanjo (Arquidiocese de SP)\",\"publisher\":{\"@id\":\"https:\/\/www.oarcanjo.net\/site\/#organization\"},\"potentialAction\":[{\"@type\":\"SearchAction\",\"target\":{\"@type\":\"EntryPoint\",\"urlTemplate\":\"https:\/\/www.oarcanjo.net\/site\/?s={search_term_string}\"},\"query-input\":{\"@type\":\"PropertyValueSpecification\",\"valueRequired\":true,\"valueName\":\"search_term_string\"}}],\"inLanguage\":\"pt-BR\"},{\"@type\":\"Organization\",\"@id\":\"https:\/\/www.oarcanjo.net\/site\/#organization\",\"name\":\"Par\u00f3quia S\u00e3o Miguel Arcanjo\",\"url\":\"https:\/\/www.oarcanjo.net\/site\/\",\"logo\":{\"@type\":\"ImageObject\",\"inLanguage\":\"pt-BR\",\"@id\":\"https:\/\/www.oarcanjo.net\/site\/#\/schema\/logo\/image\/\",\"url\":\"https:\/\/www.oarcanjo.net\/site\/wp-content\/uploads\/LogoOArcanjo.png\",\"contentUrl\":\"https:\/\/www.oarcanjo.net\/site\/wp-content\/uploads\/LogoOArcanjo.png\",\"width\":319,\"height\":99,\"caption\":\"Par\u00f3quia S\u00e3o Miguel Arcanjo\"},\"image\":{\"@id\":\"https:\/\/www.oarcanjo.net\/site\/#\/schema\/logo\/image\/\"},\"sameAs\":[\"https:\/\/www.facebook.com\/OArcanjoNoAr\/\"]},{\"@type\":\"Person\",\"@id\":\"https:\/\/www.oarcanjo.net\/site\/#\/schema\/person\/5eb9480bedd2f3c97e430ce128c29c6c\",\"name\":\"danilo\"}]}<\/script>\n<!-- \/ Yoast SEO plugin. -->","yoast_head_json":{"title":"S\u00e3o Juli\u00e3o Hospitaleiro - O Arcanjo no ar","robots":{"index":"index","follow":"follow","max-snippet":"max-snippet:-1","max-image-preview":"max-image-preview:large","max-video-preview":"max-video-preview:-1"},"canonical":"https:\/\/www.oarcanjo.net\/site\/sao-juliao-hospitaleiro\/","og_locale":"pt_BR","og_type":"article","og_title":"S\u00e3o Juli\u00e3o Hospitaleiro - O Arcanjo no ar","og_description":"12 de Fevereiro Conta a tradi\u00e7\u00e3o que os pais de Juli\u00e3o eram nobres e viviam num castelo. No dia do seu batizado, seus pais tiveram um sonho id\u00eantico. Nele, um ermit\u00e3o lhes dizia que o menino seria um santo. O menino foi educado como um nobre, apreciando a ca\u00e7a como esporte, e apesar do car\u00e1ter [&hellip;]","og_url":"https:\/\/www.oarcanjo.net\/site\/sao-juliao-hospitaleiro\/","og_site_name":"O Arcanjo no ar","article_publisher":"https:\/\/www.facebook.com\/OArcanjoNoAr\/","article_published_time":"2019-02-12T02:38:02+00:00","article_modified_time":"2019-02-09T12:30:30+00:00","og_image":[{"url":"http:\/\/3.bp.blogspot.com\/_z-c0Sh5Zlrs\/SImSbfdWPGI\/AAAAAAAAA3g\/0OCMCGMhTlo\/s400\/Santo+Juli%C3%A3o+Hospitaleiro.jpg"}],"author":"danilo","twitter_card":"summary_large_image","twitter_misc":{"Escrito por":"danilo","Est. tempo de leitura":"3 minutos"},"schema":{"@context":"https:\/\/schema.org","@graph":[{"@type":"Article","@id":"https:\/\/www.oarcanjo.net\/site\/sao-juliao-hospitaleiro\/#article","isPartOf":{"@id":"https:\/\/www.oarcanjo.net\/site\/sao-juliao-hospitaleiro\/"},"author":{"name":"danilo","@id":"https:\/\/www.oarcanjo.net\/site\/#\/schema\/person\/5eb9480bedd2f3c97e430ce128c29c6c"},"headline":"S\u00e3o Juli\u00e3o Hospitaleiro","datePublished":"2019-02-12T02:38:02+00:00","dateModified":"2019-02-09T12:30:30+00:00","mainEntityOfPage":{"@id":"https:\/\/www.oarcanjo.net\/site\/sao-juliao-hospitaleiro\/"},"wordCount":587,"commentCount":0,"publisher":{"@id":"https:\/\/www.oarcanjo.net\/site\/#organization"},"image":{"@id":"https:\/\/www.oarcanjo.net\/site\/sao-juliao-hospitaleiro\/#primaryimage"},"thumbnailUrl":"http:\/\/3.bp.blogspot.com\/_z-c0Sh5Zlrs\/SImSbfdWPGI\/AAAAAAAAA3g\/0OCMCGMhTlo\/s400\/Santo+Juli%C3%A3o+Hospitaleiro.jpg","articleSection":["Testemunhos"],"inLanguage":"pt-BR","potentialAction":[{"@type":"CommentAction","name":"Comment","target":["https:\/\/www.oarcanjo.net\/site\/sao-juliao-hospitaleiro\/#respond"]}]},{"@type":"WebPage","@id":"https:\/\/www.oarcanjo.net\/site\/sao-juliao-hospitaleiro\/","url":"https:\/\/www.oarcanjo.net\/site\/sao-juliao-hospitaleiro\/","name":"S\u00e3o Juli\u00e3o Hospitaleiro - O Arcanjo no ar","isPartOf":{"@id":"https:\/\/www.oarcanjo.net\/site\/#website"},"primaryImageOfPage":{"@id":"https:\/\/www.oarcanjo.net\/site\/sao-juliao-hospitaleiro\/#primaryimage"},"image":{"@id":"https:\/\/www.oarcanjo.net\/site\/sao-juliao-hospitaleiro\/#primaryimage"},"thumbnailUrl":"http:\/\/3.bp.blogspot.com\/_z-c0Sh5Zlrs\/SImSbfdWPGI\/AAAAAAAAA3g\/0OCMCGMhTlo\/s400\/Santo+Juli%C3%A3o+Hospitaleiro.jpg","datePublished":"2019-02-12T02:38:02+00:00","dateModified":"2019-02-09T12:30:30+00:00","breadcrumb":{"@id":"https:\/\/www.oarcanjo.net\/site\/sao-juliao-hospitaleiro\/#breadcrumb"},"inLanguage":"pt-BR","potentialAction":[{"@type":"ReadAction","target":["https:\/\/www.oarcanjo.net\/site\/sao-juliao-hospitaleiro\/"]}]},{"@type":"ImageObject","inLanguage":"pt-BR","@id":"https:\/\/www.oarcanjo.net\/site\/sao-juliao-hospitaleiro\/#primaryimage","url":"http:\/\/3.bp.blogspot.com\/_z-c0Sh5Zlrs\/SImSbfdWPGI\/AAAAAAAAA3g\/0OCMCGMhTlo\/s400\/Santo+Juli%C3%A3o+Hospitaleiro.jpg","contentUrl":"http:\/\/3.bp.blogspot.com\/_z-c0Sh5Zlrs\/SImSbfdWPGI\/AAAAAAAAA3g\/0OCMCGMhTlo\/s400\/Santo+Juli%C3%A3o+Hospitaleiro.jpg"},{"@type":"BreadcrumbList","@id":"https:\/\/www.oarcanjo.net\/site\/sao-juliao-hospitaleiro\/#breadcrumb","itemListElement":[{"@type":"ListItem","position":1,"name":"In\u00edcio","item":"https:\/\/www.oarcanjo.net\/site\/"},{"@type":"ListItem","position":2,"name":"S\u00e3o Juli\u00e3o Hospitaleiro"}]},{"@type":"WebSite","@id":"https:\/\/www.oarcanjo.net\/site\/#website","url":"https:\/\/www.oarcanjo.net\/site\/","name":"O Arcanjo no ar","description":"Site da Par\u00f3quia S\u00e3o Miguel Arcanjo (Arquidiocese de SP)","publisher":{"@id":"https:\/\/www.oarcanjo.net\/site\/#organization"},"potentialAction":[{"@type":"SearchAction","target":{"@type":"EntryPoint","urlTemplate":"https:\/\/www.oarcanjo.net\/site\/?s={search_term_string}"},"query-input":{"@type":"PropertyValueSpecification","valueRequired":true,"valueName":"search_term_string"}}],"inLanguage":"pt-BR"},{"@type":"Organization","@id":"https:\/\/www.oarcanjo.net\/site\/#organization","name":"Par\u00f3quia S\u00e3o Miguel Arcanjo","url":"https:\/\/www.oarcanjo.net\/site\/","logo":{"@type":"ImageObject","inLanguage":"pt-BR","@id":"https:\/\/www.oarcanjo.net\/site\/#\/schema\/logo\/image\/","url":"https:\/\/www.oarcanjo.net\/site\/wp-content\/uploads\/LogoOArcanjo.png","contentUrl":"https:\/\/www.oarcanjo.net\/site\/wp-content\/uploads\/LogoOArcanjo.png","width":319,"height":99,"caption":"Par\u00f3quia S\u00e3o Miguel Arcanjo"},"image":{"@id":"https:\/\/www.oarcanjo.net\/site\/#\/schema\/logo\/image\/"},"sameAs":["https:\/\/www.facebook.com\/OArcanjoNoAr\/"]},{"@type":"Person","@id":"https:\/\/www.oarcanjo.net\/site\/#\/schema\/person\/5eb9480bedd2f3c97e430ce128c29c6c","name":"danilo"}]}},"publishpress_future_action":{"enabled":false,"date":"2026-05-08 03:39:04","action":"category","newStatus":"draft","terms":[],"taxonomy":"category"},"publishpress_future_workflow_manual_trigger":{"enabledWorkflows":[]},"_links":{"self":[{"href":"https:\/\/www.oarcanjo.net\/site\/wp-json\/wp\/v2\/posts\/7725"}],"collection":[{"href":"https:\/\/www.oarcanjo.net\/site\/wp-json\/wp\/v2\/posts"}],"about":[{"href":"https:\/\/www.oarcanjo.net\/site\/wp-json\/wp\/v2\/types\/post"}],"author":[{"embeddable":true,"href":"https:\/\/www.oarcanjo.net\/site\/wp-json\/wp\/v2\/users\/14"}],"replies":[{"embeddable":true,"href":"https:\/\/www.oarcanjo.net\/site\/wp-json\/wp\/v2\/comments?post=7725"}],"version-history":[{"count":1,"href":"https:\/\/www.oarcanjo.net\/site\/wp-json\/wp\/v2\/posts\/7725\/revisions"}],"predecessor-version":[{"id":92775,"href":"https:\/\/www.oarcanjo.net\/site\/wp-json\/wp\/v2\/posts\/7725\/revisions\/92775"}],"wp:attachment":[{"href":"https:\/\/www.oarcanjo.net\/site\/wp-json\/wp\/v2\/media?parent=7725"}],"wp:term":[{"taxonomy":"category","embeddable":true,"href":"https:\/\/www.oarcanjo.net\/site\/wp-json\/wp\/v2\/categories?post=7725"},{"taxonomy":"post_tag","embeddable":true,"href":"https:\/\/www.oarcanjo.net\/site\/wp-json\/wp\/v2\/tags?post=7725"}],"curies":[{"name":"wp","href":"https:\/\/api.w.org\/{rel}","templated":true}]}}