
{"id":7727,"date":"2017-02-12T00:40:09","date_gmt":"2017-02-12T02:40:09","guid":{"rendered":"http:\/\/www.oarcanjo.net\/site\/?p=7727"},"modified":"2016-12-27T06:33:21","modified_gmt":"2016-12-27T08:33:21","slug":"bem-aventurado-reginaldo-de-orleans","status":"publish","type":"post","link":"https:\/\/www.oarcanjo.net\/site\/bem-aventurado-reginaldo-de-orleans\/","title":{"rendered":"Bem Aventurado Reginaldo de Orleans"},"content":{"rendered":"<p><img loading=\"lazy\" decoding=\"async\" class=\"alignnone wp-image-69093 size-medium\" src=\"http:\/\/www.oarcanjo.net\/site\/wp-content\/uploads\/Beato-Reginaldo-de-Orleans-219x300.jpg\" alt=\"Bem Aventurado Reginaldo de Orleans\" width=\"219\" height=\"300\" srcset=\"https:\/\/www.oarcanjo.net\/site\/wp-content\/uploads\/Beato-Reginaldo-de-Orleans-219x300.jpg 219w, https:\/\/www.oarcanjo.net\/site\/wp-content\/uploads\/Beato-Reginaldo-de-Orleans.jpg 456w\" sizes=\"(max-width: 219px) 100vw, 219px\" \/><\/p>\n<p>12 de Fevereiro<\/p>\n<p><em><strong>LOGO AP\u00d3S INGRESSAR NA ORDEM EM 1218, O BEATO REGINALDO DE ORLEANS RECEBEU UMA VIS\u00c3O DA VIRGEM MARIA EM QUE ELA LHE APRESENTAVA O H\u00c1BITO QUE VIRIA A SER O PADR\u00c3O DA ORDEM DOMINICANA. ESTA CENA FOI MUITO REPRESENTADA PELOS RENASCENTISTAS ITALIANOS. ACIMA A OBRA DE FRA ANG\u00c9LICO.\u00a0 EM OUTROS QUADROS, COMO NO DE BENEDETTO DA MAINO,\u00a0 O BEATO REGINALDO \u00c9 OMITIDO, E O H\u00c1BITO \u00c9 RECEBIDO DIRETAMENTE POR S\u00c3O DOMINGOS, FUNDADOR DA ORDEM.<\/strong><\/em><span style=\"font-family: Arial Unicode MS\">\u00a0<\/span><\/p>\n<p>Reginaldo nasceu em 1175 na pequena cidade de Saint Gilles, sul da Fran\u00e7a . Desde a inf\u00e2ncia foi uma crian\u00e7a especial, possu\u00eda intelig\u00eancia acima da m\u00e9dia e voca\u00e7\u00e3o religiosa. Comunicador nato, se tornou uma figura extremamente carism\u00e1tica e singela, generoso com o pr\u00f3ximo mas austero consigo mesmo.<\/p>\n<p>Com estas caracter\u00edsticas, ao atingir a idade indicada, foi estudar direito can\u00f4nico na Universidade de Paris. Em 1206, recebeu o diploma de doutor, sendo convidado para ser titular da cadeira de direito can\u00f4nico, cargo que exerceu durante cinco anos. Reginaldo dividia o seu tempo com o trabalho, o estudo, a caridade e a ora\u00e7\u00e3o contemplativa unida a r\u00edgida penit\u00eancia, alcan\u00e7ando grandes progressos espirituais. Ficou conhecido e se tornou respeitado no meio acad\u00eamico e do clero. Os seus contempor\u00e2neos registraram que era um gigante durante os serm\u00f5es, ardoroso e veemente, adquiria um brilho especial, fazendo com que a presen\u00e7a de Deus fosse sentida no ambiente e o no cora\u00e7\u00e3o dos ouvintes.<\/p>\n<p>No in\u00edcio de 1212, Reginaldo aceitou ser o decano e can\u00f4nico na diocese da cidade francesa de Orleans. Sempre humilde, continuou cativando os fi\u00e9is com sua orat\u00f3ria. Depois de seis anos, desejando definir em que Ordem deveria ingressar, aceitou acompanhar o bispo de Orleans em sua peregrina\u00e7\u00e3o \u00e0 Roma com destino \u00e0 Terra Santa.<\/p>\n<p>No Vaticano, Reginaldo ficou sabendo sobre uma Ordem rec\u00e9m criada, para a forma\u00e7\u00e3o de padres predicantes, cujo fundador, o padre Domingos de Guzman, tinha fama de santidade, sendo hoje venerado pela Igreja. Embora interessado decidiu seguir para Jerusal\u00e9m, mas logo regressou pois ficou gravemente doente. Apesar de desenganado, milagrosamente foi curado pela intercess\u00e3o de Nossa Senhora, que lhe apareceu e mostrou um h\u00e1bito.<\/p>\n<p>Reginaldo percebeu que se tratava da Ordem dos Padres Predicadores, indo procurar o seu fundador, que o aceitou e lhe deu a primeira miss\u00e3o a ser executada em Bolonha, It\u00e1lia. Como grande predicador que era, inflamou os \u00e2nimos de seus ouvintes, despertando as voca\u00e7\u00f5es e induzindo muitos a ingressarem na nova congrega\u00e7\u00e3o. De modo que, o edif\u00edcio da comunidade, em Santa Maria de Mascarela, se tornou pequeno e tiveram de se transferir para o outro convento, na propriedade rural de S\u00e3o Nicolau, n\u00e3o muito distante.<\/p>\n<p>Pelos resultados fant\u00e1sticos e devido ao sucesso obtido em Bolonha, no final de 1219, ele recebeu a tarefa de ir \u00e0 Paris, para impulsionar aquela comunidade. O sucesso se repetiu, pois al\u00ed tamb\u00e9m a sua palestra entusiasmada exerceu um fasc\u00ednio irresist\u00edvel.<\/p>\n<p>No dia 12 de fevereiro de 1220, morreu serenamente ap\u00f3s ter abra\u00e7ado a vida dos ap\u00f3stolos. Foi sepultado na Catedral de Notre-Dame des Champs, atual Su\u00ed\u00e7a. Entretanto o seu corpo desapareceu durante a revolu\u00e7\u00e3o do final do s\u00e9culo XVIII. O seu culto foi confirmado e mantido no dia de sua morte, pelo Papa Pio IX em 1875, que beatificou Reginaldo de Orleans, como se tornou conhecido entre os dominicanos.<\/p>\n<div id=\"themify_builder_content-7727\" data-postid=\"7727\" class=\"themify_builder_content themify_builder_content-7727 themify_builder themify_builder_front\">\n\t<\/div>\n<!-- \/themify_builder_content -->","protected":false},"excerpt":{"rendered":"<p>12 de Fevereiro LOGO AP\u00d3S INGRESSAR NA ORDEM EM 1218, O BEATO REGINALDO DE ORLEANS RECEBEU UMA VIS\u00c3O DA VIRGEM MARIA EM QUE ELA LHE APRESENTAVA O H\u00c1BITO QUE VIRIA A SER O PADR\u00c3O DA ORDEM DOMINICANA. ESTA CENA FOI MUITO REPRESENTADA PELOS RENASCENTISTAS ITALIANOS. ACIMA A OBRA DE FRA ANG\u00c9LICO.\u00a0 EM OUTROS QUADROS, COMO [&hellip;]<\/p>\n","protected":false},"author":14,"featured_media":0,"comment_status":"open","ping_status":"open","sticky":false,"template":"","format":"standard","meta":{"ngg_post_thumbnail":0,"footnotes":""},"categories":[186],"tags":[],"yoast_head":"<!-- This site is optimized with the Yoast SEO plugin v23.5 - https:\/\/yoast.com\/wordpress\/plugins\/seo\/ -->\n<title>Bem Aventurado Reginaldo de Orleans - O Arcanjo no ar<\/title>\n<meta name=\"robots\" content=\"index, follow, max-snippet:-1, max-image-preview:large, max-video-preview:-1\" \/>\n<link rel=\"canonical\" href=\"https:\/\/www.oarcanjo.net\/site\/bem-aventurado-reginaldo-de-orleans\/\" \/>\n<meta property=\"og:locale\" content=\"pt_BR\" \/>\n<meta property=\"og:type\" content=\"article\" \/>\n<meta property=\"og:title\" content=\"Bem Aventurado Reginaldo de Orleans - O Arcanjo no ar\" \/>\n<meta property=\"og:description\" content=\"12 de Fevereiro LOGO AP\u00d3S INGRESSAR NA ORDEM EM 1218, O BEATO REGINALDO DE ORLEANS RECEBEU UMA VIS\u00c3O DA VIRGEM MARIA EM QUE ELA LHE APRESENTAVA O H\u00c1BITO QUE VIRIA A SER O PADR\u00c3O DA ORDEM DOMINICANA. ESTA CENA FOI MUITO REPRESENTADA PELOS RENASCENTISTAS ITALIANOS. ACIMA A OBRA DE FRA ANG\u00c9LICO.\u00a0 EM OUTROS QUADROS, COMO [&hellip;]\" \/>\n<meta property=\"og:url\" content=\"https:\/\/www.oarcanjo.net\/site\/bem-aventurado-reginaldo-de-orleans\/\" \/>\n<meta property=\"og:site_name\" content=\"O Arcanjo no ar\" \/>\n<meta property=\"article:publisher\" content=\"https:\/\/www.facebook.com\/OArcanjoNoAr\/\" \/>\n<meta property=\"article:published_time\" content=\"2017-02-12T02:40:09+00:00\" \/>\n<meta property=\"article:modified_time\" content=\"2016-12-27T08:33:21+00:00\" \/>\n<meta property=\"og:image\" content=\"http:\/\/www.oarcanjo.net\/site\/wp-content\/uploads\/Beato-Reginaldo-de-Orleans-219x300.jpg\" \/>\n<meta name=\"author\" content=\"danilo\" \/>\n<meta name=\"twitter:card\" content=\"summary_large_image\" \/>\n<meta name=\"twitter:label1\" content=\"Escrito por\" \/>\n\t<meta name=\"twitter:data1\" content=\"danilo\" \/>\n\t<meta name=\"twitter:label2\" content=\"Est. tempo de leitura\" \/>\n\t<meta name=\"twitter:data2\" content=\"3 minutos\" \/>\n<script type=\"application\/ld+json\" class=\"yoast-schema-graph\">{\"@context\":\"https:\/\/schema.org\",\"@graph\":[{\"@type\":\"Article\",\"@id\":\"https:\/\/www.oarcanjo.net\/site\/bem-aventurado-reginaldo-de-orleans\/#article\",\"isPartOf\":{\"@id\":\"https:\/\/www.oarcanjo.net\/site\/bem-aventurado-reginaldo-de-orleans\/\"},\"author\":{\"name\":\"danilo\",\"@id\":\"https:\/\/www.oarcanjo.net\/site\/#\/schema\/person\/5eb9480bedd2f3c97e430ce128c29c6c\"},\"headline\":\"Bem Aventurado Reginaldo de Orleans\",\"datePublished\":\"2017-02-12T02:40:09+00:00\",\"dateModified\":\"2016-12-27T08:33:21+00:00\",\"mainEntityOfPage\":{\"@id\":\"https:\/\/www.oarcanjo.net\/site\/bem-aventurado-reginaldo-de-orleans\/\"},\"wordCount\":591,\"commentCount\":0,\"publisher\":{\"@id\":\"https:\/\/www.oarcanjo.net\/site\/#organization\"},\"image\":{\"@id\":\"https:\/\/www.oarcanjo.net\/site\/bem-aventurado-reginaldo-de-orleans\/#primaryimage\"},\"thumbnailUrl\":\"http:\/\/www.oarcanjo.net\/site\/wp-content\/uploads\/Beato-Reginaldo-de-Orleans-219x300.jpg\",\"articleSection\":[\"Testemunhos\"],\"inLanguage\":\"pt-BR\",\"potentialAction\":[{\"@type\":\"CommentAction\",\"name\":\"Comment\",\"target\":[\"https:\/\/www.oarcanjo.net\/site\/bem-aventurado-reginaldo-de-orleans\/#respond\"]}]},{\"@type\":\"WebPage\",\"@id\":\"https:\/\/www.oarcanjo.net\/site\/bem-aventurado-reginaldo-de-orleans\/\",\"url\":\"https:\/\/www.oarcanjo.net\/site\/bem-aventurado-reginaldo-de-orleans\/\",\"name\":\"Bem Aventurado Reginaldo de Orleans - O Arcanjo no ar\",\"isPartOf\":{\"@id\":\"https:\/\/www.oarcanjo.net\/site\/#website\"},\"primaryImageOfPage\":{\"@id\":\"https:\/\/www.oarcanjo.net\/site\/bem-aventurado-reginaldo-de-orleans\/#primaryimage\"},\"image\":{\"@id\":\"https:\/\/www.oarcanjo.net\/site\/bem-aventurado-reginaldo-de-orleans\/#primaryimage\"},\"thumbnailUrl\":\"http:\/\/www.oarcanjo.net\/site\/wp-content\/uploads\/Beato-Reginaldo-de-Orleans-219x300.jpg\",\"datePublished\":\"2017-02-12T02:40:09+00:00\",\"dateModified\":\"2016-12-27T08:33:21+00:00\",\"breadcrumb\":{\"@id\":\"https:\/\/www.oarcanjo.net\/site\/bem-aventurado-reginaldo-de-orleans\/#breadcrumb\"},\"inLanguage\":\"pt-BR\",\"potentialAction\":[{\"@type\":\"ReadAction\",\"target\":[\"https:\/\/www.oarcanjo.net\/site\/bem-aventurado-reginaldo-de-orleans\/\"]}]},{\"@type\":\"ImageObject\",\"inLanguage\":\"pt-BR\",\"@id\":\"https:\/\/www.oarcanjo.net\/site\/bem-aventurado-reginaldo-de-orleans\/#primaryimage\",\"url\":\"https:\/\/www.oarcanjo.net\/site\/wp-content\/uploads\/Beato-Reginaldo-de-Orleans.jpg\",\"contentUrl\":\"https:\/\/www.oarcanjo.net\/site\/wp-content\/uploads\/Beato-Reginaldo-de-Orleans.jpg\",\"width\":456,\"height\":624,\"caption\":\"Bem Aventurado Reginaldo de Orleans\"},{\"@type\":\"BreadcrumbList\",\"@id\":\"https:\/\/www.oarcanjo.net\/site\/bem-aventurado-reginaldo-de-orleans\/#breadcrumb\",\"itemListElement\":[{\"@type\":\"ListItem\",\"position\":1,\"name\":\"In\u00edcio\",\"item\":\"https:\/\/www.oarcanjo.net\/site\/\"},{\"@type\":\"ListItem\",\"position\":2,\"name\":\"Bem Aventurado Reginaldo de Orleans\"}]},{\"@type\":\"WebSite\",\"@id\":\"https:\/\/www.oarcanjo.net\/site\/#website\",\"url\":\"https:\/\/www.oarcanjo.net\/site\/\",\"name\":\"O Arcanjo no ar\",\"description\":\"Site da Par\u00f3quia S\u00e3o Miguel Arcanjo (Arquidiocese de SP)\",\"publisher\":{\"@id\":\"https:\/\/www.oarcanjo.net\/site\/#organization\"},\"potentialAction\":[{\"@type\":\"SearchAction\",\"target\":{\"@type\":\"EntryPoint\",\"urlTemplate\":\"https:\/\/www.oarcanjo.net\/site\/?s={search_term_string}\"},\"query-input\":{\"@type\":\"PropertyValueSpecification\",\"valueRequired\":true,\"valueName\":\"search_term_string\"}}],\"inLanguage\":\"pt-BR\"},{\"@type\":\"Organization\",\"@id\":\"https:\/\/www.oarcanjo.net\/site\/#organization\",\"name\":\"Par\u00f3quia S\u00e3o Miguel Arcanjo\",\"url\":\"https:\/\/www.oarcanjo.net\/site\/\",\"logo\":{\"@type\":\"ImageObject\",\"inLanguage\":\"pt-BR\",\"@id\":\"https:\/\/www.oarcanjo.net\/site\/#\/schema\/logo\/image\/\",\"url\":\"https:\/\/www.oarcanjo.net\/site\/wp-content\/uploads\/LogoOArcanjo.png\",\"contentUrl\":\"https:\/\/www.oarcanjo.net\/site\/wp-content\/uploads\/LogoOArcanjo.png\",\"width\":319,\"height\":99,\"caption\":\"Par\u00f3quia S\u00e3o Miguel Arcanjo\"},\"image\":{\"@id\":\"https:\/\/www.oarcanjo.net\/site\/#\/schema\/logo\/image\/\"},\"sameAs\":[\"https:\/\/www.facebook.com\/OArcanjoNoAr\/\"]},{\"@type\":\"Person\",\"@id\":\"https:\/\/www.oarcanjo.net\/site\/#\/schema\/person\/5eb9480bedd2f3c97e430ce128c29c6c\",\"name\":\"danilo\"}]}<\/script>\n<!-- \/ Yoast SEO plugin. -->","yoast_head_json":{"title":"Bem Aventurado Reginaldo de Orleans - O Arcanjo no ar","robots":{"index":"index","follow":"follow","max-snippet":"max-snippet:-1","max-image-preview":"max-image-preview:large","max-video-preview":"max-video-preview:-1"},"canonical":"https:\/\/www.oarcanjo.net\/site\/bem-aventurado-reginaldo-de-orleans\/","og_locale":"pt_BR","og_type":"article","og_title":"Bem Aventurado Reginaldo de Orleans - O Arcanjo no ar","og_description":"12 de Fevereiro LOGO AP\u00d3S INGRESSAR NA ORDEM EM 1218, O BEATO REGINALDO DE ORLEANS RECEBEU UMA VIS\u00c3O DA VIRGEM MARIA EM QUE ELA LHE APRESENTAVA O H\u00c1BITO QUE VIRIA A SER O PADR\u00c3O DA ORDEM DOMINICANA. ESTA CENA FOI MUITO REPRESENTADA PELOS RENASCENTISTAS ITALIANOS. ACIMA A OBRA DE FRA ANG\u00c9LICO.\u00a0 EM OUTROS QUADROS, COMO [&hellip;]","og_url":"https:\/\/www.oarcanjo.net\/site\/bem-aventurado-reginaldo-de-orleans\/","og_site_name":"O Arcanjo no ar","article_publisher":"https:\/\/www.facebook.com\/OArcanjoNoAr\/","article_published_time":"2017-02-12T02:40:09+00:00","article_modified_time":"2016-12-27T08:33:21+00:00","og_image":[{"url":"http:\/\/www.oarcanjo.net\/site\/wp-content\/uploads\/Beato-Reginaldo-de-Orleans-219x300.jpg"}],"author":"danilo","twitter_card":"summary_large_image","twitter_misc":{"Escrito por":"danilo","Est. tempo de leitura":"3 minutos"},"schema":{"@context":"https:\/\/schema.org","@graph":[{"@type":"Article","@id":"https:\/\/www.oarcanjo.net\/site\/bem-aventurado-reginaldo-de-orleans\/#article","isPartOf":{"@id":"https:\/\/www.oarcanjo.net\/site\/bem-aventurado-reginaldo-de-orleans\/"},"author":{"name":"danilo","@id":"https:\/\/www.oarcanjo.net\/site\/#\/schema\/person\/5eb9480bedd2f3c97e430ce128c29c6c"},"headline":"Bem Aventurado Reginaldo de Orleans","datePublished":"2017-02-12T02:40:09+00:00","dateModified":"2016-12-27T08:33:21+00:00","mainEntityOfPage":{"@id":"https:\/\/www.oarcanjo.net\/site\/bem-aventurado-reginaldo-de-orleans\/"},"wordCount":591,"commentCount":0,"publisher":{"@id":"https:\/\/www.oarcanjo.net\/site\/#organization"},"image":{"@id":"https:\/\/www.oarcanjo.net\/site\/bem-aventurado-reginaldo-de-orleans\/#primaryimage"},"thumbnailUrl":"http:\/\/www.oarcanjo.net\/site\/wp-content\/uploads\/Beato-Reginaldo-de-Orleans-219x300.jpg","articleSection":["Testemunhos"],"inLanguage":"pt-BR","potentialAction":[{"@type":"CommentAction","name":"Comment","target":["https:\/\/www.oarcanjo.net\/site\/bem-aventurado-reginaldo-de-orleans\/#respond"]}]},{"@type":"WebPage","@id":"https:\/\/www.oarcanjo.net\/site\/bem-aventurado-reginaldo-de-orleans\/","url":"https:\/\/www.oarcanjo.net\/site\/bem-aventurado-reginaldo-de-orleans\/","name":"Bem Aventurado Reginaldo de Orleans - O Arcanjo no ar","isPartOf":{"@id":"https:\/\/www.oarcanjo.net\/site\/#website"},"primaryImageOfPage":{"@id":"https:\/\/www.oarcanjo.net\/site\/bem-aventurado-reginaldo-de-orleans\/#primaryimage"},"image":{"@id":"https:\/\/www.oarcanjo.net\/site\/bem-aventurado-reginaldo-de-orleans\/#primaryimage"},"thumbnailUrl":"http:\/\/www.oarcanjo.net\/site\/wp-content\/uploads\/Beato-Reginaldo-de-Orleans-219x300.jpg","datePublished":"2017-02-12T02:40:09+00:00","dateModified":"2016-12-27T08:33:21+00:00","breadcrumb":{"@id":"https:\/\/www.oarcanjo.net\/site\/bem-aventurado-reginaldo-de-orleans\/#breadcrumb"},"inLanguage":"pt-BR","potentialAction":[{"@type":"ReadAction","target":["https:\/\/www.oarcanjo.net\/site\/bem-aventurado-reginaldo-de-orleans\/"]}]},{"@type":"ImageObject","inLanguage":"pt-BR","@id":"https:\/\/www.oarcanjo.net\/site\/bem-aventurado-reginaldo-de-orleans\/#primaryimage","url":"https:\/\/www.oarcanjo.net\/site\/wp-content\/uploads\/Beato-Reginaldo-de-Orleans.jpg","contentUrl":"https:\/\/www.oarcanjo.net\/site\/wp-content\/uploads\/Beato-Reginaldo-de-Orleans.jpg","width":456,"height":624,"caption":"Bem Aventurado Reginaldo de Orleans"},{"@type":"BreadcrumbList","@id":"https:\/\/www.oarcanjo.net\/site\/bem-aventurado-reginaldo-de-orleans\/#breadcrumb","itemListElement":[{"@type":"ListItem","position":1,"name":"In\u00edcio","item":"https:\/\/www.oarcanjo.net\/site\/"},{"@type":"ListItem","position":2,"name":"Bem Aventurado Reginaldo de Orleans"}]},{"@type":"WebSite","@id":"https:\/\/www.oarcanjo.net\/site\/#website","url":"https:\/\/www.oarcanjo.net\/site\/","name":"O Arcanjo no ar","description":"Site da Par\u00f3quia S\u00e3o Miguel Arcanjo (Arquidiocese de SP)","publisher":{"@id":"https:\/\/www.oarcanjo.net\/site\/#organization"},"potentialAction":[{"@type":"SearchAction","target":{"@type":"EntryPoint","urlTemplate":"https:\/\/www.oarcanjo.net\/site\/?s={search_term_string}"},"query-input":{"@type":"PropertyValueSpecification","valueRequired":true,"valueName":"search_term_string"}}],"inLanguage":"pt-BR"},{"@type":"Organization","@id":"https:\/\/www.oarcanjo.net\/site\/#organization","name":"Par\u00f3quia S\u00e3o Miguel Arcanjo","url":"https:\/\/www.oarcanjo.net\/site\/","logo":{"@type":"ImageObject","inLanguage":"pt-BR","@id":"https:\/\/www.oarcanjo.net\/site\/#\/schema\/logo\/image\/","url":"https:\/\/www.oarcanjo.net\/site\/wp-content\/uploads\/LogoOArcanjo.png","contentUrl":"https:\/\/www.oarcanjo.net\/site\/wp-content\/uploads\/LogoOArcanjo.png","width":319,"height":99,"caption":"Par\u00f3quia S\u00e3o Miguel Arcanjo"},"image":{"@id":"https:\/\/www.oarcanjo.net\/site\/#\/schema\/logo\/image\/"},"sameAs":["https:\/\/www.facebook.com\/OArcanjoNoAr\/"]},{"@type":"Person","@id":"https:\/\/www.oarcanjo.net\/site\/#\/schema\/person\/5eb9480bedd2f3c97e430ce128c29c6c","name":"danilo"}]}},"publishpress_future_action":{"enabled":false,"date":"2026-05-09 03:58:38","action":"category","newStatus":"draft","terms":[],"taxonomy":"category"},"publishpress_future_workflow_manual_trigger":{"enabledWorkflows":[]},"_links":{"self":[{"href":"https:\/\/www.oarcanjo.net\/site\/wp-json\/wp\/v2\/posts\/7727"}],"collection":[{"href":"https:\/\/www.oarcanjo.net\/site\/wp-json\/wp\/v2\/posts"}],"about":[{"href":"https:\/\/www.oarcanjo.net\/site\/wp-json\/wp\/v2\/types\/post"}],"author":[{"embeddable":true,"href":"https:\/\/www.oarcanjo.net\/site\/wp-json\/wp\/v2\/users\/14"}],"replies":[{"embeddable":true,"href":"https:\/\/www.oarcanjo.net\/site\/wp-json\/wp\/v2\/comments?post=7727"}],"version-history":[{"count":0,"href":"https:\/\/www.oarcanjo.net\/site\/wp-json\/wp\/v2\/posts\/7727\/revisions"}],"wp:attachment":[{"href":"https:\/\/www.oarcanjo.net\/site\/wp-json\/wp\/v2\/media?parent=7727"}],"wp:term":[{"taxonomy":"category","embeddable":true,"href":"https:\/\/www.oarcanjo.net\/site\/wp-json\/wp\/v2\/categories?post=7727"},{"taxonomy":"post_tag","embeddable":true,"href":"https:\/\/www.oarcanjo.net\/site\/wp-json\/wp\/v2\/tags?post=7727"}],"curies":[{"name":"wp","href":"https:\/\/api.w.org\/{rel}","templated":true}]}}