
{"id":7729,"date":"2019-02-12T00:42:46","date_gmt":"2019-02-12T02:42:46","guid":{"rendered":"http:\/\/www.oarcanjo.net\/site\/?p=7729"},"modified":"2019-02-20T08:00:02","modified_gmt":"2019-02-20T11:00:02","slug":"santa-eulalia","status":"publish","type":"post","link":"https:\/\/www.oarcanjo.net\/site\/santa-eulalia\/","title":{"rendered":"Santa Eul\u00e1lia"},"content":{"rendered":"<p><img loading=\"lazy\" decoding=\"async\" class=\"alignnone size-full wp-image-58932\" src=\"http:\/\/www.oarcanjo.net\/site\/wp-content\/uploads\/Santa-Eulalia.jpg\" alt=\"Santa-Eulalia\" width=\"236\" height=\"373\" srcset=\"https:\/\/www.oarcanjo.net\/site\/wp-content\/uploads\/Santa-Eulalia.jpg 236w, https:\/\/www.oarcanjo.net\/site\/wp-content\/uploads\/Santa-Eulalia-190x300.jpg 190w\" sizes=\"(max-width: 236px) 100vw, 236px\" \/><\/p>\n<p>12 de Fevereiro<\/p>\n<p>Eul\u00e1lia, nasceu nas proximidades da cidade de Barcelona, no ano 290. Pertencia a uma fam\u00edlia da nobreza espanhola e seus pais viviam numa vasta propriedade na periferia daquela movimentada corte. Cobriam a menina Eul\u00e1lia com todo amor, carinho e mimos, quase sufocando a pequena que j\u00e1 na tenra idade resplandecia em car\u00e1ter.<\/p>\n<p>Humilde, s\u00e1bia, prudente e muito inteligente era a caridade em pessoa. Dedicava um extremo amor \u00e0 Jesus Cristo, para o qual despendia muitas horas do dia em virtuosas ora\u00e7\u00f5es. Costumava ficar no seu modesto quarto, reunida com suas amiguinhas, entoando c\u00e2nticos e hinos de louvor ao Senhor, depois saiam para distribuir seus melhores pertences \u00e0s crian\u00e7as pobres das imedia\u00e7\u00f5es, que sempre batiam \u00e0 sua porta.<\/p>\n<p>Entrou para a adolesc\u00eancia, aos treze anos, no mesmo per\u00edodo em que chegava \u00e0 Barcelona a not\u00edcia da volta \u00e0 terr\u00edvel persegui\u00e7\u00e3o contra os crist\u00e3os, decretada para todos os dom\u00ednios do Imp\u00e9rio. Quando os sanguin\u00e1rios dos imperadores romanos Diocleciano e Maximiano, souberam da r\u00e1pida e veloz propaga\u00e7\u00e3o da f\u00e9 crist\u00e3, nas long\u00ednquas terras espanholas, onde at\u00e9 ent\u00e3o era rara esta f\u00e9, decidiram e mandaram o mais cruel e feroz de seus ju\u00edzes, chamado Daciano, para acabar com aquela &#8220;supersti\u00e7\u00e3o&#8221;.<\/p>\n<p>Temendo pela vida de Eul\u00e1lia, seus pais decidiram leva-la para uma outra propriedade mais afastada, onde poderia ficar longe dos soldados que andavam pelas ruas ca\u00e7ando os crist\u00e3os denunciados.<\/p>\n<p>Eul\u00e1lia considerou covardia fugir do poder que exterminava os irm\u00e3os crist\u00e3os. Assim, altas horas da noite e sem que sua fam\u00edlia soubesse, fugiu e se apresentou espontaneamente ao temido juiz, como crist\u00e3. Consta inclusive que teria dito: &#8220;Querem crist\u00e3os? Eis uma&#8221;.<\/p>\n<p>Como queria, na impetuosidade da adolesc\u00eancia, foi levada a julgamento. Ordenaram novamente que ela adorasse um deus pag\u00e3o, dando-lhe sal e incenso, para que depositasse ao p\u00e9 do altar. Eul\u00e1lia, ao inv\u00e9s, derrubou a est\u00e1tua do deus pag\u00e3o, espalhando para longe os gr\u00e3os de incenso e sal. A sua recusa a oferecer os sacrif\u00edcios deixou furioso Daciano, que mandou chicote\u00e1-la at\u00e9 que seu corpo todo ficasse em chagas e sangrando. Depois foi queimada viva com as tochas dos carrascos. Era 12 de fevereiro de 304.<\/p>\n<p>Seu corpo foi sepultado na igreja de Santa Maria das Arenas, mais tarde destru\u00edda durante um inc\u00eandio. Mas suas rel\u00edquias se mantiveram intactas e foram ocultadas durante a domina\u00e7\u00e3o dos \u00e1rabes mu\u00e7ulmanos, quando o culto crist\u00e3o era proibido.<\/p>\n<p>O culto \u00e0 Santa Eul\u00e1lia foi mantido principalmente em Barcelona onde \u00e9 muito antigo. De l\u00e1, acabou se estendendo por toda Espanha atravessando as fronteiras, para al\u00e9m da Fran\u00e7a, It\u00e1lia, \u00c1frica enfim atingiu todo o mundo crist\u00e3o, oriental e ocidental. Ela costuma ser festejada na diocese de M\u00e9rida em 10 de dezembro, cidade de seu mart\u00edrio. Santa Eul\u00e1lia \u00e9 co-padroeira da cidade de Barcelona, ao lado da Virgem das Merc\u00eas.<\/p>\n<div id=\"themify_builder_content-7729\" data-postid=\"7729\" class=\"themify_builder_content themify_builder_content-7729 themify_builder themify_builder_front\">\n\t<\/div>\n<!-- \/themify_builder_content -->","protected":false},"excerpt":{"rendered":"<p>12 de Fevereiro Eul\u00e1lia, nasceu nas proximidades da cidade de Barcelona, no ano 290. Pertencia a uma fam\u00edlia da nobreza espanhola e seus pais viviam numa vasta propriedade na periferia daquela movimentada corte. Cobriam a menina Eul\u00e1lia com todo amor, carinho e mimos, quase sufocando a pequena que j\u00e1 na tenra idade resplandecia em car\u00e1ter. [&hellip;]<\/p>\n","protected":false},"author":14,"featured_media":0,"comment_status":"open","ping_status":"open","sticky":false,"template":"","format":"standard","meta":{"ngg_post_thumbnail":0,"footnotes":""},"categories":[186],"tags":[],"yoast_head":"<!-- This site is optimized with the Yoast SEO plugin v23.5 - https:\/\/yoast.com\/wordpress\/plugins\/seo\/ -->\n<title>Santa Eul\u00e1lia - O Arcanjo no ar<\/title>\n<meta name=\"robots\" content=\"index, follow, max-snippet:-1, max-image-preview:large, max-video-preview:-1\" \/>\n<link rel=\"canonical\" href=\"https:\/\/www.oarcanjo.net\/site\/santa-eulalia\/\" \/>\n<meta property=\"og:locale\" content=\"pt_BR\" \/>\n<meta property=\"og:type\" content=\"article\" \/>\n<meta property=\"og:title\" content=\"Santa Eul\u00e1lia - O Arcanjo no ar\" \/>\n<meta property=\"og:description\" content=\"12 de Fevereiro Eul\u00e1lia, nasceu nas proximidades da cidade de Barcelona, no ano 290. Pertencia a uma fam\u00edlia da nobreza espanhola e seus pais viviam numa vasta propriedade na periferia daquela movimentada corte. Cobriam a menina Eul\u00e1lia com todo amor, carinho e mimos, quase sufocando a pequena que j\u00e1 na tenra idade resplandecia em car\u00e1ter. [&hellip;]\" \/>\n<meta property=\"og:url\" content=\"https:\/\/www.oarcanjo.net\/site\/santa-eulalia\/\" \/>\n<meta property=\"og:site_name\" content=\"O Arcanjo no ar\" \/>\n<meta property=\"article:publisher\" content=\"https:\/\/www.facebook.com\/OArcanjoNoAr\/\" \/>\n<meta property=\"article:published_time\" content=\"2019-02-12T02:42:46+00:00\" \/>\n<meta property=\"article:modified_time\" content=\"2019-02-20T11:00:02+00:00\" \/>\n<meta property=\"og:image\" content=\"http:\/\/www.oarcanjo.net\/site\/wp-content\/uploads\/Santa-Eulalia.jpg\" \/>\n<meta name=\"author\" content=\"danilo\" \/>\n<meta name=\"twitter:card\" content=\"summary_large_image\" \/>\n<meta name=\"twitter:label1\" content=\"Escrito por\" \/>\n\t<meta name=\"twitter:data1\" content=\"danilo\" \/>\n\t<meta name=\"twitter:label2\" content=\"Est. tempo de leitura\" \/>\n\t<meta name=\"twitter:data2\" content=\"3 minutos\" \/>\n<script type=\"application\/ld+json\" class=\"yoast-schema-graph\">{\"@context\":\"https:\/\/schema.org\",\"@graph\":[{\"@type\":\"Article\",\"@id\":\"https:\/\/www.oarcanjo.net\/site\/santa-eulalia\/#article\",\"isPartOf\":{\"@id\":\"https:\/\/www.oarcanjo.net\/site\/santa-eulalia\/\"},\"author\":{\"name\":\"danilo\",\"@id\":\"https:\/\/www.oarcanjo.net\/site\/#\/schema\/person\/5eb9480bedd2f3c97e430ce128c29c6c\"},\"headline\":\"Santa Eul\u00e1lia\",\"datePublished\":\"2019-02-12T02:42:46+00:00\",\"dateModified\":\"2019-02-20T11:00:02+00:00\",\"mainEntityOfPage\":{\"@id\":\"https:\/\/www.oarcanjo.net\/site\/santa-eulalia\/\"},\"wordCount\":509,\"commentCount\":2,\"publisher\":{\"@id\":\"https:\/\/www.oarcanjo.net\/site\/#organization\"},\"image\":{\"@id\":\"https:\/\/www.oarcanjo.net\/site\/santa-eulalia\/#primaryimage\"},\"thumbnailUrl\":\"http:\/\/www.oarcanjo.net\/site\/wp-content\/uploads\/Santa-Eulalia.jpg\",\"articleSection\":[\"Testemunhos\"],\"inLanguage\":\"pt-BR\",\"potentialAction\":[{\"@type\":\"CommentAction\",\"name\":\"Comment\",\"target\":[\"https:\/\/www.oarcanjo.net\/site\/santa-eulalia\/#respond\"]}]},{\"@type\":\"WebPage\",\"@id\":\"https:\/\/www.oarcanjo.net\/site\/santa-eulalia\/\",\"url\":\"https:\/\/www.oarcanjo.net\/site\/santa-eulalia\/\",\"name\":\"Santa Eul\u00e1lia - O Arcanjo no ar\",\"isPartOf\":{\"@id\":\"https:\/\/www.oarcanjo.net\/site\/#website\"},\"primaryImageOfPage\":{\"@id\":\"https:\/\/www.oarcanjo.net\/site\/santa-eulalia\/#primaryimage\"},\"image\":{\"@id\":\"https:\/\/www.oarcanjo.net\/site\/santa-eulalia\/#primaryimage\"},\"thumbnailUrl\":\"http:\/\/www.oarcanjo.net\/site\/wp-content\/uploads\/Santa-Eulalia.jpg\",\"datePublished\":\"2019-02-12T02:42:46+00:00\",\"dateModified\":\"2019-02-20T11:00:02+00:00\",\"breadcrumb\":{\"@id\":\"https:\/\/www.oarcanjo.net\/site\/santa-eulalia\/#breadcrumb\"},\"inLanguage\":\"pt-BR\",\"potentialAction\":[{\"@type\":\"ReadAction\",\"target\":[\"https:\/\/www.oarcanjo.net\/site\/santa-eulalia\/\"]}]},{\"@type\":\"ImageObject\",\"inLanguage\":\"pt-BR\",\"@id\":\"https:\/\/www.oarcanjo.net\/site\/santa-eulalia\/#primaryimage\",\"url\":\"https:\/\/www.oarcanjo.net\/site\/wp-content\/uploads\/Santa-Eulalia.jpg\",\"contentUrl\":\"https:\/\/www.oarcanjo.net\/site\/wp-content\/uploads\/Santa-Eulalia.jpg\",\"width\":236,\"height\":373},{\"@type\":\"BreadcrumbList\",\"@id\":\"https:\/\/www.oarcanjo.net\/site\/santa-eulalia\/#breadcrumb\",\"itemListElement\":[{\"@type\":\"ListItem\",\"position\":1,\"name\":\"In\u00edcio\",\"item\":\"https:\/\/www.oarcanjo.net\/site\/\"},{\"@type\":\"ListItem\",\"position\":2,\"name\":\"Santa Eul\u00e1lia\"}]},{\"@type\":\"WebSite\",\"@id\":\"https:\/\/www.oarcanjo.net\/site\/#website\",\"url\":\"https:\/\/www.oarcanjo.net\/site\/\",\"name\":\"O Arcanjo no ar\",\"description\":\"Site da Par\u00f3quia S\u00e3o Miguel Arcanjo (Arquidiocese de SP)\",\"publisher\":{\"@id\":\"https:\/\/www.oarcanjo.net\/site\/#organization\"},\"potentialAction\":[{\"@type\":\"SearchAction\",\"target\":{\"@type\":\"EntryPoint\",\"urlTemplate\":\"https:\/\/www.oarcanjo.net\/site\/?s={search_term_string}\"},\"query-input\":{\"@type\":\"PropertyValueSpecification\",\"valueRequired\":true,\"valueName\":\"search_term_string\"}}],\"inLanguage\":\"pt-BR\"},{\"@type\":\"Organization\",\"@id\":\"https:\/\/www.oarcanjo.net\/site\/#organization\",\"name\":\"Par\u00f3quia S\u00e3o Miguel Arcanjo\",\"url\":\"https:\/\/www.oarcanjo.net\/site\/\",\"logo\":{\"@type\":\"ImageObject\",\"inLanguage\":\"pt-BR\",\"@id\":\"https:\/\/www.oarcanjo.net\/site\/#\/schema\/logo\/image\/\",\"url\":\"https:\/\/www.oarcanjo.net\/site\/wp-content\/uploads\/LogoOArcanjo.png\",\"contentUrl\":\"https:\/\/www.oarcanjo.net\/site\/wp-content\/uploads\/LogoOArcanjo.png\",\"width\":319,\"height\":99,\"caption\":\"Par\u00f3quia S\u00e3o Miguel Arcanjo\"},\"image\":{\"@id\":\"https:\/\/www.oarcanjo.net\/site\/#\/schema\/logo\/image\/\"},\"sameAs\":[\"https:\/\/www.facebook.com\/OArcanjoNoAr\/\"]},{\"@type\":\"Person\",\"@id\":\"https:\/\/www.oarcanjo.net\/site\/#\/schema\/person\/5eb9480bedd2f3c97e430ce128c29c6c\",\"name\":\"danilo\"}]}<\/script>\n<!-- \/ Yoast SEO plugin. -->","yoast_head_json":{"title":"Santa Eul\u00e1lia - O Arcanjo no ar","robots":{"index":"index","follow":"follow","max-snippet":"max-snippet:-1","max-image-preview":"max-image-preview:large","max-video-preview":"max-video-preview:-1"},"canonical":"https:\/\/www.oarcanjo.net\/site\/santa-eulalia\/","og_locale":"pt_BR","og_type":"article","og_title":"Santa Eul\u00e1lia - O Arcanjo no ar","og_description":"12 de Fevereiro Eul\u00e1lia, nasceu nas proximidades da cidade de Barcelona, no ano 290. Pertencia a uma fam\u00edlia da nobreza espanhola e seus pais viviam numa vasta propriedade na periferia daquela movimentada corte. Cobriam a menina Eul\u00e1lia com todo amor, carinho e mimos, quase sufocando a pequena que j\u00e1 na tenra idade resplandecia em car\u00e1ter. [&hellip;]","og_url":"https:\/\/www.oarcanjo.net\/site\/santa-eulalia\/","og_site_name":"O Arcanjo no ar","article_publisher":"https:\/\/www.facebook.com\/OArcanjoNoAr\/","article_published_time":"2019-02-12T02:42:46+00:00","article_modified_time":"2019-02-20T11:00:02+00:00","og_image":[{"url":"http:\/\/www.oarcanjo.net\/site\/wp-content\/uploads\/Santa-Eulalia.jpg"}],"author":"danilo","twitter_card":"summary_large_image","twitter_misc":{"Escrito por":"danilo","Est. tempo de leitura":"3 minutos"},"schema":{"@context":"https:\/\/schema.org","@graph":[{"@type":"Article","@id":"https:\/\/www.oarcanjo.net\/site\/santa-eulalia\/#article","isPartOf":{"@id":"https:\/\/www.oarcanjo.net\/site\/santa-eulalia\/"},"author":{"name":"danilo","@id":"https:\/\/www.oarcanjo.net\/site\/#\/schema\/person\/5eb9480bedd2f3c97e430ce128c29c6c"},"headline":"Santa Eul\u00e1lia","datePublished":"2019-02-12T02:42:46+00:00","dateModified":"2019-02-20T11:00:02+00:00","mainEntityOfPage":{"@id":"https:\/\/www.oarcanjo.net\/site\/santa-eulalia\/"},"wordCount":509,"commentCount":2,"publisher":{"@id":"https:\/\/www.oarcanjo.net\/site\/#organization"},"image":{"@id":"https:\/\/www.oarcanjo.net\/site\/santa-eulalia\/#primaryimage"},"thumbnailUrl":"http:\/\/www.oarcanjo.net\/site\/wp-content\/uploads\/Santa-Eulalia.jpg","articleSection":["Testemunhos"],"inLanguage":"pt-BR","potentialAction":[{"@type":"CommentAction","name":"Comment","target":["https:\/\/www.oarcanjo.net\/site\/santa-eulalia\/#respond"]}]},{"@type":"WebPage","@id":"https:\/\/www.oarcanjo.net\/site\/santa-eulalia\/","url":"https:\/\/www.oarcanjo.net\/site\/santa-eulalia\/","name":"Santa Eul\u00e1lia - O Arcanjo no ar","isPartOf":{"@id":"https:\/\/www.oarcanjo.net\/site\/#website"},"primaryImageOfPage":{"@id":"https:\/\/www.oarcanjo.net\/site\/santa-eulalia\/#primaryimage"},"image":{"@id":"https:\/\/www.oarcanjo.net\/site\/santa-eulalia\/#primaryimage"},"thumbnailUrl":"http:\/\/www.oarcanjo.net\/site\/wp-content\/uploads\/Santa-Eulalia.jpg","datePublished":"2019-02-12T02:42:46+00:00","dateModified":"2019-02-20T11:00:02+00:00","breadcrumb":{"@id":"https:\/\/www.oarcanjo.net\/site\/santa-eulalia\/#breadcrumb"},"inLanguage":"pt-BR","potentialAction":[{"@type":"ReadAction","target":["https:\/\/www.oarcanjo.net\/site\/santa-eulalia\/"]}]},{"@type":"ImageObject","inLanguage":"pt-BR","@id":"https:\/\/www.oarcanjo.net\/site\/santa-eulalia\/#primaryimage","url":"https:\/\/www.oarcanjo.net\/site\/wp-content\/uploads\/Santa-Eulalia.jpg","contentUrl":"https:\/\/www.oarcanjo.net\/site\/wp-content\/uploads\/Santa-Eulalia.jpg","width":236,"height":373},{"@type":"BreadcrumbList","@id":"https:\/\/www.oarcanjo.net\/site\/santa-eulalia\/#breadcrumb","itemListElement":[{"@type":"ListItem","position":1,"name":"In\u00edcio","item":"https:\/\/www.oarcanjo.net\/site\/"},{"@type":"ListItem","position":2,"name":"Santa Eul\u00e1lia"}]},{"@type":"WebSite","@id":"https:\/\/www.oarcanjo.net\/site\/#website","url":"https:\/\/www.oarcanjo.net\/site\/","name":"O Arcanjo no ar","description":"Site da Par\u00f3quia S\u00e3o Miguel Arcanjo (Arquidiocese de SP)","publisher":{"@id":"https:\/\/www.oarcanjo.net\/site\/#organization"},"potentialAction":[{"@type":"SearchAction","target":{"@type":"EntryPoint","urlTemplate":"https:\/\/www.oarcanjo.net\/site\/?s={search_term_string}"},"query-input":{"@type":"PropertyValueSpecification","valueRequired":true,"valueName":"search_term_string"}}],"inLanguage":"pt-BR"},{"@type":"Organization","@id":"https:\/\/www.oarcanjo.net\/site\/#organization","name":"Par\u00f3quia S\u00e3o Miguel Arcanjo","url":"https:\/\/www.oarcanjo.net\/site\/","logo":{"@type":"ImageObject","inLanguage":"pt-BR","@id":"https:\/\/www.oarcanjo.net\/site\/#\/schema\/logo\/image\/","url":"https:\/\/www.oarcanjo.net\/site\/wp-content\/uploads\/LogoOArcanjo.png","contentUrl":"https:\/\/www.oarcanjo.net\/site\/wp-content\/uploads\/LogoOArcanjo.png","width":319,"height":99,"caption":"Par\u00f3quia S\u00e3o Miguel Arcanjo"},"image":{"@id":"https:\/\/www.oarcanjo.net\/site\/#\/schema\/logo\/image\/"},"sameAs":["https:\/\/www.facebook.com\/OArcanjoNoAr\/"]},{"@type":"Person","@id":"https:\/\/www.oarcanjo.net\/site\/#\/schema\/person\/5eb9480bedd2f3c97e430ce128c29c6c","name":"danilo"}]}},"publishpress_future_action":{"enabled":false,"date":"2026-05-08 03:39:05","action":"category","newStatus":"draft","terms":[],"taxonomy":"category"},"publishpress_future_workflow_manual_trigger":{"enabledWorkflows":[]},"_links":{"self":[{"href":"https:\/\/www.oarcanjo.net\/site\/wp-json\/wp\/v2\/posts\/7729"}],"collection":[{"href":"https:\/\/www.oarcanjo.net\/site\/wp-json\/wp\/v2\/posts"}],"about":[{"href":"https:\/\/www.oarcanjo.net\/site\/wp-json\/wp\/v2\/types\/post"}],"author":[{"embeddable":true,"href":"https:\/\/www.oarcanjo.net\/site\/wp-json\/wp\/v2\/users\/14"}],"replies":[{"embeddable":true,"href":"https:\/\/www.oarcanjo.net\/site\/wp-json\/wp\/v2\/comments?post=7729"}],"version-history":[{"count":1,"href":"https:\/\/www.oarcanjo.net\/site\/wp-json\/wp\/v2\/posts\/7729\/revisions"}],"predecessor-version":[{"id":92921,"href":"https:\/\/www.oarcanjo.net\/site\/wp-json\/wp\/v2\/posts\/7729\/revisions\/92921"}],"wp:attachment":[{"href":"https:\/\/www.oarcanjo.net\/site\/wp-json\/wp\/v2\/media?parent=7729"}],"wp:term":[{"taxonomy":"category","embeddable":true,"href":"https:\/\/www.oarcanjo.net\/site\/wp-json\/wp\/v2\/categories?post=7729"},{"taxonomy":"post_tag","embeddable":true,"href":"https:\/\/www.oarcanjo.net\/site\/wp-json\/wp\/v2\/tags?post=7729"}],"curies":[{"name":"wp","href":"https:\/\/api.w.org\/{rel}","templated":true}]}}