
{"id":77308,"date":"2016-10-10T16:20:48","date_gmt":"2016-10-10T19:20:48","guid":{"rendered":"http:\/\/www.oarcanjo.net\/site\/?p=77308"},"modified":"2016-10-10T16:24:18","modified_gmt":"2016-10-10T19:24:18","slug":"uma-pec-devastadora-e-brutal-critica-bispo-responsavel-pela-pastoral-da-saude","status":"publish","type":"post","link":"https:\/\/www.oarcanjo.net\/site\/uma-pec-devastadora-e-brutal-critica-bispo-responsavel-pela-pastoral-da-saude\/","title":{"rendered":"&#8220;Uma PEC devastadora e brutal&#8221;, critica bispo respons\u00e1vel pela Pastoral da Sa\u00fade"},"content":{"rendered":"<p>O bispo de Campos (RJ) e respons\u00e1vel pela Pastoral da Sa\u00fade, dom Roberto Francisco Ferrer\u00eda Paz, publicou no site da CNBB o artigo intitulado\u00a0<a href=\"http:\/\/www.cnbb.org.br\/index.php?option=com_content&amp;view=article&amp;id=19208:uma-pec-devastadora-e-brutal-a-241&amp;catid=391&amp;Itemid=204\" target=\"_blank\">\u201cUma PEC devastadora e brutal, a 241\u201d<\/a>,\u00a0estruturado em perguntas e respostas. No \u00faltimo trecho, quando prop\u00f5e o questionamento sobre o que fazer para impedir a PEC 241 e os seus &#8220;desdobramentos perversos&#8221; na seguridade social e na sa\u00fade, dom Paz afirma que \u00e9 preciso manifestar &#8220;rep\u00fadio e indigna\u00e7\u00e3o, pensando como sempre nos mais pobres que ser\u00e3o as v\u00edtimas principais desta pol\u00edtica antipopular contra a vida\u201d.<\/p>\n<p>\u201cNa pr\u00e1tica, assistiremos ao desmonte do Sistema \u00danico de Sa\u00fade (SUS) e \u00e0 privatiza\u00e7\u00e3o do sistema de sa\u00fade, onde todo esfor\u00e7o para melhorar as condi\u00e7\u00f5es de sa\u00fade das fam\u00edlias brasileiras ficar\u00e1 \u00e0 deriva, prejudicando os recentes avan\u00e7os obtidos no combate \u00e0 desigualdade e acesso universal \u00e0 sa\u00fade coletiva\u201d, denuncia o bispo.<\/p>\n<p>\u201cEsta vis\u00e3o econ\u00f4mica, que volta aos anos 90 da hegemonia neoliberal e do Acordo de Washington, deixa claro que a d\u00edvida est\u00e1 muito acima da vida do povo e que a economia para ser sanada exige o sacrif\u00edcio da popula\u00e7\u00e3o especialmente aqueles que n\u00e3o est\u00e3o inclu\u00eddos no mercado\u201d, denuncia dom Paz.<\/p>\n<p>No artigo, dom Roberto Paz fala das consequ\u00eancias da PEC para a popula\u00e7\u00e3o, como o aumento de doen\u00e7as e mortes, al\u00e9m de apresentar os benef\u00edcios de gastos sociais nos \u00edndices do \u201cmultiplicador fiscal\u201d.<\/p>\n<p>E exorta: \u201cDevemos manifestar nosso rep\u00fadio e indigna\u00e7\u00e3o, pensando como sempre nos mais pobres que ser\u00e3o as v\u00edtimas principais desta pol\u00edtica antipopular contra a vida. Conclamar a uma mobiliza\u00e7\u00e3o geral em defesa da Constitui\u00e7\u00e3o, do Estado Social de Direito, da Seguridade Social e do SUS\u201d.<\/p>\n<p><a href=\"http:\/\/www.cnbb.org.br\/index.php?option=com_content&amp;view=article&amp;id=19208:uma-pec-devastadora-e-brutal-a-241&amp;catid=391&amp;Itemid=204\" target=\"_blank\"><em>Leia o artigo na \u00edntegra<\/em><\/a><\/p>\n<div id=\"themify_builder_content-77308\" data-postid=\"77308\" class=\"themify_builder_content themify_builder_content-77308 themify_builder themify_builder_front\">\n\t<\/div>\n<!-- \/themify_builder_content -->","protected":false},"excerpt":{"rendered":"<p>Em artigo publicado no site da CNBB, Dom Roberto Francisco Ferrer\u00eda Paz critica a PEC e seus &#8220;desdobramentos perversos&#8221;<\/p>\n","protected":false},"author":5,"featured_media":0,"comment_status":"open","ping_status":"open","sticky":false,"template":"","format":"standard","meta":{"ngg_post_thumbnail":0,"footnotes":""},"categories":[9],"tags":[],"yoast_head":"<!-- This site is optimized with the Yoast SEO plugin v23.5 - https:\/\/yoast.com\/wordpress\/plugins\/seo\/ -->\n<title>&quot;Uma PEC devastadora e brutal&quot;, critica bispo respons\u00e1vel pela Pastoral da Sa\u00fade - O Arcanjo no ar<\/title>\n<meta name=\"robots\" content=\"index, follow, max-snippet:-1, max-image-preview:large, max-video-preview:-1\" \/>\n<link rel=\"canonical\" href=\"https:\/\/www.oarcanjo.net\/site\/uma-pec-devastadora-e-brutal-critica-bispo-responsavel-pela-pastoral-da-saude\/\" \/>\n<meta property=\"og:locale\" content=\"pt_BR\" \/>\n<meta property=\"og:type\" content=\"article\" \/>\n<meta property=\"og:title\" content=\"&quot;Uma PEC devastadora e brutal&quot;, critica bispo respons\u00e1vel pela Pastoral da Sa\u00fade - O Arcanjo no ar\" \/>\n<meta property=\"og:description\" content=\"Em artigo publicado no site da CNBB, Dom Roberto Francisco Ferrer\u00eda Paz critica a PEC e seus &quot;desdobramentos perversos&quot;\" \/>\n<meta property=\"og:url\" content=\"https:\/\/www.oarcanjo.net\/site\/uma-pec-devastadora-e-brutal-critica-bispo-responsavel-pela-pastoral-da-saude\/\" \/>\n<meta property=\"og:site_name\" content=\"O Arcanjo no ar\" \/>\n<meta property=\"article:publisher\" content=\"https:\/\/www.facebook.com\/OArcanjoNoAr\/\" \/>\n<meta property=\"article:published_time\" content=\"2016-10-10T19:20:48+00:00\" \/>\n<meta property=\"article:modified_time\" content=\"2016-10-10T19:24:18+00:00\" \/>\n<meta property=\"og:image\" content=\"https:\/\/www.oarcanjo.net\/site\/wp-content\/uploads\/logo-o-arcanjo-no-ar-facebook.png\" \/>\n\t<meta property=\"og:image:width\" content=\"300\" \/>\n\t<meta property=\"og:image:height\" content=\"300\" \/>\n\t<meta property=\"og:image:type\" content=\"image\/png\" \/>\n<meta name=\"author\" content=\"editor\" \/>\n<meta name=\"twitter:card\" content=\"summary_large_image\" \/>\n<meta name=\"twitter:label1\" content=\"Escrito por\" \/>\n\t<meta name=\"twitter:data1\" content=\"editor\" \/>\n\t<meta name=\"twitter:label2\" content=\"Est. tempo de leitura\" \/>\n\t<meta name=\"twitter:data2\" content=\"2 minutos\" \/>\n<script type=\"application\/ld+json\" class=\"yoast-schema-graph\">{\"@context\":\"https:\/\/schema.org\",\"@graph\":[{\"@type\":\"Article\",\"@id\":\"https:\/\/www.oarcanjo.net\/site\/uma-pec-devastadora-e-brutal-critica-bispo-responsavel-pela-pastoral-da-saude\/#article\",\"isPartOf\":{\"@id\":\"https:\/\/www.oarcanjo.net\/site\/uma-pec-devastadora-e-brutal-critica-bispo-responsavel-pela-pastoral-da-saude\/\"},\"author\":{\"name\":\"editor\",\"@id\":\"https:\/\/www.oarcanjo.net\/site\/#\/schema\/person\/f7024d007863202483a31326673a0838\"},\"headline\":\"&#8220;Uma PEC devastadora e brutal&#8221;, critica bispo respons\u00e1vel pela Pastoral da Sa\u00fade\",\"datePublished\":\"2016-10-10T19:20:48+00:00\",\"dateModified\":\"2016-10-10T19:24:18+00:00\",\"mainEntityOfPage\":{\"@id\":\"https:\/\/www.oarcanjo.net\/site\/uma-pec-devastadora-e-brutal-critica-bispo-responsavel-pela-pastoral-da-saude\/\"},\"wordCount\":321,\"commentCount\":0,\"publisher\":{\"@id\":\"https:\/\/www.oarcanjo.net\/site\/#organization\"},\"articleSection\":[\"Reflex\u00f5es\"],\"inLanguage\":\"pt-BR\",\"potentialAction\":[{\"@type\":\"CommentAction\",\"name\":\"Comment\",\"target\":[\"https:\/\/www.oarcanjo.net\/site\/uma-pec-devastadora-e-brutal-critica-bispo-responsavel-pela-pastoral-da-saude\/#respond\"]}]},{\"@type\":\"WebPage\",\"@id\":\"https:\/\/www.oarcanjo.net\/site\/uma-pec-devastadora-e-brutal-critica-bispo-responsavel-pela-pastoral-da-saude\/\",\"url\":\"https:\/\/www.oarcanjo.net\/site\/uma-pec-devastadora-e-brutal-critica-bispo-responsavel-pela-pastoral-da-saude\/\",\"name\":\"\\\"Uma PEC devastadora e brutal\\\", critica bispo respons\u00e1vel pela Pastoral da Sa\u00fade - O Arcanjo no ar\",\"isPartOf\":{\"@id\":\"https:\/\/www.oarcanjo.net\/site\/#website\"},\"datePublished\":\"2016-10-10T19:20:48+00:00\",\"dateModified\":\"2016-10-10T19:24:18+00:00\",\"breadcrumb\":{\"@id\":\"https:\/\/www.oarcanjo.net\/site\/uma-pec-devastadora-e-brutal-critica-bispo-responsavel-pela-pastoral-da-saude\/#breadcrumb\"},\"inLanguage\":\"pt-BR\",\"potentialAction\":[{\"@type\":\"ReadAction\",\"target\":[\"https:\/\/www.oarcanjo.net\/site\/uma-pec-devastadora-e-brutal-critica-bispo-responsavel-pela-pastoral-da-saude\/\"]}]},{\"@type\":\"BreadcrumbList\",\"@id\":\"https:\/\/www.oarcanjo.net\/site\/uma-pec-devastadora-e-brutal-critica-bispo-responsavel-pela-pastoral-da-saude\/#breadcrumb\",\"itemListElement\":[{\"@type\":\"ListItem\",\"position\":1,\"name\":\"In\u00edcio\",\"item\":\"https:\/\/www.oarcanjo.net\/site\/\"},{\"@type\":\"ListItem\",\"position\":2,\"name\":\"&#8220;Uma PEC devastadora e brutal&#8221;, critica bispo respons\u00e1vel pela Pastoral da Sa\u00fade\"}]},{\"@type\":\"WebSite\",\"@id\":\"https:\/\/www.oarcanjo.net\/site\/#website\",\"url\":\"https:\/\/www.oarcanjo.net\/site\/\",\"name\":\"O Arcanjo no ar\",\"description\":\"Site da Par\u00f3quia S\u00e3o Miguel Arcanjo (Arquidiocese de SP)\",\"publisher\":{\"@id\":\"https:\/\/www.oarcanjo.net\/site\/#organization\"},\"potentialAction\":[{\"@type\":\"SearchAction\",\"target\":{\"@type\":\"EntryPoint\",\"urlTemplate\":\"https:\/\/www.oarcanjo.net\/site\/?s={search_term_string}\"},\"query-input\":{\"@type\":\"PropertyValueSpecification\",\"valueRequired\":true,\"valueName\":\"search_term_string\"}}],\"inLanguage\":\"pt-BR\"},{\"@type\":\"Organization\",\"@id\":\"https:\/\/www.oarcanjo.net\/site\/#organization\",\"name\":\"Par\u00f3quia S\u00e3o Miguel Arcanjo\",\"url\":\"https:\/\/www.oarcanjo.net\/site\/\",\"logo\":{\"@type\":\"ImageObject\",\"inLanguage\":\"pt-BR\",\"@id\":\"https:\/\/www.oarcanjo.net\/site\/#\/schema\/logo\/image\/\",\"url\":\"https:\/\/www.oarcanjo.net\/site\/wp-content\/uploads\/LogoOArcanjo.png\",\"contentUrl\":\"https:\/\/www.oarcanjo.net\/site\/wp-content\/uploads\/LogoOArcanjo.png\",\"width\":319,\"height\":99,\"caption\":\"Par\u00f3quia S\u00e3o Miguel Arcanjo\"},\"image\":{\"@id\":\"https:\/\/www.oarcanjo.net\/site\/#\/schema\/logo\/image\/\"},\"sameAs\":[\"https:\/\/www.facebook.com\/OArcanjoNoAr\/\"]},{\"@type\":\"Person\",\"@id\":\"https:\/\/www.oarcanjo.net\/site\/#\/schema\/person\/f7024d007863202483a31326673a0838\",\"name\":\"editor\",\"sameAs\":[\"http:\/\/www.oarcanjo.net\"]}]}<\/script>\n<!-- \/ Yoast SEO plugin. -->","yoast_head_json":{"title":"\"Uma PEC devastadora e brutal\", critica bispo respons\u00e1vel pela Pastoral da Sa\u00fade - O Arcanjo no ar","robots":{"index":"index","follow":"follow","max-snippet":"max-snippet:-1","max-image-preview":"max-image-preview:large","max-video-preview":"max-video-preview:-1"},"canonical":"https:\/\/www.oarcanjo.net\/site\/uma-pec-devastadora-e-brutal-critica-bispo-responsavel-pela-pastoral-da-saude\/","og_locale":"pt_BR","og_type":"article","og_title":"\"Uma PEC devastadora e brutal\", critica bispo respons\u00e1vel pela Pastoral da Sa\u00fade - O Arcanjo no ar","og_description":"Em artigo publicado no site da CNBB, Dom Roberto Francisco Ferrer\u00eda Paz critica a PEC e seus \"desdobramentos perversos\"","og_url":"https:\/\/www.oarcanjo.net\/site\/uma-pec-devastadora-e-brutal-critica-bispo-responsavel-pela-pastoral-da-saude\/","og_site_name":"O Arcanjo no ar","article_publisher":"https:\/\/www.facebook.com\/OArcanjoNoAr\/","article_published_time":"2016-10-10T19:20:48+00:00","article_modified_time":"2016-10-10T19:24:18+00:00","og_image":[{"width":300,"height":300,"url":"https:\/\/www.oarcanjo.net\/site\/wp-content\/uploads\/logo-o-arcanjo-no-ar-facebook.png","type":"image\/png"}],"author":"editor","twitter_card":"summary_large_image","twitter_misc":{"Escrito por":"editor","Est. tempo de leitura":"2 minutos"},"schema":{"@context":"https:\/\/schema.org","@graph":[{"@type":"Article","@id":"https:\/\/www.oarcanjo.net\/site\/uma-pec-devastadora-e-brutal-critica-bispo-responsavel-pela-pastoral-da-saude\/#article","isPartOf":{"@id":"https:\/\/www.oarcanjo.net\/site\/uma-pec-devastadora-e-brutal-critica-bispo-responsavel-pela-pastoral-da-saude\/"},"author":{"name":"editor","@id":"https:\/\/www.oarcanjo.net\/site\/#\/schema\/person\/f7024d007863202483a31326673a0838"},"headline":"&#8220;Uma PEC devastadora e brutal&#8221;, critica bispo respons\u00e1vel pela Pastoral da Sa\u00fade","datePublished":"2016-10-10T19:20:48+00:00","dateModified":"2016-10-10T19:24:18+00:00","mainEntityOfPage":{"@id":"https:\/\/www.oarcanjo.net\/site\/uma-pec-devastadora-e-brutal-critica-bispo-responsavel-pela-pastoral-da-saude\/"},"wordCount":321,"commentCount":0,"publisher":{"@id":"https:\/\/www.oarcanjo.net\/site\/#organization"},"articleSection":["Reflex\u00f5es"],"inLanguage":"pt-BR","potentialAction":[{"@type":"CommentAction","name":"Comment","target":["https:\/\/www.oarcanjo.net\/site\/uma-pec-devastadora-e-brutal-critica-bispo-responsavel-pela-pastoral-da-saude\/#respond"]}]},{"@type":"WebPage","@id":"https:\/\/www.oarcanjo.net\/site\/uma-pec-devastadora-e-brutal-critica-bispo-responsavel-pela-pastoral-da-saude\/","url":"https:\/\/www.oarcanjo.net\/site\/uma-pec-devastadora-e-brutal-critica-bispo-responsavel-pela-pastoral-da-saude\/","name":"\"Uma PEC devastadora e brutal\", critica bispo respons\u00e1vel pela Pastoral da Sa\u00fade - O Arcanjo no ar","isPartOf":{"@id":"https:\/\/www.oarcanjo.net\/site\/#website"},"datePublished":"2016-10-10T19:20:48+00:00","dateModified":"2016-10-10T19:24:18+00:00","breadcrumb":{"@id":"https:\/\/www.oarcanjo.net\/site\/uma-pec-devastadora-e-brutal-critica-bispo-responsavel-pela-pastoral-da-saude\/#breadcrumb"},"inLanguage":"pt-BR","potentialAction":[{"@type":"ReadAction","target":["https:\/\/www.oarcanjo.net\/site\/uma-pec-devastadora-e-brutal-critica-bispo-responsavel-pela-pastoral-da-saude\/"]}]},{"@type":"BreadcrumbList","@id":"https:\/\/www.oarcanjo.net\/site\/uma-pec-devastadora-e-brutal-critica-bispo-responsavel-pela-pastoral-da-saude\/#breadcrumb","itemListElement":[{"@type":"ListItem","position":1,"name":"In\u00edcio","item":"https:\/\/www.oarcanjo.net\/site\/"},{"@type":"ListItem","position":2,"name":"&#8220;Uma PEC devastadora e brutal&#8221;, critica bispo respons\u00e1vel pela Pastoral da Sa\u00fade"}]},{"@type":"WebSite","@id":"https:\/\/www.oarcanjo.net\/site\/#website","url":"https:\/\/www.oarcanjo.net\/site\/","name":"O Arcanjo no ar","description":"Site da Par\u00f3quia S\u00e3o Miguel Arcanjo (Arquidiocese de SP)","publisher":{"@id":"https:\/\/www.oarcanjo.net\/site\/#organization"},"potentialAction":[{"@type":"SearchAction","target":{"@type":"EntryPoint","urlTemplate":"https:\/\/www.oarcanjo.net\/site\/?s={search_term_string}"},"query-input":{"@type":"PropertyValueSpecification","valueRequired":true,"valueName":"search_term_string"}}],"inLanguage":"pt-BR"},{"@type":"Organization","@id":"https:\/\/www.oarcanjo.net\/site\/#organization","name":"Par\u00f3quia S\u00e3o Miguel Arcanjo","url":"https:\/\/www.oarcanjo.net\/site\/","logo":{"@type":"ImageObject","inLanguage":"pt-BR","@id":"https:\/\/www.oarcanjo.net\/site\/#\/schema\/logo\/image\/","url":"https:\/\/www.oarcanjo.net\/site\/wp-content\/uploads\/LogoOArcanjo.png","contentUrl":"https:\/\/www.oarcanjo.net\/site\/wp-content\/uploads\/LogoOArcanjo.png","width":319,"height":99,"caption":"Par\u00f3quia S\u00e3o Miguel Arcanjo"},"image":{"@id":"https:\/\/www.oarcanjo.net\/site\/#\/schema\/logo\/image\/"},"sameAs":["https:\/\/www.facebook.com\/OArcanjoNoAr\/"]},{"@type":"Person","@id":"https:\/\/www.oarcanjo.net\/site\/#\/schema\/person\/f7024d007863202483a31326673a0838","name":"editor","sameAs":["http:\/\/www.oarcanjo.net"]}]}},"publishpress_future_action":{"enabled":false,"date":"2026-05-08 09:28:34","action":"category","newStatus":"draft","terms":[],"taxonomy":"category"},"publishpress_future_workflow_manual_trigger":{"enabledWorkflows":[]},"_links":{"self":[{"href":"https:\/\/www.oarcanjo.net\/site\/wp-json\/wp\/v2\/posts\/77308"}],"collection":[{"href":"https:\/\/www.oarcanjo.net\/site\/wp-json\/wp\/v2\/posts"}],"about":[{"href":"https:\/\/www.oarcanjo.net\/site\/wp-json\/wp\/v2\/types\/post"}],"author":[{"embeddable":true,"href":"https:\/\/www.oarcanjo.net\/site\/wp-json\/wp\/v2\/users\/5"}],"replies":[{"embeddable":true,"href":"https:\/\/www.oarcanjo.net\/site\/wp-json\/wp\/v2\/comments?post=77308"}],"version-history":[{"count":0,"href":"https:\/\/www.oarcanjo.net\/site\/wp-json\/wp\/v2\/posts\/77308\/revisions"}],"wp:attachment":[{"href":"https:\/\/www.oarcanjo.net\/site\/wp-json\/wp\/v2\/media?parent=77308"}],"wp:term":[{"taxonomy":"category","embeddable":true,"href":"https:\/\/www.oarcanjo.net\/site\/wp-json\/wp\/v2\/categories?post=77308"},{"taxonomy":"post_tag","embeddable":true,"href":"https:\/\/www.oarcanjo.net\/site\/wp-json\/wp\/v2\/tags?post=77308"}],"curies":[{"name":"wp","href":"https:\/\/api.w.org\/{rel}","templated":true}]}}