
{"id":7733,"date":"2019-02-13T00:29:54","date_gmt":"2019-02-13T02:29:54","guid":{"rendered":"http:\/\/www.oarcanjo.net\/site\/?p=7733"},"modified":"2019-02-12T17:59:28","modified_gmt":"2019-02-12T19:59:28","slug":"sao-martiniano-o-santo-eremita","status":"publish","type":"post","link":"https:\/\/www.oarcanjo.net\/site\/sao-martiniano-o-santo-eremita\/","title":{"rendered":"S\u00e3o Martiniano &#8211; O santo eremita"},"content":{"rendered":"<p><a href=\"http:\/\/4.bp.blogspot.com\/_jdrdHVFEXss\/SZ16_0lVNcI\/AAAAAAAAEpE\/XvLWOgLJInM\/s1600-h\/Martiniano.gif\"><img decoding=\"async\" src=\"http:\/\/4.bp.blogspot.com\/_jdrdHVFEXss\/SZ16_0lVNcI\/AAAAAAAAEpE\/XvLWOgLJInM\/s320\/Martiniano.gif\" border=\"0\" alt=\"\" \/><\/a><\/p>\n<p>13 de Fevereiro<\/p>\n<p>Martiniano era um monge eremita, mas acabou se tornando um andarilho para que o pecado nunca o achasse &#8220;em endere\u00e7o fixo&#8221;.<\/p>\n<p>Martiniano era natural da Cesar\u00e9ia, na Palestina, nasceu no s\u00e9culo quatro. Desde a tenra idade decidiu ligar sua vida \u00e0 Deus e aos dezoito anos ingressou numa comunidade de eremitas, n\u00e3o muito distante da sua cidade, onde se entregou \u00e0 vida reclusa e viveu durante sete anos. A fama de sua sabedoria percorreu a Palestina e Martiniano passou a ser procurado por gente de todo o pa\u00eds que lhe pedia conselhos, orienta\u00e7\u00e3o espiritual, a cura de doen\u00e7as e at\u00e9 a expuls\u00e3o de maus esp\u00edritos. Ganhou fama de santidade e essa fama atraiu Clo\u00e9, uma jovem cortes\u00e3.<\/p>\n<p>Clo\u00e9 era milion\u00e1ria, bela e conhecida como uma mulher de costumes arrojados e pouco recomend\u00e1veis. Fez uma esp\u00e9cie de aposta em seu c\u00edrculo de amizades e afirmou que faria o casto monge se perder. Trocou suas roupas luxuosas por farrapos e procurou Martiniano, pedindo abrigo. Ele deixou que entrasse, acomodou-a e foi para os aposentos do fundo da casa, onde rezou entoando c\u00e2nticos de louvor ao Senhor, antes de se recolher para dormir.<\/p>\n<p>Mesmo assim, Clo\u00e9 n\u00e3o desistiu. Pela manh\u00e3 trocara os farrapos por uma roupa muito sensual, aguardando o ingresso do monge nos aposentos internos da casa. O que logo aconteceu, ela ent\u00e3o utilizou argumentos espertos tentando seduzir Martiniano, mas, ao inv\u00e9s disso, acabou sendo convertida por ele. Clo\u00e9 a partir de ent\u00e3o, se recolheu ao convento de Santa Paula, em Bel\u00e9m, passando ali o resto de seus dias. E se santificou na vida religiosa consagrada \u00e0 Deus.<\/p>\n<p>Por sua vez, Martiniano, que chegou a sentir-se tentado, mudou-se dali para uma ilha. Por\u00e9m, certa vez, naquelas \u00e1guas que rodeavam a ilha ocorreu um naufr\u00e1gio de um navio e uma jovem passageira chamada Fotinia que se salvou lhe pediu abrigo. Ele consentiu que ela ficasse, mas para n\u00e3o sentir a tenta\u00e7\u00e3o novamente abandonou o lugar a nado, apesar do continente ficar muito distante. A tradi\u00e7\u00e3o diz que ele n\u00e3o nadou, mas que Deus mandou dois delfins para apanh\u00e1-lo e lev\u00e1-lo \u00e0 terra firme, s\u00e3o e salvo.<\/p>\n<p>O fato \u00e9 que, depois disso, tomou uma decis\u00e3o radical, tornou-se andarilho para nunca mais ter de abrigar ningu\u00e9m e ser tentado pelo pecado. Vivia da caridade alheia e morreu em Atenas, no ano 400, depois de parar a caminhada numa igreja da cidade. Sabia que o momento chegara, recebeu os sacramentos e partiu para a Casa do Pai serenamente e na santa paz.<\/p>\n<div id=\"themify_builder_content-7733\" data-postid=\"7733\" class=\"themify_builder_content themify_builder_content-7733 themify_builder themify_builder_front\">\n\t<\/div>\n<!-- \/themify_builder_content -->","protected":false},"excerpt":{"rendered":"<p>13 de Fevereiro Martiniano era um monge eremita, mas acabou se tornando um andarilho para que o pecado nunca o achasse &#8220;em endere\u00e7o fixo&#8221;. Martiniano era natural da Cesar\u00e9ia, na Palestina, nasceu no s\u00e9culo quatro. Desde a tenra idade decidiu ligar sua vida \u00e0 Deus e aos dezoito anos ingressou numa comunidade de eremitas, n\u00e3o [&hellip;]<\/p>\n","protected":false},"author":14,"featured_media":0,"comment_status":"open","ping_status":"open","sticky":false,"template":"","format":"standard","meta":{"ngg_post_thumbnail":0,"footnotes":""},"categories":[186],"tags":[1465,1464],"yoast_head":"<!-- This site is optimized with the Yoast SEO plugin v23.5 - https:\/\/yoast.com\/wordpress\/plugins\/seo\/ -->\n<title>S\u00e3o Martiniano - O santo eremita - O Arcanjo no ar<\/title>\n<meta name=\"robots\" content=\"index, follow, max-snippet:-1, max-image-preview:large, max-video-preview:-1\" \/>\n<link rel=\"canonical\" href=\"https:\/\/www.oarcanjo.net\/site\/sao-martiniano-o-santo-eremita\/\" \/>\n<meta property=\"og:locale\" content=\"pt_BR\" \/>\n<meta property=\"og:type\" content=\"article\" \/>\n<meta property=\"og:title\" content=\"S\u00e3o Martiniano - O santo eremita - O Arcanjo no ar\" \/>\n<meta property=\"og:description\" content=\"13 de Fevereiro Martiniano era um monge eremita, mas acabou se tornando um andarilho para que o pecado nunca o achasse &#8220;em endere\u00e7o fixo&#8221;. Martiniano era natural da Cesar\u00e9ia, na Palestina, nasceu no s\u00e9culo quatro. Desde a tenra idade decidiu ligar sua vida \u00e0 Deus e aos dezoito anos ingressou numa comunidade de eremitas, n\u00e3o [&hellip;]\" \/>\n<meta property=\"og:url\" content=\"https:\/\/www.oarcanjo.net\/site\/sao-martiniano-o-santo-eremita\/\" \/>\n<meta property=\"og:site_name\" content=\"O Arcanjo no ar\" \/>\n<meta property=\"article:publisher\" content=\"https:\/\/www.facebook.com\/OArcanjoNoAr\/\" \/>\n<meta property=\"article:published_time\" content=\"2019-02-13T02:29:54+00:00\" \/>\n<meta property=\"article:modified_time\" content=\"2019-02-12T19:59:28+00:00\" \/>\n<meta property=\"og:image\" content=\"http:\/\/4.bp.blogspot.com\/_jdrdHVFEXss\/SZ16_0lVNcI\/AAAAAAAAEpE\/XvLWOgLJInM\/s320\/Martiniano.gif\" \/>\n<meta name=\"author\" content=\"danilo\" \/>\n<meta name=\"twitter:card\" content=\"summary_large_image\" \/>\n<meta name=\"twitter:label1\" content=\"Escrito por\" \/>\n\t<meta name=\"twitter:data1\" content=\"danilo\" \/>\n\t<meta name=\"twitter:label2\" content=\"Est. tempo de leitura\" \/>\n\t<meta name=\"twitter:data2\" content=\"2 minutos\" \/>\n<script type=\"application\/ld+json\" class=\"yoast-schema-graph\">{\"@context\":\"https:\/\/schema.org\",\"@graph\":[{\"@type\":\"Article\",\"@id\":\"https:\/\/www.oarcanjo.net\/site\/sao-martiniano-o-santo-eremita\/#article\",\"isPartOf\":{\"@id\":\"https:\/\/www.oarcanjo.net\/site\/sao-martiniano-o-santo-eremita\/\"},\"author\":{\"name\":\"danilo\",\"@id\":\"https:\/\/www.oarcanjo.net\/site\/#\/schema\/person\/5eb9480bedd2f3c97e430ce128c29c6c\"},\"headline\":\"S\u00e3o Martiniano &#8211; O santo eremita\",\"datePublished\":\"2019-02-13T02:29:54+00:00\",\"dateModified\":\"2019-02-12T19:59:28+00:00\",\"mainEntityOfPage\":{\"@id\":\"https:\/\/www.oarcanjo.net\/site\/sao-martiniano-o-santo-eremita\/\"},\"wordCount\":450,\"commentCount\":0,\"publisher\":{\"@id\":\"https:\/\/www.oarcanjo.net\/site\/#organization\"},\"image\":{\"@id\":\"https:\/\/www.oarcanjo.net\/site\/sao-martiniano-o-santo-eremita\/#primaryimage\"},\"thumbnailUrl\":\"http:\/\/4.bp.blogspot.com\/_jdrdHVFEXss\/SZ16_0lVNcI\/AAAAAAAAEpE\/XvLWOgLJInM\/s320\/Martiniano.gif\",\"keywords\":[\"O santo eremita\",\"S\u00e3o Martiniano\"],\"articleSection\":[\"Testemunhos\"],\"inLanguage\":\"pt-BR\",\"potentialAction\":[{\"@type\":\"CommentAction\",\"name\":\"Comment\",\"target\":[\"https:\/\/www.oarcanjo.net\/site\/sao-martiniano-o-santo-eremita\/#respond\"]}]},{\"@type\":\"WebPage\",\"@id\":\"https:\/\/www.oarcanjo.net\/site\/sao-martiniano-o-santo-eremita\/\",\"url\":\"https:\/\/www.oarcanjo.net\/site\/sao-martiniano-o-santo-eremita\/\",\"name\":\"S\u00e3o Martiniano - O santo eremita - O Arcanjo no ar\",\"isPartOf\":{\"@id\":\"https:\/\/www.oarcanjo.net\/site\/#website\"},\"primaryImageOfPage\":{\"@id\":\"https:\/\/www.oarcanjo.net\/site\/sao-martiniano-o-santo-eremita\/#primaryimage\"},\"image\":{\"@id\":\"https:\/\/www.oarcanjo.net\/site\/sao-martiniano-o-santo-eremita\/#primaryimage\"},\"thumbnailUrl\":\"http:\/\/4.bp.blogspot.com\/_jdrdHVFEXss\/SZ16_0lVNcI\/AAAAAAAAEpE\/XvLWOgLJInM\/s320\/Martiniano.gif\",\"datePublished\":\"2019-02-13T02:29:54+00:00\",\"dateModified\":\"2019-02-12T19:59:28+00:00\",\"breadcrumb\":{\"@id\":\"https:\/\/www.oarcanjo.net\/site\/sao-martiniano-o-santo-eremita\/#breadcrumb\"},\"inLanguage\":\"pt-BR\",\"potentialAction\":[{\"@type\":\"ReadAction\",\"target\":[\"https:\/\/www.oarcanjo.net\/site\/sao-martiniano-o-santo-eremita\/\"]}]},{\"@type\":\"ImageObject\",\"inLanguage\":\"pt-BR\",\"@id\":\"https:\/\/www.oarcanjo.net\/site\/sao-martiniano-o-santo-eremita\/#primaryimage\",\"url\":\"http:\/\/4.bp.blogspot.com\/_jdrdHVFEXss\/SZ16_0lVNcI\/AAAAAAAAEpE\/XvLWOgLJInM\/s320\/Martiniano.gif\",\"contentUrl\":\"http:\/\/4.bp.blogspot.com\/_jdrdHVFEXss\/SZ16_0lVNcI\/AAAAAAAAEpE\/XvLWOgLJInM\/s320\/Martiniano.gif\"},{\"@type\":\"BreadcrumbList\",\"@id\":\"https:\/\/www.oarcanjo.net\/site\/sao-martiniano-o-santo-eremita\/#breadcrumb\",\"itemListElement\":[{\"@type\":\"ListItem\",\"position\":1,\"name\":\"In\u00edcio\",\"item\":\"https:\/\/www.oarcanjo.net\/site\/\"},{\"@type\":\"ListItem\",\"position\":2,\"name\":\"S\u00e3o Martiniano &#8211; O santo eremita\"}]},{\"@type\":\"WebSite\",\"@id\":\"https:\/\/www.oarcanjo.net\/site\/#website\",\"url\":\"https:\/\/www.oarcanjo.net\/site\/\",\"name\":\"O Arcanjo no ar\",\"description\":\"Site da Par\u00f3quia S\u00e3o Miguel Arcanjo (Arquidiocese de SP)\",\"publisher\":{\"@id\":\"https:\/\/www.oarcanjo.net\/site\/#organization\"},\"potentialAction\":[{\"@type\":\"SearchAction\",\"target\":{\"@type\":\"EntryPoint\",\"urlTemplate\":\"https:\/\/www.oarcanjo.net\/site\/?s={search_term_string}\"},\"query-input\":{\"@type\":\"PropertyValueSpecification\",\"valueRequired\":true,\"valueName\":\"search_term_string\"}}],\"inLanguage\":\"pt-BR\"},{\"@type\":\"Organization\",\"@id\":\"https:\/\/www.oarcanjo.net\/site\/#organization\",\"name\":\"Par\u00f3quia S\u00e3o Miguel Arcanjo\",\"url\":\"https:\/\/www.oarcanjo.net\/site\/\",\"logo\":{\"@type\":\"ImageObject\",\"inLanguage\":\"pt-BR\",\"@id\":\"https:\/\/www.oarcanjo.net\/site\/#\/schema\/logo\/image\/\",\"url\":\"https:\/\/www.oarcanjo.net\/site\/wp-content\/uploads\/LogoOArcanjo.png\",\"contentUrl\":\"https:\/\/www.oarcanjo.net\/site\/wp-content\/uploads\/LogoOArcanjo.png\",\"width\":319,\"height\":99,\"caption\":\"Par\u00f3quia S\u00e3o Miguel Arcanjo\"},\"image\":{\"@id\":\"https:\/\/www.oarcanjo.net\/site\/#\/schema\/logo\/image\/\"},\"sameAs\":[\"https:\/\/www.facebook.com\/OArcanjoNoAr\/\"]},{\"@type\":\"Person\",\"@id\":\"https:\/\/www.oarcanjo.net\/site\/#\/schema\/person\/5eb9480bedd2f3c97e430ce128c29c6c\",\"name\":\"danilo\"}]}<\/script>\n<!-- \/ Yoast SEO plugin. -->","yoast_head_json":{"title":"S\u00e3o Martiniano - O santo eremita - O Arcanjo no ar","robots":{"index":"index","follow":"follow","max-snippet":"max-snippet:-1","max-image-preview":"max-image-preview:large","max-video-preview":"max-video-preview:-1"},"canonical":"https:\/\/www.oarcanjo.net\/site\/sao-martiniano-o-santo-eremita\/","og_locale":"pt_BR","og_type":"article","og_title":"S\u00e3o Martiniano - O santo eremita - O Arcanjo no ar","og_description":"13 de Fevereiro Martiniano era um monge eremita, mas acabou se tornando um andarilho para que o pecado nunca o achasse &#8220;em endere\u00e7o fixo&#8221;. Martiniano era natural da Cesar\u00e9ia, na Palestina, nasceu no s\u00e9culo quatro. Desde a tenra idade decidiu ligar sua vida \u00e0 Deus e aos dezoito anos ingressou numa comunidade de eremitas, n\u00e3o [&hellip;]","og_url":"https:\/\/www.oarcanjo.net\/site\/sao-martiniano-o-santo-eremita\/","og_site_name":"O Arcanjo no ar","article_publisher":"https:\/\/www.facebook.com\/OArcanjoNoAr\/","article_published_time":"2019-02-13T02:29:54+00:00","article_modified_time":"2019-02-12T19:59:28+00:00","og_image":[{"url":"http:\/\/4.bp.blogspot.com\/_jdrdHVFEXss\/SZ16_0lVNcI\/AAAAAAAAEpE\/XvLWOgLJInM\/s320\/Martiniano.gif"}],"author":"danilo","twitter_card":"summary_large_image","twitter_misc":{"Escrito por":"danilo","Est. tempo de leitura":"2 minutos"},"schema":{"@context":"https:\/\/schema.org","@graph":[{"@type":"Article","@id":"https:\/\/www.oarcanjo.net\/site\/sao-martiniano-o-santo-eremita\/#article","isPartOf":{"@id":"https:\/\/www.oarcanjo.net\/site\/sao-martiniano-o-santo-eremita\/"},"author":{"name":"danilo","@id":"https:\/\/www.oarcanjo.net\/site\/#\/schema\/person\/5eb9480bedd2f3c97e430ce128c29c6c"},"headline":"S\u00e3o Martiniano &#8211; O santo eremita","datePublished":"2019-02-13T02:29:54+00:00","dateModified":"2019-02-12T19:59:28+00:00","mainEntityOfPage":{"@id":"https:\/\/www.oarcanjo.net\/site\/sao-martiniano-o-santo-eremita\/"},"wordCount":450,"commentCount":0,"publisher":{"@id":"https:\/\/www.oarcanjo.net\/site\/#organization"},"image":{"@id":"https:\/\/www.oarcanjo.net\/site\/sao-martiniano-o-santo-eremita\/#primaryimage"},"thumbnailUrl":"http:\/\/4.bp.blogspot.com\/_jdrdHVFEXss\/SZ16_0lVNcI\/AAAAAAAAEpE\/XvLWOgLJInM\/s320\/Martiniano.gif","keywords":["O santo eremita","S\u00e3o Martiniano"],"articleSection":["Testemunhos"],"inLanguage":"pt-BR","potentialAction":[{"@type":"CommentAction","name":"Comment","target":["https:\/\/www.oarcanjo.net\/site\/sao-martiniano-o-santo-eremita\/#respond"]}]},{"@type":"WebPage","@id":"https:\/\/www.oarcanjo.net\/site\/sao-martiniano-o-santo-eremita\/","url":"https:\/\/www.oarcanjo.net\/site\/sao-martiniano-o-santo-eremita\/","name":"S\u00e3o Martiniano - O santo eremita - O Arcanjo no ar","isPartOf":{"@id":"https:\/\/www.oarcanjo.net\/site\/#website"},"primaryImageOfPage":{"@id":"https:\/\/www.oarcanjo.net\/site\/sao-martiniano-o-santo-eremita\/#primaryimage"},"image":{"@id":"https:\/\/www.oarcanjo.net\/site\/sao-martiniano-o-santo-eremita\/#primaryimage"},"thumbnailUrl":"http:\/\/4.bp.blogspot.com\/_jdrdHVFEXss\/SZ16_0lVNcI\/AAAAAAAAEpE\/XvLWOgLJInM\/s320\/Martiniano.gif","datePublished":"2019-02-13T02:29:54+00:00","dateModified":"2019-02-12T19:59:28+00:00","breadcrumb":{"@id":"https:\/\/www.oarcanjo.net\/site\/sao-martiniano-o-santo-eremita\/#breadcrumb"},"inLanguage":"pt-BR","potentialAction":[{"@type":"ReadAction","target":["https:\/\/www.oarcanjo.net\/site\/sao-martiniano-o-santo-eremita\/"]}]},{"@type":"ImageObject","inLanguage":"pt-BR","@id":"https:\/\/www.oarcanjo.net\/site\/sao-martiniano-o-santo-eremita\/#primaryimage","url":"http:\/\/4.bp.blogspot.com\/_jdrdHVFEXss\/SZ16_0lVNcI\/AAAAAAAAEpE\/XvLWOgLJInM\/s320\/Martiniano.gif","contentUrl":"http:\/\/4.bp.blogspot.com\/_jdrdHVFEXss\/SZ16_0lVNcI\/AAAAAAAAEpE\/XvLWOgLJInM\/s320\/Martiniano.gif"},{"@type":"BreadcrumbList","@id":"https:\/\/www.oarcanjo.net\/site\/sao-martiniano-o-santo-eremita\/#breadcrumb","itemListElement":[{"@type":"ListItem","position":1,"name":"In\u00edcio","item":"https:\/\/www.oarcanjo.net\/site\/"},{"@type":"ListItem","position":2,"name":"S\u00e3o Martiniano &#8211; O santo eremita"}]},{"@type":"WebSite","@id":"https:\/\/www.oarcanjo.net\/site\/#website","url":"https:\/\/www.oarcanjo.net\/site\/","name":"O Arcanjo no ar","description":"Site da Par\u00f3quia S\u00e3o Miguel Arcanjo (Arquidiocese de SP)","publisher":{"@id":"https:\/\/www.oarcanjo.net\/site\/#organization"},"potentialAction":[{"@type":"SearchAction","target":{"@type":"EntryPoint","urlTemplate":"https:\/\/www.oarcanjo.net\/site\/?s={search_term_string}"},"query-input":{"@type":"PropertyValueSpecification","valueRequired":true,"valueName":"search_term_string"}}],"inLanguage":"pt-BR"},{"@type":"Organization","@id":"https:\/\/www.oarcanjo.net\/site\/#organization","name":"Par\u00f3quia S\u00e3o Miguel Arcanjo","url":"https:\/\/www.oarcanjo.net\/site\/","logo":{"@type":"ImageObject","inLanguage":"pt-BR","@id":"https:\/\/www.oarcanjo.net\/site\/#\/schema\/logo\/image\/","url":"https:\/\/www.oarcanjo.net\/site\/wp-content\/uploads\/LogoOArcanjo.png","contentUrl":"https:\/\/www.oarcanjo.net\/site\/wp-content\/uploads\/LogoOArcanjo.png","width":319,"height":99,"caption":"Par\u00f3quia S\u00e3o Miguel Arcanjo"},"image":{"@id":"https:\/\/www.oarcanjo.net\/site\/#\/schema\/logo\/image\/"},"sameAs":["https:\/\/www.facebook.com\/OArcanjoNoAr\/"]},{"@type":"Person","@id":"https:\/\/www.oarcanjo.net\/site\/#\/schema\/person\/5eb9480bedd2f3c97e430ce128c29c6c","name":"danilo"}]}},"publishpress_future_action":{"enabled":false,"date":"2026-05-08 03:38:58","action":"category","newStatus":"draft","terms":[],"taxonomy":"category"},"publishpress_future_workflow_manual_trigger":{"enabledWorkflows":[]},"_links":{"self":[{"href":"https:\/\/www.oarcanjo.net\/site\/wp-json\/wp\/v2\/posts\/7733"}],"collection":[{"href":"https:\/\/www.oarcanjo.net\/site\/wp-json\/wp\/v2\/posts"}],"about":[{"href":"https:\/\/www.oarcanjo.net\/site\/wp-json\/wp\/v2\/types\/post"}],"author":[{"embeddable":true,"href":"https:\/\/www.oarcanjo.net\/site\/wp-json\/wp\/v2\/users\/14"}],"replies":[{"embeddable":true,"href":"https:\/\/www.oarcanjo.net\/site\/wp-json\/wp\/v2\/comments?post=7733"}],"version-history":[{"count":1,"href":"https:\/\/www.oarcanjo.net\/site\/wp-json\/wp\/v2\/posts\/7733\/revisions"}],"predecessor-version":[{"id":92807,"href":"https:\/\/www.oarcanjo.net\/site\/wp-json\/wp\/v2\/posts\/7733\/revisions\/92807"}],"wp:attachment":[{"href":"https:\/\/www.oarcanjo.net\/site\/wp-json\/wp\/v2\/media?parent=7733"}],"wp:term":[{"taxonomy":"category","embeddable":true,"href":"https:\/\/www.oarcanjo.net\/site\/wp-json\/wp\/v2\/categories?post=7733"},{"taxonomy":"post_tag","embeddable":true,"href":"https:\/\/www.oarcanjo.net\/site\/wp-json\/wp\/v2\/tags?post=7733"}],"curies":[{"name":"wp","href":"https:\/\/api.w.org\/{rel}","templated":true}]}}