
{"id":77339,"date":"2016-10-23T22:21:05","date_gmt":"2016-10-24T00:21:05","guid":{"rendered":"http:\/\/www.oarcanjo.net\/site\/?p=77339"},"modified":"2016-10-23T22:23:05","modified_gmt":"2016-10-24T00:23:05","slug":"nota-da-cnbb-sobre-a-pec-241","status":"publish","type":"post","link":"https:\/\/www.oarcanjo.net\/site\/nota-da-cnbb-sobre-a-pec-241\/","title":{"rendered":"Nota da CNBB sobre a PEC 241"},"content":{"rendered":"<p><em>\u201cNenhuma fam\u00edlia sem casa,<br \/>\nNenhum campon\u00eas sem terra,<br \/>\nNenhum trabalhador sem direitos,<br \/>\nNenhuma pessoa sem dignidade\u201d.<br \/>\nPapa Francisco.<\/em><\/p>\n<p>N\u00f3s, Comiss\u00e3o Episcopal Pastoral para o Servi\u00e7o da Caridade, da Justi\u00e7a e da Paz, e bispos referenciais das Pastorais Sociais, da Confer\u00eancia Nacional dos Bispos do Brasil, reunidos em Bras\u00edlia, nos dias 18 e 19 de outubro de 2016, manifestamos nossa preocupa\u00e7\u00e3o com o cen\u00e1rio de retrocessos dos direitos sociais em curso no Brasil.<\/p>\n<p>Entendemos que as propostas de reforma trabalhista e terceiriza\u00e7\u00e3o, reforma do Ensino M\u00e9dio, reforma da Previd\u00eancia Social e, sobretudo, a Proposta de Emenda Constitucional, PEC 241\/2016, que estabelece teto nos recursos p\u00fablicos para as pol\u00edticas sociais, por 20 anos, colocam em risco os direitos sociais do povo brasileiro, sobretudo dos empobrecidos.<\/p>\n<p>Em sintonia com a Doutrina Social da Igreja Cat\u00f3lica, n\u00e3o se pode equilibrar as contas cortando os investimentos nos servi\u00e7os p\u00fablicos que atendem aos mais pobres de nossa na\u00e7\u00e3o. N\u00e3o \u00e9 justo que os pobres paguem essa conta, enquanto outros setores continuam lucrando com a crise.<\/p>\n<p>Afirmamos nossa solidariedade com os Movimentos Sociais, principalmente de trabalhadores e trabalhadoras, e com a juventude, que manifestam seu descontentamento com as propostas do governo, bem como todas as organiza\u00e7\u00f5es que lutam na defesa dos direitos da popula\u00e7\u00e3o.<br \/>\nEncorajamos as Pastorais Sociais a participarem, com os demais movimentos e organiza\u00e7\u00f5es populares, na defesa das conquistas sociais garantidas na Constitui\u00e7\u00e3o Federal de 1988, na qual a CNBB tanto se empenhou no final da d\u00e9cada de 1980. N\u00e3o desanimemos diante das dificuldades. Somos povo da esperan\u00e7a!<\/p>\n<p>Com compromisso prof\u00e9tico, denunciamos, como fez o Profeta Am\u00f3s: \u201cEles vendem o justo por dinheiro, o indigente, por um par de sand\u00e1lias; esmagam a cabe\u00e7a dos fracos no p\u00f3 da terra e tornam a vida dos oprimidos imposs\u00edvel\u201d (Am 2,6-7).<br \/>\nO Esp\u00edrito do Senhor nos anima no servi\u00e7o da Caridade, da Justi\u00e7a e da Paz. Com Maria cantamos a grandeza de Deus que \u201cderruba os poderosos de seus tronos e exalta os humildes; enche de bens os famintos e manda embora os ricos de m\u00e3os vazias\u201d (Lc 1, 51s).<\/p>\n<p>Bras\u00edlia, 19 de Outubro de 2016.<\/p>\n<p>Dom Guilherme Werlang<br \/>\nBispo de Ipameri &#8211; GO<br \/>\nPresidente da Comiss\u00e3o Episcopal Pastoral para<br \/>\no Servi\u00e7o da Caridade, da Justi\u00e7a e da Paz<\/p>\n<div id=\"themify_builder_content-77339\" data-postid=\"77339\" class=\"themify_builder_content themify_builder_content-77339 themify_builder themify_builder_front\">\n\t<\/div>\n<!-- \/themify_builder_content -->","protected":false},"excerpt":{"rendered":"<p>\u201cNenhuma fam\u00edlia sem casa, Nenhum campon\u00eas sem terra, Nenhum trabalhador sem direitos, Nenhuma pessoa sem dignidade\u201d. Papa Francisco. N\u00f3s, Comiss\u00e3o Episcopal Pastoral para o Servi\u00e7o da Caridade, da Justi\u00e7a e da Paz, e bispos referenciais das Pastorais Sociais, da Confer\u00eancia Nacional dos Bispos do Brasil, reunidos em Bras\u00edlia, nos dias 18 e 19 de outubro [&hellip;]<\/p>\n","protected":false},"author":5,"featured_media":0,"comment_status":"open","ping_status":"open","sticky":false,"template":"","format":"standard","meta":{"ngg_post_thumbnail":0,"footnotes":""},"categories":[9],"tags":[],"yoast_head":"<!-- This site is optimized with the Yoast SEO plugin v23.5 - https:\/\/yoast.com\/wordpress\/plugins\/seo\/ -->\n<title>Nota da CNBB sobre a PEC 241 - O Arcanjo no ar<\/title>\n<meta name=\"robots\" content=\"index, follow, max-snippet:-1, max-image-preview:large, max-video-preview:-1\" \/>\n<link rel=\"canonical\" href=\"https:\/\/www.oarcanjo.net\/site\/nota-da-cnbb-sobre-a-pec-241\/\" \/>\n<meta property=\"og:locale\" content=\"pt_BR\" \/>\n<meta property=\"og:type\" content=\"article\" \/>\n<meta property=\"og:title\" content=\"Nota da CNBB sobre a PEC 241 - O Arcanjo no ar\" \/>\n<meta property=\"og:description\" content=\"\u201cNenhuma fam\u00edlia sem casa, Nenhum campon\u00eas sem terra, Nenhum trabalhador sem direitos, Nenhuma pessoa sem dignidade\u201d. Papa Francisco. N\u00f3s, Comiss\u00e3o Episcopal Pastoral para o Servi\u00e7o da Caridade, da Justi\u00e7a e da Paz, e bispos referenciais das Pastorais Sociais, da Confer\u00eancia Nacional dos Bispos do Brasil, reunidos em Bras\u00edlia, nos dias 18 e 19 de outubro [&hellip;]\" \/>\n<meta property=\"og:url\" content=\"https:\/\/www.oarcanjo.net\/site\/nota-da-cnbb-sobre-a-pec-241\/\" \/>\n<meta property=\"og:site_name\" content=\"O Arcanjo no ar\" \/>\n<meta property=\"article:publisher\" content=\"https:\/\/www.facebook.com\/OArcanjoNoAr\/\" \/>\n<meta property=\"article:published_time\" content=\"2016-10-24T00:21:05+00:00\" \/>\n<meta property=\"article:modified_time\" content=\"2016-10-24T00:23:05+00:00\" \/>\n<meta property=\"og:image\" content=\"https:\/\/www.oarcanjo.net\/site\/wp-content\/uploads\/logo-o-arcanjo-no-ar-facebook.png\" \/>\n\t<meta property=\"og:image:width\" content=\"300\" \/>\n\t<meta property=\"og:image:height\" content=\"300\" \/>\n\t<meta property=\"og:image:type\" content=\"image\/png\" \/>\n<meta name=\"author\" content=\"editor\" \/>\n<meta name=\"twitter:card\" content=\"summary_large_image\" \/>\n<meta name=\"twitter:label1\" content=\"Escrito por\" \/>\n\t<meta name=\"twitter:data1\" content=\"editor\" \/>\n\t<meta name=\"twitter:label2\" content=\"Est. tempo de leitura\" \/>\n\t<meta name=\"twitter:data2\" content=\"2 minutos\" \/>\n<script type=\"application\/ld+json\" class=\"yoast-schema-graph\">{\"@context\":\"https:\/\/schema.org\",\"@graph\":[{\"@type\":\"Article\",\"@id\":\"https:\/\/www.oarcanjo.net\/site\/nota-da-cnbb-sobre-a-pec-241\/#article\",\"isPartOf\":{\"@id\":\"https:\/\/www.oarcanjo.net\/site\/nota-da-cnbb-sobre-a-pec-241\/\"},\"author\":{\"name\":\"editor\",\"@id\":\"https:\/\/www.oarcanjo.net\/site\/#\/schema\/person\/f7024d007863202483a31326673a0838\"},\"headline\":\"Nota da CNBB sobre a PEC 241\",\"datePublished\":\"2016-10-24T00:21:05+00:00\",\"dateModified\":\"2016-10-24T00:23:05+00:00\",\"mainEntityOfPage\":{\"@id\":\"https:\/\/www.oarcanjo.net\/site\/nota-da-cnbb-sobre-a-pec-241\/\"},\"wordCount\":407,\"commentCount\":0,\"publisher\":{\"@id\":\"https:\/\/www.oarcanjo.net\/site\/#organization\"},\"articleSection\":[\"Reflex\u00f5es\"],\"inLanguage\":\"pt-BR\",\"potentialAction\":[{\"@type\":\"CommentAction\",\"name\":\"Comment\",\"target\":[\"https:\/\/www.oarcanjo.net\/site\/nota-da-cnbb-sobre-a-pec-241\/#respond\"]}]},{\"@type\":\"WebPage\",\"@id\":\"https:\/\/www.oarcanjo.net\/site\/nota-da-cnbb-sobre-a-pec-241\/\",\"url\":\"https:\/\/www.oarcanjo.net\/site\/nota-da-cnbb-sobre-a-pec-241\/\",\"name\":\"Nota da CNBB sobre a PEC 241 - O Arcanjo no ar\",\"isPartOf\":{\"@id\":\"https:\/\/www.oarcanjo.net\/site\/#website\"},\"datePublished\":\"2016-10-24T00:21:05+00:00\",\"dateModified\":\"2016-10-24T00:23:05+00:00\",\"breadcrumb\":{\"@id\":\"https:\/\/www.oarcanjo.net\/site\/nota-da-cnbb-sobre-a-pec-241\/#breadcrumb\"},\"inLanguage\":\"pt-BR\",\"potentialAction\":[{\"@type\":\"ReadAction\",\"target\":[\"https:\/\/www.oarcanjo.net\/site\/nota-da-cnbb-sobre-a-pec-241\/\"]}]},{\"@type\":\"BreadcrumbList\",\"@id\":\"https:\/\/www.oarcanjo.net\/site\/nota-da-cnbb-sobre-a-pec-241\/#breadcrumb\",\"itemListElement\":[{\"@type\":\"ListItem\",\"position\":1,\"name\":\"In\u00edcio\",\"item\":\"https:\/\/www.oarcanjo.net\/site\/\"},{\"@type\":\"ListItem\",\"position\":2,\"name\":\"Nota da CNBB sobre a PEC 241\"}]},{\"@type\":\"WebSite\",\"@id\":\"https:\/\/www.oarcanjo.net\/site\/#website\",\"url\":\"https:\/\/www.oarcanjo.net\/site\/\",\"name\":\"O Arcanjo no ar\",\"description\":\"Site da Par\u00f3quia S\u00e3o Miguel Arcanjo (Arquidiocese de SP)\",\"publisher\":{\"@id\":\"https:\/\/www.oarcanjo.net\/site\/#organization\"},\"potentialAction\":[{\"@type\":\"SearchAction\",\"target\":{\"@type\":\"EntryPoint\",\"urlTemplate\":\"https:\/\/www.oarcanjo.net\/site\/?s={search_term_string}\"},\"query-input\":{\"@type\":\"PropertyValueSpecification\",\"valueRequired\":true,\"valueName\":\"search_term_string\"}}],\"inLanguage\":\"pt-BR\"},{\"@type\":\"Organization\",\"@id\":\"https:\/\/www.oarcanjo.net\/site\/#organization\",\"name\":\"Par\u00f3quia S\u00e3o Miguel Arcanjo\",\"url\":\"https:\/\/www.oarcanjo.net\/site\/\",\"logo\":{\"@type\":\"ImageObject\",\"inLanguage\":\"pt-BR\",\"@id\":\"https:\/\/www.oarcanjo.net\/site\/#\/schema\/logo\/image\/\",\"url\":\"https:\/\/www.oarcanjo.net\/site\/wp-content\/uploads\/LogoOArcanjo.png\",\"contentUrl\":\"https:\/\/www.oarcanjo.net\/site\/wp-content\/uploads\/LogoOArcanjo.png\",\"width\":319,\"height\":99,\"caption\":\"Par\u00f3quia S\u00e3o Miguel Arcanjo\"},\"image\":{\"@id\":\"https:\/\/www.oarcanjo.net\/site\/#\/schema\/logo\/image\/\"},\"sameAs\":[\"https:\/\/www.facebook.com\/OArcanjoNoAr\/\"]},{\"@type\":\"Person\",\"@id\":\"https:\/\/www.oarcanjo.net\/site\/#\/schema\/person\/f7024d007863202483a31326673a0838\",\"name\":\"editor\",\"sameAs\":[\"http:\/\/www.oarcanjo.net\"]}]}<\/script>\n<!-- \/ Yoast SEO plugin. -->","yoast_head_json":{"title":"Nota da CNBB sobre a PEC 241 - O Arcanjo no ar","robots":{"index":"index","follow":"follow","max-snippet":"max-snippet:-1","max-image-preview":"max-image-preview:large","max-video-preview":"max-video-preview:-1"},"canonical":"https:\/\/www.oarcanjo.net\/site\/nota-da-cnbb-sobre-a-pec-241\/","og_locale":"pt_BR","og_type":"article","og_title":"Nota da CNBB sobre a PEC 241 - O Arcanjo no ar","og_description":"\u201cNenhuma fam\u00edlia sem casa, Nenhum campon\u00eas sem terra, Nenhum trabalhador sem direitos, Nenhuma pessoa sem dignidade\u201d. Papa Francisco. N\u00f3s, Comiss\u00e3o Episcopal Pastoral para o Servi\u00e7o da Caridade, da Justi\u00e7a e da Paz, e bispos referenciais das Pastorais Sociais, da Confer\u00eancia Nacional dos Bispos do Brasil, reunidos em Bras\u00edlia, nos dias 18 e 19 de outubro [&hellip;]","og_url":"https:\/\/www.oarcanjo.net\/site\/nota-da-cnbb-sobre-a-pec-241\/","og_site_name":"O Arcanjo no ar","article_publisher":"https:\/\/www.facebook.com\/OArcanjoNoAr\/","article_published_time":"2016-10-24T00:21:05+00:00","article_modified_time":"2016-10-24T00:23:05+00:00","og_image":[{"width":300,"height":300,"url":"https:\/\/www.oarcanjo.net\/site\/wp-content\/uploads\/logo-o-arcanjo-no-ar-facebook.png","type":"image\/png"}],"author":"editor","twitter_card":"summary_large_image","twitter_misc":{"Escrito por":"editor","Est. tempo de leitura":"2 minutos"},"schema":{"@context":"https:\/\/schema.org","@graph":[{"@type":"Article","@id":"https:\/\/www.oarcanjo.net\/site\/nota-da-cnbb-sobre-a-pec-241\/#article","isPartOf":{"@id":"https:\/\/www.oarcanjo.net\/site\/nota-da-cnbb-sobre-a-pec-241\/"},"author":{"name":"editor","@id":"https:\/\/www.oarcanjo.net\/site\/#\/schema\/person\/f7024d007863202483a31326673a0838"},"headline":"Nota da CNBB sobre a PEC 241","datePublished":"2016-10-24T00:21:05+00:00","dateModified":"2016-10-24T00:23:05+00:00","mainEntityOfPage":{"@id":"https:\/\/www.oarcanjo.net\/site\/nota-da-cnbb-sobre-a-pec-241\/"},"wordCount":407,"commentCount":0,"publisher":{"@id":"https:\/\/www.oarcanjo.net\/site\/#organization"},"articleSection":["Reflex\u00f5es"],"inLanguage":"pt-BR","potentialAction":[{"@type":"CommentAction","name":"Comment","target":["https:\/\/www.oarcanjo.net\/site\/nota-da-cnbb-sobre-a-pec-241\/#respond"]}]},{"@type":"WebPage","@id":"https:\/\/www.oarcanjo.net\/site\/nota-da-cnbb-sobre-a-pec-241\/","url":"https:\/\/www.oarcanjo.net\/site\/nota-da-cnbb-sobre-a-pec-241\/","name":"Nota da CNBB sobre a PEC 241 - O Arcanjo no ar","isPartOf":{"@id":"https:\/\/www.oarcanjo.net\/site\/#website"},"datePublished":"2016-10-24T00:21:05+00:00","dateModified":"2016-10-24T00:23:05+00:00","breadcrumb":{"@id":"https:\/\/www.oarcanjo.net\/site\/nota-da-cnbb-sobre-a-pec-241\/#breadcrumb"},"inLanguage":"pt-BR","potentialAction":[{"@type":"ReadAction","target":["https:\/\/www.oarcanjo.net\/site\/nota-da-cnbb-sobre-a-pec-241\/"]}]},{"@type":"BreadcrumbList","@id":"https:\/\/www.oarcanjo.net\/site\/nota-da-cnbb-sobre-a-pec-241\/#breadcrumb","itemListElement":[{"@type":"ListItem","position":1,"name":"In\u00edcio","item":"https:\/\/www.oarcanjo.net\/site\/"},{"@type":"ListItem","position":2,"name":"Nota da CNBB sobre a PEC 241"}]},{"@type":"WebSite","@id":"https:\/\/www.oarcanjo.net\/site\/#website","url":"https:\/\/www.oarcanjo.net\/site\/","name":"O Arcanjo no ar","description":"Site da Par\u00f3quia S\u00e3o Miguel Arcanjo (Arquidiocese de SP)","publisher":{"@id":"https:\/\/www.oarcanjo.net\/site\/#organization"},"potentialAction":[{"@type":"SearchAction","target":{"@type":"EntryPoint","urlTemplate":"https:\/\/www.oarcanjo.net\/site\/?s={search_term_string}"},"query-input":{"@type":"PropertyValueSpecification","valueRequired":true,"valueName":"search_term_string"}}],"inLanguage":"pt-BR"},{"@type":"Organization","@id":"https:\/\/www.oarcanjo.net\/site\/#organization","name":"Par\u00f3quia S\u00e3o Miguel Arcanjo","url":"https:\/\/www.oarcanjo.net\/site\/","logo":{"@type":"ImageObject","inLanguage":"pt-BR","@id":"https:\/\/www.oarcanjo.net\/site\/#\/schema\/logo\/image\/","url":"https:\/\/www.oarcanjo.net\/site\/wp-content\/uploads\/LogoOArcanjo.png","contentUrl":"https:\/\/www.oarcanjo.net\/site\/wp-content\/uploads\/LogoOArcanjo.png","width":319,"height":99,"caption":"Par\u00f3quia S\u00e3o Miguel Arcanjo"},"image":{"@id":"https:\/\/www.oarcanjo.net\/site\/#\/schema\/logo\/image\/"},"sameAs":["https:\/\/www.facebook.com\/OArcanjoNoAr\/"]},{"@type":"Person","@id":"https:\/\/www.oarcanjo.net\/site\/#\/schema\/person\/f7024d007863202483a31326673a0838","name":"editor","sameAs":["http:\/\/www.oarcanjo.net"]}]}},"publishpress_future_action":{"enabled":false,"date":"2026-05-08 10:48:59","action":"category","newStatus":"draft","terms":[],"taxonomy":"category"},"publishpress_future_workflow_manual_trigger":{"enabledWorkflows":[]},"_links":{"self":[{"href":"https:\/\/www.oarcanjo.net\/site\/wp-json\/wp\/v2\/posts\/77339"}],"collection":[{"href":"https:\/\/www.oarcanjo.net\/site\/wp-json\/wp\/v2\/posts"}],"about":[{"href":"https:\/\/www.oarcanjo.net\/site\/wp-json\/wp\/v2\/types\/post"}],"author":[{"embeddable":true,"href":"https:\/\/www.oarcanjo.net\/site\/wp-json\/wp\/v2\/users\/5"}],"replies":[{"embeddable":true,"href":"https:\/\/www.oarcanjo.net\/site\/wp-json\/wp\/v2\/comments?post=77339"}],"version-history":[{"count":0,"href":"https:\/\/www.oarcanjo.net\/site\/wp-json\/wp\/v2\/posts\/77339\/revisions"}],"wp:attachment":[{"href":"https:\/\/www.oarcanjo.net\/site\/wp-json\/wp\/v2\/media?parent=77339"}],"wp:term":[{"taxonomy":"category","embeddable":true,"href":"https:\/\/www.oarcanjo.net\/site\/wp-json\/wp\/v2\/categories?post=77339"},{"taxonomy":"post_tag","embeddable":true,"href":"https:\/\/www.oarcanjo.net\/site\/wp-json\/wp\/v2\/tags?post=77339"}],"curies":[{"name":"wp","href":"https:\/\/api.w.org\/{rel}","templated":true}]}}