
{"id":7736,"date":"2019-02-13T00:35:43","date_gmt":"2019-02-13T02:35:43","guid":{"rendered":"http:\/\/www.oarcanjo.net\/site\/?p=7736"},"modified":"2019-02-12T17:59:31","modified_gmt":"2019-02-12T19:59:31","slug":"sao-gregorio-ii","status":"publish","type":"post","link":"https:\/\/www.oarcanjo.net\/site\/sao-gregorio-ii\/","title":{"rendered":"S\u00e3o Greg\u00f3rio II"},"content":{"rendered":"<p><img decoding=\"async\" src=\"http:\/\/4.bp.blogspot.com\/_5kAa5W5YTf4\/SZTptDqpplI\/AAAAAAAADWM\/mWy9fXVEHnw\/s400\/13-Santo+Greg%C3%B3rio+II.gif\" alt=\"\" \/><\/p>\n<p>13 de Fevereiro<\/p>\n<p>Greg\u00f3rio nasceu no ano de 669. Pertencia a uma fam\u00edlia crist\u00e3 da nobreza romana, o pai era senador e a m\u00e3e uma nobre, que se dedicava \u00e0 caridade. Ele teve uma educa\u00e7\u00e3o esmerada junto \u00e0 c\u00faria de Roma. Muito culto, era respeitado pelo clero Ocidental e Oriental. Al\u00e9m da conduta reta, sabia unir sua f\u00e9 inabal\u00e1vel com as aptid\u00f5es inatas de administrador e diplomata. Tanto que, o papa Constantino I pediu que ele o acompanhasse \u00e0 capital Constantinopla, para tentar resolver junto ao imperador do Oriente, Le\u00e3o II, que se tornara iconoclasta, a grave quest\u00e3o das imagens.<\/p>\n<p>Escolhido para o pontificado em 19 de maio de 715, Greg\u00f3rio II governou a Igreja durante dezesseis anos. Neste longo per\u00edodo, administrou seu rebanho com generosidade e sabedoria, consolidando a posi\u00e7\u00e3o da Igreja no cen\u00e1rio pol\u00edtico e religioso. Em 719, enviou s\u00e3o Bonif\u00e1cio \u00e0 Alemanha e nos anos seguintes encorajou e apoiou a sua miss\u00e3o apost\u00f3lica.<\/p>\n<p>Incentivou a vida mon\u00e1stica e enfrentou com firmeza, o imperador Le\u00e3o II, que com um decreto proibia o culto das imagens, o qual, provocou um levante das prov\u00edncias da It\u00e1lia contra o ex\u00e9rcito que marchava para Roma. Greg\u00f3rio n\u00e3o se intimidou, mas para evitar um confronto com os mu\u00e7ulmanos, mandou consertar as muralhas de Roma.<\/p>\n<p>Desde os primeiros tempos, o cristianismo venerou as imagens de Cristo, da Virgem e dos santos. Esta maneira, t\u00edpica do Oriente, de expressar a religiosidade chegou e se difundiu por todo o Ocidente a partir dos s\u00e9culos VI e VII. A seita iconoclasta n\u00e3o entendia o culto como leg\u00edtimo, baseando-se no Antigo Testamento e tamb\u00e9m porque numa imagem de Cristo n\u00e3o se pode representar as suas duas naturezas: terrena e divina, que s\u00e3o insepar\u00e1veis. Mas, a legitimidade foi comprovada atrav\u00e9s dos argumentos da Sagrada Escritura e essencialmente do fato da pr\u00f3pria encarna\u00e7\u00e3o.<\/p>\n<p>O papa Greg\u00f3rio II expulsou a seita dos iconoclastas, antes de falecer no dia 11 fevereiro de 731. A Igreja sempre condenou a idolatria com rigidez e como reza o Evangelho, por isto mesmo nunca prestou adora\u00e7\u00e3o a imagem alguma. O culto tradicional de venera\u00e7\u00e3o sim, pois nele n\u00e3o se adora uma imagem , este ato \u00e9 dirigido \u00e0 mem\u00f3ria e \u00e0 lembran\u00e7a, daqueles que ela resgata e reproduz. S\u00e3o Greg\u00f3rio II faz parte do calend\u00e1rio lit\u00fargico se sua festa foi designada para o dia 13 de fevereiro.<\/p>\n<div id=\"themify_builder_content-7736\" data-postid=\"7736\" class=\"themify_builder_content themify_builder_content-7736 themify_builder themify_builder_front\">\n\t<\/div>\n<!-- \/themify_builder_content -->","protected":false},"excerpt":{"rendered":"<p>13 de Fevereiro Greg\u00f3rio nasceu no ano de 669. Pertencia a uma fam\u00edlia crist\u00e3 da nobreza romana, o pai era senador e a m\u00e3e uma nobre, que se dedicava \u00e0 caridade. Ele teve uma educa\u00e7\u00e3o esmerada junto \u00e0 c\u00faria de Roma. Muito culto, era respeitado pelo clero Ocidental e Oriental. Al\u00e9m da conduta reta, sabia [&hellip;]<\/p>\n","protected":false},"author":14,"featured_media":0,"comment_status":"open","ping_status":"open","sticky":false,"template":"","format":"standard","meta":{"ngg_post_thumbnail":0,"footnotes":""},"categories":[186],"tags":[],"yoast_head":"<!-- This site is optimized with the Yoast SEO plugin v23.5 - https:\/\/yoast.com\/wordpress\/plugins\/seo\/ -->\n<title>S\u00e3o Greg\u00f3rio II - O Arcanjo no ar<\/title>\n<meta name=\"robots\" content=\"index, follow, max-snippet:-1, max-image-preview:large, max-video-preview:-1\" \/>\n<link rel=\"canonical\" href=\"https:\/\/www.oarcanjo.net\/site\/sao-gregorio-ii\/\" \/>\n<meta property=\"og:locale\" content=\"pt_BR\" \/>\n<meta property=\"og:type\" content=\"article\" \/>\n<meta property=\"og:title\" content=\"S\u00e3o Greg\u00f3rio II - O Arcanjo no ar\" \/>\n<meta property=\"og:description\" content=\"13 de Fevereiro Greg\u00f3rio nasceu no ano de 669. Pertencia a uma fam\u00edlia crist\u00e3 da nobreza romana, o pai era senador e a m\u00e3e uma nobre, que se dedicava \u00e0 caridade. Ele teve uma educa\u00e7\u00e3o esmerada junto \u00e0 c\u00faria de Roma. Muito culto, era respeitado pelo clero Ocidental e Oriental. Al\u00e9m da conduta reta, sabia [&hellip;]\" \/>\n<meta property=\"og:url\" content=\"https:\/\/www.oarcanjo.net\/site\/sao-gregorio-ii\/\" \/>\n<meta property=\"og:site_name\" content=\"O Arcanjo no ar\" \/>\n<meta property=\"article:publisher\" content=\"https:\/\/www.facebook.com\/OArcanjoNoAr\/\" \/>\n<meta property=\"article:published_time\" content=\"2019-02-13T02:35:43+00:00\" \/>\n<meta property=\"article:modified_time\" content=\"2019-02-12T19:59:31+00:00\" \/>\n<meta property=\"og:image\" content=\"http:\/\/4.bp.blogspot.com\/_5kAa5W5YTf4\/SZTptDqpplI\/AAAAAAAADWM\/mWy9fXVEHnw\/s400\/13-Santo+Greg%C3%B3rio+II.gif\" \/>\n<meta name=\"author\" content=\"danilo\" \/>\n<meta name=\"twitter:card\" content=\"summary_large_image\" \/>\n<meta name=\"twitter:label1\" content=\"Escrito por\" \/>\n\t<meta name=\"twitter:data1\" content=\"danilo\" \/>\n\t<meta name=\"twitter:label2\" content=\"Est. tempo de leitura\" \/>\n\t<meta name=\"twitter:data2\" content=\"2 minutos\" \/>\n<script type=\"application\/ld+json\" class=\"yoast-schema-graph\">{\"@context\":\"https:\/\/schema.org\",\"@graph\":[{\"@type\":\"Article\",\"@id\":\"https:\/\/www.oarcanjo.net\/site\/sao-gregorio-ii\/#article\",\"isPartOf\":{\"@id\":\"https:\/\/www.oarcanjo.net\/site\/sao-gregorio-ii\/\"},\"author\":{\"name\":\"danilo\",\"@id\":\"https:\/\/www.oarcanjo.net\/site\/#\/schema\/person\/5eb9480bedd2f3c97e430ce128c29c6c\"},\"headline\":\"S\u00e3o Greg\u00f3rio II\",\"datePublished\":\"2019-02-13T02:35:43+00:00\",\"dateModified\":\"2019-02-12T19:59:31+00:00\",\"mainEntityOfPage\":{\"@id\":\"https:\/\/www.oarcanjo.net\/site\/sao-gregorio-ii\/\"},\"wordCount\":428,\"commentCount\":0,\"publisher\":{\"@id\":\"https:\/\/www.oarcanjo.net\/site\/#organization\"},\"image\":{\"@id\":\"https:\/\/www.oarcanjo.net\/site\/sao-gregorio-ii\/#primaryimage\"},\"thumbnailUrl\":\"http:\/\/4.bp.blogspot.com\/_5kAa5W5YTf4\/SZTptDqpplI\/AAAAAAAADWM\/mWy9fXVEHnw\/s400\/13-Santo+Greg%C3%B3rio+II.gif\",\"articleSection\":[\"Testemunhos\"],\"inLanguage\":\"pt-BR\",\"potentialAction\":[{\"@type\":\"CommentAction\",\"name\":\"Comment\",\"target\":[\"https:\/\/www.oarcanjo.net\/site\/sao-gregorio-ii\/#respond\"]}]},{\"@type\":\"WebPage\",\"@id\":\"https:\/\/www.oarcanjo.net\/site\/sao-gregorio-ii\/\",\"url\":\"https:\/\/www.oarcanjo.net\/site\/sao-gregorio-ii\/\",\"name\":\"S\u00e3o Greg\u00f3rio II - O Arcanjo no ar\",\"isPartOf\":{\"@id\":\"https:\/\/www.oarcanjo.net\/site\/#website\"},\"primaryImageOfPage\":{\"@id\":\"https:\/\/www.oarcanjo.net\/site\/sao-gregorio-ii\/#primaryimage\"},\"image\":{\"@id\":\"https:\/\/www.oarcanjo.net\/site\/sao-gregorio-ii\/#primaryimage\"},\"thumbnailUrl\":\"http:\/\/4.bp.blogspot.com\/_5kAa5W5YTf4\/SZTptDqpplI\/AAAAAAAADWM\/mWy9fXVEHnw\/s400\/13-Santo+Greg%C3%B3rio+II.gif\",\"datePublished\":\"2019-02-13T02:35:43+00:00\",\"dateModified\":\"2019-02-12T19:59:31+00:00\",\"breadcrumb\":{\"@id\":\"https:\/\/www.oarcanjo.net\/site\/sao-gregorio-ii\/#breadcrumb\"},\"inLanguage\":\"pt-BR\",\"potentialAction\":[{\"@type\":\"ReadAction\",\"target\":[\"https:\/\/www.oarcanjo.net\/site\/sao-gregorio-ii\/\"]}]},{\"@type\":\"ImageObject\",\"inLanguage\":\"pt-BR\",\"@id\":\"https:\/\/www.oarcanjo.net\/site\/sao-gregorio-ii\/#primaryimage\",\"url\":\"http:\/\/4.bp.blogspot.com\/_5kAa5W5YTf4\/SZTptDqpplI\/AAAAAAAADWM\/mWy9fXVEHnw\/s400\/13-Santo+Greg%C3%B3rio+II.gif\",\"contentUrl\":\"http:\/\/4.bp.blogspot.com\/_5kAa5W5YTf4\/SZTptDqpplI\/AAAAAAAADWM\/mWy9fXVEHnw\/s400\/13-Santo+Greg%C3%B3rio+II.gif\"},{\"@type\":\"BreadcrumbList\",\"@id\":\"https:\/\/www.oarcanjo.net\/site\/sao-gregorio-ii\/#breadcrumb\",\"itemListElement\":[{\"@type\":\"ListItem\",\"position\":1,\"name\":\"In\u00edcio\",\"item\":\"https:\/\/www.oarcanjo.net\/site\/\"},{\"@type\":\"ListItem\",\"position\":2,\"name\":\"S\u00e3o Greg\u00f3rio II\"}]},{\"@type\":\"WebSite\",\"@id\":\"https:\/\/www.oarcanjo.net\/site\/#website\",\"url\":\"https:\/\/www.oarcanjo.net\/site\/\",\"name\":\"O Arcanjo no ar\",\"description\":\"Site da Par\u00f3quia S\u00e3o Miguel Arcanjo (Arquidiocese de SP)\",\"publisher\":{\"@id\":\"https:\/\/www.oarcanjo.net\/site\/#organization\"},\"potentialAction\":[{\"@type\":\"SearchAction\",\"target\":{\"@type\":\"EntryPoint\",\"urlTemplate\":\"https:\/\/www.oarcanjo.net\/site\/?s={search_term_string}\"},\"query-input\":{\"@type\":\"PropertyValueSpecification\",\"valueRequired\":true,\"valueName\":\"search_term_string\"}}],\"inLanguage\":\"pt-BR\"},{\"@type\":\"Organization\",\"@id\":\"https:\/\/www.oarcanjo.net\/site\/#organization\",\"name\":\"Par\u00f3quia S\u00e3o Miguel Arcanjo\",\"url\":\"https:\/\/www.oarcanjo.net\/site\/\",\"logo\":{\"@type\":\"ImageObject\",\"inLanguage\":\"pt-BR\",\"@id\":\"https:\/\/www.oarcanjo.net\/site\/#\/schema\/logo\/image\/\",\"url\":\"https:\/\/www.oarcanjo.net\/site\/wp-content\/uploads\/LogoOArcanjo.png\",\"contentUrl\":\"https:\/\/www.oarcanjo.net\/site\/wp-content\/uploads\/LogoOArcanjo.png\",\"width\":319,\"height\":99,\"caption\":\"Par\u00f3quia S\u00e3o Miguel Arcanjo\"},\"image\":{\"@id\":\"https:\/\/www.oarcanjo.net\/site\/#\/schema\/logo\/image\/\"},\"sameAs\":[\"https:\/\/www.facebook.com\/OArcanjoNoAr\/\"]},{\"@type\":\"Person\",\"@id\":\"https:\/\/www.oarcanjo.net\/site\/#\/schema\/person\/5eb9480bedd2f3c97e430ce128c29c6c\",\"name\":\"danilo\"}]}<\/script>\n<!-- \/ Yoast SEO plugin. -->","yoast_head_json":{"title":"S\u00e3o Greg\u00f3rio II - O Arcanjo no ar","robots":{"index":"index","follow":"follow","max-snippet":"max-snippet:-1","max-image-preview":"max-image-preview:large","max-video-preview":"max-video-preview:-1"},"canonical":"https:\/\/www.oarcanjo.net\/site\/sao-gregorio-ii\/","og_locale":"pt_BR","og_type":"article","og_title":"S\u00e3o Greg\u00f3rio II - O Arcanjo no ar","og_description":"13 de Fevereiro Greg\u00f3rio nasceu no ano de 669. Pertencia a uma fam\u00edlia crist\u00e3 da nobreza romana, o pai era senador e a m\u00e3e uma nobre, que se dedicava \u00e0 caridade. Ele teve uma educa\u00e7\u00e3o esmerada junto \u00e0 c\u00faria de Roma. Muito culto, era respeitado pelo clero Ocidental e Oriental. Al\u00e9m da conduta reta, sabia [&hellip;]","og_url":"https:\/\/www.oarcanjo.net\/site\/sao-gregorio-ii\/","og_site_name":"O Arcanjo no ar","article_publisher":"https:\/\/www.facebook.com\/OArcanjoNoAr\/","article_published_time":"2019-02-13T02:35:43+00:00","article_modified_time":"2019-02-12T19:59:31+00:00","og_image":[{"url":"http:\/\/4.bp.blogspot.com\/_5kAa5W5YTf4\/SZTptDqpplI\/AAAAAAAADWM\/mWy9fXVEHnw\/s400\/13-Santo+Greg%C3%B3rio+II.gif"}],"author":"danilo","twitter_card":"summary_large_image","twitter_misc":{"Escrito por":"danilo","Est. tempo de leitura":"2 minutos"},"schema":{"@context":"https:\/\/schema.org","@graph":[{"@type":"Article","@id":"https:\/\/www.oarcanjo.net\/site\/sao-gregorio-ii\/#article","isPartOf":{"@id":"https:\/\/www.oarcanjo.net\/site\/sao-gregorio-ii\/"},"author":{"name":"danilo","@id":"https:\/\/www.oarcanjo.net\/site\/#\/schema\/person\/5eb9480bedd2f3c97e430ce128c29c6c"},"headline":"S\u00e3o Greg\u00f3rio II","datePublished":"2019-02-13T02:35:43+00:00","dateModified":"2019-02-12T19:59:31+00:00","mainEntityOfPage":{"@id":"https:\/\/www.oarcanjo.net\/site\/sao-gregorio-ii\/"},"wordCount":428,"commentCount":0,"publisher":{"@id":"https:\/\/www.oarcanjo.net\/site\/#organization"},"image":{"@id":"https:\/\/www.oarcanjo.net\/site\/sao-gregorio-ii\/#primaryimage"},"thumbnailUrl":"http:\/\/4.bp.blogspot.com\/_5kAa5W5YTf4\/SZTptDqpplI\/AAAAAAAADWM\/mWy9fXVEHnw\/s400\/13-Santo+Greg%C3%B3rio+II.gif","articleSection":["Testemunhos"],"inLanguage":"pt-BR","potentialAction":[{"@type":"CommentAction","name":"Comment","target":["https:\/\/www.oarcanjo.net\/site\/sao-gregorio-ii\/#respond"]}]},{"@type":"WebPage","@id":"https:\/\/www.oarcanjo.net\/site\/sao-gregorio-ii\/","url":"https:\/\/www.oarcanjo.net\/site\/sao-gregorio-ii\/","name":"S\u00e3o Greg\u00f3rio II - O Arcanjo no ar","isPartOf":{"@id":"https:\/\/www.oarcanjo.net\/site\/#website"},"primaryImageOfPage":{"@id":"https:\/\/www.oarcanjo.net\/site\/sao-gregorio-ii\/#primaryimage"},"image":{"@id":"https:\/\/www.oarcanjo.net\/site\/sao-gregorio-ii\/#primaryimage"},"thumbnailUrl":"http:\/\/4.bp.blogspot.com\/_5kAa5W5YTf4\/SZTptDqpplI\/AAAAAAAADWM\/mWy9fXVEHnw\/s400\/13-Santo+Greg%C3%B3rio+II.gif","datePublished":"2019-02-13T02:35:43+00:00","dateModified":"2019-02-12T19:59:31+00:00","breadcrumb":{"@id":"https:\/\/www.oarcanjo.net\/site\/sao-gregorio-ii\/#breadcrumb"},"inLanguage":"pt-BR","potentialAction":[{"@type":"ReadAction","target":["https:\/\/www.oarcanjo.net\/site\/sao-gregorio-ii\/"]}]},{"@type":"ImageObject","inLanguage":"pt-BR","@id":"https:\/\/www.oarcanjo.net\/site\/sao-gregorio-ii\/#primaryimage","url":"http:\/\/4.bp.blogspot.com\/_5kAa5W5YTf4\/SZTptDqpplI\/AAAAAAAADWM\/mWy9fXVEHnw\/s400\/13-Santo+Greg%C3%B3rio+II.gif","contentUrl":"http:\/\/4.bp.blogspot.com\/_5kAa5W5YTf4\/SZTptDqpplI\/AAAAAAAADWM\/mWy9fXVEHnw\/s400\/13-Santo+Greg%C3%B3rio+II.gif"},{"@type":"BreadcrumbList","@id":"https:\/\/www.oarcanjo.net\/site\/sao-gregorio-ii\/#breadcrumb","itemListElement":[{"@type":"ListItem","position":1,"name":"In\u00edcio","item":"https:\/\/www.oarcanjo.net\/site\/"},{"@type":"ListItem","position":2,"name":"S\u00e3o Greg\u00f3rio II"}]},{"@type":"WebSite","@id":"https:\/\/www.oarcanjo.net\/site\/#website","url":"https:\/\/www.oarcanjo.net\/site\/","name":"O Arcanjo no ar","description":"Site da Par\u00f3quia S\u00e3o Miguel Arcanjo (Arquidiocese de SP)","publisher":{"@id":"https:\/\/www.oarcanjo.net\/site\/#organization"},"potentialAction":[{"@type":"SearchAction","target":{"@type":"EntryPoint","urlTemplate":"https:\/\/www.oarcanjo.net\/site\/?s={search_term_string}"},"query-input":{"@type":"PropertyValueSpecification","valueRequired":true,"valueName":"search_term_string"}}],"inLanguage":"pt-BR"},{"@type":"Organization","@id":"https:\/\/www.oarcanjo.net\/site\/#organization","name":"Par\u00f3quia S\u00e3o Miguel Arcanjo","url":"https:\/\/www.oarcanjo.net\/site\/","logo":{"@type":"ImageObject","inLanguage":"pt-BR","@id":"https:\/\/www.oarcanjo.net\/site\/#\/schema\/logo\/image\/","url":"https:\/\/www.oarcanjo.net\/site\/wp-content\/uploads\/LogoOArcanjo.png","contentUrl":"https:\/\/www.oarcanjo.net\/site\/wp-content\/uploads\/LogoOArcanjo.png","width":319,"height":99,"caption":"Par\u00f3quia S\u00e3o Miguel Arcanjo"},"image":{"@id":"https:\/\/www.oarcanjo.net\/site\/#\/schema\/logo\/image\/"},"sameAs":["https:\/\/www.facebook.com\/OArcanjoNoAr\/"]},{"@type":"Person","@id":"https:\/\/www.oarcanjo.net\/site\/#\/schema\/person\/5eb9480bedd2f3c97e430ce128c29c6c","name":"danilo"}]}},"publishpress_future_action":{"enabled":false,"date":"2026-05-08 03:56:54","action":"category","newStatus":"draft","terms":[],"taxonomy":"category"},"publishpress_future_workflow_manual_trigger":{"enabledWorkflows":[]},"_links":{"self":[{"href":"https:\/\/www.oarcanjo.net\/site\/wp-json\/wp\/v2\/posts\/7736"}],"collection":[{"href":"https:\/\/www.oarcanjo.net\/site\/wp-json\/wp\/v2\/posts"}],"about":[{"href":"https:\/\/www.oarcanjo.net\/site\/wp-json\/wp\/v2\/types\/post"}],"author":[{"embeddable":true,"href":"https:\/\/www.oarcanjo.net\/site\/wp-json\/wp\/v2\/users\/14"}],"replies":[{"embeddable":true,"href":"https:\/\/www.oarcanjo.net\/site\/wp-json\/wp\/v2\/comments?post=7736"}],"version-history":[{"count":1,"href":"https:\/\/www.oarcanjo.net\/site\/wp-json\/wp\/v2\/posts\/7736\/revisions"}],"predecessor-version":[{"id":92808,"href":"https:\/\/www.oarcanjo.net\/site\/wp-json\/wp\/v2\/posts\/7736\/revisions\/92808"}],"wp:attachment":[{"href":"https:\/\/www.oarcanjo.net\/site\/wp-json\/wp\/v2\/media?parent=7736"}],"wp:term":[{"taxonomy":"category","embeddable":true,"href":"https:\/\/www.oarcanjo.net\/site\/wp-json\/wp\/v2\/categories?post=7736"},{"taxonomy":"post_tag","embeddable":true,"href":"https:\/\/www.oarcanjo.net\/site\/wp-json\/wp\/v2\/tags?post=7736"}],"curies":[{"name":"wp","href":"https:\/\/api.w.org\/{rel}","templated":true}]}}