
{"id":7738,"date":"2019-02-12T00:36:57","date_gmt":"2019-02-12T02:36:57","guid":{"rendered":"http:\/\/www.oarcanjo.net\/site\/?p=7738"},"modified":"2019-02-09T10:30:25","modified_gmt":"2019-02-09T12:30:25","slug":"sao-benigno","status":"publish","type":"post","link":"https:\/\/www.oarcanjo.net\/site\/sao-benigno\/","title":{"rendered":"S\u00e3o Benigno"},"content":{"rendered":"<p><img loading=\"lazy\" decoding=\"async\" class=\"alignnone size-full wp-image-58928\" src=\"http:\/\/www.oarcanjo.net\/site\/wp-content\/uploads\/Sao-Benigno.jpg\" alt=\"Sao-Benigno\" width=\"300\" height=\"386\" srcset=\"https:\/\/www.oarcanjo.net\/site\/wp-content\/uploads\/Sao-Benigno.jpg 300w, https:\/\/www.oarcanjo.net\/site\/wp-content\/uploads\/Sao-Benigno-233x300.jpg 233w\" sizes=\"(max-width: 300px) 100vw, 300px\" \/><\/p>\n<p>13 de Fevereiro<\/p>\n<p>Muito interessante a hist\u00f3ria do culto deste Santo de nome Benigno, at\u00e9 porque o seu pr\u00f3prio nome \u00e9 um adjetivo que significa &#8220;bom&#8221;, &#8220;benevolente&#8221;, &#8220;ben\u00e9fico&#8221;, portanto, um atributo concedido a todos os Santos.<\/p>\n<p>No Calend\u00e1rio Lit\u00fargico da Igreja, s\u00e3o v\u00e1rios os personagens festejados com este nome, cerca de dezoito, entre m\u00e1rtires, bispos, sacerdotes, monges e ermit\u00e3os. Entretanto, o primeiro Benigno a ser venerado, foi o que nasceu e viveu em Todi, na regi\u00e3o da \u00dambria, pr\u00f3xima de Roma, no in\u00edcio do Cristianismo. Os registros confirmam que era um sacerdote muito querido, sendo considerado por sua retid\u00e3o de car\u00e1ter e bondade. Padre Benigno enfrentou corajosamente o mart\u00edrio durante a \u00faltima persegui\u00e7\u00e3o do imperador Maximiano.<\/p>\n<p>Segundo a tradi\u00e7\u00e3o, ele estava sendo conduzido \u00e0 Roma para ser jogado \u00e0s feras, quando morreu, em conseq\u00fc\u00eancia das incessantes torturas a que foi submetido. O fato teria ocorrido na estrada vizinha \u00e0 cidade de Vicus Martis, onde seu corpo que al\u00ed fora abandonado, foi recolhido e sepultado secretamente pelos crist\u00e3os, que o acompanhavam \u00e0 dist\u00e2ncia e assistiram ao seu testemunho.<\/p>\n<p>Anos depois, quando os crist\u00e3os puderam deixar a clandestinidade, no lugar onde Benigno esteve sepultado, foi constru\u00edda uma igreja e um mosteiro beneditino, e com o passar dos tempos a regi\u00e3o se tornou uma pequena cidade chamada Priorado de S\u00e3o Benigno. O local acabou se tornando num ponto de peregrina\u00e7\u00e3o obrigat\u00f3ria para os seus devotos, que est\u00e3o espalhados no mundo inteiro, gra\u00e7as a sua mem\u00f3ria sempre reverenciada pelos beneditinos fixados nos cinco continentes. Assim, as peregrina\u00e7\u00f5es aumentaram e se mantiveram, mesmo ap\u00f3s o mosteiro ter sido desativado, alguns s\u00e9culos mais tarde.<\/p>\n<p>O Priorado conservou os restos mortais de S\u00e3o Benigno, na igreja \u00e0 ele dedicada, at\u00e9 1904, quando foram trasladados para a de S\u00e3o Silvestre, na cidade do Vaticano, onde foram colocados ao lado do altar maior, recolhidos numa preciosa urna de prata. Mas, a Igreja deixou um fragmento para ser guardado naquele lugar onde Benigno, o sacerdote de Todi, prestou o seu testemunho do amor incondicional \u00e0 Paix\u00e3o de Jesus Cristo.<\/p>\n<p>O Papa Pel\u00e1gio II, em 589 incluiu o culto de S\u00e3o Benigno, no Martirol\u00f3gio Romano, cuja festa lit\u00fargica indicou para o dia 13 de fevereiro, que segundo a tradi\u00e7\u00e3o foi quando ele morreu. No in\u00edcio do s\u00e9culo XX, a Santa S\u00e9 desejou reunir todas as rel\u00edquias dos m\u00e1rtires das persegui\u00e7\u00f5es dos primeiros tempos nas igrejas situadas no Estado do Vaticano, por este motivo ele tamb\u00e9m foi trasladado para l\u00e1.<\/p>\n<p><img decoding=\"async\" src=\"http:\/\/2.bp.blogspot.com\/_5kAa5W5YTf4\/SZTptCXfy5I\/AAAAAAAADWE\/U4c1R87lGdU\/s400\/13-Santo+Benigno.gif\" alt=\"\" \/><\/p>\n<p>Rel\u00edquias de s\u00e3o Benigno s\u00e3o conservadas nesta Igreja de S\u00e3o Silvestre, em Roma<\/p>\n<div id=\"themify_builder_content-7738\" data-postid=\"7738\" class=\"themify_builder_content themify_builder_content-7738 themify_builder themify_builder_front\">\n\t<\/div>\n<!-- \/themify_builder_content -->","protected":false},"excerpt":{"rendered":"<p>13 de Fevereiro Muito interessante a hist\u00f3ria do culto deste Santo de nome Benigno, at\u00e9 porque o seu pr\u00f3prio nome \u00e9 um adjetivo que significa &#8220;bom&#8221;, &#8220;benevolente&#8221;, &#8220;ben\u00e9fico&#8221;, portanto, um atributo concedido a todos os Santos. No Calend\u00e1rio Lit\u00fargico da Igreja, s\u00e3o v\u00e1rios os personagens festejados com este nome, cerca de dezoito, entre m\u00e1rtires, bispos, [&hellip;]<\/p>\n","protected":false},"author":14,"featured_media":0,"comment_status":"open","ping_status":"open","sticky":false,"template":"","format":"standard","meta":{"ngg_post_thumbnail":0,"footnotes":""},"categories":[186],"tags":[],"yoast_head":"<!-- This site is optimized with the Yoast SEO plugin v23.5 - https:\/\/yoast.com\/wordpress\/plugins\/seo\/ -->\n<title>S\u00e3o Benigno - O Arcanjo no ar<\/title>\n<meta name=\"robots\" content=\"index, follow, max-snippet:-1, max-image-preview:large, max-video-preview:-1\" \/>\n<link rel=\"canonical\" href=\"https:\/\/www.oarcanjo.net\/site\/sao-benigno\/\" \/>\n<meta property=\"og:locale\" content=\"pt_BR\" \/>\n<meta property=\"og:type\" content=\"article\" \/>\n<meta property=\"og:title\" content=\"S\u00e3o Benigno - O Arcanjo no ar\" \/>\n<meta property=\"og:description\" content=\"13 de Fevereiro Muito interessante a hist\u00f3ria do culto deste Santo de nome Benigno, at\u00e9 porque o seu pr\u00f3prio nome \u00e9 um adjetivo que significa &#8220;bom&#8221;, &#8220;benevolente&#8221;, &#8220;ben\u00e9fico&#8221;, portanto, um atributo concedido a todos os Santos. No Calend\u00e1rio Lit\u00fargico da Igreja, s\u00e3o v\u00e1rios os personagens festejados com este nome, cerca de dezoito, entre m\u00e1rtires, bispos, [&hellip;]\" \/>\n<meta property=\"og:url\" content=\"https:\/\/www.oarcanjo.net\/site\/sao-benigno\/\" \/>\n<meta property=\"og:site_name\" content=\"O Arcanjo no ar\" \/>\n<meta property=\"article:publisher\" content=\"https:\/\/www.facebook.com\/OArcanjoNoAr\/\" \/>\n<meta property=\"article:published_time\" content=\"2019-02-12T02:36:57+00:00\" \/>\n<meta property=\"article:modified_time\" content=\"2019-02-09T12:30:25+00:00\" \/>\n<meta property=\"og:image\" content=\"http:\/\/www.oarcanjo.net\/site\/wp-content\/uploads\/Sao-Benigno.jpg\" \/>\n<meta name=\"author\" content=\"danilo\" \/>\n<meta name=\"twitter:card\" content=\"summary_large_image\" \/>\n<meta name=\"twitter:label1\" content=\"Escrito por\" \/>\n\t<meta name=\"twitter:data1\" content=\"danilo\" \/>\n\t<meta name=\"twitter:label2\" content=\"Est. tempo de leitura\" \/>\n\t<meta name=\"twitter:data2\" content=\"2 minutos\" \/>\n<script type=\"application\/ld+json\" class=\"yoast-schema-graph\">{\"@context\":\"https:\/\/schema.org\",\"@graph\":[{\"@type\":\"Article\",\"@id\":\"https:\/\/www.oarcanjo.net\/site\/sao-benigno\/#article\",\"isPartOf\":{\"@id\":\"https:\/\/www.oarcanjo.net\/site\/sao-benigno\/\"},\"author\":{\"name\":\"danilo\",\"@id\":\"https:\/\/www.oarcanjo.net\/site\/#\/schema\/person\/5eb9480bedd2f3c97e430ce128c29c6c\"},\"headline\":\"S\u00e3o Benigno\",\"datePublished\":\"2019-02-12T02:36:57+00:00\",\"dateModified\":\"2019-02-09T12:30:25+00:00\",\"mainEntityOfPage\":{\"@id\":\"https:\/\/www.oarcanjo.net\/site\/sao-benigno\/\"},\"wordCount\":464,\"commentCount\":0,\"publisher\":{\"@id\":\"https:\/\/www.oarcanjo.net\/site\/#organization\"},\"image\":{\"@id\":\"https:\/\/www.oarcanjo.net\/site\/sao-benigno\/#primaryimage\"},\"thumbnailUrl\":\"http:\/\/www.oarcanjo.net\/site\/wp-content\/uploads\/Sao-Benigno.jpg\",\"articleSection\":[\"Testemunhos\"],\"inLanguage\":\"pt-BR\",\"potentialAction\":[{\"@type\":\"CommentAction\",\"name\":\"Comment\",\"target\":[\"https:\/\/www.oarcanjo.net\/site\/sao-benigno\/#respond\"]}]},{\"@type\":\"WebPage\",\"@id\":\"https:\/\/www.oarcanjo.net\/site\/sao-benigno\/\",\"url\":\"https:\/\/www.oarcanjo.net\/site\/sao-benigno\/\",\"name\":\"S\u00e3o Benigno - O Arcanjo no ar\",\"isPartOf\":{\"@id\":\"https:\/\/www.oarcanjo.net\/site\/#website\"},\"primaryImageOfPage\":{\"@id\":\"https:\/\/www.oarcanjo.net\/site\/sao-benigno\/#primaryimage\"},\"image\":{\"@id\":\"https:\/\/www.oarcanjo.net\/site\/sao-benigno\/#primaryimage\"},\"thumbnailUrl\":\"http:\/\/www.oarcanjo.net\/site\/wp-content\/uploads\/Sao-Benigno.jpg\",\"datePublished\":\"2019-02-12T02:36:57+00:00\",\"dateModified\":\"2019-02-09T12:30:25+00:00\",\"breadcrumb\":{\"@id\":\"https:\/\/www.oarcanjo.net\/site\/sao-benigno\/#breadcrumb\"},\"inLanguage\":\"pt-BR\",\"potentialAction\":[{\"@type\":\"ReadAction\",\"target\":[\"https:\/\/www.oarcanjo.net\/site\/sao-benigno\/\"]}]},{\"@type\":\"ImageObject\",\"inLanguage\":\"pt-BR\",\"@id\":\"https:\/\/www.oarcanjo.net\/site\/sao-benigno\/#primaryimage\",\"url\":\"https:\/\/www.oarcanjo.net\/site\/wp-content\/uploads\/Sao-Benigno.jpg\",\"contentUrl\":\"https:\/\/www.oarcanjo.net\/site\/wp-content\/uploads\/Sao-Benigno.jpg\",\"width\":300,\"height\":386},{\"@type\":\"BreadcrumbList\",\"@id\":\"https:\/\/www.oarcanjo.net\/site\/sao-benigno\/#breadcrumb\",\"itemListElement\":[{\"@type\":\"ListItem\",\"position\":1,\"name\":\"In\u00edcio\",\"item\":\"https:\/\/www.oarcanjo.net\/site\/\"},{\"@type\":\"ListItem\",\"position\":2,\"name\":\"S\u00e3o Benigno\"}]},{\"@type\":\"WebSite\",\"@id\":\"https:\/\/www.oarcanjo.net\/site\/#website\",\"url\":\"https:\/\/www.oarcanjo.net\/site\/\",\"name\":\"O Arcanjo no ar\",\"description\":\"Site da Par\u00f3quia S\u00e3o Miguel Arcanjo (Arquidiocese de SP)\",\"publisher\":{\"@id\":\"https:\/\/www.oarcanjo.net\/site\/#organization\"},\"potentialAction\":[{\"@type\":\"SearchAction\",\"target\":{\"@type\":\"EntryPoint\",\"urlTemplate\":\"https:\/\/www.oarcanjo.net\/site\/?s={search_term_string}\"},\"query-input\":{\"@type\":\"PropertyValueSpecification\",\"valueRequired\":true,\"valueName\":\"search_term_string\"}}],\"inLanguage\":\"pt-BR\"},{\"@type\":\"Organization\",\"@id\":\"https:\/\/www.oarcanjo.net\/site\/#organization\",\"name\":\"Par\u00f3quia S\u00e3o Miguel Arcanjo\",\"url\":\"https:\/\/www.oarcanjo.net\/site\/\",\"logo\":{\"@type\":\"ImageObject\",\"inLanguage\":\"pt-BR\",\"@id\":\"https:\/\/www.oarcanjo.net\/site\/#\/schema\/logo\/image\/\",\"url\":\"https:\/\/www.oarcanjo.net\/site\/wp-content\/uploads\/LogoOArcanjo.png\",\"contentUrl\":\"https:\/\/www.oarcanjo.net\/site\/wp-content\/uploads\/LogoOArcanjo.png\",\"width\":319,\"height\":99,\"caption\":\"Par\u00f3quia S\u00e3o Miguel Arcanjo\"},\"image\":{\"@id\":\"https:\/\/www.oarcanjo.net\/site\/#\/schema\/logo\/image\/\"},\"sameAs\":[\"https:\/\/www.facebook.com\/OArcanjoNoAr\/\"]},{\"@type\":\"Person\",\"@id\":\"https:\/\/www.oarcanjo.net\/site\/#\/schema\/person\/5eb9480bedd2f3c97e430ce128c29c6c\",\"name\":\"danilo\"}]}<\/script>\n<!-- \/ Yoast SEO plugin. -->","yoast_head_json":{"title":"S\u00e3o Benigno - O Arcanjo no ar","robots":{"index":"index","follow":"follow","max-snippet":"max-snippet:-1","max-image-preview":"max-image-preview:large","max-video-preview":"max-video-preview:-1"},"canonical":"https:\/\/www.oarcanjo.net\/site\/sao-benigno\/","og_locale":"pt_BR","og_type":"article","og_title":"S\u00e3o Benigno - O Arcanjo no ar","og_description":"13 de Fevereiro Muito interessante a hist\u00f3ria do culto deste Santo de nome Benigno, at\u00e9 porque o seu pr\u00f3prio nome \u00e9 um adjetivo que significa &#8220;bom&#8221;, &#8220;benevolente&#8221;, &#8220;ben\u00e9fico&#8221;, portanto, um atributo concedido a todos os Santos. No Calend\u00e1rio Lit\u00fargico da Igreja, s\u00e3o v\u00e1rios os personagens festejados com este nome, cerca de dezoito, entre m\u00e1rtires, bispos, [&hellip;]","og_url":"https:\/\/www.oarcanjo.net\/site\/sao-benigno\/","og_site_name":"O Arcanjo no ar","article_publisher":"https:\/\/www.facebook.com\/OArcanjoNoAr\/","article_published_time":"2019-02-12T02:36:57+00:00","article_modified_time":"2019-02-09T12:30:25+00:00","og_image":[{"url":"http:\/\/www.oarcanjo.net\/site\/wp-content\/uploads\/Sao-Benigno.jpg"}],"author":"danilo","twitter_card":"summary_large_image","twitter_misc":{"Escrito por":"danilo","Est. tempo de leitura":"2 minutos"},"schema":{"@context":"https:\/\/schema.org","@graph":[{"@type":"Article","@id":"https:\/\/www.oarcanjo.net\/site\/sao-benigno\/#article","isPartOf":{"@id":"https:\/\/www.oarcanjo.net\/site\/sao-benigno\/"},"author":{"name":"danilo","@id":"https:\/\/www.oarcanjo.net\/site\/#\/schema\/person\/5eb9480bedd2f3c97e430ce128c29c6c"},"headline":"S\u00e3o Benigno","datePublished":"2019-02-12T02:36:57+00:00","dateModified":"2019-02-09T12:30:25+00:00","mainEntityOfPage":{"@id":"https:\/\/www.oarcanjo.net\/site\/sao-benigno\/"},"wordCount":464,"commentCount":0,"publisher":{"@id":"https:\/\/www.oarcanjo.net\/site\/#organization"},"image":{"@id":"https:\/\/www.oarcanjo.net\/site\/sao-benigno\/#primaryimage"},"thumbnailUrl":"http:\/\/www.oarcanjo.net\/site\/wp-content\/uploads\/Sao-Benigno.jpg","articleSection":["Testemunhos"],"inLanguage":"pt-BR","potentialAction":[{"@type":"CommentAction","name":"Comment","target":["https:\/\/www.oarcanjo.net\/site\/sao-benigno\/#respond"]}]},{"@type":"WebPage","@id":"https:\/\/www.oarcanjo.net\/site\/sao-benigno\/","url":"https:\/\/www.oarcanjo.net\/site\/sao-benigno\/","name":"S\u00e3o Benigno - O Arcanjo no ar","isPartOf":{"@id":"https:\/\/www.oarcanjo.net\/site\/#website"},"primaryImageOfPage":{"@id":"https:\/\/www.oarcanjo.net\/site\/sao-benigno\/#primaryimage"},"image":{"@id":"https:\/\/www.oarcanjo.net\/site\/sao-benigno\/#primaryimage"},"thumbnailUrl":"http:\/\/www.oarcanjo.net\/site\/wp-content\/uploads\/Sao-Benigno.jpg","datePublished":"2019-02-12T02:36:57+00:00","dateModified":"2019-02-09T12:30:25+00:00","breadcrumb":{"@id":"https:\/\/www.oarcanjo.net\/site\/sao-benigno\/#breadcrumb"},"inLanguage":"pt-BR","potentialAction":[{"@type":"ReadAction","target":["https:\/\/www.oarcanjo.net\/site\/sao-benigno\/"]}]},{"@type":"ImageObject","inLanguage":"pt-BR","@id":"https:\/\/www.oarcanjo.net\/site\/sao-benigno\/#primaryimage","url":"https:\/\/www.oarcanjo.net\/site\/wp-content\/uploads\/Sao-Benigno.jpg","contentUrl":"https:\/\/www.oarcanjo.net\/site\/wp-content\/uploads\/Sao-Benigno.jpg","width":300,"height":386},{"@type":"BreadcrumbList","@id":"https:\/\/www.oarcanjo.net\/site\/sao-benigno\/#breadcrumb","itemListElement":[{"@type":"ListItem","position":1,"name":"In\u00edcio","item":"https:\/\/www.oarcanjo.net\/site\/"},{"@type":"ListItem","position":2,"name":"S\u00e3o Benigno"}]},{"@type":"WebSite","@id":"https:\/\/www.oarcanjo.net\/site\/#website","url":"https:\/\/www.oarcanjo.net\/site\/","name":"O Arcanjo no ar","description":"Site da Par\u00f3quia S\u00e3o Miguel Arcanjo (Arquidiocese de SP)","publisher":{"@id":"https:\/\/www.oarcanjo.net\/site\/#organization"},"potentialAction":[{"@type":"SearchAction","target":{"@type":"EntryPoint","urlTemplate":"https:\/\/www.oarcanjo.net\/site\/?s={search_term_string}"},"query-input":{"@type":"PropertyValueSpecification","valueRequired":true,"valueName":"search_term_string"}}],"inLanguage":"pt-BR"},{"@type":"Organization","@id":"https:\/\/www.oarcanjo.net\/site\/#organization","name":"Par\u00f3quia S\u00e3o Miguel Arcanjo","url":"https:\/\/www.oarcanjo.net\/site\/","logo":{"@type":"ImageObject","inLanguage":"pt-BR","@id":"https:\/\/www.oarcanjo.net\/site\/#\/schema\/logo\/image\/","url":"https:\/\/www.oarcanjo.net\/site\/wp-content\/uploads\/LogoOArcanjo.png","contentUrl":"https:\/\/www.oarcanjo.net\/site\/wp-content\/uploads\/LogoOArcanjo.png","width":319,"height":99,"caption":"Par\u00f3quia S\u00e3o Miguel Arcanjo"},"image":{"@id":"https:\/\/www.oarcanjo.net\/site\/#\/schema\/logo\/image\/"},"sameAs":["https:\/\/www.facebook.com\/OArcanjoNoAr\/"]},{"@type":"Person","@id":"https:\/\/www.oarcanjo.net\/site\/#\/schema\/person\/5eb9480bedd2f3c97e430ce128c29c6c","name":"danilo"}]}},"publishpress_future_action":{"enabled":false,"date":"2026-05-08 03:39:04","action":"category","newStatus":"draft","terms":[],"taxonomy":"category"},"publishpress_future_workflow_manual_trigger":{"enabledWorkflows":[]},"_links":{"self":[{"href":"https:\/\/www.oarcanjo.net\/site\/wp-json\/wp\/v2\/posts\/7738"}],"collection":[{"href":"https:\/\/www.oarcanjo.net\/site\/wp-json\/wp\/v2\/posts"}],"about":[{"href":"https:\/\/www.oarcanjo.net\/site\/wp-json\/wp\/v2\/types\/post"}],"author":[{"embeddable":true,"href":"https:\/\/www.oarcanjo.net\/site\/wp-json\/wp\/v2\/users\/14"}],"replies":[{"embeddable":true,"href":"https:\/\/www.oarcanjo.net\/site\/wp-json\/wp\/v2\/comments?post=7738"}],"version-history":[{"count":1,"href":"https:\/\/www.oarcanjo.net\/site\/wp-json\/wp\/v2\/posts\/7738\/revisions"}],"predecessor-version":[{"id":92774,"href":"https:\/\/www.oarcanjo.net\/site\/wp-json\/wp\/v2\/posts\/7738\/revisions\/92774"}],"wp:attachment":[{"href":"https:\/\/www.oarcanjo.net\/site\/wp-json\/wp\/v2\/media?parent=7738"}],"wp:term":[{"taxonomy":"category","embeddable":true,"href":"https:\/\/www.oarcanjo.net\/site\/wp-json\/wp\/v2\/categories?post=7738"},{"taxonomy":"post_tag","embeddable":true,"href":"https:\/\/www.oarcanjo.net\/site\/wp-json\/wp\/v2\/tags?post=7738"}],"curies":[{"name":"wp","href":"https:\/\/api.w.org\/{rel}","templated":true}]}}