
{"id":7740,"date":"2019-02-14T00:55:44","date_gmt":"2019-02-14T02:55:44","guid":{"rendered":"http:\/\/www.oarcanjo.net\/site\/?p=7740"},"modified":"2019-02-09T10:34:30","modified_gmt":"2019-02-09T12:34:30","slug":"sao-cirilo-e-sao-metodio","status":"publish","type":"post","link":"https:\/\/www.oarcanjo.net\/site\/sao-cirilo-e-sao-metodio\/","title":{"rendered":"S\u00e3o Cirilo e S\u00e3o Met\u00f3dio"},"content":{"rendered":"<p><img loading=\"lazy\" decoding=\"async\" src=\"http:\/\/3.bp.blogspot.com\/_oaYvSt4xtfA\/R7Opltk7z4I\/AAAAAAAAALg\/6cdlYnILqSg\/s320\/14_02%2B-%2Bs%2BCirilo%2Be%2BS%2BMet%C3%B3dio.JPG\" alt=\"\" width=\"213\" height=\"320\" \/><\/p>\n<p>14 de Fevereiro<\/p>\n<p>Dois irm\u00e3os, uma s\u00f3 f\u00e9. Ningu\u00e9m vai para o C\u00e9u sozinho. A vida desses dois santos, que a liturgia da Igreja comemora hoje, nos mostra o caminho da salva\u00e7\u00e3o!<br \/>\nConstantino nasceu em 826 na Tessalonica, atualmente Salonico,Gr\u00e9cia. Seu pai era Le\u00e3o, um rico juiz grego, que teve sete filhos. Constantino o ca\u00e7ula e Miguel o mais velho, que mudaram o nome para Cirilo e Met\u00f3dio respectivamente, ao abra\u00e7arem a vida religiosa.<\/p>\n<p>Cirilo tinha catorze anos quando o pai faleceu. Um amigo da fam\u00edlia, professor F\u00f3cio, que mais tarde ajudou seu irm\u00e3o acusado de heresia, assumiu a educa\u00e7\u00e3o dos \u00f3rf\u00e3os em Constantinopla, capital do Imp\u00e9rio Bizantino. Cirilo aproveitou para aprender l\u00ednguas, literatura, geometria, dial\u00e9tica e filosofia. De intelig\u00eancia brilhante, se formou em tudo.<\/p>\n<p>Rejeitando um casamento vantajoso, ingressou para a vida espiritual, fazendo votos particulares, se tornou bibliotec\u00e1rio do ex-patriarca. Em seguida foi cartor\u00e1rio e recebeu o diaconato. Mas sentiu necessidade de se afastar, indo para um mosteiro, em Bosforo. Seis meses depois foi descoberto e designado para lecionar filosofia. Em seguida, convocado como diplomata para a polemica quest\u00e3o sobre o culto das imagens junto ao ex-patriarca Jo\u00e3o VII, o Gram\u00e1tico. Depois foi resolver outra quest\u00e3o delicada junto aos \u00e1rabes sarracenos que tratava da Sant\u00edssima Trindade. Obteve sucesso em ambas.<\/p>\n<p>Seu irm\u00e3o mais velho, que era o prefeito de Constantinopla, abandonou tudo para se dedicar \u00e0 vida religiosa. Em 861, Cirilo foi se juntar a ele, numa miss\u00e3o evangelizadora, a pedido do imperador Miguel III, para atender o rei da Mor\u00e1via. Este rei precisava de mission\u00e1rios que conhecessem a l\u00edngua eslava, pois queria que o povo aprendesse corretamente a religi\u00e3o. Os irm\u00e3os foram para Querson aprender hebraico e samaritano.<\/p>\n<p>Nesta ocasi\u00e3o, Cirilo encontrou um corpo boiando, que reconheceu ser o papa Clemente I, que tinha sido exilado de Roma e atirado ao mar. Conservaram as rel\u00edquias numa urna, que depois da miss\u00e3o foi entregue em Roma. Assim, Cirilo continuou estudando o idioma e criou um alfabeto, chamado &#8220;cir\u00edlico&#8221;, hoje conhecido por &#8220;russo&#8221;. Traduziu a B\u00edblia, os Livros Sagrados e os missais, para esse dialeto. Alfabetizou a equipe dos padres mission\u00e1rios, que come\u00e7ou a evangelizar, alfabetizar e celebrar as missas em eslavo.<\/p>\n<p>Isto gerou uma grande diverg\u00eancia no meio eclesi\u00e1stico, pois os ritos eram realizados em grego ou latim, apenas. Iniciando o cisma da Igreja, que foi combatido pelo ent\u00e3o patriarca F\u00f3cio com o refor\u00e7o de seu irm\u00e3o. Os dois foram chamados por Roma, onde o papa Adriano II, solenemente recebeu as rel\u00edquias de S\u00e3o Clemente, que eles transportavam. Conseguiram o apoio do Sumo Pont\u00edfice, que aprovava a evangeliza\u00e7\u00e3o e tiveram os Livros traduzidos aben\u00e7oados.<\/p>\n<p>Mas, Cirilo que estava doente, piorou. Pressentido sua morte, tomou o h\u00e1bito definitivo de monge e o nome de Cirilo, cinq\u00fcenta dias depois, faleceu em Roma no dia 14 de fevereiro de 868. A celebra\u00e7\u00e3o f\u00fanebre foi rezada na l\u00edngua eslava, pelo papa Adriano II, sendo sepultado com grande solenidade na igreja de S\u00e3o Clemente. Cirilo e Met\u00f3dio foram declarados pela Igreja como &#8220;ap\u00f3stolos dos eslavos&#8221;. O papa Jo\u00e3o Paulo II, em 1980, os proclamou junto com S\u00e3o Bento de &#8220;Patronos da Europa&#8221;.<\/p>\n<p>Miguel, primog\u00eanito dos sete filhos do juiz grego Le\u00e3o, nasceu em 814 na Tessalonica, atual Salonico, Gr\u00e9cia. Tinha vinte e seis anos e era prefeito de Constantinopla, capital do Imp\u00e9rio Bizantino, quando seu pai morreu. Irm\u00e3o de Constantino, foi aluno de F\u00f3cio, que assumiu a educa\u00e7\u00e3o dos \u00f3rf\u00e3os. Miguel e Constantino mudaram o nome para Met\u00f3dio e Cirilo, ao se consagrarem sacerdotes.<\/p>\n<p>Com a morte do pai, em 840, abandonou tudo e se recolheu no convento de Policron, no monte Ol\u00edmpio, e se fez monge. Foi o imperador Miguel III quem o convocou para a miss\u00e3o evangelizadora da Mor\u00e1via, da qual participou tamb\u00e9m seu irm\u00e3o. Depois os dois foram para Roma, onde Cirilo, doente, acabou falecendo.<\/p>\n<p>Met\u00f3dio foi ordenado sacerdote pelo papa AdrianoII em 868 e, depois da cerim\u00f4nia do sepultamento do irm\u00e3o, foi nomeado delegado apost\u00f3lico, consagrado bispo, e estabelecido como arcebispo para a Iugosl\u00e1via e Mor\u00e1via. Uma carta, que o credenciava junto aos principados eslavos, continha a aprova\u00e7\u00e3o sem reservas para a liturgia na l\u00edngua eslava.<\/p>\n<p>Os acontecimentos pol\u00edticos impediram que Met\u00f3dio retornasse a Mor\u00e1via. Ficou, ent\u00e3o nos dom\u00ednios do principado iugoslavo, que tinham sido evangelizados at\u00e9 \u00c1ustria. Al\u00ed foram inevit\u00e1veis os desencontros entre o clero latino e o novo clero eslavo. Inclusive, Met\u00f3dio foi preso, tra\u00eddo diante do conc\u00edlio de Ratisbona e condenado ao ex\u00edlio na Su\u00e9cia.<br \/>\nO ent\u00e3o papa Jo\u00e3o VIII, em 878, interveio energicamente e ele foi solto, mas reprovou as suas novidades ling\u00fc\u00edsticas na liturgia. Por\u00e9m, Met\u00f3dio, estava fortalecido pela aprova\u00e7\u00e3o do papa anterior, podendo dar continuidade \u00e0 evangeliza\u00e7\u00e3o iniciada. Depois de um ano de tranq\u00fcilidade, novos protestos se elevaram contra ele, sendo acusado de heresia.<\/p>\n<p>Convocado a se apresentar em Roma pelo papa Jo\u00e3o VIII, n\u00e3o s\u00f3 se justificou como o convenceu a lhe dar seu apoio. Com uma carta oficial da Santa S\u00e9, ele foi confirmado nas fun\u00e7\u00f5es, e autorizado a usar o eslavo na liturgia, mas pedindo que o Evangelho fosse lido em latim antes que em eslavo. Por\u00e9m o imperador germ\u00e2nico preferia outro bispo, que celebrava a liturgia em latim. A confus\u00e3o estava formada. Tudo se complicou quando surgiu uma falsa carta do papa, que dizia o oposto da anterior apresentada por Met\u00f3dio.<\/p>\n<p>Em 881 a Santa S\u00e9, negou formalmente a falsa carta. Mas isto n\u00e3o p\u00f4s fim \u00e0 dificuldade, o clero alem\u00e3o continuou sua oposi\u00e7\u00e3o. Nesta \u00e9poca, Met\u00f3dio, foi para Constantinopla a convite do imperador, para se juntar ao ent\u00e3o patriarca F\u00f3cio, seu antigo professor e amigo da fam\u00edlia. Assim, continuou com seus disc\u00edpulos o seu apostolado e a tradu\u00e7\u00e3o da B\u00edblia e dos Livros Lit\u00fargicos a quem precisasse.<\/p>\n<p>Morreu em 6 de abril de 885 em Velehrad, Tchecoslov\u00e1quia, onde foi sepultado na igreja da Catedral. Atualmente se ignora o local exato onde foram colocadas suas rel\u00edquias. Met\u00f3dio e Cirilo s\u00e3o considerados pela Igreja como &#8220;ap\u00f3stolos dos eslavos&#8221; e venerados no dia 14 de fevereiro, dia da morte de Cirilo. Em 1980, o papa Jo\u00e3o Paulo II os proclamou &#8220;Patronos da Europa&#8221; ao lado de S\u00e3o Bento.<\/p>\n<p><img decoding=\"async\" src=\"http:\/\/www.joaoleitao.com\/viagens\/imagens\/russia\/Sao-Cirilo-Sao-Metodio.jpg\" alt=\"\" \/><\/p>\n<div id=\"themify_builder_content-7740\" data-postid=\"7740\" class=\"themify_builder_content themify_builder_content-7740 themify_builder themify_builder_front\">\n\t<\/div>\n<!-- \/themify_builder_content -->","protected":false},"excerpt":{"rendered":"<p>14 de Fevereiro Dois irm\u00e3os, uma s\u00f3 f\u00e9. Ningu\u00e9m vai para o C\u00e9u sozinho. A vida desses dois santos, que a liturgia da Igreja comemora hoje, nos mostra o caminho da salva\u00e7\u00e3o! Constantino nasceu em 826 na Tessalonica, atualmente Salonico,Gr\u00e9cia. Seu pai era Le\u00e3o, um rico juiz grego, que teve sete filhos. Constantino o ca\u00e7ula [&hellip;]<\/p>\n","protected":false},"author":14,"featured_media":0,"comment_status":"open","ping_status":"open","sticky":false,"template":"","format":"standard","meta":{"ngg_post_thumbnail":0,"footnotes":""},"categories":[186],"tags":[],"yoast_head":"<!-- This site is optimized with the Yoast SEO plugin v23.5 - https:\/\/yoast.com\/wordpress\/plugins\/seo\/ -->\n<title>S\u00e3o Cirilo e S\u00e3o Met\u00f3dio - O Arcanjo no ar<\/title>\n<meta name=\"robots\" content=\"index, follow, max-snippet:-1, max-image-preview:large, max-video-preview:-1\" \/>\n<link rel=\"canonical\" href=\"https:\/\/www.oarcanjo.net\/site\/sao-cirilo-e-sao-metodio\/\" \/>\n<meta property=\"og:locale\" content=\"pt_BR\" \/>\n<meta property=\"og:type\" content=\"article\" \/>\n<meta property=\"og:title\" content=\"S\u00e3o Cirilo e S\u00e3o Met\u00f3dio - O Arcanjo no ar\" \/>\n<meta property=\"og:description\" content=\"14 de Fevereiro Dois irm\u00e3os, uma s\u00f3 f\u00e9. Ningu\u00e9m vai para o C\u00e9u sozinho. A vida desses dois santos, que a liturgia da Igreja comemora hoje, nos mostra o caminho da salva\u00e7\u00e3o! Constantino nasceu em 826 na Tessalonica, atualmente Salonico,Gr\u00e9cia. Seu pai era Le\u00e3o, um rico juiz grego, que teve sete filhos. Constantino o ca\u00e7ula [&hellip;]\" \/>\n<meta property=\"og:url\" content=\"https:\/\/www.oarcanjo.net\/site\/sao-cirilo-e-sao-metodio\/\" \/>\n<meta property=\"og:site_name\" content=\"O Arcanjo no ar\" \/>\n<meta property=\"article:publisher\" content=\"https:\/\/www.facebook.com\/OArcanjoNoAr\/\" \/>\n<meta property=\"article:published_time\" content=\"2019-02-14T02:55:44+00:00\" \/>\n<meta property=\"article:modified_time\" content=\"2019-02-09T12:34:30+00:00\" \/>\n<meta property=\"og:image\" content=\"http:\/\/3.bp.blogspot.com\/_oaYvSt4xtfA\/R7Opltk7z4I\/AAAAAAAAALg\/6cdlYnILqSg\/s320\/14_02%2B-%2Bs%2BCirilo%2Be%2BS%2BMet%C3%B3dio.JPG\" \/>\n<meta name=\"author\" content=\"danilo\" \/>\n<meta name=\"twitter:card\" content=\"summary_large_image\" \/>\n<meta name=\"twitter:label1\" content=\"Escrito por\" \/>\n\t<meta name=\"twitter:data1\" content=\"danilo\" \/>\n\t<meta name=\"twitter:label2\" content=\"Est. tempo de leitura\" \/>\n\t<meta name=\"twitter:data2\" content=\"6 minutos\" \/>\n<script type=\"application\/ld+json\" class=\"yoast-schema-graph\">{\"@context\":\"https:\/\/schema.org\",\"@graph\":[{\"@type\":\"Article\",\"@id\":\"https:\/\/www.oarcanjo.net\/site\/sao-cirilo-e-sao-metodio\/#article\",\"isPartOf\":{\"@id\":\"https:\/\/www.oarcanjo.net\/site\/sao-cirilo-e-sao-metodio\/\"},\"author\":{\"name\":\"danilo\",\"@id\":\"https:\/\/www.oarcanjo.net\/site\/#\/schema\/person\/5eb9480bedd2f3c97e430ce128c29c6c\"},\"headline\":\"S\u00e3o Cirilo e S\u00e3o Met\u00f3dio\",\"datePublished\":\"2019-02-14T02:55:44+00:00\",\"dateModified\":\"2019-02-09T12:34:30+00:00\",\"mainEntityOfPage\":{\"@id\":\"https:\/\/www.oarcanjo.net\/site\/sao-cirilo-e-sao-metodio\/\"},\"wordCount\":1135,\"commentCount\":0,\"publisher\":{\"@id\":\"https:\/\/www.oarcanjo.net\/site\/#organization\"},\"image\":{\"@id\":\"https:\/\/www.oarcanjo.net\/site\/sao-cirilo-e-sao-metodio\/#primaryimage\"},\"thumbnailUrl\":\"http:\/\/3.bp.blogspot.com\/_oaYvSt4xtfA\/R7Opltk7z4I\/AAAAAAAAALg\/6cdlYnILqSg\/s320\/14_02%2B-%2Bs%2BCirilo%2Be%2BS%2BMet%C3%B3dio.JPG\",\"articleSection\":[\"Testemunhos\"],\"inLanguage\":\"pt-BR\",\"potentialAction\":[{\"@type\":\"CommentAction\",\"name\":\"Comment\",\"target\":[\"https:\/\/www.oarcanjo.net\/site\/sao-cirilo-e-sao-metodio\/#respond\"]}]},{\"@type\":\"WebPage\",\"@id\":\"https:\/\/www.oarcanjo.net\/site\/sao-cirilo-e-sao-metodio\/\",\"url\":\"https:\/\/www.oarcanjo.net\/site\/sao-cirilo-e-sao-metodio\/\",\"name\":\"S\u00e3o Cirilo e S\u00e3o Met\u00f3dio - O Arcanjo no ar\",\"isPartOf\":{\"@id\":\"https:\/\/www.oarcanjo.net\/site\/#website\"},\"primaryImageOfPage\":{\"@id\":\"https:\/\/www.oarcanjo.net\/site\/sao-cirilo-e-sao-metodio\/#primaryimage\"},\"image\":{\"@id\":\"https:\/\/www.oarcanjo.net\/site\/sao-cirilo-e-sao-metodio\/#primaryimage\"},\"thumbnailUrl\":\"http:\/\/3.bp.blogspot.com\/_oaYvSt4xtfA\/R7Opltk7z4I\/AAAAAAAAALg\/6cdlYnILqSg\/s320\/14_02%2B-%2Bs%2BCirilo%2Be%2BS%2BMet%C3%B3dio.JPG\",\"datePublished\":\"2019-02-14T02:55:44+00:00\",\"dateModified\":\"2019-02-09T12:34:30+00:00\",\"breadcrumb\":{\"@id\":\"https:\/\/www.oarcanjo.net\/site\/sao-cirilo-e-sao-metodio\/#breadcrumb\"},\"inLanguage\":\"pt-BR\",\"potentialAction\":[{\"@type\":\"ReadAction\",\"target\":[\"https:\/\/www.oarcanjo.net\/site\/sao-cirilo-e-sao-metodio\/\"]}]},{\"@type\":\"ImageObject\",\"inLanguage\":\"pt-BR\",\"@id\":\"https:\/\/www.oarcanjo.net\/site\/sao-cirilo-e-sao-metodio\/#primaryimage\",\"url\":\"http:\/\/3.bp.blogspot.com\/_oaYvSt4xtfA\/R7Opltk7z4I\/AAAAAAAAALg\/6cdlYnILqSg\/s320\/14_02%2B-%2Bs%2BCirilo%2Be%2BS%2BMet%C3%B3dio.JPG\",\"contentUrl\":\"http:\/\/3.bp.blogspot.com\/_oaYvSt4xtfA\/R7Opltk7z4I\/AAAAAAAAALg\/6cdlYnILqSg\/s320\/14_02%2B-%2Bs%2BCirilo%2Be%2BS%2BMet%C3%B3dio.JPG\"},{\"@type\":\"BreadcrumbList\",\"@id\":\"https:\/\/www.oarcanjo.net\/site\/sao-cirilo-e-sao-metodio\/#breadcrumb\",\"itemListElement\":[{\"@type\":\"ListItem\",\"position\":1,\"name\":\"In\u00edcio\",\"item\":\"https:\/\/www.oarcanjo.net\/site\/\"},{\"@type\":\"ListItem\",\"position\":2,\"name\":\"S\u00e3o Cirilo e S\u00e3o Met\u00f3dio\"}]},{\"@type\":\"WebSite\",\"@id\":\"https:\/\/www.oarcanjo.net\/site\/#website\",\"url\":\"https:\/\/www.oarcanjo.net\/site\/\",\"name\":\"O Arcanjo no ar\",\"description\":\"Site da Par\u00f3quia S\u00e3o Miguel Arcanjo (Arquidiocese de SP)\",\"publisher\":{\"@id\":\"https:\/\/www.oarcanjo.net\/site\/#organization\"},\"potentialAction\":[{\"@type\":\"SearchAction\",\"target\":{\"@type\":\"EntryPoint\",\"urlTemplate\":\"https:\/\/www.oarcanjo.net\/site\/?s={search_term_string}\"},\"query-input\":{\"@type\":\"PropertyValueSpecification\",\"valueRequired\":true,\"valueName\":\"search_term_string\"}}],\"inLanguage\":\"pt-BR\"},{\"@type\":\"Organization\",\"@id\":\"https:\/\/www.oarcanjo.net\/site\/#organization\",\"name\":\"Par\u00f3quia S\u00e3o Miguel Arcanjo\",\"url\":\"https:\/\/www.oarcanjo.net\/site\/\",\"logo\":{\"@type\":\"ImageObject\",\"inLanguage\":\"pt-BR\",\"@id\":\"https:\/\/www.oarcanjo.net\/site\/#\/schema\/logo\/image\/\",\"url\":\"https:\/\/www.oarcanjo.net\/site\/wp-content\/uploads\/LogoOArcanjo.png\",\"contentUrl\":\"https:\/\/www.oarcanjo.net\/site\/wp-content\/uploads\/LogoOArcanjo.png\",\"width\":319,\"height\":99,\"caption\":\"Par\u00f3quia S\u00e3o Miguel Arcanjo\"},\"image\":{\"@id\":\"https:\/\/www.oarcanjo.net\/site\/#\/schema\/logo\/image\/\"},\"sameAs\":[\"https:\/\/www.facebook.com\/OArcanjoNoAr\/\"]},{\"@type\":\"Person\",\"@id\":\"https:\/\/www.oarcanjo.net\/site\/#\/schema\/person\/5eb9480bedd2f3c97e430ce128c29c6c\",\"name\":\"danilo\"}]}<\/script>\n<!-- \/ Yoast SEO plugin. -->","yoast_head_json":{"title":"S\u00e3o Cirilo e S\u00e3o Met\u00f3dio - O Arcanjo no ar","robots":{"index":"index","follow":"follow","max-snippet":"max-snippet:-1","max-image-preview":"max-image-preview:large","max-video-preview":"max-video-preview:-1"},"canonical":"https:\/\/www.oarcanjo.net\/site\/sao-cirilo-e-sao-metodio\/","og_locale":"pt_BR","og_type":"article","og_title":"S\u00e3o Cirilo e S\u00e3o Met\u00f3dio - O Arcanjo no ar","og_description":"14 de Fevereiro Dois irm\u00e3os, uma s\u00f3 f\u00e9. Ningu\u00e9m vai para o C\u00e9u sozinho. A vida desses dois santos, que a liturgia da Igreja comemora hoje, nos mostra o caminho da salva\u00e7\u00e3o! Constantino nasceu em 826 na Tessalonica, atualmente Salonico,Gr\u00e9cia. Seu pai era Le\u00e3o, um rico juiz grego, que teve sete filhos. Constantino o ca\u00e7ula [&hellip;]","og_url":"https:\/\/www.oarcanjo.net\/site\/sao-cirilo-e-sao-metodio\/","og_site_name":"O Arcanjo no ar","article_publisher":"https:\/\/www.facebook.com\/OArcanjoNoAr\/","article_published_time":"2019-02-14T02:55:44+00:00","article_modified_time":"2019-02-09T12:34:30+00:00","og_image":[{"url":"http:\/\/3.bp.blogspot.com\/_oaYvSt4xtfA\/R7Opltk7z4I\/AAAAAAAAALg\/6cdlYnILqSg\/s320\/14_02%2B-%2Bs%2BCirilo%2Be%2BS%2BMet%C3%B3dio.JPG"}],"author":"danilo","twitter_card":"summary_large_image","twitter_misc":{"Escrito por":"danilo","Est. tempo de leitura":"6 minutos"},"schema":{"@context":"https:\/\/schema.org","@graph":[{"@type":"Article","@id":"https:\/\/www.oarcanjo.net\/site\/sao-cirilo-e-sao-metodio\/#article","isPartOf":{"@id":"https:\/\/www.oarcanjo.net\/site\/sao-cirilo-e-sao-metodio\/"},"author":{"name":"danilo","@id":"https:\/\/www.oarcanjo.net\/site\/#\/schema\/person\/5eb9480bedd2f3c97e430ce128c29c6c"},"headline":"S\u00e3o Cirilo e S\u00e3o Met\u00f3dio","datePublished":"2019-02-14T02:55:44+00:00","dateModified":"2019-02-09T12:34:30+00:00","mainEntityOfPage":{"@id":"https:\/\/www.oarcanjo.net\/site\/sao-cirilo-e-sao-metodio\/"},"wordCount":1135,"commentCount":0,"publisher":{"@id":"https:\/\/www.oarcanjo.net\/site\/#organization"},"image":{"@id":"https:\/\/www.oarcanjo.net\/site\/sao-cirilo-e-sao-metodio\/#primaryimage"},"thumbnailUrl":"http:\/\/3.bp.blogspot.com\/_oaYvSt4xtfA\/R7Opltk7z4I\/AAAAAAAAALg\/6cdlYnILqSg\/s320\/14_02%2B-%2Bs%2BCirilo%2Be%2BS%2BMet%C3%B3dio.JPG","articleSection":["Testemunhos"],"inLanguage":"pt-BR","potentialAction":[{"@type":"CommentAction","name":"Comment","target":["https:\/\/www.oarcanjo.net\/site\/sao-cirilo-e-sao-metodio\/#respond"]}]},{"@type":"WebPage","@id":"https:\/\/www.oarcanjo.net\/site\/sao-cirilo-e-sao-metodio\/","url":"https:\/\/www.oarcanjo.net\/site\/sao-cirilo-e-sao-metodio\/","name":"S\u00e3o Cirilo e S\u00e3o Met\u00f3dio - O Arcanjo no ar","isPartOf":{"@id":"https:\/\/www.oarcanjo.net\/site\/#website"},"primaryImageOfPage":{"@id":"https:\/\/www.oarcanjo.net\/site\/sao-cirilo-e-sao-metodio\/#primaryimage"},"image":{"@id":"https:\/\/www.oarcanjo.net\/site\/sao-cirilo-e-sao-metodio\/#primaryimage"},"thumbnailUrl":"http:\/\/3.bp.blogspot.com\/_oaYvSt4xtfA\/R7Opltk7z4I\/AAAAAAAAALg\/6cdlYnILqSg\/s320\/14_02%2B-%2Bs%2BCirilo%2Be%2BS%2BMet%C3%B3dio.JPG","datePublished":"2019-02-14T02:55:44+00:00","dateModified":"2019-02-09T12:34:30+00:00","breadcrumb":{"@id":"https:\/\/www.oarcanjo.net\/site\/sao-cirilo-e-sao-metodio\/#breadcrumb"},"inLanguage":"pt-BR","potentialAction":[{"@type":"ReadAction","target":["https:\/\/www.oarcanjo.net\/site\/sao-cirilo-e-sao-metodio\/"]}]},{"@type":"ImageObject","inLanguage":"pt-BR","@id":"https:\/\/www.oarcanjo.net\/site\/sao-cirilo-e-sao-metodio\/#primaryimage","url":"http:\/\/3.bp.blogspot.com\/_oaYvSt4xtfA\/R7Opltk7z4I\/AAAAAAAAALg\/6cdlYnILqSg\/s320\/14_02%2B-%2Bs%2BCirilo%2Be%2BS%2BMet%C3%B3dio.JPG","contentUrl":"http:\/\/3.bp.blogspot.com\/_oaYvSt4xtfA\/R7Opltk7z4I\/AAAAAAAAALg\/6cdlYnILqSg\/s320\/14_02%2B-%2Bs%2BCirilo%2Be%2BS%2BMet%C3%B3dio.JPG"},{"@type":"BreadcrumbList","@id":"https:\/\/www.oarcanjo.net\/site\/sao-cirilo-e-sao-metodio\/#breadcrumb","itemListElement":[{"@type":"ListItem","position":1,"name":"In\u00edcio","item":"https:\/\/www.oarcanjo.net\/site\/"},{"@type":"ListItem","position":2,"name":"S\u00e3o Cirilo e S\u00e3o Met\u00f3dio"}]},{"@type":"WebSite","@id":"https:\/\/www.oarcanjo.net\/site\/#website","url":"https:\/\/www.oarcanjo.net\/site\/","name":"O Arcanjo no ar","description":"Site da Par\u00f3quia S\u00e3o Miguel Arcanjo (Arquidiocese de SP)","publisher":{"@id":"https:\/\/www.oarcanjo.net\/site\/#organization"},"potentialAction":[{"@type":"SearchAction","target":{"@type":"EntryPoint","urlTemplate":"https:\/\/www.oarcanjo.net\/site\/?s={search_term_string}"},"query-input":{"@type":"PropertyValueSpecification","valueRequired":true,"valueName":"search_term_string"}}],"inLanguage":"pt-BR"},{"@type":"Organization","@id":"https:\/\/www.oarcanjo.net\/site\/#organization","name":"Par\u00f3quia S\u00e3o Miguel Arcanjo","url":"https:\/\/www.oarcanjo.net\/site\/","logo":{"@type":"ImageObject","inLanguage":"pt-BR","@id":"https:\/\/www.oarcanjo.net\/site\/#\/schema\/logo\/image\/","url":"https:\/\/www.oarcanjo.net\/site\/wp-content\/uploads\/LogoOArcanjo.png","contentUrl":"https:\/\/www.oarcanjo.net\/site\/wp-content\/uploads\/LogoOArcanjo.png","width":319,"height":99,"caption":"Par\u00f3quia S\u00e3o Miguel Arcanjo"},"image":{"@id":"https:\/\/www.oarcanjo.net\/site\/#\/schema\/logo\/image\/"},"sameAs":["https:\/\/www.facebook.com\/OArcanjoNoAr\/"]},{"@type":"Person","@id":"https:\/\/www.oarcanjo.net\/site\/#\/schema\/person\/5eb9480bedd2f3c97e430ce128c29c6c","name":"danilo"}]}},"publishpress_future_action":{"enabled":false,"date":"2026-05-08 02:43:13","action":"category","newStatus":"draft","terms":[],"taxonomy":"category"},"publishpress_future_workflow_manual_trigger":{"enabledWorkflows":[]},"_links":{"self":[{"href":"https:\/\/www.oarcanjo.net\/site\/wp-json\/wp\/v2\/posts\/7740"}],"collection":[{"href":"https:\/\/www.oarcanjo.net\/site\/wp-json\/wp\/v2\/posts"}],"about":[{"href":"https:\/\/www.oarcanjo.net\/site\/wp-json\/wp\/v2\/types\/post"}],"author":[{"embeddable":true,"href":"https:\/\/www.oarcanjo.net\/site\/wp-json\/wp\/v2\/users\/14"}],"replies":[{"embeddable":true,"href":"https:\/\/www.oarcanjo.net\/site\/wp-json\/wp\/v2\/comments?post=7740"}],"version-history":[{"count":1,"href":"https:\/\/www.oarcanjo.net\/site\/wp-json\/wp\/v2\/posts\/7740\/revisions"}],"predecessor-version":[{"id":92777,"href":"https:\/\/www.oarcanjo.net\/site\/wp-json\/wp\/v2\/posts\/7740\/revisions\/92777"}],"wp:attachment":[{"href":"https:\/\/www.oarcanjo.net\/site\/wp-json\/wp\/v2\/media?parent=7740"}],"wp:term":[{"taxonomy":"category","embeddable":true,"href":"https:\/\/www.oarcanjo.net\/site\/wp-json\/wp\/v2\/categories?post=7740"},{"taxonomy":"post_tag","embeddable":true,"href":"https:\/\/www.oarcanjo.net\/site\/wp-json\/wp\/v2\/tags?post=7740"}],"curies":[{"name":"wp","href":"https:\/\/api.w.org\/{rel}","templated":true}]}}