
{"id":7743,"date":"2019-02-14T00:45:35","date_gmt":"2019-02-14T02:45:35","guid":{"rendered":"http:\/\/www.oarcanjo.net\/site\/?p=7743"},"modified":"2019-02-09T10:34:25","modified_gmt":"2019-02-09T12:34:25","slug":"sao-valentim","status":"publish","type":"post","link":"https:\/\/www.oarcanjo.net\/site\/sao-valentim\/","title":{"rendered":"S\u00e3o Valentim"},"content":{"rendered":"<p><img decoding=\"async\" src=\"http:\/\/ronaldorossi.com.br\/blog\/wp-content\/uploads\/2009\/02\/sao-valentim.jpg\" alt=\"\" \/><\/p>\n<p>14 de Fevereiro<\/p>\n<p>Nesta data os norte-americanos e muitos outros povos celebram o dia de s\u00e3o Valentim ou o Valentine\u2019s day e com isso comemoram o dia dos namorados.<\/p>\n<p>O m\u00e1rtir, quer dizer os dois m\u00e1rtires, de nome Valentim, que viveram no mesmo per\u00edodo da Hist\u00f3ria e s\u00e3o comemorados em 14 de fevereiro, deram o nome a uma simp\u00e1tica tradi\u00e7\u00e3o, chamada de &#8220;dia dos valentins&#8221; significando &#8220;dia dos namorados&#8221;. Ainda esta tradi\u00e7\u00e3o, indicava a festa de S\u00e3o Valentim como o in\u00edcio da primavera, esta\u00e7\u00e3o do despertar da vida e tamb\u00e9m do romance, quando os p\u00e1ssaros come\u00e7am a preparar seus ninhos.<\/p>\n<p>Mas, S\u00e3o Valentim se tornou o protetor dos namorados, ou melhor, os dois se tornaram, por outro motivo, al\u00e9m desta tradi\u00e7\u00e3o dos devotos. Vejamos porque. O primeiro m\u00e1rtir, um soldado romano, foi inclu\u00eddo no Martirol\u00f3gio Romano com o nome de Valentim. O segundo foi inserido como Valentim de Terni, pois era o bispo dessa diocese. O registro sobre sua vida pode ser encontrado por esse nome, em outra p\u00e1gina.<\/p>\n<p>No s\u00e9culo III, em Roma, Valentim, era um sacerdote e o imperador era Cl\u00e1udio II,o G\u00f3tico. O Imp\u00e9rio enfrentava muitos problemas, com in\u00fameras batalhas perdidas. O imperador deduziu que a culpa era dos soldados solteiros, que segundo ele, eram os menos destemidos ou ousados nas lutas. E, mais, que depois de se ferirem levemente, pediam dispensa das frentes. Mas, o que era pior, retornavam para o ex\u00e9rcito, casados e nesta condi\u00e7\u00e3o queriam voltar vivos, enfraquecendo os ex\u00e9rcitos. Por isto, proibiu a celebra\u00e7\u00e3o dos casamentos.<\/p>\n<p>Valentim, que considerava essa medida injusta, continuou a celebrar os casamentos, mas secretamente. Quando soube das a\u00e7\u00f5es do sacerdote, Cl\u00e1udio mandou que fosse preso e o interrogou publicamente. Suas respostas foram elogiadas pelo soberano que disse: &#8220;Escutem a s\u00e1bia doutrina deste homem&#8221;. E, de fato, parece que a prega\u00e7\u00e3o de Valentim, o tinha impressionado, pois o mandou para uma pris\u00e3o domiciliar, indicando a resid\u00eancia do prefeito romano Asterio, onde todos eram pag\u00e3os.<\/p>\n<p>Logo que chegou na casa, o sacerdote ficou sabendo que o prefeito tinha uma filha cega. Disse aos familiares que iria rezar e pedir para Jesus Cristo pela cura da jovem, o que ocorreu alguns dias depois. Mas, nesta altura dos fatos, Valentim havia convertido a fam\u00edlia interia do prefeito. Isto agravou sua pena, sendo condenado a morte.<\/p>\n<p>A antiga lenda acrescentou que ap\u00f3s curar a jovem, ele teria se enamorado dela, platonicamente, mas preferiu o seu minist\u00e9rio. Antes de morrer teria escrito uma carta para a jovem e a entregou ao pai dela. No dia 14 de fevereiro de 286 foi levado para a chamada via Flaminia, onde foi morto a pauladas e depois decapitado.<\/p>\n<p>A sepultura de Valentim foi encontrada em 346, numa capela subterr\u00e2nea na via Flaminia. Dez s\u00e9culos depois, antigos registros o indicaram como irm\u00e3o de S\u00e3o Zen\u00e3o. Hoje, as suas rel\u00edquias est\u00e3o na Igreja de S\u00e3o Praxedes num Orat\u00f3rio dedicado a S\u00e3o Zen\u00e3o e Valentim.<\/p>\n<p>O m\u00e1rtir Valentim, se tornou santo porque morreu pelo testemunho de seu sacerd\u00f3cio. A Igreja o considera padroeiro dos namorados por ter defendido com sua vida o Sacramento do Casamento e n\u00e3o pelo motivo acrescentado pela lenda.<\/p>\n<p>No Brasil, a data \u00e9 comemorada no dia 12 de junho por ser v\u00e9spera do 13 de junho, Dia de Santo Ant\u00f4nio, santo com tradi\u00e7\u00e3o de casamenteiro.<\/p>\n<div id=\"themify_builder_content-7743\" data-postid=\"7743\" class=\"themify_builder_content themify_builder_content-7743 themify_builder themify_builder_front\">\n\t<\/div>\n<!-- \/themify_builder_content -->","protected":false},"excerpt":{"rendered":"<p>14 de Fevereiro Nesta data os norte-americanos e muitos outros povos celebram o dia de s\u00e3o Valentim ou o Valentine\u2019s day e com isso comemoram o dia dos namorados. O m\u00e1rtir, quer dizer os dois m\u00e1rtires, de nome Valentim, que viveram no mesmo per\u00edodo da Hist\u00f3ria e s\u00e3o comemorados em 14 de fevereiro, deram o [&hellip;]<\/p>\n","protected":false},"author":14,"featured_media":0,"comment_status":"open","ping_status":"open","sticky":false,"template":"","format":"standard","meta":{"ngg_post_thumbnail":0,"footnotes":""},"categories":[186],"tags":[],"yoast_head":"<!-- This site is optimized with the Yoast SEO plugin v23.5 - https:\/\/yoast.com\/wordpress\/plugins\/seo\/ -->\n<title>S\u00e3o Valentim - O Arcanjo no ar<\/title>\n<meta name=\"robots\" content=\"index, follow, max-snippet:-1, max-image-preview:large, max-video-preview:-1\" \/>\n<link rel=\"canonical\" href=\"https:\/\/www.oarcanjo.net\/site\/sao-valentim\/\" \/>\n<meta property=\"og:locale\" content=\"pt_BR\" \/>\n<meta property=\"og:type\" content=\"article\" \/>\n<meta property=\"og:title\" content=\"S\u00e3o Valentim - O Arcanjo no ar\" \/>\n<meta property=\"og:description\" content=\"14 de Fevereiro Nesta data os norte-americanos e muitos outros povos celebram o dia de s\u00e3o Valentim ou o Valentine\u2019s day e com isso comemoram o dia dos namorados. O m\u00e1rtir, quer dizer os dois m\u00e1rtires, de nome Valentim, que viveram no mesmo per\u00edodo da Hist\u00f3ria e s\u00e3o comemorados em 14 de fevereiro, deram o [&hellip;]\" \/>\n<meta property=\"og:url\" content=\"https:\/\/www.oarcanjo.net\/site\/sao-valentim\/\" \/>\n<meta property=\"og:site_name\" content=\"O Arcanjo no ar\" \/>\n<meta property=\"article:publisher\" content=\"https:\/\/www.facebook.com\/OArcanjoNoAr\/\" \/>\n<meta property=\"article:published_time\" content=\"2019-02-14T02:45:35+00:00\" \/>\n<meta property=\"article:modified_time\" content=\"2019-02-09T12:34:25+00:00\" \/>\n<meta property=\"og:image\" content=\"http:\/\/ronaldorossi.com.br\/blog\/wp-content\/uploads\/2009\/02\/sao-valentim.jpg\" \/>\n<meta name=\"author\" content=\"danilo\" \/>\n<meta name=\"twitter:card\" content=\"summary_large_image\" \/>\n<meta name=\"twitter:label1\" content=\"Escrito por\" \/>\n\t<meta name=\"twitter:data1\" content=\"danilo\" \/>\n\t<meta name=\"twitter:label2\" content=\"Est. tempo de leitura\" \/>\n\t<meta name=\"twitter:data2\" content=\"3 minutos\" \/>\n<script type=\"application\/ld+json\" class=\"yoast-schema-graph\">{\"@context\":\"https:\/\/schema.org\",\"@graph\":[{\"@type\":\"Article\",\"@id\":\"https:\/\/www.oarcanjo.net\/site\/sao-valentim\/#article\",\"isPartOf\":{\"@id\":\"https:\/\/www.oarcanjo.net\/site\/sao-valentim\/\"},\"author\":{\"name\":\"danilo\",\"@id\":\"https:\/\/www.oarcanjo.net\/site\/#\/schema\/person\/5eb9480bedd2f3c97e430ce128c29c6c\"},\"headline\":\"S\u00e3o Valentim\",\"datePublished\":\"2019-02-14T02:45:35+00:00\",\"dateModified\":\"2019-02-09T12:34:25+00:00\",\"mainEntityOfPage\":{\"@id\":\"https:\/\/www.oarcanjo.net\/site\/sao-valentim\/\"},\"wordCount\":604,\"commentCount\":0,\"publisher\":{\"@id\":\"https:\/\/www.oarcanjo.net\/site\/#organization\"},\"image\":{\"@id\":\"https:\/\/www.oarcanjo.net\/site\/sao-valentim\/#primaryimage\"},\"thumbnailUrl\":\"http:\/\/ronaldorossi.com.br\/blog\/wp-content\/uploads\/2009\/02\/sao-valentim.jpg\",\"articleSection\":[\"Testemunhos\"],\"inLanguage\":\"pt-BR\",\"potentialAction\":[{\"@type\":\"CommentAction\",\"name\":\"Comment\",\"target\":[\"https:\/\/www.oarcanjo.net\/site\/sao-valentim\/#respond\"]}]},{\"@type\":\"WebPage\",\"@id\":\"https:\/\/www.oarcanjo.net\/site\/sao-valentim\/\",\"url\":\"https:\/\/www.oarcanjo.net\/site\/sao-valentim\/\",\"name\":\"S\u00e3o Valentim - O Arcanjo no ar\",\"isPartOf\":{\"@id\":\"https:\/\/www.oarcanjo.net\/site\/#website\"},\"primaryImageOfPage\":{\"@id\":\"https:\/\/www.oarcanjo.net\/site\/sao-valentim\/#primaryimage\"},\"image\":{\"@id\":\"https:\/\/www.oarcanjo.net\/site\/sao-valentim\/#primaryimage\"},\"thumbnailUrl\":\"http:\/\/ronaldorossi.com.br\/blog\/wp-content\/uploads\/2009\/02\/sao-valentim.jpg\",\"datePublished\":\"2019-02-14T02:45:35+00:00\",\"dateModified\":\"2019-02-09T12:34:25+00:00\",\"breadcrumb\":{\"@id\":\"https:\/\/www.oarcanjo.net\/site\/sao-valentim\/#breadcrumb\"},\"inLanguage\":\"pt-BR\",\"potentialAction\":[{\"@type\":\"ReadAction\",\"target\":[\"https:\/\/www.oarcanjo.net\/site\/sao-valentim\/\"]}]},{\"@type\":\"ImageObject\",\"inLanguage\":\"pt-BR\",\"@id\":\"https:\/\/www.oarcanjo.net\/site\/sao-valentim\/#primaryimage\",\"url\":\"http:\/\/ronaldorossi.com.br\/blog\/wp-content\/uploads\/2009\/02\/sao-valentim.jpg\",\"contentUrl\":\"http:\/\/ronaldorossi.com.br\/blog\/wp-content\/uploads\/2009\/02\/sao-valentim.jpg\"},{\"@type\":\"BreadcrumbList\",\"@id\":\"https:\/\/www.oarcanjo.net\/site\/sao-valentim\/#breadcrumb\",\"itemListElement\":[{\"@type\":\"ListItem\",\"position\":1,\"name\":\"In\u00edcio\",\"item\":\"https:\/\/www.oarcanjo.net\/site\/\"},{\"@type\":\"ListItem\",\"position\":2,\"name\":\"S\u00e3o Valentim\"}]},{\"@type\":\"WebSite\",\"@id\":\"https:\/\/www.oarcanjo.net\/site\/#website\",\"url\":\"https:\/\/www.oarcanjo.net\/site\/\",\"name\":\"O Arcanjo no ar\",\"description\":\"Site da Par\u00f3quia S\u00e3o Miguel Arcanjo (Arquidiocese de SP)\",\"publisher\":{\"@id\":\"https:\/\/www.oarcanjo.net\/site\/#organization\"},\"potentialAction\":[{\"@type\":\"SearchAction\",\"target\":{\"@type\":\"EntryPoint\",\"urlTemplate\":\"https:\/\/www.oarcanjo.net\/site\/?s={search_term_string}\"},\"query-input\":{\"@type\":\"PropertyValueSpecification\",\"valueRequired\":true,\"valueName\":\"search_term_string\"}}],\"inLanguage\":\"pt-BR\"},{\"@type\":\"Organization\",\"@id\":\"https:\/\/www.oarcanjo.net\/site\/#organization\",\"name\":\"Par\u00f3quia S\u00e3o Miguel Arcanjo\",\"url\":\"https:\/\/www.oarcanjo.net\/site\/\",\"logo\":{\"@type\":\"ImageObject\",\"inLanguage\":\"pt-BR\",\"@id\":\"https:\/\/www.oarcanjo.net\/site\/#\/schema\/logo\/image\/\",\"url\":\"https:\/\/www.oarcanjo.net\/site\/wp-content\/uploads\/LogoOArcanjo.png\",\"contentUrl\":\"https:\/\/www.oarcanjo.net\/site\/wp-content\/uploads\/LogoOArcanjo.png\",\"width\":319,\"height\":99,\"caption\":\"Par\u00f3quia S\u00e3o Miguel Arcanjo\"},\"image\":{\"@id\":\"https:\/\/www.oarcanjo.net\/site\/#\/schema\/logo\/image\/\"},\"sameAs\":[\"https:\/\/www.facebook.com\/OArcanjoNoAr\/\"]},{\"@type\":\"Person\",\"@id\":\"https:\/\/www.oarcanjo.net\/site\/#\/schema\/person\/5eb9480bedd2f3c97e430ce128c29c6c\",\"name\":\"danilo\"}]}<\/script>\n<!-- \/ Yoast SEO plugin. -->","yoast_head_json":{"title":"S\u00e3o Valentim - O Arcanjo no ar","robots":{"index":"index","follow":"follow","max-snippet":"max-snippet:-1","max-image-preview":"max-image-preview:large","max-video-preview":"max-video-preview:-1"},"canonical":"https:\/\/www.oarcanjo.net\/site\/sao-valentim\/","og_locale":"pt_BR","og_type":"article","og_title":"S\u00e3o Valentim - O Arcanjo no ar","og_description":"14 de Fevereiro Nesta data os norte-americanos e muitos outros povos celebram o dia de s\u00e3o Valentim ou o Valentine\u2019s day e com isso comemoram o dia dos namorados. O m\u00e1rtir, quer dizer os dois m\u00e1rtires, de nome Valentim, que viveram no mesmo per\u00edodo da Hist\u00f3ria e s\u00e3o comemorados em 14 de fevereiro, deram o [&hellip;]","og_url":"https:\/\/www.oarcanjo.net\/site\/sao-valentim\/","og_site_name":"O Arcanjo no ar","article_publisher":"https:\/\/www.facebook.com\/OArcanjoNoAr\/","article_published_time":"2019-02-14T02:45:35+00:00","article_modified_time":"2019-02-09T12:34:25+00:00","og_image":[{"url":"http:\/\/ronaldorossi.com.br\/blog\/wp-content\/uploads\/2009\/02\/sao-valentim.jpg"}],"author":"danilo","twitter_card":"summary_large_image","twitter_misc":{"Escrito por":"danilo","Est. tempo de leitura":"3 minutos"},"schema":{"@context":"https:\/\/schema.org","@graph":[{"@type":"Article","@id":"https:\/\/www.oarcanjo.net\/site\/sao-valentim\/#article","isPartOf":{"@id":"https:\/\/www.oarcanjo.net\/site\/sao-valentim\/"},"author":{"name":"danilo","@id":"https:\/\/www.oarcanjo.net\/site\/#\/schema\/person\/5eb9480bedd2f3c97e430ce128c29c6c"},"headline":"S\u00e3o Valentim","datePublished":"2019-02-14T02:45:35+00:00","dateModified":"2019-02-09T12:34:25+00:00","mainEntityOfPage":{"@id":"https:\/\/www.oarcanjo.net\/site\/sao-valentim\/"},"wordCount":604,"commentCount":0,"publisher":{"@id":"https:\/\/www.oarcanjo.net\/site\/#organization"},"image":{"@id":"https:\/\/www.oarcanjo.net\/site\/sao-valentim\/#primaryimage"},"thumbnailUrl":"http:\/\/ronaldorossi.com.br\/blog\/wp-content\/uploads\/2009\/02\/sao-valentim.jpg","articleSection":["Testemunhos"],"inLanguage":"pt-BR","potentialAction":[{"@type":"CommentAction","name":"Comment","target":["https:\/\/www.oarcanjo.net\/site\/sao-valentim\/#respond"]}]},{"@type":"WebPage","@id":"https:\/\/www.oarcanjo.net\/site\/sao-valentim\/","url":"https:\/\/www.oarcanjo.net\/site\/sao-valentim\/","name":"S\u00e3o Valentim - O Arcanjo no ar","isPartOf":{"@id":"https:\/\/www.oarcanjo.net\/site\/#website"},"primaryImageOfPage":{"@id":"https:\/\/www.oarcanjo.net\/site\/sao-valentim\/#primaryimage"},"image":{"@id":"https:\/\/www.oarcanjo.net\/site\/sao-valentim\/#primaryimage"},"thumbnailUrl":"http:\/\/ronaldorossi.com.br\/blog\/wp-content\/uploads\/2009\/02\/sao-valentim.jpg","datePublished":"2019-02-14T02:45:35+00:00","dateModified":"2019-02-09T12:34:25+00:00","breadcrumb":{"@id":"https:\/\/www.oarcanjo.net\/site\/sao-valentim\/#breadcrumb"},"inLanguage":"pt-BR","potentialAction":[{"@type":"ReadAction","target":["https:\/\/www.oarcanjo.net\/site\/sao-valentim\/"]}]},{"@type":"ImageObject","inLanguage":"pt-BR","@id":"https:\/\/www.oarcanjo.net\/site\/sao-valentim\/#primaryimage","url":"http:\/\/ronaldorossi.com.br\/blog\/wp-content\/uploads\/2009\/02\/sao-valentim.jpg","contentUrl":"http:\/\/ronaldorossi.com.br\/blog\/wp-content\/uploads\/2009\/02\/sao-valentim.jpg"},{"@type":"BreadcrumbList","@id":"https:\/\/www.oarcanjo.net\/site\/sao-valentim\/#breadcrumb","itemListElement":[{"@type":"ListItem","position":1,"name":"In\u00edcio","item":"https:\/\/www.oarcanjo.net\/site\/"},{"@type":"ListItem","position":2,"name":"S\u00e3o Valentim"}]},{"@type":"WebSite","@id":"https:\/\/www.oarcanjo.net\/site\/#website","url":"https:\/\/www.oarcanjo.net\/site\/","name":"O Arcanjo no ar","description":"Site da Par\u00f3quia S\u00e3o Miguel Arcanjo (Arquidiocese de SP)","publisher":{"@id":"https:\/\/www.oarcanjo.net\/site\/#organization"},"potentialAction":[{"@type":"SearchAction","target":{"@type":"EntryPoint","urlTemplate":"https:\/\/www.oarcanjo.net\/site\/?s={search_term_string}"},"query-input":{"@type":"PropertyValueSpecification","valueRequired":true,"valueName":"search_term_string"}}],"inLanguage":"pt-BR"},{"@type":"Organization","@id":"https:\/\/www.oarcanjo.net\/site\/#organization","name":"Par\u00f3quia S\u00e3o Miguel Arcanjo","url":"https:\/\/www.oarcanjo.net\/site\/","logo":{"@type":"ImageObject","inLanguage":"pt-BR","@id":"https:\/\/www.oarcanjo.net\/site\/#\/schema\/logo\/image\/","url":"https:\/\/www.oarcanjo.net\/site\/wp-content\/uploads\/LogoOArcanjo.png","contentUrl":"https:\/\/www.oarcanjo.net\/site\/wp-content\/uploads\/LogoOArcanjo.png","width":319,"height":99,"caption":"Par\u00f3quia S\u00e3o Miguel Arcanjo"},"image":{"@id":"https:\/\/www.oarcanjo.net\/site\/#\/schema\/logo\/image\/"},"sameAs":["https:\/\/www.facebook.com\/OArcanjoNoAr\/"]},{"@type":"Person","@id":"https:\/\/www.oarcanjo.net\/site\/#\/schema\/person\/5eb9480bedd2f3c97e430ce128c29c6c","name":"danilo"}]}},"publishpress_future_action":{"enabled":false,"date":"2026-05-08 02:47:03","action":"category","newStatus":"draft","terms":[],"taxonomy":"category"},"publishpress_future_workflow_manual_trigger":{"enabledWorkflows":[]},"_links":{"self":[{"href":"https:\/\/www.oarcanjo.net\/site\/wp-json\/wp\/v2\/posts\/7743"}],"collection":[{"href":"https:\/\/www.oarcanjo.net\/site\/wp-json\/wp\/v2\/posts"}],"about":[{"href":"https:\/\/www.oarcanjo.net\/site\/wp-json\/wp\/v2\/types\/post"}],"author":[{"embeddable":true,"href":"https:\/\/www.oarcanjo.net\/site\/wp-json\/wp\/v2\/users\/14"}],"replies":[{"embeddable":true,"href":"https:\/\/www.oarcanjo.net\/site\/wp-json\/wp\/v2\/comments?post=7743"}],"version-history":[{"count":1,"href":"https:\/\/www.oarcanjo.net\/site\/wp-json\/wp\/v2\/posts\/7743\/revisions"}],"predecessor-version":[{"id":92776,"href":"https:\/\/www.oarcanjo.net\/site\/wp-json\/wp\/v2\/posts\/7743\/revisions\/92776"}],"wp:attachment":[{"href":"https:\/\/www.oarcanjo.net\/site\/wp-json\/wp\/v2\/media?parent=7743"}],"wp:term":[{"taxonomy":"category","embeddable":true,"href":"https:\/\/www.oarcanjo.net\/site\/wp-json\/wp\/v2\/categories?post=7743"},{"taxonomy":"post_tag","embeddable":true,"href":"https:\/\/www.oarcanjo.net\/site\/wp-json\/wp\/v2\/tags?post=7743"}],"curies":[{"name":"wp","href":"https:\/\/api.w.org\/{rel}","templated":true}]}}