
{"id":7747,"date":"2019-02-14T00:22:43","date_gmt":"2019-02-14T02:22:43","guid":{"rendered":"http:\/\/www.oarcanjo.net\/site\/?p=7747"},"modified":"2019-02-12T17:59:34","modified_gmt":"2019-02-12T19:59:34","slug":"sao-valentim-de-terni","status":"publish","type":"post","link":"https:\/\/www.oarcanjo.net\/site\/sao-valentim-de-terni\/","title":{"rendered":"S\u00e3o Valentim de Terni"},"content":{"rendered":"<p><img decoding=\"async\" src=\"http:\/\/4.bp.blogspot.com\/_5kAa5W5YTf4\/SZb7JtfdpKI\/AAAAAAAADa0\/3wxi6Kk0SqQ\/s400\/14-Santo+Valentim+de+Terni.gif\" alt=\"\" \/><\/p>\n<p>14 de Fevereiro<\/p>\n<p>Tudo na vida tem um in\u00edcio e portanto sua explica\u00e7\u00e3o ou hist\u00f3ria. Como aconteceu com o &#8220;Dia de S\u00e3o Valentim&#8221;, que tem de tudo: f\u00e9, pol\u00edtica e romance. Al\u00e9m do interessante fato de serem dois os santos m\u00e1rtires festejados neste dia, com o mesmo nome e ambos declarados pela Igreja, protetores dos namorados. Cada um por sua justa raz\u00e3o, como se pode verificar no texto da p\u00e1gina de S\u00e3o Valentim, o sacerdote m\u00e1rtir.<\/p>\n<p>Conforme os registros da diocese de Terni, Valentim foi consagrado em 197, sendo seu primeiro bispo e considerado fundador da cidade. Consta que ao lado de sua casa e da igreja havia um imenso prado e um belo jardim. Quanto n\u00e3o estava trabalhando na igreja ou tratando de algum doente, podia ser visto cuidando das rosas que cultivava. \u00c0 tarde ele abria os port\u00f5es para as crian\u00e7as brincarem e correrem livremente. Ao entardecer ele aben\u00e7oava cada uma entregando uma flor, para ser entregue \u00e0s suas m\u00e3es. A sua inten\u00e7\u00e3o era fazer as crian\u00e7as irem direto para casa e alimentar o amor e respeito pelos pais.<\/p>\n<p>Valentim, tinha o dom do conselho, sua fama de reconciliador dos casais de namorados era muito difundida. Tudo come\u00e7ou assim: certo dia, ouvindo dois jovens namorados brigando, que pararam ao lado da cerca do seu jardim, foi ao encontro deles levando na m\u00e3o uma linda rosa. O capuz ca\u00eddo, a figura serena e sorridente do bom velho e aquela rosa que ele parecia lhes oferecer, tiveram o m\u00e1gico poder da acalmar os dois namorados em briga. Depois, quando ele, entregando realmente a rosa vermelha, pediu que os dois juntos apertassem o cabo com cuidado para n\u00e3o se espetarem e explicou o &#8220;cor unum&#8221;, que em latim significa &#8220;uni\u00e3o de corpos&#8221; de duas pessoas casadas, o amor retornou como antes.<\/p>\n<p>Algum tempo depois, os dois procuraram Valentim para marcar o casamento, que celebrou e aben\u00e7oou a uni\u00e3o do casal. Na cerim\u00f4nia compareceram quase todos da cidade, querendo participar do final feliz do casal reconciliado. A hist\u00f3ria se espalhou e sua fama se criou.<\/p>\n<p>Al\u00e9m do dom do conselho, Valentim possu\u00eda o da cura, que aumentava conforme sua idade. Muitas vezes viajava, a pedido de outras dioceses, para atender os enfermos. Em 272, foi chamado para cuidar de um doente em Roma. Durante sua estadia na cidade, Valentim converteu o famoso fil\u00f3sofo grego Crato e tr\u00eas de seus jovens disc\u00edpulos atenienses. Este zelo o exp\u00f4s aos delatores pag\u00e3os. Nesta \u00e9poca o imperador era Aureliano, ardiloso e cruel. Os disc\u00edpulos de Crato foram ao julgamento em defesa do bispo, mas nada puderam fazer. Valentim foi condenado \u00e0 morte e decapitado em 14 de fevereiro de 273. Os tr\u00eas jovens rec\u00e9m convertidos resgataram seu corpo e o transportaram para Terni onde foi sepultado.<\/p>\n<p>A sua festa no dia 14 de fevereiro e a sua fama ganharam for\u00e7a em toda a It\u00e1lia. Na Idade M\u00e9dia, foi ganhando refor\u00e7os e hoje \u00e9 festeja em todo o planeta por todos os casais devotos.<br \/>\nA Igreja o incluiu no Calend\u00e1rio Lit\u00fargico como S\u00e3o Valentim de Terni, o bispo m\u00e1rtir, protetor dos jovens e dos namorados. As suas rel\u00edquias est\u00e3o na Igreja das Carmelitas, na cidade de Terni, em Roma. Ao lado de sua urna de prata, coberta por uma redoma de cristal, existe a seguinte inscri\u00e7\u00e3o: &#8220;S\u00e3o Valentim, patrono do amor&#8221;. H\u00e1 tamb\u00e9m um belo vitral com a imagem do santo bispo aben\u00e7oando um casal ajoelhado que segura uma rosa.<\/p>\n<div id=\"themify_builder_content-7747\" data-postid=\"7747\" class=\"themify_builder_content themify_builder_content-7747 themify_builder themify_builder_front\">\n\t<\/div>\n<!-- \/themify_builder_content -->","protected":false},"excerpt":{"rendered":"<p>14 de Fevereiro Tudo na vida tem um in\u00edcio e portanto sua explica\u00e7\u00e3o ou hist\u00f3ria. Como aconteceu com o &#8220;Dia de S\u00e3o Valentim&#8221;, que tem de tudo: f\u00e9, pol\u00edtica e romance. Al\u00e9m do interessante fato de serem dois os santos m\u00e1rtires festejados neste dia, com o mesmo nome e ambos declarados pela Igreja, protetores dos [&hellip;]<\/p>\n","protected":false},"author":14,"featured_media":0,"comment_status":"open","ping_status":"open","sticky":false,"template":"","format":"standard","meta":{"ngg_post_thumbnail":0,"footnotes":""},"categories":[186],"tags":[],"yoast_head":"<!-- This site is optimized with the Yoast SEO plugin v23.5 - https:\/\/yoast.com\/wordpress\/plugins\/seo\/ -->\n<title>S\u00e3o Valentim de Terni - O Arcanjo no ar<\/title>\n<meta name=\"robots\" content=\"index, follow, max-snippet:-1, max-image-preview:large, max-video-preview:-1\" \/>\n<link rel=\"canonical\" href=\"https:\/\/www.oarcanjo.net\/site\/sao-valentim-de-terni\/\" \/>\n<meta property=\"og:locale\" content=\"pt_BR\" \/>\n<meta property=\"og:type\" content=\"article\" \/>\n<meta property=\"og:title\" content=\"S\u00e3o Valentim de Terni - O Arcanjo no ar\" \/>\n<meta property=\"og:description\" content=\"14 de Fevereiro Tudo na vida tem um in\u00edcio e portanto sua explica\u00e7\u00e3o ou hist\u00f3ria. Como aconteceu com o &#8220;Dia de S\u00e3o Valentim&#8221;, que tem de tudo: f\u00e9, pol\u00edtica e romance. Al\u00e9m do interessante fato de serem dois os santos m\u00e1rtires festejados neste dia, com o mesmo nome e ambos declarados pela Igreja, protetores dos [&hellip;]\" \/>\n<meta property=\"og:url\" content=\"https:\/\/www.oarcanjo.net\/site\/sao-valentim-de-terni\/\" \/>\n<meta property=\"og:site_name\" content=\"O Arcanjo no ar\" \/>\n<meta property=\"article:publisher\" content=\"https:\/\/www.facebook.com\/OArcanjoNoAr\/\" \/>\n<meta property=\"article:published_time\" content=\"2019-02-14T02:22:43+00:00\" \/>\n<meta property=\"article:modified_time\" content=\"2019-02-12T19:59:34+00:00\" \/>\n<meta property=\"og:image\" content=\"http:\/\/4.bp.blogspot.com\/_5kAa5W5YTf4\/SZb7JtfdpKI\/AAAAAAAADa0\/3wxi6Kk0SqQ\/s400\/14-Santo+Valentim+de+Terni.gif\" \/>\n<meta name=\"author\" content=\"danilo\" \/>\n<meta name=\"twitter:card\" content=\"summary_large_image\" \/>\n<meta name=\"twitter:label1\" content=\"Escrito por\" \/>\n\t<meta name=\"twitter:data1\" content=\"danilo\" \/>\n\t<meta name=\"twitter:label2\" content=\"Est. tempo de leitura\" \/>\n\t<meta name=\"twitter:data2\" content=\"3 minutos\" \/>\n<script type=\"application\/ld+json\" class=\"yoast-schema-graph\">{\"@context\":\"https:\/\/schema.org\",\"@graph\":[{\"@type\":\"Article\",\"@id\":\"https:\/\/www.oarcanjo.net\/site\/sao-valentim-de-terni\/#article\",\"isPartOf\":{\"@id\":\"https:\/\/www.oarcanjo.net\/site\/sao-valentim-de-terni\/\"},\"author\":{\"name\":\"danilo\",\"@id\":\"https:\/\/www.oarcanjo.net\/site\/#\/schema\/person\/5eb9480bedd2f3c97e430ce128c29c6c\"},\"headline\":\"S\u00e3o Valentim de Terni\",\"datePublished\":\"2019-02-14T02:22:43+00:00\",\"dateModified\":\"2019-02-12T19:59:34+00:00\",\"mainEntityOfPage\":{\"@id\":\"https:\/\/www.oarcanjo.net\/site\/sao-valentim-de-terni\/\"},\"wordCount\":621,\"commentCount\":0,\"publisher\":{\"@id\":\"https:\/\/www.oarcanjo.net\/site\/#organization\"},\"image\":{\"@id\":\"https:\/\/www.oarcanjo.net\/site\/sao-valentim-de-terni\/#primaryimage\"},\"thumbnailUrl\":\"http:\/\/4.bp.blogspot.com\/_5kAa5W5YTf4\/SZb7JtfdpKI\/AAAAAAAADa0\/3wxi6Kk0SqQ\/s400\/14-Santo+Valentim+de+Terni.gif\",\"articleSection\":[\"Testemunhos\"],\"inLanguage\":\"pt-BR\",\"potentialAction\":[{\"@type\":\"CommentAction\",\"name\":\"Comment\",\"target\":[\"https:\/\/www.oarcanjo.net\/site\/sao-valentim-de-terni\/#respond\"]}]},{\"@type\":\"WebPage\",\"@id\":\"https:\/\/www.oarcanjo.net\/site\/sao-valentim-de-terni\/\",\"url\":\"https:\/\/www.oarcanjo.net\/site\/sao-valentim-de-terni\/\",\"name\":\"S\u00e3o Valentim de Terni - O Arcanjo no ar\",\"isPartOf\":{\"@id\":\"https:\/\/www.oarcanjo.net\/site\/#website\"},\"primaryImageOfPage\":{\"@id\":\"https:\/\/www.oarcanjo.net\/site\/sao-valentim-de-terni\/#primaryimage\"},\"image\":{\"@id\":\"https:\/\/www.oarcanjo.net\/site\/sao-valentim-de-terni\/#primaryimage\"},\"thumbnailUrl\":\"http:\/\/4.bp.blogspot.com\/_5kAa5W5YTf4\/SZb7JtfdpKI\/AAAAAAAADa0\/3wxi6Kk0SqQ\/s400\/14-Santo+Valentim+de+Terni.gif\",\"datePublished\":\"2019-02-14T02:22:43+00:00\",\"dateModified\":\"2019-02-12T19:59:34+00:00\",\"breadcrumb\":{\"@id\":\"https:\/\/www.oarcanjo.net\/site\/sao-valentim-de-terni\/#breadcrumb\"},\"inLanguage\":\"pt-BR\",\"potentialAction\":[{\"@type\":\"ReadAction\",\"target\":[\"https:\/\/www.oarcanjo.net\/site\/sao-valentim-de-terni\/\"]}]},{\"@type\":\"ImageObject\",\"inLanguage\":\"pt-BR\",\"@id\":\"https:\/\/www.oarcanjo.net\/site\/sao-valentim-de-terni\/#primaryimage\",\"url\":\"http:\/\/4.bp.blogspot.com\/_5kAa5W5YTf4\/SZb7JtfdpKI\/AAAAAAAADa0\/3wxi6Kk0SqQ\/s400\/14-Santo+Valentim+de+Terni.gif\",\"contentUrl\":\"http:\/\/4.bp.blogspot.com\/_5kAa5W5YTf4\/SZb7JtfdpKI\/AAAAAAAADa0\/3wxi6Kk0SqQ\/s400\/14-Santo+Valentim+de+Terni.gif\"},{\"@type\":\"BreadcrumbList\",\"@id\":\"https:\/\/www.oarcanjo.net\/site\/sao-valentim-de-terni\/#breadcrumb\",\"itemListElement\":[{\"@type\":\"ListItem\",\"position\":1,\"name\":\"In\u00edcio\",\"item\":\"https:\/\/www.oarcanjo.net\/site\/\"},{\"@type\":\"ListItem\",\"position\":2,\"name\":\"S\u00e3o Valentim de Terni\"}]},{\"@type\":\"WebSite\",\"@id\":\"https:\/\/www.oarcanjo.net\/site\/#website\",\"url\":\"https:\/\/www.oarcanjo.net\/site\/\",\"name\":\"O Arcanjo no ar\",\"description\":\"Site da Par\u00f3quia S\u00e3o Miguel Arcanjo (Arquidiocese de SP)\",\"publisher\":{\"@id\":\"https:\/\/www.oarcanjo.net\/site\/#organization\"},\"potentialAction\":[{\"@type\":\"SearchAction\",\"target\":{\"@type\":\"EntryPoint\",\"urlTemplate\":\"https:\/\/www.oarcanjo.net\/site\/?s={search_term_string}\"},\"query-input\":{\"@type\":\"PropertyValueSpecification\",\"valueRequired\":true,\"valueName\":\"search_term_string\"}}],\"inLanguage\":\"pt-BR\"},{\"@type\":\"Organization\",\"@id\":\"https:\/\/www.oarcanjo.net\/site\/#organization\",\"name\":\"Par\u00f3quia S\u00e3o Miguel Arcanjo\",\"url\":\"https:\/\/www.oarcanjo.net\/site\/\",\"logo\":{\"@type\":\"ImageObject\",\"inLanguage\":\"pt-BR\",\"@id\":\"https:\/\/www.oarcanjo.net\/site\/#\/schema\/logo\/image\/\",\"url\":\"https:\/\/www.oarcanjo.net\/site\/wp-content\/uploads\/LogoOArcanjo.png\",\"contentUrl\":\"https:\/\/www.oarcanjo.net\/site\/wp-content\/uploads\/LogoOArcanjo.png\",\"width\":319,\"height\":99,\"caption\":\"Par\u00f3quia S\u00e3o Miguel Arcanjo\"},\"image\":{\"@id\":\"https:\/\/www.oarcanjo.net\/site\/#\/schema\/logo\/image\/\"},\"sameAs\":[\"https:\/\/www.facebook.com\/OArcanjoNoAr\/\"]},{\"@type\":\"Person\",\"@id\":\"https:\/\/www.oarcanjo.net\/site\/#\/schema\/person\/5eb9480bedd2f3c97e430ce128c29c6c\",\"name\":\"danilo\"}]}<\/script>\n<!-- \/ Yoast SEO plugin. -->","yoast_head_json":{"title":"S\u00e3o Valentim de Terni - O Arcanjo no ar","robots":{"index":"index","follow":"follow","max-snippet":"max-snippet:-1","max-image-preview":"max-image-preview:large","max-video-preview":"max-video-preview:-1"},"canonical":"https:\/\/www.oarcanjo.net\/site\/sao-valentim-de-terni\/","og_locale":"pt_BR","og_type":"article","og_title":"S\u00e3o Valentim de Terni - O Arcanjo no ar","og_description":"14 de Fevereiro Tudo na vida tem um in\u00edcio e portanto sua explica\u00e7\u00e3o ou hist\u00f3ria. Como aconteceu com o &#8220;Dia de S\u00e3o Valentim&#8221;, que tem de tudo: f\u00e9, pol\u00edtica e romance. Al\u00e9m do interessante fato de serem dois os santos m\u00e1rtires festejados neste dia, com o mesmo nome e ambos declarados pela Igreja, protetores dos [&hellip;]","og_url":"https:\/\/www.oarcanjo.net\/site\/sao-valentim-de-terni\/","og_site_name":"O Arcanjo no ar","article_publisher":"https:\/\/www.facebook.com\/OArcanjoNoAr\/","article_published_time":"2019-02-14T02:22:43+00:00","article_modified_time":"2019-02-12T19:59:34+00:00","og_image":[{"url":"http:\/\/4.bp.blogspot.com\/_5kAa5W5YTf4\/SZb7JtfdpKI\/AAAAAAAADa0\/3wxi6Kk0SqQ\/s400\/14-Santo+Valentim+de+Terni.gif"}],"author":"danilo","twitter_card":"summary_large_image","twitter_misc":{"Escrito por":"danilo","Est. tempo de leitura":"3 minutos"},"schema":{"@context":"https:\/\/schema.org","@graph":[{"@type":"Article","@id":"https:\/\/www.oarcanjo.net\/site\/sao-valentim-de-terni\/#article","isPartOf":{"@id":"https:\/\/www.oarcanjo.net\/site\/sao-valentim-de-terni\/"},"author":{"name":"danilo","@id":"https:\/\/www.oarcanjo.net\/site\/#\/schema\/person\/5eb9480bedd2f3c97e430ce128c29c6c"},"headline":"S\u00e3o Valentim de Terni","datePublished":"2019-02-14T02:22:43+00:00","dateModified":"2019-02-12T19:59:34+00:00","mainEntityOfPage":{"@id":"https:\/\/www.oarcanjo.net\/site\/sao-valentim-de-terni\/"},"wordCount":621,"commentCount":0,"publisher":{"@id":"https:\/\/www.oarcanjo.net\/site\/#organization"},"image":{"@id":"https:\/\/www.oarcanjo.net\/site\/sao-valentim-de-terni\/#primaryimage"},"thumbnailUrl":"http:\/\/4.bp.blogspot.com\/_5kAa5W5YTf4\/SZb7JtfdpKI\/AAAAAAAADa0\/3wxi6Kk0SqQ\/s400\/14-Santo+Valentim+de+Terni.gif","articleSection":["Testemunhos"],"inLanguage":"pt-BR","potentialAction":[{"@type":"CommentAction","name":"Comment","target":["https:\/\/www.oarcanjo.net\/site\/sao-valentim-de-terni\/#respond"]}]},{"@type":"WebPage","@id":"https:\/\/www.oarcanjo.net\/site\/sao-valentim-de-terni\/","url":"https:\/\/www.oarcanjo.net\/site\/sao-valentim-de-terni\/","name":"S\u00e3o Valentim de Terni - O Arcanjo no ar","isPartOf":{"@id":"https:\/\/www.oarcanjo.net\/site\/#website"},"primaryImageOfPage":{"@id":"https:\/\/www.oarcanjo.net\/site\/sao-valentim-de-terni\/#primaryimage"},"image":{"@id":"https:\/\/www.oarcanjo.net\/site\/sao-valentim-de-terni\/#primaryimage"},"thumbnailUrl":"http:\/\/4.bp.blogspot.com\/_5kAa5W5YTf4\/SZb7JtfdpKI\/AAAAAAAADa0\/3wxi6Kk0SqQ\/s400\/14-Santo+Valentim+de+Terni.gif","datePublished":"2019-02-14T02:22:43+00:00","dateModified":"2019-02-12T19:59:34+00:00","breadcrumb":{"@id":"https:\/\/www.oarcanjo.net\/site\/sao-valentim-de-terni\/#breadcrumb"},"inLanguage":"pt-BR","potentialAction":[{"@type":"ReadAction","target":["https:\/\/www.oarcanjo.net\/site\/sao-valentim-de-terni\/"]}]},{"@type":"ImageObject","inLanguage":"pt-BR","@id":"https:\/\/www.oarcanjo.net\/site\/sao-valentim-de-terni\/#primaryimage","url":"http:\/\/4.bp.blogspot.com\/_5kAa5W5YTf4\/SZb7JtfdpKI\/AAAAAAAADa0\/3wxi6Kk0SqQ\/s400\/14-Santo+Valentim+de+Terni.gif","contentUrl":"http:\/\/4.bp.blogspot.com\/_5kAa5W5YTf4\/SZb7JtfdpKI\/AAAAAAAADa0\/3wxi6Kk0SqQ\/s400\/14-Santo+Valentim+de+Terni.gif"},{"@type":"BreadcrumbList","@id":"https:\/\/www.oarcanjo.net\/site\/sao-valentim-de-terni\/#breadcrumb","itemListElement":[{"@type":"ListItem","position":1,"name":"In\u00edcio","item":"https:\/\/www.oarcanjo.net\/site\/"},{"@type":"ListItem","position":2,"name":"S\u00e3o Valentim de Terni"}]},{"@type":"WebSite","@id":"https:\/\/www.oarcanjo.net\/site\/#website","url":"https:\/\/www.oarcanjo.net\/site\/","name":"O Arcanjo no ar","description":"Site da Par\u00f3quia S\u00e3o Miguel Arcanjo (Arquidiocese de SP)","publisher":{"@id":"https:\/\/www.oarcanjo.net\/site\/#organization"},"potentialAction":[{"@type":"SearchAction","target":{"@type":"EntryPoint","urlTemplate":"https:\/\/www.oarcanjo.net\/site\/?s={search_term_string}"},"query-input":{"@type":"PropertyValueSpecification","valueRequired":true,"valueName":"search_term_string"}}],"inLanguage":"pt-BR"},{"@type":"Organization","@id":"https:\/\/www.oarcanjo.net\/site\/#organization","name":"Par\u00f3quia S\u00e3o Miguel Arcanjo","url":"https:\/\/www.oarcanjo.net\/site\/","logo":{"@type":"ImageObject","inLanguage":"pt-BR","@id":"https:\/\/www.oarcanjo.net\/site\/#\/schema\/logo\/image\/","url":"https:\/\/www.oarcanjo.net\/site\/wp-content\/uploads\/LogoOArcanjo.png","contentUrl":"https:\/\/www.oarcanjo.net\/site\/wp-content\/uploads\/LogoOArcanjo.png","width":319,"height":99,"caption":"Par\u00f3quia S\u00e3o Miguel Arcanjo"},"image":{"@id":"https:\/\/www.oarcanjo.net\/site\/#\/schema\/logo\/image\/"},"sameAs":["https:\/\/www.facebook.com\/OArcanjoNoAr\/"]},{"@type":"Person","@id":"https:\/\/www.oarcanjo.net\/site\/#\/schema\/person\/5eb9480bedd2f3c97e430ce128c29c6c","name":"danilo"}]}},"publishpress_future_action":{"enabled":false,"date":"2026-05-08 02:39:58","action":"category","newStatus":"draft","terms":[],"taxonomy":"category"},"publishpress_future_workflow_manual_trigger":{"enabledWorkflows":[]},"_links":{"self":[{"href":"https:\/\/www.oarcanjo.net\/site\/wp-json\/wp\/v2\/posts\/7747"}],"collection":[{"href":"https:\/\/www.oarcanjo.net\/site\/wp-json\/wp\/v2\/posts"}],"about":[{"href":"https:\/\/www.oarcanjo.net\/site\/wp-json\/wp\/v2\/types\/post"}],"author":[{"embeddable":true,"href":"https:\/\/www.oarcanjo.net\/site\/wp-json\/wp\/v2\/users\/14"}],"replies":[{"embeddable":true,"href":"https:\/\/www.oarcanjo.net\/site\/wp-json\/wp\/v2\/comments?post=7747"}],"version-history":[{"count":1,"href":"https:\/\/www.oarcanjo.net\/site\/wp-json\/wp\/v2\/posts\/7747\/revisions"}],"predecessor-version":[{"id":92809,"href":"https:\/\/www.oarcanjo.net\/site\/wp-json\/wp\/v2\/posts\/7747\/revisions\/92809"}],"wp:attachment":[{"href":"https:\/\/www.oarcanjo.net\/site\/wp-json\/wp\/v2\/media?parent=7747"}],"wp:term":[{"taxonomy":"category","embeddable":true,"href":"https:\/\/www.oarcanjo.net\/site\/wp-json\/wp\/v2\/categories?post=7747"},{"taxonomy":"post_tag","embeddable":true,"href":"https:\/\/www.oarcanjo.net\/site\/wp-json\/wp\/v2\/tags?post=7747"}],"curies":[{"name":"wp","href":"https:\/\/api.w.org\/{rel}","templated":true}]}}